{"id":54335,"date":"2016-02-23T00:00:00","date_gmt":"2016-02-22T23:00:00","guid":{"rendered":"https:\/\/www.gossip.it\/senza-categoria\/gianluigi-nuzzi-scontro-social-sandro-mayer\/"},"modified":"2016-02-23T00:00:00","modified_gmt":"2016-02-22T23:00:00","slug":"gianluigi-nuzzi-scontro-social-sandro-mayer","status":"publish","type":"post","link":"https:\/\/www.gossip.it\/news\/gianluigi-nuzzi-scontro-social-sandro-mayer\/","title":{"rendered":"Gianluigi Nuzzi, lo scontro social con Sandro Mayer"},"content":{"rendered":"<p><a href=\"http:\/\/www.gossip.it\/vip\/gianluigi-nuzzi\/\">Gianluigi Nuzzi<\/a> sul <a href=\"http:\/\/www.gossip.it\/vip\/social\/\">social<\/a> replica a <a href=\"http:\/\/www.gossip.it\/vip\/sandro-mayer\/\">Sandro Mayer<\/a>. Lo fa duramente, cercando uno <strong>scontro<\/strong> gi\u00e0 iniziato, in realt\u00e0, in <a href=\"http:\/\/www.gossip.it\/vip\/tv\/\">tv<\/a>. Tutto \u00e8 accaduto sabato sera, durante la diretta di <a href=\"http:\/\/www.gossip.it\/vip\/ballando-con le stelle 11\/\">Ballando con le stelle 11<\/a>. La miccia l'ha accesa <strong>Sandro Mayer<\/strong>. Il direttore di <em>DiPi\u00f9<\/em> e <em>DiPi\u00f9Tv<\/em> rivolgendosi nei suoi commenti a <a href=\"http:\/\/www.gossip.it\/vip\/salvo-sottile\/\">Salvo Sottile<\/a>, dopo averlo visto esibirsi in pista, non solo lo ha riempito di complmenti, ma ha pure detto, senza mezzi termini che <em>Quarto Grado<\/em>, da quando non c'\u00e8 pi\u00f9 lui <em>\"\u00e8 diventato un'altra cosa\"<\/em>. Immediata la risposta sul <strong>social<\/strong> di <strong>Gianluigi Nuzzi<\/strong>, attuale conduttore del programma con Alessandra Viero.\u00a0<\/p>\n<figure class=\"caption\"><img decoding=\"async\" alt=\"\" width=\"640\" height=\"400\" src=\"http:\/\/files.gossip.it\/immagini_news\/2016\/02\/1456233714_gianluigi_nuzzi_contro_sandro_mayer.jpg\" \/><figcaption>Gianluigi Nuzzi, \u00e8 scontro sul social con Sandro Mayer<\/figcaption><\/figure>\n<p>Lo <strong>scontro<\/strong> \u00e8 violento. <strong>Gianluigi Nuzzi<\/strong> sul <strong>social<\/strong>, parlando di <strong>Sandro Mayer<\/strong>, di cui posta un composit in cui ci sono due sue foto, una con e un'altra senza il parrucchino che da un po' ha deciso di indossare, scrive: <em>\"Il rapporto tra l'ex direttore di Gente e il giornalismo \u00e8 uguale a quello tra lui e il suo parrucchino. Per ovvi motivi non scuote mai troppo la testa, non alza mai la voce, in fondo mai una inchiesta che dia fastidio, una notizia che sia una. Lungo un inesorabile tramonto, decadente, si trascina tra giacche rifrangenti e luoghi comuni sottovuoto\"<\/em>. Poi affonda: <em>\"Ha ragione quando dice che oggi Quartogrado \"\u00e8 diventata un'altra cosa\", ma per cortesia lezioni di giornalismo e tv proprio da lei che non ne ha mai fatta, proprio no. Venerd\u00ec le spiego perch\u00e9...intanto lei continui pure ad annuire senza per\u00f2 scuotere troppo la testa. Un abbraccio da calvo a calvo\"<\/em>.<br \/>Al momento nessuna controreplica. <strong>Gianluigi Nuzzi<\/strong> ha comunque dato appuntamento a venerd\u00ec prossimo a <strong>Sandro Mayer<\/strong>, forse per continuare lo scontro inziato sul <strong>social<\/strong>. Le parole del direttore, tra l'altro, sono arrivate forse nel giorno sbagliato. La puntata di Quarto Grado in onda il 19 febbraio 2016 \u00e8 stata una delle pi\u00f9 viste della stagione, un record per Rete 4 con oltre 2 milioni 300mila spettatori.\u00a0<\/p>\n<p>\u00a0<\/p>\n","protected":false},"excerpt":{"rendered":"<p>Gianluigi Nuzzi sul social replica a Sandro Mayer. Lo fa duramente, cercando uno scontro gi\u00e0 iniziato, in realt\u00e0, in tv. Tutto \u00e8 accaduto sabato sera, durante la diretta di Ballando con le stelle 11. La miccia l'ha accesa Sandro Mayer. Il direttore di DiPi\u00f9 e DiPi\u00f9Tv rivolgendosi nei suoi commenti a Salvo Sottile, dopo averlo [&hellip;]<\/p>\n","protected":false},"author":1,"featured_media":110381,"comment_status":"closed","ping_status":"closed","sticky":false,"template":"","format":"standard","meta":{"footnotes":""},"categories":[54],"tags":[54083,54072,2102,8809,7381,12011,4232,1923],"vip":[1647],"class_list":["post-54335","post","type-post","status-publish","format-standard","has-post-thumbnail","hentry","category-news","tag-ballando-11","tag-ballando-con-le-stelle-11","tag-dichiarazioni","tag-gianluigi-nuzzi","tag-quarto-grado","tag-sandro-mayer","tag-scontro","tag-social","vip-salvo_sottile"],"yoast_head":"<title>Gianluigi Nuzzi, lo scontro social con Sandro Mayer - Gossip.it | News sul Gossip e VIP<\/title>\n<meta name=\"description\" content=\"Gianluigi Nuzzi sul social replica a Sandro Mayer. Lo fa duramente, cercando uno scontro gi\u00e0 iniziato, in realt\u00e0, in tv. Tutto \u00e8 accaduto sabato sera,\" \/>\n<meta name=\"robots\" content=\"index, follow, max-snippet:-1, max-image-preview:large, max-video-preview:-1\" \/>\n<link rel=\"canonical\" href=\"https:\/\/www.gossip.it\/news\/gianluigi-nuzzi-scontro-social-sandro-mayer\/\" \/>\n<meta property=\"og:locale\" content=\"it_IT\" \/>\n<meta property=\"og:type\" content=\"article\" \/>\n<meta property=\"og:title\" content=\"Gianluigi Nuzzi, lo scontro social con Sandro Mayer - Gossip.it | News sul Gossip e VIP\" \/>\n<meta property=\"og:description\" content=\"Gianluigi Nuzzi sul social replica a Sandro Mayer. Lo fa duramente, cercando uno scontro gi\u00e0 iniziato, in realt\u00e0, in tv. Tutto \u00e8 accaduto sabato sera,\" \/>\n<meta property=\"og:url\" content=\"https:\/\/www.gossip.it\/news\/gianluigi-nuzzi-scontro-social-sandro-mayer\/\" \/>\n<meta property=\"og:site_name\" content=\"Gossip.it | News sul Gossip e VIP\" \/>\n<meta property=\"article:publisher\" content=\"https:\/\/www.facebook.com\/GossipIT\" \/>\n<meta property=\"article:published_time\" content=\"2016-02-22T23:00:00+00:00\" \/>\n<meta property=\"og:image\" content=\"http:\/\/files.gossip.it\/immagini_news\/2016\/02\/1456233714_gianluigi_nuzzi_contro_sandro_mayer.jpg\" \/>\n<meta name=\"author\" content=\"La Redazione\" \/>\n<meta name=\"twitter:card\" content=\"summary_large_image\" \/>\n<meta name=\"twitter:image\" content=\"http:\/\/files.gossip.it\/immagini_news\/2016\/02\/1456233714_gianluigi_nuzzi_contro_sandro_mayer.jpg\" \/>\n<meta name=\"twitter:creator\" content=\"@gossinews_it\" \/>\n<meta name=\"twitter:site\" content=\"@gossinews_it\" \/>\n<meta name=\"twitter:label1\" content=\"Scritto da\" \/>\n\t<meta name=\"twitter:data1\" content=\"Annamaria Capozzi\" \/>\n\t<meta name=\"twitter:label2\" content=\"Tempo di lettura stimato\" \/>\n\t<meta name=\"twitter:data2\" content=\"2 minuti\" \/>","yoast_head_json":{"title":"Gianluigi Nuzzi, lo scontro social con Sandro Mayer - Gossip.it | News sul Gossip e VIP","description":"Gianluigi Nuzzi sul social replica a Sandro Mayer. Lo fa duramente, cercando uno scontro gi\u00e0 iniziato, in realt\u00e0, in tv. Tutto \u00e8 accaduto sabato sera,","robots":{"index":"index","follow":"follow","max-snippet":"max-snippet:-1","max-image-preview":"max-image-preview:large","max-video-preview":"max-video-preview:-1"},"canonical":"https:\/\/www.gossip.it\/news\/gianluigi-nuzzi-scontro-social-sandro-mayer\/","og_locale":"it_IT","og_type":"article","og_title":"Gianluigi Nuzzi, lo scontro social con Sandro Mayer - Gossip.it | News sul Gossip e VIP","og_description":"Gianluigi Nuzzi sul social replica a Sandro Mayer. Lo fa duramente, cercando uno scontro gi\u00e0 iniziato, in realt\u00e0, in tv. Tutto \u00e8 accaduto sabato sera,","og_url":"https:\/\/www.gossip.it\/news\/gianluigi-nuzzi-scontro-social-sandro-mayer\/","og_site_name":"Gossip.it | News sul Gossip e VIP","article_publisher":"https:\/\/www.facebook.com\/GossipIT","article_published_time":"2016-02-22T23:00:00+00:00","og_image":[{"url":"http:\/\/files.gossip.it\/immagini_news\/2016\/02\/1456233714_gianluigi_nuzzi_contro_sandro_mayer.jpg"}],"author":"La Redazione","twitter_card":"summary_large_image","twitter_image":"http:\/\/files.gossip.it\/immagini_news\/2016\/02\/1456233714_gianluigi_nuzzi_contro_sandro_mayer.jpg","twitter_creator":"@gossinews_it","twitter_site":"@gossinews_it","twitter_misc":{"Scritto da":"Annamaria Capozzi","Tempo di lettura stimato":"2 minuti"},"schema":{"@context":"https:\/\/schema.org","@graph":[{"@type":"Article","@id":"https:\/\/www.gossip.it\/news\/gianluigi-nuzzi-scontro-social-sandro-mayer\/#article","isPartOf":{"@id":"https:\/\/www.gossip.it\/news\/gianluigi-nuzzi-scontro-social-sandro-mayer\/"},"author":{"name":"La Redazione","@id":"https:\/\/www.gossip.it\/#\/schema\/person\/488896f75158bff1cc83c6c39d141110"},"headline":"Gianluigi Nuzzi, lo scontro social con Sandro Mayer","datePublished":"2016-02-22T23:00:00+00:00","dateModified":"2016-02-22T23:00:00+00:00","mainEntityOfPage":{"@id":"https:\/\/www.gossip.it\/news\/gianluigi-nuzzi-scontro-social-sandro-mayer\/"},"wordCount":334,"publisher":{"@id":"https:\/\/www.gossip.it\/#organization"},"image":{"@id":"https:\/\/www.gossip.it\/news\/gianluigi-nuzzi-scontro-social-sandro-mayer\/#primaryimage"},"thumbnailUrl":"http:\/\/files.gossip.it\/immagini_news\/2016\/02\/1456233714_gianluigi_nuzzi_contro_sandro_mayer.jpg","keywords":["ballando 11","ballando con le stelle 11","dichiarazioni","gianluigi nuzzi","quarto grado","sandro mayer","scontro","social"],"articleSection":["News"],"inLanguage":"it-IT"},{"@type":"WebPage","@id":"https:\/\/www.gossip.it\/news\/gianluigi-nuzzi-scontro-social-sandro-mayer\/","url":"https:\/\/www.gossip.it\/news\/gianluigi-nuzzi-scontro-social-sandro-mayer\/","name":"Gianluigi Nuzzi, lo scontro social con Sandro Mayer - Gossip.it | News sul Gossip e VIP","isPartOf":{"@id":"https:\/\/www.gossip.it\/#website"},"primaryImageOfPage":{"@id":"https:\/\/www.gossip.it\/news\/gianluigi-nuzzi-scontro-social-sandro-mayer\/#primaryimage"},"image":{"@id":"https:\/\/www.gossip.it\/news\/gianluigi-nuzzi-scontro-social-sandro-mayer\/#primaryimage"},"thumbnailUrl":"http:\/\/files.gossip.it\/immagini_news\/2016\/02\/1456233714_gianluigi_nuzzi_contro_sandro_mayer.jpg","datePublished":"2016-02-22T23:00:00+00:00","dateModified":"2016-02-22T23:00:00+00:00","description":"Gianluigi Nuzzi sul social replica a Sandro Mayer. Lo fa duramente, cercando uno scontro gi\u00e0 iniziato, in realt\u00e0, in tv. Tutto \u00e8 accaduto sabato sera,","breadcrumb":{"@id":"https:\/\/www.gossip.it\/news\/gianluigi-nuzzi-scontro-social-sandro-mayer\/#breadcrumb"},"inLanguage":"it-IT","potentialAction":[{"@type":"ReadAction","target":["https:\/\/www.gossip.it\/news\/gianluigi-nuzzi-scontro-social-sandro-mayer\/"]}]},{"@type":"ImageObject","inLanguage":"it-IT","@id":"https:\/\/www.gossip.it\/news\/gianluigi-nuzzi-scontro-social-sandro-mayer\/#primaryimage","url":"http:\/\/files.gossip.it\/immagini_news\/2016\/02\/1456233714_gianluigi_nuzzi_contro_sandro_mayer.jpg","contentUrl":"http:\/\/files.gossip.it\/immagini_news\/2016\/02\/1456233714_gianluigi_nuzzi_contro_sandro_mayer.jpg"},{"@type":"BreadcrumbList","@id":"https:\/\/www.gossip.it\/news\/gianluigi-nuzzi-scontro-social-sandro-mayer\/#breadcrumb","itemListElement":[{"@type":"ListItem","position":1,"name":"Home","item":"https:\/\/www.gossip.it\/"},{"@type":"ListItem","position":2,"name":"Gianluigi Nuzzi, lo scontro social con Sandro Mayer"}]},{"@type":"WebSite","@id":"https:\/\/www.gossip.it\/#website","url":"https:\/\/www.gossip.it\/","name":"Gossip and VIP News","description":"Quotidiano di cronaca rosa, costume e societ\u00e0","publisher":{"@id":"https:\/\/www.gossip.it\/#organization"},"alternateName":"Gossip and VIP News","potentialAction":[{"@type":"SearchAction","target":{"@type":"EntryPoint","urlTemplate":"https:\/\/www.gossip.it\/?s={search_term_string}"},"query-input":{"@type":"PropertyValueSpecification","valueRequired":true,"valueName":"search_term_string"}}],"inLanguage":"it-IT"},{"@type":"Organization","@id":"https:\/\/www.gossip.it\/#organization","name":"Gossip and VIP News","alternateName":"Gossip News","url":"https:\/\/www.gossip.it\/","logo":{"@type":"ImageObject","inLanguage":"it-IT","@id":"https:\/\/www.gossip.it\/#\/schema\/logo\/image\/","url":"https:\/\/www.gossip.it\/wp-content\/uploads\/2022\/04\/cropped-corna-alta-tiny.png","contentUrl":"https:\/\/www.gossip.it\/wp-content\/uploads\/2022\/04\/cropped-corna-alta-tiny.png","width":512,"height":512,"caption":"Gossip and VIP News"},"image":{"@id":"https:\/\/www.gossip.it\/#\/schema\/logo\/image\/"},"sameAs":["https:\/\/www.facebook.com\/GossipIT","https:\/\/x.com\/gossinews_it","https:\/\/instagram.com\/gossip_it"]},{"@type":"Person","@id":"https:\/\/www.gossip.it\/#\/schema\/person\/488896f75158bff1cc83c6c39d141110","name":"La Redazione","image":{"@type":"ImageObject","inLanguage":"it-IT","@id":"https:\/\/www.gossip.it\/#\/schema\/person\/image\/","url":"https:\/\/secure.gravatar.com\/avatar\/5a5f5c6fa3e6700e4249abdad0263a1e94e927d9e0499b1cb09c1cd29c044d80?s=96&d=mm&r=g","contentUrl":"https:\/\/secure.gravatar.com\/avatar\/5a5f5c6fa3e6700e4249abdad0263a1e94e927d9e0499b1cb09c1cd29c044d80?s=96&d=mm&r=g","caption":"La Redazione"},"sameAs":["https:\/\/www.gossip.it"]}]}},"amp_enabled":true,"_links":{"self":[{"href":"https:\/\/www.gossip.it\/api\/wp\/v2\/posts\/54335","targetHints":{"allow":["GET"]}}],"collection":[{"href":"https:\/\/www.gossip.it\/api\/wp\/v2\/posts"}],"about":[{"href":"https:\/\/www.gossip.it\/api\/wp\/v2\/types\/post"}],"author":[{"embeddable":true,"href":"https:\/\/www.gossip.it\/api\/wp\/v2\/users\/1"}],"replies":[{"embeddable":true,"href":"https:\/\/www.gossip.it\/api\/wp\/v2\/comments?post=54335"}],"version-history":[{"count":0,"href":"https:\/\/www.gossip.it\/api\/wp\/v2\/posts\/54335\/revisions"}],"wp:featuredmedia":[{"embeddable":true,"href":"https:\/\/www.gossip.it\/api\/wp\/v2\/media\/110381"}],"wp:attachment":[{"href":"https:\/\/www.gossip.it\/api\/wp\/v2\/media?parent=54335"}],"wp:term":[{"taxonomy":"category","embeddable":true,"href":"https:\/\/www.gossip.it\/api\/wp\/v2\/categories?post=54335"},{"taxonomy":"post_tag","embeddable":true,"href":"https:\/\/www.gossip.it\/api\/wp\/v2\/tags?post=54335"},{"taxonomy":"vip","embeddable":true,"href":"https:\/\/www.gossip.it\/api\/wp\/v2\/vip?post=54335"}],"curies":[{"name":"wp","href":"https:\/\/api.w.org\/{rel}","templated":true}]}}