{"id":54346,"date":"2016-02-24T00:00:00","date_gmt":"2016-02-23T23:00:00","guid":{"rendered":"https:\/\/www.gossip.it\/senza-categoria\/raoul-bova-rocio-munoz-morales-teatro-roma-prima-la-bella-e-la-bestia\/"},"modified":"2016-02-24T00:00:00","modified_gmt":"2016-02-23T23:00:00","slug":"raoul-bova-rocio-munoz-morales-teatro-roma-prima-la-bella-e-la-bestia","status":"publish","type":"post","link":"https:\/\/www.gossip.it\/news\/raoul-bova-rocio-munoz-morales-teatro-roma-prima-la-bella-e-la-bestia\/","title":{"rendered":"Raoul Bova e Roc\u00eco Munoz Morales alla prima a teatro a Roma di 'La Bella e la Bestia'"},"content":{"rendered":"<p><a href=\"http:\/\/www.gossip.it\/vip\/raoul-bova\/\">Raoul Bova<\/a> e <a href=\"http:\/\/www.gossip.it\/vip\/roc\u00eco-munoz morales\/\">Roc\u00eco Munoz Morales<\/a> si sono presi una serata <em>'libera'<\/em> da genitori e sono andati al <strong>Teatro<\/strong> Golden a <strong>Roma<\/strong> per gustarsi la <strong>prima<\/strong> dello spettacolo \"<strong>La Bella e La Bestia<\/strong>\" con protagonisti Raffaella Rea e Simone Galdolfo. Look casual per l'<a href=\"http:\/\/www.gossip.it\/vip\/attrice\/\">attrice<\/a> 27enne che ha indossato un giaccone a quadri bianco e nero con sotto una maglia scura e jeans comodi. <strong>Roc\u00eco Munoz Morales<\/strong> ha anche messo gli occhiali da vista, sensuale nel suo essere anche un po' intellettuale e accattivante. Molto sportivo e con un abbigliamento grunge <strong>Raoul Bova<\/strong>, con tanto di piumino e cappello di lana in testa.<\/p>\n<figure class=\"caption\"><img decoding=\"async\" alt=\"\" src=\"http:\/\/files.gossip.it\/immagini_news\/2016\/02\/1456314183_rocio_munoz_morales_raoul_bova_teatro.jpg\" \/><figcaption>Raoul Bova e Roc\u00eco Munoz Morales alla prima a teatro a Roma di 'La Bella e la Bestia'<\/figcaption><\/figure>\n<p>La coppia appena arrivata a <strong>teatro<\/strong> a <strong>Roma<\/strong> per la <strong>prima<\/strong> di \"<strong>La Bella e la Bestia<\/strong>\", \u00e8 stata subito fotografata dai tanti presenti, catalizzando l'attenzione generale. Luna ha compituo 2 mesi lo scorso 2 febbraio, ha bisogno della mamma sempre accanto, ma <strong>Roc\u00eco Munoz Morales<\/strong> sa come ritagliarsi i suoi spazi pure senza togliere nulla alla sua bimba. <strong>Raoul Bova<\/strong>, pap\u00e0 entusiasta a 44 anni della femminuccia di casa, \u00e8 concorde con lei: per qualche ora si pu\u00f2 anche uscire per svagarsi un po' da piccioncini.<br \/><em>\"Non avrei mai immaginato di fare una figlia adesso. Invece \u00e8 arrivata, e sono felicissima. lo sono cosi: vivo tutto come un bellissimo dono. Luna, pi\u00f9 che cambiato, mi ha completato. Sono la stessa di prima: credo negli stessi valori, voglio le stesse cose, sento solo una maggiore responsabilit\u00e0 e sono grata per la vita che ho\",<\/em> ha dichiarato recentemente la spagnola.<\/p>\n<figure class=\"caption\"><img decoding=\"async\" alt=\"\" src=\"http:\/\/files.gossip.it\/immagini_news\/2016\/02\/1456314213_rocio_munoz_morales_raoul_bova.jpg\" \/><figcaption>I due attori felici posano per i fotografi presenti<\/figcaption><\/figure>\n<p><em>\"Il mio obiettivo \u00e8 trasmettere a Luna i miei valori, anche quelli che riguardano la vita a due. E uno di questi \u00e8 non rinunciare mai a quello che \u00e8 una coppia. Un bambino nasce dall'amore e quell'amore deve rimanere, deve essere alimentato\"<\/em>, ha aggiunto. La pensa cos\u00ec pure <strong>Raoul Bova<\/strong>. Ecco perch\u00e9 per una notte i due sono andati a <strong>teatro<\/strong> a <strong>Roma<\/strong> a vedere lo spettacolo di amici, in scena con \"<strong>La Bella e la Bestia<\/strong>\" e hanno lasciato a casa la figlioletta, sicuramente accudita e in buone mani, pronti a riabbracciarla un po' pi\u00f9 tardi, quando dormiva gi\u00e0 nella culla, regalandole e regalandosi un bacio della buonanotte dolcissimo.<\/p>\n","protected":false},"excerpt":{"rendered":"<p>Raoul Bova e Roc\u00eco Munoz Morales si sono presi una serata 'libera' da genitori e sono andati al Teatro Golden a Roma per gustarsi la prima dello spettacolo \"La Bella e La Bestia\" con protagonisti Raffaella Rea e Simone Galdolfo. Look casual per l'attrice 27enne che ha indossato un giaccone a quadri bianco e nero [&hellip;]<\/p>\n","protected":false},"author":1,"featured_media":110392,"comment_status":"closed","ping_status":"closed","sticky":false,"template":"","format":"standard","meta":{"footnotes":""},"categories":[54],"tags":[2137,1983,2102,37249,4832,2110,2264,8322,1879,2438,45622],"vip":[1544],"class_list":["post-54346","post","type-post","status-publish","format-standard","has-post-thumbnail","hentry","category-news","tag-attore","tag-attrice","tag-dichiarazioni","tag-la-bella-e-la-bestia","tag-luna","tag-paparazzata","tag-prima","tag-rocio-munoz-morales","tag-roma","tag-teatro","tag-teatro-golden","vip-raoul_bova"],"yoast_head":"<title>Raoul Bova e Roc\u00eco Munoz Morales alla prima a teatro a Roma di &#039;La Bella e la Bestia&#039; - Gossip.it | News sul Gossip e VIP<\/title>\n<meta name=\"description\" content=\"Raoul Bova e Roc\u00eco Munoz Morales si sono presi una serata &#039;libera&#039; da genitori e sono andati al Teatro Golden a Roma per gustarsi la prima dello\" \/>\n<meta name=\"robots\" content=\"index, follow, max-snippet:-1, max-image-preview:large, max-video-preview:-1\" \/>\n<link rel=\"canonical\" href=\"https:\/\/www.gossip.it\/news\/raoul-bova-rocio-munoz-morales-teatro-roma-prima-la-bella-e-la-bestia\/\" \/>\n<meta property=\"og:locale\" content=\"it_IT\" \/>\n<meta property=\"og:type\" content=\"article\" \/>\n<meta property=\"og:title\" content=\"Raoul Bova e Roc\u00eco Munoz Morales alla prima a teatro a Roma di &#039;La Bella e la Bestia&#039; - Gossip.it | News sul Gossip e VIP\" \/>\n<meta property=\"og:description\" content=\"Raoul Bova e Roc\u00eco Munoz Morales si sono presi una serata &#039;libera&#039; da genitori e sono andati al Teatro Golden a Roma per gustarsi la prima dello\" \/>\n<meta property=\"og:url\" content=\"https:\/\/www.gossip.it\/news\/raoul-bova-rocio-munoz-morales-teatro-roma-prima-la-bella-e-la-bestia\/\" \/>\n<meta property=\"og:site_name\" content=\"Gossip.it | News sul Gossip e VIP\" \/>\n<meta property=\"article:publisher\" content=\"https:\/\/www.facebook.com\/GossipIT\" \/>\n<meta property=\"article:published_time\" content=\"2016-02-23T23:00:00+00:00\" \/>\n<meta property=\"og:image\" content=\"http:\/\/files.gossip.it\/immagini_news\/2016\/02\/1456314183_rocio_munoz_morales_raoul_bova_teatro.jpg\" \/>\n<meta name=\"author\" content=\"La Redazione\" \/>\n<meta name=\"twitter:card\" content=\"summary_large_image\" \/>\n<meta name=\"twitter:image\" content=\"http:\/\/files.gossip.it\/immagini_news\/2016\/02\/1456314183_rocio_munoz_morales_raoul_bova_teatro.jpg\" \/>\n<meta name=\"twitter:creator\" content=\"@gossinews_it\" \/>\n<meta name=\"twitter:site\" content=\"@gossinews_it\" \/>\n<meta name=\"twitter:label1\" content=\"Scritto da\" \/>\n\t<meta name=\"twitter:data1\" content=\"Annamaria Capozzi\" \/>\n\t<meta name=\"twitter:label2\" content=\"Tempo di lettura stimato\" \/>\n\t<meta name=\"twitter:data2\" content=\"2 minuti\" \/>","yoast_head_json":{"title":"Raoul Bova e Roc\u00eco Munoz Morales alla prima a teatro a Roma di 'La Bella e la Bestia' - Gossip.it | News sul Gossip e VIP","description":"Raoul Bova e Roc\u00eco Munoz Morales si sono presi una serata 'libera' da genitori e sono andati al Teatro Golden a Roma per gustarsi la prima dello","robots":{"index":"index","follow":"follow","max-snippet":"max-snippet:-1","max-image-preview":"max-image-preview:large","max-video-preview":"max-video-preview:-1"},"canonical":"https:\/\/www.gossip.it\/news\/raoul-bova-rocio-munoz-morales-teatro-roma-prima-la-bella-e-la-bestia\/","og_locale":"it_IT","og_type":"article","og_title":"Raoul Bova e Roc\u00eco Munoz Morales alla prima a teatro a Roma di 'La Bella e la Bestia' - Gossip.it | News sul Gossip e VIP","og_description":"Raoul Bova e Roc\u00eco Munoz Morales si sono presi una serata 'libera' da genitori e sono andati al Teatro Golden a Roma per gustarsi la prima dello","og_url":"https:\/\/www.gossip.it\/news\/raoul-bova-rocio-munoz-morales-teatro-roma-prima-la-bella-e-la-bestia\/","og_site_name":"Gossip.it | News sul Gossip e VIP","article_publisher":"https:\/\/www.facebook.com\/GossipIT","article_published_time":"2016-02-23T23:00:00+00:00","og_image":[{"url":"http:\/\/files.gossip.it\/immagini_news\/2016\/02\/1456314183_rocio_munoz_morales_raoul_bova_teatro.jpg"}],"author":"La Redazione","twitter_card":"summary_large_image","twitter_image":"http:\/\/files.gossip.it\/immagini_news\/2016\/02\/1456314183_rocio_munoz_morales_raoul_bova_teatro.jpg","twitter_creator":"@gossinews_it","twitter_site":"@gossinews_it","twitter_misc":{"Scritto da":"Annamaria Capozzi","Tempo di lettura stimato":"2 minuti"},"schema":{"@context":"https:\/\/schema.org","@graph":[{"@type":"Article","@id":"https:\/\/www.gossip.it\/news\/raoul-bova-rocio-munoz-morales-teatro-roma-prima-la-bella-e-la-bestia\/#article","isPartOf":{"@id":"https:\/\/www.gossip.it\/news\/raoul-bova-rocio-munoz-morales-teatro-roma-prima-la-bella-e-la-bestia\/"},"author":{"name":"La Redazione","@id":"https:\/\/www.gossip.it\/#\/schema\/person\/488896f75158bff1cc83c6c39d141110"},"headline":"Raoul Bova e Roc\u00eco Munoz Morales alla prima a teatro a Roma di 'La Bella e la Bestia'","datePublished":"2016-02-23T23:00:00+00:00","dateModified":"2016-02-23T23:00:00+00:00","mainEntityOfPage":{"@id":"https:\/\/www.gossip.it\/news\/raoul-bova-rocio-munoz-morales-teatro-roma-prima-la-bella-e-la-bestia\/"},"wordCount":407,"publisher":{"@id":"https:\/\/www.gossip.it\/#organization"},"image":{"@id":"https:\/\/www.gossip.it\/news\/raoul-bova-rocio-munoz-morales-teatro-roma-prima-la-bella-e-la-bestia\/#primaryimage"},"thumbnailUrl":"http:\/\/files.gossip.it\/immagini_news\/2016\/02\/1456314183_rocio_munoz_morales_raoul_bova_teatro.jpg","keywords":["attore","attrice","dichiarazioni","la bella e la bestia","luna","paparazzata","prima","rocio munoz morales","roma","teatro","teatro golden"],"articleSection":["News"],"inLanguage":"it-IT"},{"@type":"WebPage","@id":"https:\/\/www.gossip.it\/news\/raoul-bova-rocio-munoz-morales-teatro-roma-prima-la-bella-e-la-bestia\/","url":"https:\/\/www.gossip.it\/news\/raoul-bova-rocio-munoz-morales-teatro-roma-prima-la-bella-e-la-bestia\/","name":"Raoul Bova e Roc\u00eco Munoz Morales alla prima a teatro a Roma di 'La Bella e la Bestia' - Gossip.it | News sul Gossip e VIP","isPartOf":{"@id":"https:\/\/www.gossip.it\/#website"},"primaryImageOfPage":{"@id":"https:\/\/www.gossip.it\/news\/raoul-bova-rocio-munoz-morales-teatro-roma-prima-la-bella-e-la-bestia\/#primaryimage"},"image":{"@id":"https:\/\/www.gossip.it\/news\/raoul-bova-rocio-munoz-morales-teatro-roma-prima-la-bella-e-la-bestia\/#primaryimage"},"thumbnailUrl":"http:\/\/files.gossip.it\/immagini_news\/2016\/02\/1456314183_rocio_munoz_morales_raoul_bova_teatro.jpg","datePublished":"2016-02-23T23:00:00+00:00","dateModified":"2016-02-23T23:00:00+00:00","description":"Raoul Bova e Roc\u00eco Munoz Morales si sono presi una serata 'libera' da genitori e sono andati al Teatro Golden a Roma per gustarsi la prima dello","breadcrumb":{"@id":"https:\/\/www.gossip.it\/news\/raoul-bova-rocio-munoz-morales-teatro-roma-prima-la-bella-e-la-bestia\/#breadcrumb"},"inLanguage":"it-IT","potentialAction":[{"@type":"ReadAction","target":["https:\/\/www.gossip.it\/news\/raoul-bova-rocio-munoz-morales-teatro-roma-prima-la-bella-e-la-bestia\/"]}]},{"@type":"ImageObject","inLanguage":"it-IT","@id":"https:\/\/www.gossip.it\/news\/raoul-bova-rocio-munoz-morales-teatro-roma-prima-la-bella-e-la-bestia\/#primaryimage","url":"http:\/\/files.gossip.it\/immagini_news\/2016\/02\/1456314183_rocio_munoz_morales_raoul_bova_teatro.jpg","contentUrl":"http:\/\/files.gossip.it\/immagini_news\/2016\/02\/1456314183_rocio_munoz_morales_raoul_bova_teatro.jpg"},{"@type":"BreadcrumbList","@id":"https:\/\/www.gossip.it\/news\/raoul-bova-rocio-munoz-morales-teatro-roma-prima-la-bella-e-la-bestia\/#breadcrumb","itemListElement":[{"@type":"ListItem","position":1,"name":"Home","item":"https:\/\/www.gossip.it\/"},{"@type":"ListItem","position":2,"name":"Raoul Bova e Roc\u00eco Munoz Morales alla prima a teatro a Roma di 'La Bella e la Bestia'"}]},{"@type":"WebSite","@id":"https:\/\/www.gossip.it\/#website","url":"https:\/\/www.gossip.it\/","name":"Gossip and VIP News","description":"Quotidiano di cronaca rosa, costume e societ\u00e0","publisher":{"@id":"https:\/\/www.gossip.it\/#organization"},"alternateName":"Gossip and VIP News","potentialAction":[{"@type":"SearchAction","target":{"@type":"EntryPoint","urlTemplate":"https:\/\/www.gossip.it\/?s={search_term_string}"},"query-input":{"@type":"PropertyValueSpecification","valueRequired":true,"valueName":"search_term_string"}}],"inLanguage":"it-IT"},{"@type":"Organization","@id":"https:\/\/www.gossip.it\/#organization","name":"Gossip and VIP News","alternateName":"Gossip News","url":"https:\/\/www.gossip.it\/","logo":{"@type":"ImageObject","inLanguage":"it-IT","@id":"https:\/\/www.gossip.it\/#\/schema\/logo\/image\/","url":"https:\/\/www.gossip.it\/wp-content\/uploads\/2022\/04\/cropped-corna-alta-tiny.png","contentUrl":"https:\/\/www.gossip.it\/wp-content\/uploads\/2022\/04\/cropped-corna-alta-tiny.png","width":512,"height":512,"caption":"Gossip and VIP News"},"image":{"@id":"https:\/\/www.gossip.it\/#\/schema\/logo\/image\/"},"sameAs":["https:\/\/www.facebook.com\/GossipIT","https:\/\/x.com\/gossinews_it","https:\/\/instagram.com\/gossip_it"]},{"@type":"Person","@id":"https:\/\/www.gossip.it\/#\/schema\/person\/488896f75158bff1cc83c6c39d141110","name":"La Redazione","image":{"@type":"ImageObject","inLanguage":"it-IT","@id":"https:\/\/www.gossip.it\/#\/schema\/person\/image\/","url":"https:\/\/secure.gravatar.com\/avatar\/5a5f5c6fa3e6700e4249abdad0263a1e94e927d9e0499b1cb09c1cd29c044d80?s=96&d=mm&r=g","contentUrl":"https:\/\/secure.gravatar.com\/avatar\/5a5f5c6fa3e6700e4249abdad0263a1e94e927d9e0499b1cb09c1cd29c044d80?s=96&d=mm&r=g","caption":"La Redazione"},"sameAs":["https:\/\/www.gossip.it"]}]}},"amp_enabled":true,"_links":{"self":[{"href":"https:\/\/www.gossip.it\/api\/wp\/v2\/posts\/54346","targetHints":{"allow":["GET"]}}],"collection":[{"href":"https:\/\/www.gossip.it\/api\/wp\/v2\/posts"}],"about":[{"href":"https:\/\/www.gossip.it\/api\/wp\/v2\/types\/post"}],"author":[{"embeddable":true,"href":"https:\/\/www.gossip.it\/api\/wp\/v2\/users\/1"}],"replies":[{"embeddable":true,"href":"https:\/\/www.gossip.it\/api\/wp\/v2\/comments?post=54346"}],"version-history":[{"count":0,"href":"https:\/\/www.gossip.it\/api\/wp\/v2\/posts\/54346\/revisions"}],"wp:featuredmedia":[{"embeddable":true,"href":"https:\/\/www.gossip.it\/api\/wp\/v2\/media\/110392"}],"wp:attachment":[{"href":"https:\/\/www.gossip.it\/api\/wp\/v2\/media?parent=54346"}],"wp:term":[{"taxonomy":"category","embeddable":true,"href":"https:\/\/www.gossip.it\/api\/wp\/v2\/categories?post=54346"},{"taxonomy":"post_tag","embeddable":true,"href":"https:\/\/www.gossip.it\/api\/wp\/v2\/tags?post=54346"},{"taxonomy":"vip","embeddable":true,"href":"https:\/\/www.gossip.it\/api\/wp\/v2\/vip?post=54346"}],"curies":[{"name":"wp","href":"https:\/\/api.w.org\/{rel}","templated":true}]}}