{"id":54367,"date":"2016-02-25T00:00:00","date_gmt":"2016-02-24T23:00:00","guid":{"rendered":"https:\/\/www.gossip.it\/senza-categoria\/veronica-maya-katia-eleonora\/"},"modified":"2016-02-25T00:00:00","modified_gmt":"2016-02-24T23:00:00","slug":"veronica-maya-katia-eleonora","status":"publish","type":"post","link":"https:\/\/www.gossip.it\/news\/veronica-maya-katia-eleonora\/","title":{"rendered":"Veronica Maya allatta al seno la piccola Katia Eleonora: 'Vivo del tuo respiro'"},"content":{"rendered":"<p><a href=\"http:\/\/www.gossip.it\/vip\/veronica-maya\/\">Veronica Maya<\/a>\u00a0lo scorso 12 gennaio \u00e8 diventata mamma per la terza volta della piccola <a href=\"http:\/\/www.gossip.it\/vip\/katia-eleonora\/\">Katia Eleonora<\/a>. La conduttrice sul social pubblica un tenero scatto che la ritrae mentre allatta al seno la sua bimba:<em> \"Sei la mia vita\"<\/em>, si legge nella didascalia che accompagna la foto.<\/p>\n<figure class=\"caption\"><img decoding=\"async\" alt=\"\" width=\"640\" height=\"628\" src=\"http:\/\/files.gossip.it\/immagini_news\/2016\/02\/1456407768_veronica_maya_allatta.jpg\" \/><figcaption>Veronica Maya allatta al seno la figlia Katia Eleonora nata lo scorso 12 gennaio<\/figcaption><\/figure>\n<p>E' al settimo cielo <strong>Veronica Maya<\/strong> per l'arrivo della femminuccia tanto desiderata dopo aver dato alla luce due maschietti, Riccardo e Tancredi, e vuole condividere con i follower che la seguono su <a href=\"http:\/\/www.gossip.it\/vip\/instagram\/\">Instagram<\/a> i momenti pi\u00f9 dolci trascorsi insieme alla sua principessa.\u00a0<em>\"Vivo del tuo respiro\"<\/em>, scrive accanto a un'altra bellissima immagine social che la mostra sdraiata sul letto vicino a <strong>Katia Eleonora<\/strong>.<br \/><strong>Veronica<\/strong>\u00a0\u00e8 una mamma appagata. Ora il quadro familiare \u00e8 perfetto e sta pensando di non avere altri eredi, tre possono bastare. Anche se in passato di figli ne desiderava quattro.<br \/>Intervistata di recente da<em> Vanity Fair<\/em>\u00a0ha dichiarato: \"<em>I parti sono stati cos\u00ec diversi tra loro. Tutti naturali e senza anestesia, ma il primo, nel 2012, quando nacque Riccardo Filippo, fu complesso e lungo, il secondo per Tancredi Francesco nel 2013 avvenne in acqua, il terzo \u00e8 stato invece lampo, ed \u00e8 successo come succede di mettere al mondo i figli alle madri in tanti Paesi: a terra. Con una fortuna in pi\u00f9 per me: il mio compagno Marco \u00e8 medico, ed eravamo solo noi due ad accogliere la piccola\"<\/em>.<\/p>\n<figure class=\"caption\"><img decoding=\"async\" alt=\"\" width=\"640\" height=\"628\" src=\"http:\/\/files.gossip.it\/immagini_news\/2016\/02\/1456407816_veronica_maya_figlia.jpg\" \/><figcaption>Veronica in un altro tenero scatto che la ritrae insieme alla sua bimba di un mese e mezzo<\/figcaption><\/figure>\n<p><strong>Veronica <\/strong>ora ha una vita super-impegnata e deve districarsi tra il lavoro nel mondo dello spettacolo e la famiglia con ben tre figli da crescere. <strong>Katia Eleonora<\/strong>, la piccola di casa, \u00e8 al centro di tutto. Lei a poco pi\u00f9 di un mese ha bisogno della mamma giorno e notte. La <strong>Maya<\/strong>, infatti, la porta sempre con s\u00e9 e l'allatta al seno con naturalezza anche dietro le quinte degli studi televisivi.<\/p>\n","protected":false},"excerpt":{"rendered":"<p>Veronica Maya\u00a0lo scorso 12 gennaio \u00e8 diventata mamma per la terza volta della piccola Katia Eleonora. La conduttrice sul social pubblica un tenero scatto che la ritrae mentre allatta al seno la sua bimba: \"Sei la mia vita\", si legge nella didascalia che accompagna la foto. Veronica Maya allatta al seno la figlia Katia Eleonora [&hellip;]<\/p>\n","protected":false},"author":1,"featured_media":110413,"comment_status":"closed","ping_status":"closed","sticky":false,"template":"","format":"standard","meta":{"footnotes":""},"categories":[54],"tags":[12783,1992,2102,1905,2121,53799,2403,1923],"vip":[1822],"class_list":["post-54367","post","type-post","status-publish","format-standard","has-post-thumbnail","hentry","category-news","tag-allattamento","tag-conduttrice","tag-dichiarazioni","tag-figlia","tag-instagram","tag-katia-eleonora","tag-seno","tag-social","vip-veronica_maya"],"yoast_head":"<title>Veronica Maya allatta al seno la piccola Katia Eleonora: &#039;Vivo del tuo respiro&#039; - Gossip.it | News sul Gossip e VIP<\/title>\n<meta name=\"description\" content=\"Veronica Maya\u00a0lo scorso 12 gennaio \u00e8 diventata mamma per la terza volta della piccola Katia Eleonora. La conduttrice sul social pubblica un tenero scatto\" \/>\n<meta name=\"robots\" content=\"index, follow, max-snippet:-1, max-image-preview:large, max-video-preview:-1\" \/>\n<link rel=\"canonical\" href=\"https:\/\/www.gossip.it\/news\/veronica-maya-katia-eleonora\/\" \/>\n<meta property=\"og:locale\" content=\"it_IT\" \/>\n<meta property=\"og:type\" content=\"article\" \/>\n<meta property=\"og:title\" content=\"Veronica Maya allatta al seno la piccola Katia Eleonora: &#039;Vivo del tuo respiro&#039; - Gossip.it | News sul Gossip e VIP\" \/>\n<meta property=\"og:description\" content=\"Veronica Maya\u00a0lo scorso 12 gennaio \u00e8 diventata mamma per la terza volta della piccola Katia Eleonora. La conduttrice sul social pubblica un tenero scatto\" \/>\n<meta property=\"og:url\" content=\"https:\/\/www.gossip.it\/news\/veronica-maya-katia-eleonora\/\" \/>\n<meta property=\"og:site_name\" content=\"Gossip.it | News sul Gossip e VIP\" \/>\n<meta property=\"article:publisher\" content=\"https:\/\/www.facebook.com\/GossipIT\" \/>\n<meta property=\"article:published_time\" content=\"2016-02-24T23:00:00+00:00\" \/>\n<meta property=\"og:image\" content=\"http:\/\/files.gossip.it\/immagini_news\/2016\/02\/1456407768_veronica_maya_allatta.jpg\" \/>\n<meta name=\"author\" content=\"La Redazione\" \/>\n<meta name=\"twitter:card\" content=\"summary_large_image\" \/>\n<meta name=\"twitter:image\" content=\"http:\/\/files.gossip.it\/immagini_news\/2016\/02\/1456407768_veronica_maya_allatta.jpg\" \/>\n<meta name=\"twitter:creator\" content=\"@gossinews_it\" \/>\n<meta name=\"twitter:site\" content=\"@gossinews_it\" \/>\n<meta name=\"twitter:label1\" content=\"Scritto da\" \/>\n\t<meta name=\"twitter:data1\" content=\"Francesca Romana Domenici\" \/>\n\t<meta name=\"twitter:label2\" content=\"Tempo di lettura stimato\" \/>\n\t<meta name=\"twitter:data2\" content=\"2 minuti\" \/>","yoast_head_json":{"title":"Veronica Maya allatta al seno la piccola Katia Eleonora: 'Vivo del tuo respiro' - Gossip.it | News sul Gossip e VIP","description":"Veronica Maya\u00a0lo scorso 12 gennaio \u00e8 diventata mamma per la terza volta della piccola Katia Eleonora. La conduttrice sul social pubblica un tenero scatto","robots":{"index":"index","follow":"follow","max-snippet":"max-snippet:-1","max-image-preview":"max-image-preview:large","max-video-preview":"max-video-preview:-1"},"canonical":"https:\/\/www.gossip.it\/news\/veronica-maya-katia-eleonora\/","og_locale":"it_IT","og_type":"article","og_title":"Veronica Maya allatta al seno la piccola Katia Eleonora: 'Vivo del tuo respiro' - Gossip.it | News sul Gossip e VIP","og_description":"Veronica Maya\u00a0lo scorso 12 gennaio \u00e8 diventata mamma per la terza volta della piccola Katia Eleonora. La conduttrice sul social pubblica un tenero scatto","og_url":"https:\/\/www.gossip.it\/news\/veronica-maya-katia-eleonora\/","og_site_name":"Gossip.it | News sul Gossip e VIP","article_publisher":"https:\/\/www.facebook.com\/GossipIT","article_published_time":"2016-02-24T23:00:00+00:00","og_image":[{"url":"http:\/\/files.gossip.it\/immagini_news\/2016\/02\/1456407768_veronica_maya_allatta.jpg"}],"author":"La Redazione","twitter_card":"summary_large_image","twitter_image":"http:\/\/files.gossip.it\/immagini_news\/2016\/02\/1456407768_veronica_maya_allatta.jpg","twitter_creator":"@gossinews_it","twitter_site":"@gossinews_it","twitter_misc":{"Scritto da":"Francesca Romana Domenici","Tempo di lettura stimato":"2 minuti"},"schema":{"@context":"https:\/\/schema.org","@graph":[{"@type":"Article","@id":"https:\/\/www.gossip.it\/news\/veronica-maya-katia-eleonora\/#article","isPartOf":{"@id":"https:\/\/www.gossip.it\/news\/veronica-maya-katia-eleonora\/"},"author":{"name":"La Redazione","@id":"https:\/\/www.gossip.it\/#\/schema\/person\/488896f75158bff1cc83c6c39d141110"},"headline":"Veronica Maya allatta al seno la piccola Katia Eleonora: 'Vivo del tuo respiro'","datePublished":"2016-02-24T23:00:00+00:00","dateModified":"2016-02-24T23:00:00+00:00","mainEntityOfPage":{"@id":"https:\/\/www.gossip.it\/news\/veronica-maya-katia-eleonora\/"},"wordCount":339,"publisher":{"@id":"https:\/\/www.gossip.it\/#organization"},"image":{"@id":"https:\/\/www.gossip.it\/news\/veronica-maya-katia-eleonora\/#primaryimage"},"thumbnailUrl":"http:\/\/files.gossip.it\/immagini_news\/2016\/02\/1456407768_veronica_maya_allatta.jpg","keywords":["allattamento","conduttrice","dichiarazioni","figlia","instagram","katia eleonora","seno","social"],"articleSection":["News"],"inLanguage":"it-IT"},{"@type":"WebPage","@id":"https:\/\/www.gossip.it\/news\/veronica-maya-katia-eleonora\/","url":"https:\/\/www.gossip.it\/news\/veronica-maya-katia-eleonora\/","name":"Veronica Maya allatta al seno la piccola Katia Eleonora: 'Vivo del tuo respiro' - Gossip.it | News sul Gossip e VIP","isPartOf":{"@id":"https:\/\/www.gossip.it\/#website"},"primaryImageOfPage":{"@id":"https:\/\/www.gossip.it\/news\/veronica-maya-katia-eleonora\/#primaryimage"},"image":{"@id":"https:\/\/www.gossip.it\/news\/veronica-maya-katia-eleonora\/#primaryimage"},"thumbnailUrl":"http:\/\/files.gossip.it\/immagini_news\/2016\/02\/1456407768_veronica_maya_allatta.jpg","datePublished":"2016-02-24T23:00:00+00:00","dateModified":"2016-02-24T23:00:00+00:00","description":"Veronica Maya\u00a0lo scorso 12 gennaio \u00e8 diventata mamma per la terza volta della piccola Katia Eleonora. La conduttrice sul social pubblica un tenero scatto","breadcrumb":{"@id":"https:\/\/www.gossip.it\/news\/veronica-maya-katia-eleonora\/#breadcrumb"},"inLanguage":"it-IT","potentialAction":[{"@type":"ReadAction","target":["https:\/\/www.gossip.it\/news\/veronica-maya-katia-eleonora\/"]}]},{"@type":"ImageObject","inLanguage":"it-IT","@id":"https:\/\/www.gossip.it\/news\/veronica-maya-katia-eleonora\/#primaryimage","url":"http:\/\/files.gossip.it\/immagini_news\/2016\/02\/1456407768_veronica_maya_allatta.jpg","contentUrl":"http:\/\/files.gossip.it\/immagini_news\/2016\/02\/1456407768_veronica_maya_allatta.jpg"},{"@type":"BreadcrumbList","@id":"https:\/\/www.gossip.it\/news\/veronica-maya-katia-eleonora\/#breadcrumb","itemListElement":[{"@type":"ListItem","position":1,"name":"Home","item":"https:\/\/www.gossip.it\/"},{"@type":"ListItem","position":2,"name":"Veronica Maya allatta al seno la piccola Katia Eleonora: 'Vivo del tuo respiro'"}]},{"@type":"WebSite","@id":"https:\/\/www.gossip.it\/#website","url":"https:\/\/www.gossip.it\/","name":"Gossip and VIP News","description":"Quotidiano di cronaca rosa, costume e societ\u00e0","publisher":{"@id":"https:\/\/www.gossip.it\/#organization"},"alternateName":"Gossip and VIP News","potentialAction":[{"@type":"SearchAction","target":{"@type":"EntryPoint","urlTemplate":"https:\/\/www.gossip.it\/?s={search_term_string}"},"query-input":{"@type":"PropertyValueSpecification","valueRequired":true,"valueName":"search_term_string"}}],"inLanguage":"it-IT"},{"@type":"Organization","@id":"https:\/\/www.gossip.it\/#organization","name":"Gossip and VIP News","alternateName":"Gossip News","url":"https:\/\/www.gossip.it\/","logo":{"@type":"ImageObject","inLanguage":"it-IT","@id":"https:\/\/www.gossip.it\/#\/schema\/logo\/image\/","url":"https:\/\/www.gossip.it\/wp-content\/uploads\/2022\/04\/cropped-corna-alta-tiny.png","contentUrl":"https:\/\/www.gossip.it\/wp-content\/uploads\/2022\/04\/cropped-corna-alta-tiny.png","width":512,"height":512,"caption":"Gossip and VIP News"},"image":{"@id":"https:\/\/www.gossip.it\/#\/schema\/logo\/image\/"},"sameAs":["https:\/\/www.facebook.com\/GossipIT","https:\/\/x.com\/gossinews_it","https:\/\/instagram.com\/gossip_it"]},{"@type":"Person","@id":"https:\/\/www.gossip.it\/#\/schema\/person\/488896f75158bff1cc83c6c39d141110","name":"La Redazione","image":{"@type":"ImageObject","inLanguage":"it-IT","@id":"https:\/\/www.gossip.it\/#\/schema\/person\/image\/","url":"https:\/\/secure.gravatar.com\/avatar\/5a5f5c6fa3e6700e4249abdad0263a1e94e927d9e0499b1cb09c1cd29c044d80?s=96&d=mm&r=g","contentUrl":"https:\/\/secure.gravatar.com\/avatar\/5a5f5c6fa3e6700e4249abdad0263a1e94e927d9e0499b1cb09c1cd29c044d80?s=96&d=mm&r=g","caption":"La Redazione"},"sameAs":["https:\/\/www.gossip.it"]}]}},"amp_enabled":true,"_links":{"self":[{"href":"https:\/\/www.gossip.it\/api\/wp\/v2\/posts\/54367","targetHints":{"allow":["GET"]}}],"collection":[{"href":"https:\/\/www.gossip.it\/api\/wp\/v2\/posts"}],"about":[{"href":"https:\/\/www.gossip.it\/api\/wp\/v2\/types\/post"}],"author":[{"embeddable":true,"href":"https:\/\/www.gossip.it\/api\/wp\/v2\/users\/1"}],"replies":[{"embeddable":true,"href":"https:\/\/www.gossip.it\/api\/wp\/v2\/comments?post=54367"}],"version-history":[{"count":0,"href":"https:\/\/www.gossip.it\/api\/wp\/v2\/posts\/54367\/revisions"}],"wp:featuredmedia":[{"embeddable":true,"href":"https:\/\/www.gossip.it\/api\/wp\/v2\/media\/110413"}],"wp:attachment":[{"href":"https:\/\/www.gossip.it\/api\/wp\/v2\/media?parent=54367"}],"wp:term":[{"taxonomy":"category","embeddable":true,"href":"https:\/\/www.gossip.it\/api\/wp\/v2\/categories?post=54367"},{"taxonomy":"post_tag","embeddable":true,"href":"https:\/\/www.gossip.it\/api\/wp\/v2\/tags?post=54367"},{"taxonomy":"vip","embeddable":true,"href":"https:\/\/www.gossip.it\/api\/wp\/v2\/vip?post=54367"}],"curies":[{"name":"wp","href":"https:\/\/api.w.org\/{rel}","templated":true}]}}