{"id":54476,"date":"2016-03-07T00:00:00","date_gmt":"2016-03-06T23:00:00","guid":{"rendered":"https:\/\/www.gossip.it\/senza-categoria\/isola-11-alessia-marcuzzi-naufraghi\/"},"modified":"2016-03-07T00:00:00","modified_gmt":"2016-03-06T23:00:00","slug":"isola-11-alessia-marcuzzi-naufraghi","status":"publish","type":"post","link":"https:\/\/www.gossip.it\/news\/isola-11-alessia-marcuzzi-naufraghi\/","title":{"rendered":"Isola 11: Alessia Marcuzzi la racconta, i naufraghi gi\u00e0 partiti"},"content":{"rendered":"<p>L'<a href=\"http:\/\/www.gossip.it\/vip\/isola-11\/\">Isola 11<\/a> prender\u00e0 il via mercoled\u00ec 9 marzo in prime time su Canale 5. <a href=\"http:\/\/www.gossip.it\/vip\/alessia-marcuzzi\/\">Alessia Marcuzzi<\/a> la racconta alla stampa insieme a <a href=\"http:\/\/www.gossip.it\/vip\/mara-venier\/\">Mara Venier<\/a>, <a href=\"http:\/\/www.gossip.it\/vip\/alfonso-signorini\/\">Alfonso Signorini<\/a> e <a href=\"http:\/\/www.gossip.it\/vip\/piero-chiambretti\/\">Piero Chiambretti<\/a>, che da marted\u00ec 15 marzo parler\u00e0 dell'<strong>Isola 11<\/strong> con il suo <em>\"Grand Hotel Chiambretti\"<\/em>.<br \/>I <strong>naufraghi<\/strong> sono gi\u00e0 volati via, sul <a href=\"http:\/\/www.gossip.it\/vip\/social\/\">social<\/a> hanno postato le foto dall'aeroporto, poco prima di imabarcarsi sul volo per l'Honduras. <a href=\"http:\/\/www.gossip.it\/vip\/alessia-reato\/\">Alessia Reato<\/a>, <a href=\"http:\/\/www.gossip.it\/vip\/aristide-malnati\/\">Aristide Malnati<\/a>, <a href=\"http:\/\/www.gossip.it\/vip\/claudia-galanti\/\">Claudia Galanti<\/a>, <a href=\"http:\/\/www.gossip.it\/vip\/enzo-salvi\/\">Enzo Salvi<\/a>, <a href=\"http:\/\/www.gossip.it\/vip\/fiordaliso\/\">Fiordaliso<\/a>, <a href=\"http:\/\/www.gossip.it\/vip\/jonas-berami\/\">Jonas Berami<\/a>, <a href=\"http:\/\/www.gossip.it\/vip\/marco-carta\/\">Marco Carta<\/a>, <a href=\"http:\/\/www.gossip.it\/vip\/mercedesz-henger\/\">Mercedesz Henger<\/a>, <a href=\"http:\/\/www.gossip.it\/vip\/simona-ventura\/\">Simona Ventura<\/a> e <a href=\"http:\/\/www.gossip.it\/vip\/stefano-nones orfei\/\">Stefano Nones Orfei<\/a> si sono lasciati ammirare e lasciato un saluto per i fan sul web. Svelati pure gli altri <strong>naufraghi<\/strong>, quelli che popoleranno Isla Desnuda. Come rivelato gi\u00e0 in precedenza, sono <a href=\"http:\/\/www.gossip.it\/vip\/paola-caruso\/\">Paola Caruso<\/a>, <a href=\"http:\/\/www.gossip.it\/vip\/matteo-cambi\/\">Matteo Cambi<\/a>, <a href=\"http:\/\/www.gossip.it\/vip\/andrea-preti\/\">Andrea Preti<\/a>, Giacobbe Fragomeni, Gracia De Torres e Patricia Contreas. Rimangono 'segreti' i nomi dei <strong>naufraghi<\/strong> che in questa edizione saranno<em> 'sbattuti'<\/em> sulla zattera, anche se le idiscrezioni dicono che saranno <a href=\"http:\/\/www.gossip.it\/vip\/christian-gallella\/\">Christian Gallella<\/a> e <a href=\"http:\/\/www.gossip.it\/vip\/gianluca-mech\/\">Gianluca Mech<\/a>.<\/p>\n<figure class=\"caption\"><img decoding=\"async\" alt=\"\" width=\"640\" height=\"939\" src=\"http:\/\/files.gossip.it\/immagini_news\/2016\/03\/1457359722_alessia_marcuzzi_isola_conferenza_stampa.jpg\" \/><figcaption>Alessia marcuzzi ha raccontato alla stampa l'Isola dei Famosi 11<\/figcaption><\/figure>\n<p><em>\"Spero di replicare i risultati dello scorso anno. Il nostro \u00e8 un lavoro di squadra, parlo degli autori, la produzione, le persone che sono in Honduras, gli opinionisti Mara ed Alfonso ed Alvin. Lo scorso anno \u00e8 stata un'esperienza nuova per me, mi sono divertita come una matta. E' stato anche un programma amato da tutti, c'\u00e8 stato un connubio vincente\"<\/em>, ha detto <strong>Alessia Marcuzzi<\/strong>.<em> \"L'<strong>isola<\/strong> ha sempre cercato di essere diversa rispetto alle esperienze passate. Quest'anno abbiamo una novit\u00e0, l'<strong>isola<\/strong> raddoppia. Non avremo Playa Desnuda ma la Isla Desnuda. Ci saranno due isole: una con i concorrenti che hanno un posto fisso e un'<strong>Isola<\/strong> con sei desnudi che hanno il desiderio di arrivare sull'<strong>Isola<\/strong> principale, sei precari. Ma non ci sar\u00e0 posto per tutti, ci sono quattro posti a disposizione e loro sono sei. Settimana dopo settimana saranno i naufraghi dell'Isola principale a scegliere chi potr\u00e0 passare dall'<strong>Isola<\/strong> Desnuda all'<strong>Isola<\/strong> principale\"<\/em>, ha spiegato il direttore generale di Magnolia, presente in conferenza stampa insieme a Giancarlo Scheri, direttore di Canale 5. <em>\"Quest'anno, poi, a Cayo Cochinos ci sar\u00e0 una piccola zattera. E sopra la zattera vivranno due <strong>naufraghi<\/strong>. Le condizioni saranno ancora pi\u00f9 estreme, tipo Cast Away. Non \u00a0possiamo svelarvi i nomi dei due <strong>naufraghi<\/strong>, ci saranno dei meccanismi per entrare in gioco\"<\/em>, ha pure aggiunto.<\/p>\n<figure class=\"caption\"><img decoding=\"async\" alt=\"\" width=\"640\" height=\"871\" src=\"http:\/\/files.gossip.it\/immagini_news\/2016\/03\/1457359745_venier_marcuzzi_signorini_isola.jpg\" \/><figcaption>La Pinella con Mara Venier e Alfonso Signorini, opinionisti in studio<\/figcaption><\/figure>\n<p><em>\"Io e Mara non facciamo l'<strong>isola<\/strong> per ritrovare noi stessi, non ci siamo mai persi. Se volete posso darvi l'indirizzo del chirurgo estetico di Simona Ventura...\"<\/em>, ha ironizzato Alfonso Signorini. <strong>Alessia Marcuzzi<\/strong>, tornando su Isla Desnuda, ha chiarito: <em>\"Noi da casa vedremo i bollini. I naufraghi dell'<strong>Isola<\/strong> principale vedranno i naufraghi desnudi, senza bollini. Li vedranno nudi\"<\/em>.\u00a0<\/p>\n<figure class=\"caption\"><img decoding=\"async\" alt=\"\" width=\"640\" height=\"725\" src=\"http:\/\/files.gossip.it\/immagini_news\/2016\/03\/1457359789_simona_ventura_partenza_isola.jpg\" \/><figcaption>Simona Ventura in aeroporto prima di volare in Honduras<\/figcaption><\/figure>\n<figure class=\"caption\"><img decoding=\"async\" alt=\"\" width=\"640\" height=\"583\" src=\"http:\/\/files.gossip.it\/immagini_news\/2016\/03\/1457359765_alessia_reato_partenza_isola.jpg\" \/><figcaption>Alessia Reato in aeroporto<\/figcaption><\/figure>\n<p>Piero Chiambretti, nel parlare del suo programma, ha puntualizzato: <em>\"E' una \u00a0grande novit\u00e0. Non sar\u00e0 un Dopo <strong>Isola<\/strong> ma un Post Isola. Non andremo in onda durante la stessa serata dei leggendari perch\u00e9 inizieremmo alle quattro di notte. Andremo \u00a0in onda la sera successiva, in seconda serata. Per me \u00e8 un'esperienza nuova, voglio dare pi\u00f9 peso alla mia leggerezza. E cercher\u00f2 di contribuire al successo di questa \u00a0trasmissione che stimola il sado-masochismo di chi la fa e chi di la vede. Faremo il controcanto, proporremo merce fresca. Avremo il naufrago eliminato, conteremo sul grande escluso della settimana. E poi avremo un collegamento con l'<strong>isola<\/strong> e tutti i naufraghi saranno a disposizione del sottoscritto. Poi ovviamente l'<strong>isola<\/strong> \u00e8 stata una trasmissione che ha fatto la storia della <\/em><a href=\"http:\/\/www.gossip.it\/vip\/tv\/\">tv<\/a><em>. Ci sono passati pi\u00f9 di 180 naufraghi. Credo nel programma ex-<strong>naufraghi<\/strong> parteciperanno alla nostra trasmissione per parlare della loro trasformazione\"<\/em>.<\/p>\n<figure class=\"caption\"><img decoding=\"async\" alt=\"\" width=\"640\" height=\"564\" src=\"http:\/\/files.gossip.it\/immagini_news\/2016\/03\/1457359814_berami_carta_fiordaliso_henger_partenza_isola.jpg\" \/><figcaption>Fiordaliso, Jonas Berami, Mercedesz Henger e Marco Carta poco prima di volare via<\/figcaption><\/figure>\n<figure class=\"caption\"><img decoding=\"async\" alt=\"\" width=\"640\" height=\"637\" src=\"http:\/\/files.gossip.it\/immagini_news\/2016\/03\/1457359830_marco_carta_partenza_isola.jpg\" \/><figcaption>Marco Carta in aeroporto<\/figcaption><\/figure>\n<p>Tante le domande a cui dare una risposta. <strong>Alessia Marcuzzi<\/strong>, che vuole creare suspance sul <a href=\"http:\/\/www.gossip.it\/vip\/reality\/\">reality<\/a>, parlando di Simona Ventura all'<strong>Isola 11<\/strong>, ha infine precisato: <em>\"Io e Simona ci conosciamo da molto tempo, siamo amiche e ci vogliamo bene. Lei sar\u00e0 una concorrente forte, ha deciso di fare una scelta coraggiosa ed \u00a0importante per la sua vita e carriera. Nonostante l'affetto per me sar\u00e0 una naufraga come tutti gli altri, cercher\u00f2 di essere imparziale\"<\/em>.<\/p>\n<figure class=\"caption\"><img decoding=\"async\" alt=\"\" width=\"640\" height=\"800\" src=\"http:\/\/files.gossip.it\/immagini_news\/2016\/03\/1457359855_salvi_malnati_orfei_partenza_isola.jpg\" \/><figcaption>Enzo Salvi, Aristide Malnati e Stefano orfei Nones in aeroporto<\/figcaption><\/figure>\n<p><em>\"Sar\u00e0 interessante per tante ragioni. Si potr\u00e0 scoprire se certe ruggini sono ancora ruggini oppure no. E' l'<strong>Isola<\/strong> dei rapporti familiari incompiuti. Ci sono tanti caratteri forti, mi ha stupito Fiordaliso perch\u00e9 \u00e8 molto agguerrita\"<\/em>, ha poi concluso Signorini.<\/p>\n<p>\u00a0<\/p>\n","protected":false},"excerpt":{"rendered":"<p>L'Isola 11 prender\u00e0 il via mercoled\u00ec 9 marzo in prime time su Canale 5. Alessia Marcuzzi la racconta alla stampa insieme a Mara Venier, Alfonso Signorini e Piero Chiambretti, che da marted\u00ec 15 marzo parler\u00e0 dell'Isola 11 con il suo \"Grand Hotel Chiambretti\".I naufraghi sono gi\u00e0 volati via, sul social hanno postato le foto dall'aeroporto, [&hellip;]<\/p>\n","protected":false},"author":1,"featured_media":110522,"comment_status":"closed","ping_status":"closed","sticky":false,"template":"","format":"standard","meta":{"footnotes":""},"categories":[54],"tags":[10612,10233,2098,54175,2446,2102,10263,7266,10168,2199,10206,2095,10169,10261,10262,3085,54176,1934,2128,34908,2097],"vip":[275,278,286,502,686,756,1195,1204,1307,1453,1507,1698],"class_list":["post-54476","post","type-post","status-publish","format-standard","has-post-thumbnail","hentry","category-news","tag-andrea-preti","tag-aristide-malnati","tag-canale-5","tag-christian-gallella","tag-conferenza-stampa","tag-dichiarazioni","tag-giacobbe-fragomeni","tag-gianluca-mech","tag-gracia-de-torres","tag-isola","tag-isola-11","tag-isola-dei-famosi","tag-isola-dei-famosi-11","tag-jonas-berami","tag-mercedesz-henger","tag-naufraghi","tag-patricia-contreas","tag-reality","tag-reality-show","tag-stefano-nones-orfei","tag-tv","vip-alessia_marcuzzi","vip-alessia_reato","vip-alfonso_signorini","vip-claudia_galanti","vip-enzo_salvi","vip-fiordaliso","vip-mara_venier","vip-marco_carta","vip-matteo_cambi","vip-paola_caruso","vip-piero_chiambretti","vip-simona_ventura"],"yoast_head":"<title>Isola 11: Alessia Marcuzzi la racconta, i naufraghi gi\u00e0 partiti - Gossip.it | News sul Gossip e VIP<\/title>\n<meta name=\"description\" content=\"L&#039;Isola 11 prender\u00e0 il via mercoled\u00ec 9 marzo in prime time su Canale 5. Alessia Marcuzzi la racconta alla stampa insieme a Mara Venier, Alfonso Signorini\" \/>\n<meta name=\"robots\" content=\"index, follow, max-snippet:-1, max-image-preview:large, max-video-preview:-1\" \/>\n<link rel=\"canonical\" href=\"https:\/\/www.gossip.it\/news\/isola-11-alessia-marcuzzi-naufraghi\/\" \/>\n<meta property=\"og:locale\" content=\"it_IT\" \/>\n<meta property=\"og:type\" content=\"article\" \/>\n<meta property=\"og:title\" content=\"Isola 11: Alessia Marcuzzi la racconta, i naufraghi gi\u00e0 partiti - Gossip.it | News sul Gossip e VIP\" \/>\n<meta property=\"og:description\" content=\"L&#039;Isola 11 prender\u00e0 il via mercoled\u00ec 9 marzo in prime time su Canale 5. Alessia Marcuzzi la racconta alla stampa insieme a Mara Venier, Alfonso Signorini\" \/>\n<meta property=\"og:url\" content=\"https:\/\/www.gossip.it\/news\/isola-11-alessia-marcuzzi-naufraghi\/\" \/>\n<meta property=\"og:site_name\" content=\"Gossip.it | News sul Gossip e VIP\" \/>\n<meta property=\"article:publisher\" content=\"https:\/\/www.facebook.com\/GossipIT\" \/>\n<meta property=\"article:published_time\" content=\"2016-03-06T23:00:00+00:00\" \/>\n<meta property=\"og:image\" content=\"http:\/\/files.gossip.it\/immagini_news\/2016\/03\/1457359722_alessia_marcuzzi_isola_conferenza_stampa.jpg\" \/>\n<meta name=\"author\" content=\"La Redazione\" \/>\n<meta name=\"twitter:card\" content=\"summary_large_image\" \/>\n<meta name=\"twitter:image\" content=\"http:\/\/files.gossip.it\/immagini_news\/2016\/03\/1457359722_alessia_marcuzzi_isola_conferenza_stampa.jpg\" \/>\n<meta name=\"twitter:creator\" content=\"@gossinews_it\" \/>\n<meta name=\"twitter:site\" content=\"@gossinews_it\" \/>\n<meta name=\"twitter:label1\" content=\"Scritto da\" \/>\n\t<meta name=\"twitter:data1\" content=\"Annamaria Capozzi\" \/>\n\t<meta name=\"twitter:label2\" content=\"Tempo di lettura stimato\" \/>\n\t<meta name=\"twitter:data2\" content=\"4 minuti\" \/>","yoast_head_json":{"title":"Isola 11: Alessia Marcuzzi la racconta, i naufraghi gi\u00e0 partiti - Gossip.it | News sul Gossip e VIP","description":"L'Isola 11 prender\u00e0 il via mercoled\u00ec 9 marzo in prime time su Canale 5. Alessia Marcuzzi la racconta alla stampa insieme a Mara Venier, Alfonso Signorini","robots":{"index":"index","follow":"follow","max-snippet":"max-snippet:-1","max-image-preview":"max-image-preview:large","max-video-preview":"max-video-preview:-1"},"canonical":"https:\/\/www.gossip.it\/news\/isola-11-alessia-marcuzzi-naufraghi\/","og_locale":"it_IT","og_type":"article","og_title":"Isola 11: Alessia Marcuzzi la racconta, i naufraghi gi\u00e0 partiti - Gossip.it | News sul Gossip e VIP","og_description":"L'Isola 11 prender\u00e0 il via mercoled\u00ec 9 marzo in prime time su Canale 5. Alessia Marcuzzi la racconta alla stampa insieme a Mara Venier, Alfonso Signorini","og_url":"https:\/\/www.gossip.it\/news\/isola-11-alessia-marcuzzi-naufraghi\/","og_site_name":"Gossip.it | News sul Gossip e VIP","article_publisher":"https:\/\/www.facebook.com\/GossipIT","article_published_time":"2016-03-06T23:00:00+00:00","og_image":[{"url":"http:\/\/files.gossip.it\/immagini_news\/2016\/03\/1457359722_alessia_marcuzzi_isola_conferenza_stampa.jpg"}],"author":"La Redazione","twitter_card":"summary_large_image","twitter_image":"http:\/\/files.gossip.it\/immagini_news\/2016\/03\/1457359722_alessia_marcuzzi_isola_conferenza_stampa.jpg","twitter_creator":"@gossinews_it","twitter_site":"@gossinews_it","twitter_misc":{"Scritto da":"Annamaria Capozzi","Tempo di lettura stimato":"4 minuti"},"schema":{"@context":"https:\/\/schema.org","@graph":[{"@type":"Article","@id":"https:\/\/www.gossip.it\/news\/isola-11-alessia-marcuzzi-naufraghi\/#article","isPartOf":{"@id":"https:\/\/www.gossip.it\/news\/isola-11-alessia-marcuzzi-naufraghi\/"},"author":{"name":"La Redazione","@id":"https:\/\/www.gossip.it\/#\/schema\/person\/488896f75158bff1cc83c6c39d141110"},"headline":"Isola 11: Alessia Marcuzzi la racconta, i naufraghi gi\u00e0 partiti","datePublished":"2016-03-06T23:00:00+00:00","dateModified":"2016-03-06T23:00:00+00:00","mainEntityOfPage":{"@id":"https:\/\/www.gossip.it\/news\/isola-11-alessia-marcuzzi-naufraghi\/"},"wordCount":767,"publisher":{"@id":"https:\/\/www.gossip.it\/#organization"},"image":{"@id":"https:\/\/www.gossip.it\/news\/isola-11-alessia-marcuzzi-naufraghi\/#primaryimage"},"thumbnailUrl":"http:\/\/files.gossip.it\/immagini_news\/2016\/03\/1457359722_alessia_marcuzzi_isola_conferenza_stampa.jpg","keywords":["andrea preti","aristide malnati","canale 5","christian gallella","conferenza stampa","dichiarazioni","giacobbe fragomeni","gianluca mech","gracia de torres","isola","isola 11","isola dei famosi","isola dei famosi 11","jonas berami","mercedesz henger","naufraghi","Patricia Contreas","reality","reality show","stefano nones orfei","tv"],"articleSection":["News"],"inLanguage":"it-IT"},{"@type":"WebPage","@id":"https:\/\/www.gossip.it\/news\/isola-11-alessia-marcuzzi-naufraghi\/","url":"https:\/\/www.gossip.it\/news\/isola-11-alessia-marcuzzi-naufraghi\/","name":"Isola 11: Alessia Marcuzzi la racconta, i naufraghi gi\u00e0 partiti - Gossip.it | News sul Gossip e VIP","isPartOf":{"@id":"https:\/\/www.gossip.it\/#website"},"primaryImageOfPage":{"@id":"https:\/\/www.gossip.it\/news\/isola-11-alessia-marcuzzi-naufraghi\/#primaryimage"},"image":{"@id":"https:\/\/www.gossip.it\/news\/isola-11-alessia-marcuzzi-naufraghi\/#primaryimage"},"thumbnailUrl":"http:\/\/files.gossip.it\/immagini_news\/2016\/03\/1457359722_alessia_marcuzzi_isola_conferenza_stampa.jpg","datePublished":"2016-03-06T23:00:00+00:00","dateModified":"2016-03-06T23:00:00+00:00","description":"L'Isola 11 prender\u00e0 il via mercoled\u00ec 9 marzo in prime time su Canale 5. Alessia Marcuzzi la racconta alla stampa insieme a Mara Venier, Alfonso Signorini","breadcrumb":{"@id":"https:\/\/www.gossip.it\/news\/isola-11-alessia-marcuzzi-naufraghi\/#breadcrumb"},"inLanguage":"it-IT","potentialAction":[{"@type":"ReadAction","target":["https:\/\/www.gossip.it\/news\/isola-11-alessia-marcuzzi-naufraghi\/"]}]},{"@type":"ImageObject","inLanguage":"it-IT","@id":"https:\/\/www.gossip.it\/news\/isola-11-alessia-marcuzzi-naufraghi\/#primaryimage","url":"http:\/\/files.gossip.it\/immagini_news\/2016\/03\/1457359722_alessia_marcuzzi_isola_conferenza_stampa.jpg","contentUrl":"http:\/\/files.gossip.it\/immagini_news\/2016\/03\/1457359722_alessia_marcuzzi_isola_conferenza_stampa.jpg"},{"@type":"BreadcrumbList","@id":"https:\/\/www.gossip.it\/news\/isola-11-alessia-marcuzzi-naufraghi\/#breadcrumb","itemListElement":[{"@type":"ListItem","position":1,"name":"Home","item":"https:\/\/www.gossip.it\/"},{"@type":"ListItem","position":2,"name":"Isola 11: Alessia Marcuzzi la racconta, i naufraghi gi\u00e0 partiti"}]},{"@type":"WebSite","@id":"https:\/\/www.gossip.it\/#website","url":"https:\/\/www.gossip.it\/","name":"Gossip and VIP News","description":"Quotidiano di cronaca rosa, costume e societ\u00e0","publisher":{"@id":"https:\/\/www.gossip.it\/#organization"},"alternateName":"Gossip and VIP News","potentialAction":[{"@type":"SearchAction","target":{"@type":"EntryPoint","urlTemplate":"https:\/\/www.gossip.it\/?s={search_term_string}"},"query-input":{"@type":"PropertyValueSpecification","valueRequired":true,"valueName":"search_term_string"}}],"inLanguage":"it-IT"},{"@type":"Organization","@id":"https:\/\/www.gossip.it\/#organization","name":"Gossip and VIP News","alternateName":"Gossip News","url":"https:\/\/www.gossip.it\/","logo":{"@type":"ImageObject","inLanguage":"it-IT","@id":"https:\/\/www.gossip.it\/#\/schema\/logo\/image\/","url":"https:\/\/www.gossip.it\/wp-content\/uploads\/2022\/04\/cropped-corna-alta-tiny.png","contentUrl":"https:\/\/www.gossip.it\/wp-content\/uploads\/2022\/04\/cropped-corna-alta-tiny.png","width":512,"height":512,"caption":"Gossip and VIP News"},"image":{"@id":"https:\/\/www.gossip.it\/#\/schema\/logo\/image\/"},"sameAs":["https:\/\/www.facebook.com\/GossipIT","https:\/\/x.com\/gossinews_it","https:\/\/instagram.com\/gossip_it"]},{"@type":"Person","@id":"https:\/\/www.gossip.it\/#\/schema\/person\/488896f75158bff1cc83c6c39d141110","name":"La Redazione","image":{"@type":"ImageObject","inLanguage":"it-IT","@id":"https:\/\/www.gossip.it\/#\/schema\/person\/image\/","url":"https:\/\/secure.gravatar.com\/avatar\/5a5f5c6fa3e6700e4249abdad0263a1e94e927d9e0499b1cb09c1cd29c044d80?s=96&d=mm&r=g","contentUrl":"https:\/\/secure.gravatar.com\/avatar\/5a5f5c6fa3e6700e4249abdad0263a1e94e927d9e0499b1cb09c1cd29c044d80?s=96&d=mm&r=g","caption":"La Redazione"},"sameAs":["https:\/\/www.gossip.it"]}]}},"amp_enabled":true,"_links":{"self":[{"href":"https:\/\/www.gossip.it\/api\/wp\/v2\/posts\/54476","targetHints":{"allow":["GET"]}}],"collection":[{"href":"https:\/\/www.gossip.it\/api\/wp\/v2\/posts"}],"about":[{"href":"https:\/\/www.gossip.it\/api\/wp\/v2\/types\/post"}],"author":[{"embeddable":true,"href":"https:\/\/www.gossip.it\/api\/wp\/v2\/users\/1"}],"replies":[{"embeddable":true,"href":"https:\/\/www.gossip.it\/api\/wp\/v2\/comments?post=54476"}],"version-history":[{"count":0,"href":"https:\/\/www.gossip.it\/api\/wp\/v2\/posts\/54476\/revisions"}],"wp:featuredmedia":[{"embeddable":true,"href":"https:\/\/www.gossip.it\/api\/wp\/v2\/media\/110522"}],"wp:attachment":[{"href":"https:\/\/www.gossip.it\/api\/wp\/v2\/media?parent=54476"}],"wp:term":[{"taxonomy":"category","embeddable":true,"href":"https:\/\/www.gossip.it\/api\/wp\/v2\/categories?post=54476"},{"taxonomy":"post_tag","embeddable":true,"href":"https:\/\/www.gossip.it\/api\/wp\/v2\/tags?post=54476"},{"taxonomy":"vip","embeddable":true,"href":"https:\/\/www.gossip.it\/api\/wp\/v2\/vip?post=54476"}],"curies":[{"name":"wp","href":"https:\/\/api.w.org\/{rel}","templated":true}]}}