{"id":54478,"date":"2016-03-07T00:00:00","date_gmt":"2016-03-06T23:00:00","guid":{"rendered":"https:\/\/www.gossip.it\/senza-categoria\/emma-manifestazione-famiglie-arcobaleno\/"},"modified":"2016-03-07T00:00:00","modified_gmt":"2016-03-06T23:00:00","slug":"emma-manifestazione-famiglie-arcobaleno","status":"publish","type":"post","link":"https:\/\/www.gossip.it\/news\/emma-manifestazione-famiglie-arcobaleno\/","title":{"rendered":"Emma partecipa alla manifestazione delle famiglie Arcobaleno: 'I figli nascono dall'amore'"},"content":{"rendered":"<p><a href=\"http:\/\/www.gossip.it\/vip\/emma-marrone\/\">Emma Marrone<\/a> \u00e8 scesa in piazza insieme alle <strong>famiglie Arcobaleno<\/strong> durante la <strong>manifestazione<\/strong> di sabato 5 marzo in cui \u00e8 stato ribadito che la legge per le <a href=\"http:\/\/www.gossip.it\/vip\/unioni-civili\/\">Unioni Civili<\/a> approvata dal Senato pu\u00f2 e deve essere solo un punto di partenza: <em>\"Vogliamo matrimonio e adozioni\"<\/em>, lo slogan ripetuto dalle migliaia di persone che si sono ritrovate in Piazza del Popolo a Roma.<\/p>\n<figure class=\"caption\"><img decoding=\"async\" alt=\"\" src=\"http:\/\/files.gossip.it\/immagini_news\/2016\/03\/1457362366_emma_marrone_diritti_gay.jpg\" \/><figcaption>Emma tiene in braccio due bellissimi bimbi di una famiglia Arcobaleno<\/figcaption><\/figure>\n<p>Quando<strong> Emma<\/strong> \u00e8 salita sul palco con i bambini delle <strong>famiglie Arcobaleno<\/strong>, la piazza le ha dedicato una standing ovation: <em>\"Sono molto emozionata perch\u00e9 credo tanto in questa giornata anche se il 5 marzo dovrebbe essere tutti i giorni<\/em> - ha dichiarato la cantante -<em> Sono qui perch\u00e9 questo \u00e8 un momento storico importante, un momento dell'evoluzione non solo per le coppie omosessuali, ma per tutti. Se vogliamo vivere in un paese civile dobbiamo abbracciare questa evoluzione perch\u00e9 questi diritti sono di tutti noi, dei figli che ci sono e dei figli che avremo. Sono qui perch\u00e9 la mia famiglia mi ha insegnato che non ci sono amici gay e amici normali, anche se gli amici gay effettivamente sono pi\u00f9 simpatici, ci sono solo amici. La mia famiglia mi ha insegnato a non discriminare e a non essere razzista. I figli nascono dall'amore, non ci sono figli di coppie omosessuali e di coppie etero. Ci sono figli cresciuti con amore e cresciuti senza amore. Questa \u00e8 l'unica differenza\"<\/em>. \u00a0<\/p>\n<div class=\"banda_video\">VIDEO<\/div>\n<p><iframe src=\"http:\/\/www.gossip.it\/video\/share\/3898\/\" class=\"iframe_video_integrato\" scrolling=\"no\" seamless=\"seamless\"><\/iframe><br \/><em>\"Molto spesso<\/em> - ha aggiunto <strong>Emma <\/strong>durante la <strong>manifestazione<\/strong> - <em>sento dirmi che faccio un lavoro molto importante in cui ho delle responsabilit\u00e0 ed ecco la mia responsabilit\u00e0: dire quello che penso non per garantire qualcosa a me stessa, ma per garantire qualcosa a tutti\"<\/em>.<em> \"Io non sono mamma, un giorno potrei essere mamma, vorrei essere mamma e vorrei che mio figlio o figlia nascesse in un mondo dove non lo chiamano fr**io a scuola, questa \u00e8 la differenza\"<\/em>, ha inoltre detto <strong>Emma<\/strong> conquistandosi gli applausi dei manifestanti.<\/p>\n<figure class=\"caption\"><img decoding=\"async\" alt=\"\" src=\"http:\/\/files.gossip.it\/immagini_news\/2016\/03\/1457362418_emma_famiglia_arcobaleno.jpg\" \/><figcaption>Emma ha partecipato alla manifestazione che si \u00e8 tenuta sabato 5 marzo a Piazza del Popolo, Roma<\/figcaption><\/figure>\n<figure class=\"caption\"><img decoding=\"async\" alt=\"\" src=\"http:\/\/files.gossip.it\/immagini_news\/2016\/03\/1457362481_emma_marrone_manifestazione_roma.jpg\" \/><figcaption>La cantante ha difeso il diritto dei gay ad avere una famiglia<\/figcaption><\/figure>\n<p><strong>Emma<\/strong> ha partecipato alla<strong> manifestazione<\/strong> insieme alla collega e amica <a href=\"http:\/\/www.gossip.it\/vip\/paola-turci\/\">Paola Turci<\/a> che si \u00e8 detta profondamente emozionata e ha definito il 5 marzo 2016 una giornata speciale.<\/p>\n<figure class=\"caption\"><img decoding=\"async\" alt=\"\" width=\"640\" height=\"505\" src=\"http:\/\/files.gossip.it\/immagini_news\/2016\/03\/1457362536_emma_marrone_manifestazione.jpg\" \/><figcaption>Emma alla manifestazione insieme alla collega e amica Paola Turci<\/figcaption><\/figure>\n<p>Mentre <a href=\"http:\/\/www.gossip.it\/vip\/alessandra-amoroso\/\">Alessandra Amoroso<\/a> ha mandato un video-messaggio alla piazza gremita di<strong> famiglie Arcobaleno<\/strong> e non solo:<em> \"L'amore \u00e8 un sentimento che esiste a prescindere della polemica, dalla politica, dai giudizi e dalla critiche\"<\/em>, ha dichiarato. <em>\"Nel 2016<\/em> - ha proseguito - <em>pensiamo ancora che due persone dello stesso sesso non possano amare o avere una famiglia? Questa \u00e8 una follia perch\u00e9 l'amore \u00e8 un diritto e deve essere uguale per tutti. Non possiamo pensare che la diversit\u00e0 sia una barriera. Nasciamo tutti uguali, ma \u00e8 nelle diversit\u00e0 che possiamo trovare sfumature diverse. Battiamoci per l'unica cosa che conta in questo mondo, l'amore\"<\/em>.<\/p>\n","protected":false},"excerpt":{"rendered":"<p>Emma Marrone \u00e8 scesa in piazza insieme alle famiglie Arcobaleno durante la manifestazione di sabato 5 marzo in cui \u00e8 stato ribadito che la legge per le Unioni Civili approvata dal Senato pu\u00f2 e deve essere solo un punto di partenza: \"Vogliamo matrimonio e adozioni\", lo slogan ripetuto dalle migliaia di persone che si sono [&hellip;]<\/p>\n","protected":false},"author":1,"featured_media":110524,"comment_status":"closed","ping_status":"closed","sticky":false,"template":"","format":"standard","meta":{"footnotes":""},"categories":[54],"tags":[26068,1981,2102,54177,3140,3889,6920,1879,10062],"vip":[247,669,1462],"class_list":["post-54478","post","type-post","status-publish","format-standard","has-post-thumbnail","hentry","category-news","tag-adozioni","tag-cantante","tag-dichiarazioni","tag-famiglie-arcobaleno","tag-gay","tag-manifestazione","tag-piazza-del-popolo","tag-roma","tag-unioni-civili","vip-alessandra_amoroso","vip-emma_marrone","vip-paola_turci"],"yoast_head":"<title>Emma partecipa alla manifestazione delle famiglie Arcobaleno: &#039;I figli nascono dall&#039;amore&#039; - Gossip.it | News sul Gossip e VIP<\/title>\n<meta name=\"description\" content=\"Emma Marrone \u00e8 scesa in piazza insieme alle famiglie Arcobaleno durante la manifestazione di sabato 5 marzo in cui \u00e8 stato ribadito che la legge per le\" \/>\n<meta name=\"robots\" content=\"index, follow, max-snippet:-1, max-image-preview:large, max-video-preview:-1\" \/>\n<link rel=\"canonical\" href=\"https:\/\/www.gossip.it\/news\/emma-manifestazione-famiglie-arcobaleno\/\" \/>\n<meta property=\"og:locale\" content=\"it_IT\" \/>\n<meta property=\"og:type\" content=\"article\" \/>\n<meta property=\"og:title\" content=\"Emma partecipa alla manifestazione delle famiglie Arcobaleno: &#039;I figli nascono dall&#039;amore&#039; - Gossip.it | News sul Gossip e VIP\" \/>\n<meta property=\"og:description\" content=\"Emma Marrone \u00e8 scesa in piazza insieme alle famiglie Arcobaleno durante la manifestazione di sabato 5 marzo in cui \u00e8 stato ribadito che la legge per le\" \/>\n<meta property=\"og:url\" content=\"https:\/\/www.gossip.it\/news\/emma-manifestazione-famiglie-arcobaleno\/\" \/>\n<meta property=\"og:site_name\" content=\"Gossip.it | News sul Gossip e VIP\" \/>\n<meta property=\"article:publisher\" content=\"https:\/\/www.facebook.com\/GossipIT\" \/>\n<meta property=\"article:published_time\" content=\"2016-03-06T23:00:00+00:00\" \/>\n<meta property=\"og:image\" content=\"http:\/\/files.gossip.it\/immagini_news\/2016\/03\/1457362366_emma_marrone_diritti_gay.jpg\" \/>\n<meta name=\"author\" content=\"La Redazione\" \/>\n<meta name=\"twitter:card\" content=\"summary_large_image\" \/>\n<meta name=\"twitter:image\" content=\"http:\/\/files.gossip.it\/immagini_news\/2016\/03\/1457362366_emma_marrone_diritti_gay.jpg\" \/>\n<meta name=\"twitter:creator\" content=\"@gossinews_it\" \/>\n<meta name=\"twitter:site\" content=\"@gossinews_it\" \/>\n<meta name=\"twitter:label1\" content=\"Scritto da\" \/>\n\t<meta name=\"twitter:data1\" content=\"Francesca Romana Domenici\" \/>\n\t<meta name=\"twitter:label2\" content=\"Tempo di lettura stimato\" \/>\n\t<meta name=\"twitter:data2\" content=\"2 minuti\" \/>","yoast_head_json":{"title":"Emma partecipa alla manifestazione delle famiglie Arcobaleno: 'I figli nascono dall'amore' - Gossip.it | News sul Gossip e VIP","description":"Emma Marrone \u00e8 scesa in piazza insieme alle famiglie Arcobaleno durante la manifestazione di sabato 5 marzo in cui \u00e8 stato ribadito che la legge per le","robots":{"index":"index","follow":"follow","max-snippet":"max-snippet:-1","max-image-preview":"max-image-preview:large","max-video-preview":"max-video-preview:-1"},"canonical":"https:\/\/www.gossip.it\/news\/emma-manifestazione-famiglie-arcobaleno\/","og_locale":"it_IT","og_type":"article","og_title":"Emma partecipa alla manifestazione delle famiglie Arcobaleno: 'I figli nascono dall'amore' - Gossip.it | News sul Gossip e VIP","og_description":"Emma Marrone \u00e8 scesa in piazza insieme alle famiglie Arcobaleno durante la manifestazione di sabato 5 marzo in cui \u00e8 stato ribadito che la legge per le","og_url":"https:\/\/www.gossip.it\/news\/emma-manifestazione-famiglie-arcobaleno\/","og_site_name":"Gossip.it | News sul Gossip e VIP","article_publisher":"https:\/\/www.facebook.com\/GossipIT","article_published_time":"2016-03-06T23:00:00+00:00","og_image":[{"url":"http:\/\/files.gossip.it\/immagini_news\/2016\/03\/1457362366_emma_marrone_diritti_gay.jpg"}],"author":"La Redazione","twitter_card":"summary_large_image","twitter_image":"http:\/\/files.gossip.it\/immagini_news\/2016\/03\/1457362366_emma_marrone_diritti_gay.jpg","twitter_creator":"@gossinews_it","twitter_site":"@gossinews_it","twitter_misc":{"Scritto da":"Francesca Romana Domenici","Tempo di lettura stimato":"2 minuti"},"schema":{"@context":"https:\/\/schema.org","@graph":[{"@type":"Article","@id":"https:\/\/www.gossip.it\/news\/emma-manifestazione-famiglie-arcobaleno\/#article","isPartOf":{"@id":"https:\/\/www.gossip.it\/news\/emma-manifestazione-famiglie-arcobaleno\/"},"author":{"name":"La Redazione","@id":"https:\/\/www.gossip.it\/#\/schema\/person\/488896f75158bff1cc83c6c39d141110"},"headline":"Emma partecipa alla manifestazione delle famiglie Arcobaleno: 'I figli nascono dall'amore'","datePublished":"2016-03-06T23:00:00+00:00","dateModified":"2016-03-06T23:00:00+00:00","mainEntityOfPage":{"@id":"https:\/\/www.gossip.it\/news\/emma-manifestazione-famiglie-arcobaleno\/"},"wordCount":501,"publisher":{"@id":"https:\/\/www.gossip.it\/#organization"},"image":{"@id":"https:\/\/www.gossip.it\/news\/emma-manifestazione-famiglie-arcobaleno\/#primaryimage"},"thumbnailUrl":"http:\/\/files.gossip.it\/immagini_news\/2016\/03\/1457362366_emma_marrone_diritti_gay.jpg","keywords":["adozioni","cantante","dichiarazioni","famiglie arcobaleno","gay","manifestazione","piazza del popolo","roma","unioni civili"],"articleSection":["News"],"inLanguage":"it-IT"},{"@type":"WebPage","@id":"https:\/\/www.gossip.it\/news\/emma-manifestazione-famiglie-arcobaleno\/","url":"https:\/\/www.gossip.it\/news\/emma-manifestazione-famiglie-arcobaleno\/","name":"Emma partecipa alla manifestazione delle famiglie Arcobaleno: 'I figli nascono dall'amore' - Gossip.it | News sul Gossip e VIP","isPartOf":{"@id":"https:\/\/www.gossip.it\/#website"},"primaryImageOfPage":{"@id":"https:\/\/www.gossip.it\/news\/emma-manifestazione-famiglie-arcobaleno\/#primaryimage"},"image":{"@id":"https:\/\/www.gossip.it\/news\/emma-manifestazione-famiglie-arcobaleno\/#primaryimage"},"thumbnailUrl":"http:\/\/files.gossip.it\/immagini_news\/2016\/03\/1457362366_emma_marrone_diritti_gay.jpg","datePublished":"2016-03-06T23:00:00+00:00","dateModified":"2016-03-06T23:00:00+00:00","description":"Emma Marrone \u00e8 scesa in piazza insieme alle famiglie Arcobaleno durante la manifestazione di sabato 5 marzo in cui \u00e8 stato ribadito che la legge per le","breadcrumb":{"@id":"https:\/\/www.gossip.it\/news\/emma-manifestazione-famiglie-arcobaleno\/#breadcrumb"},"inLanguage":"it-IT","potentialAction":[{"@type":"ReadAction","target":["https:\/\/www.gossip.it\/news\/emma-manifestazione-famiglie-arcobaleno\/"]}]},{"@type":"ImageObject","inLanguage":"it-IT","@id":"https:\/\/www.gossip.it\/news\/emma-manifestazione-famiglie-arcobaleno\/#primaryimage","url":"http:\/\/files.gossip.it\/immagini_news\/2016\/03\/1457362366_emma_marrone_diritti_gay.jpg","contentUrl":"http:\/\/files.gossip.it\/immagini_news\/2016\/03\/1457362366_emma_marrone_diritti_gay.jpg"},{"@type":"BreadcrumbList","@id":"https:\/\/www.gossip.it\/news\/emma-manifestazione-famiglie-arcobaleno\/#breadcrumb","itemListElement":[{"@type":"ListItem","position":1,"name":"Home","item":"https:\/\/www.gossip.it\/"},{"@type":"ListItem","position":2,"name":"Emma partecipa alla manifestazione delle famiglie Arcobaleno: 'I figli nascono dall'amore'"}]},{"@type":"WebSite","@id":"https:\/\/www.gossip.it\/#website","url":"https:\/\/www.gossip.it\/","name":"Gossip and VIP News","description":"Quotidiano di cronaca rosa, costume e societ\u00e0","publisher":{"@id":"https:\/\/www.gossip.it\/#organization"},"alternateName":"Gossip and VIP News","potentialAction":[{"@type":"SearchAction","target":{"@type":"EntryPoint","urlTemplate":"https:\/\/www.gossip.it\/?s={search_term_string}"},"query-input":{"@type":"PropertyValueSpecification","valueRequired":true,"valueName":"search_term_string"}}],"inLanguage":"it-IT"},{"@type":"Organization","@id":"https:\/\/www.gossip.it\/#organization","name":"Gossip and VIP News","alternateName":"Gossip News","url":"https:\/\/www.gossip.it\/","logo":{"@type":"ImageObject","inLanguage":"it-IT","@id":"https:\/\/www.gossip.it\/#\/schema\/logo\/image\/","url":"https:\/\/www.gossip.it\/wp-content\/uploads\/2022\/04\/cropped-corna-alta-tiny.png","contentUrl":"https:\/\/www.gossip.it\/wp-content\/uploads\/2022\/04\/cropped-corna-alta-tiny.png","width":512,"height":512,"caption":"Gossip and VIP News"},"image":{"@id":"https:\/\/www.gossip.it\/#\/schema\/logo\/image\/"},"sameAs":["https:\/\/www.facebook.com\/GossipIT","https:\/\/x.com\/gossinews_it","https:\/\/instagram.com\/gossip_it"]},{"@type":"Person","@id":"https:\/\/www.gossip.it\/#\/schema\/person\/488896f75158bff1cc83c6c39d141110","name":"La Redazione","image":{"@type":"ImageObject","inLanguage":"it-IT","@id":"https:\/\/www.gossip.it\/#\/schema\/person\/image\/","url":"https:\/\/secure.gravatar.com\/avatar\/5a5f5c6fa3e6700e4249abdad0263a1e94e927d9e0499b1cb09c1cd29c044d80?s=96&d=mm&r=g","contentUrl":"https:\/\/secure.gravatar.com\/avatar\/5a5f5c6fa3e6700e4249abdad0263a1e94e927d9e0499b1cb09c1cd29c044d80?s=96&d=mm&r=g","caption":"La Redazione"},"sameAs":["https:\/\/www.gossip.it"]}]}},"amp_enabled":true,"_links":{"self":[{"href":"https:\/\/www.gossip.it\/api\/wp\/v2\/posts\/54478","targetHints":{"allow":["GET"]}}],"collection":[{"href":"https:\/\/www.gossip.it\/api\/wp\/v2\/posts"}],"about":[{"href":"https:\/\/www.gossip.it\/api\/wp\/v2\/types\/post"}],"author":[{"embeddable":true,"href":"https:\/\/www.gossip.it\/api\/wp\/v2\/users\/1"}],"replies":[{"embeddable":true,"href":"https:\/\/www.gossip.it\/api\/wp\/v2\/comments?post=54478"}],"version-history":[{"count":0,"href":"https:\/\/www.gossip.it\/api\/wp\/v2\/posts\/54478\/revisions"}],"wp:featuredmedia":[{"embeddable":true,"href":"https:\/\/www.gossip.it\/api\/wp\/v2\/media\/110524"}],"wp:attachment":[{"href":"https:\/\/www.gossip.it\/api\/wp\/v2\/media?parent=54478"}],"wp:term":[{"taxonomy":"category","embeddable":true,"href":"https:\/\/www.gossip.it\/api\/wp\/v2\/categories?post=54478"},{"taxonomy":"post_tag","embeddable":true,"href":"https:\/\/www.gossip.it\/api\/wp\/v2\/tags?post=54478"},{"taxonomy":"vip","embeddable":true,"href":"https:\/\/www.gossip.it\/api\/wp\/v2\/vip?post=54478"}],"curies":[{"name":"wp","href":"https:\/\/api.w.org\/{rel}","templated":true}]}}