{"id":54517,"date":"2016-03-10T00:00:00","date_gmt":"2016-03-09T23:00:00","guid":{"rendered":"https:\/\/www.gossip.it\/senza-categoria\/anna-foglietta-omicidio-luca-varani\/"},"modified":"2016-03-10T00:00:00","modified_gmt":"2016-03-09T23:00:00","slug":"anna-foglietta-omicidio-luca-varani","status":"publish","type":"post","link":"https:\/\/www.gossip.it\/news\/anna-foglietta-omicidio-luca-varani\/","title":{"rendered":"Anna Foglietta sull'omicidio di Luca Varani: 'La vera vittima gli aguzzini'"},"content":{"rendered":"<p><a href=\"http:\/\/www.gossip.it\/vip\/anna-foglietta\/\">Anna Foglietta<\/a> \u00e8 rimasta molto colpita, come tutti in questi giorni, dall'efferato <strong>omicidio<\/strong> di <strong>Luca Varani<\/strong>, ucciso a Roma da <em>Manuel Foffo<\/em> e <a href=\"http:\/\/www.gossip.it\/vip\/marco-prato\/\">Marco Prato<\/a> dopo essere stato a lungo seviziato nell'appartamento di Foffo. Il massacro del Collatino ha lasciato il segno. L'<a href=\"http:\/\/www.gossip.it\/vip\/attrice\/\">attrice<\/a> sul <a href=\"http:\/\/www.gossip.it\/vip\/social\/\">social<\/a> ha voluto rendere pubblica la sua riflessione personale che sicuramente non lascer\u00e0 indifferenti molti, anche perch\u00e9 il pensiero della 36enne \u00e8 piuttosto forte.<\/p>\n<figure class=\"caption\"><img decoding=\"async\" alt=\"\" width=\"640\" height=\"634\" src=\"http:\/\/files.gossip.it\/immagini_news\/2016\/03\/1457620035_anna_foglietta_post.jpg\" \/><figcaption>Anna Foglietta pubblica uno scatto privato in famiglia e fa una riflessione sull'omicidio di Luca Varani<\/figcaption><\/figure>\n<p>Nel pubblicare una foto in cui \u00e8 con il marito <a href=\"http:\/\/www.gossip.it\/vip\/paolo-sopranzetti\/\">Paolo Sopranzetti<\/a> e uno dei suoi tre figli, forse il pi\u00f9 piccolo, Giulio, un anno (\u00e8 anche madre di Lorenzo e Nora), <strong>Anna Foglietta<\/strong>\u00a0sull'<strong>omicidio<\/strong> ha scritto: <em>\"Penso a <strong>Luca Varani<\/strong> e alla sua triste vicenda. Penso a quanto sia difficile capire la mente umana. A quanto sia facile giudicare. Penso che la vera vittima non \u00e8 la vittima ma gli aguzzini. I loro parenti. Cosa ne sar\u00e0 delle loro vite? Quali domande staranno affastellando le loro menti? Quali sbagli? E se non ce ne fossero stati? Io penso ai miei figli e non posso fare altro che educarli all'amore. Spero basti\"<\/em>.<br \/><strong>Anna Foglietta<\/strong> nel definite gli aguzzini responsabili dell'<strong>omicidio<\/strong> di <strong>Luca Varani<\/strong> le vere vittime, sicuramente ha espresso un concetto forte che far\u00e0 storcere il naso a molti. Sicuramente non avr\u00e0 voluto discolparli, visti i fatti. Ha solo pensato a tutto quello che genitori e parenti staranno vivendo in questo momento, senza per\u00f2 dimenticare il dolore di chi si \u00e8 visto strappare un giovane, fidanzato, figlio, amico, senza una ragione, senza soprattutto un perch\u00e9.\u00a0<\/p>\n<figure class=\"caption\"><img decoding=\"async\" alt=\"\" width=\"640\" height=\"633\" src=\"http:\/\/files.gossip.it\/immagini_news\/2016\/03\/1457620079_anna_foglietta.jpg\" \/><figcaption>L'attrice 36enne pensa alle famiglie degli aguzzini del ragazzo<\/figcaption><\/figure>\n<p><em>\"Cara Anna, sai quanto Ti apprezzo e Ti stimo come attrice e come DONNA, ma sono pienamente in disaccordo rispetto a quello che hai scritto. Come fai a scrivere che \"la vera vittima sono gli aguzzini\"? Le vere vittime di questa aberrante e orribile vicenda sono Luca, ucciso in modo cruento, feroce ed efferato, e la sua famiglia, distrutta per sempre perch\u00e8 \u00e8 stata privata dell'affetto, dell'amore e della presenza di un figlio! Quei 2 sono degli assassini e dei criminali, hanno aggredito e ucciso brutalmente, per giunta sotto l'effetto di alcol e sostanze stupefacenti (e questa \u00e8 un AGGRAVANTE non una scusante) un ragazzo innocente di appena 23 anni, che aveva un'intera vita davanti! Sono dei delinquenti e degli psicopatici senza scrupoli, hanno perfino ammesso che \"volevano uccidere per vedere che effetto faceva\". Per quanto mi riguarda, devono marcire in galera a vita! Nessuna piet\u00e0 e nessun becero buonismo nei confronti di questi MOSTRI!\"<\/em>, le sottolinea un fan. \"<em>Ma non sta minimamente difendendo gli aguzzini ! Leggete bene, non siate superficiali. Condivido tutto quello che hai scritto @foglietta.anna da figlia e sorella comprendo, in parte, quello che un genitore o un famigliare pu\u00f2 domandarsi in questi casi... Cosa e dove si sbaglia, cosa si pu\u00f2 anticipare e percepire... E molto spesso \u00e8 tutto cos\u00ec \"incontrollabile\". Non lo so se baster\u00e1, ma tu stai gi\u00e1 facendo il possibile, il massimo ed il bello che pu\u00f2 fare un genitore\"<\/em>, controbatte Serena.<\/p>\n<p>\u00a0<\/p>\n","protected":false},"excerpt":{"rendered":"<p>Anna Foglietta \u00e8 rimasta molto colpita, come tutti in questi giorni, dall'efferato omicidio di Luca Varani, ucciso a Roma da Manuel Foffo e Marco Prato dopo essere stato a lungo seviziato nell'appartamento di Foffo. Il massacro del Collatino ha lasciato il segno. L'attrice sul social ha voluto rendere pubblica la sua riflessione personale che sicuramente [&hellip;]<\/p>\n","protected":false},"author":1,"featured_media":110563,"comment_status":"closed","ping_status":"closed","sticky":false,"template":"","format":"standard","meta":{"footnotes":""},"categories":[54],"tags":[1983,2102,2121,54181,35511,2122,4137,54207],"vip":[332],"class_list":["post-54517","post","type-post","status-publish","format-standard","has-post-thumbnail","hentry","category-news","tag-attrice","tag-dichiarazioni","tag-instagram","tag-luca-varani","tag-omicidio","tag-post","tag-riflessione","tag-social-paolo-sopranzetti","vip-anna_foglietta"],"yoast_head":"<title>Anna Foglietta sull&#039;omicidio di Luca Varani: &#039;La vera vittima gli aguzzini&#039; - Gossip.it | News sul Gossip e VIP<\/title>\n<meta name=\"description\" content=\"Anna Foglietta \u00e8 rimasta molto colpita, come tutti in questi giorni, dall&#039;efferato omicidio di Luca Varani, ucciso a Roma da Manuel Foffo e Marco Prato\" \/>\n<meta name=\"robots\" content=\"index, follow, max-snippet:-1, max-image-preview:large, max-video-preview:-1\" \/>\n<link rel=\"canonical\" href=\"https:\/\/www.gossip.it\/news\/anna-foglietta-omicidio-luca-varani\/\" \/>\n<meta property=\"og:locale\" content=\"it_IT\" \/>\n<meta property=\"og:type\" content=\"article\" \/>\n<meta property=\"og:title\" content=\"Anna Foglietta sull&#039;omicidio di Luca Varani: &#039;La vera vittima gli aguzzini&#039; - Gossip.it | News sul Gossip e VIP\" \/>\n<meta property=\"og:description\" content=\"Anna Foglietta \u00e8 rimasta molto colpita, come tutti in questi giorni, dall&#039;efferato omicidio di Luca Varani, ucciso a Roma da Manuel Foffo e Marco Prato\" \/>\n<meta property=\"og:url\" content=\"https:\/\/www.gossip.it\/news\/anna-foglietta-omicidio-luca-varani\/\" \/>\n<meta property=\"og:site_name\" content=\"Gossip.it | News sul Gossip e VIP\" \/>\n<meta property=\"article:publisher\" content=\"https:\/\/www.facebook.com\/GossipIT\" \/>\n<meta property=\"article:published_time\" content=\"2016-03-09T23:00:00+00:00\" \/>\n<meta property=\"og:image\" content=\"http:\/\/files.gossip.it\/immagini_news\/2016\/03\/1457620035_anna_foglietta_post.jpg\" \/>\n<meta name=\"author\" content=\"La Redazione\" \/>\n<meta name=\"twitter:card\" content=\"summary_large_image\" \/>\n<meta name=\"twitter:image\" content=\"http:\/\/files.gossip.it\/immagini_news\/2016\/03\/1457620035_anna_foglietta_post.jpg\" \/>\n<meta name=\"twitter:creator\" content=\"@gossinews_it\" \/>\n<meta name=\"twitter:site\" content=\"@gossinews_it\" \/>\n<meta name=\"twitter:label1\" content=\"Scritto da\" \/>\n\t<meta name=\"twitter:data1\" content=\"Annamaria Capozzi\" \/>\n\t<meta name=\"twitter:label2\" content=\"Tempo di lettura stimato\" \/>\n\t<meta name=\"twitter:data2\" content=\"3 minuti\" \/>","yoast_head_json":{"title":"Anna Foglietta sull'omicidio di Luca Varani: 'La vera vittima gli aguzzini' - Gossip.it | News sul Gossip e VIP","description":"Anna Foglietta \u00e8 rimasta molto colpita, come tutti in questi giorni, dall'efferato omicidio di Luca Varani, ucciso a Roma da Manuel Foffo e Marco Prato","robots":{"index":"index","follow":"follow","max-snippet":"max-snippet:-1","max-image-preview":"max-image-preview:large","max-video-preview":"max-video-preview:-1"},"canonical":"https:\/\/www.gossip.it\/news\/anna-foglietta-omicidio-luca-varani\/","og_locale":"it_IT","og_type":"article","og_title":"Anna Foglietta sull'omicidio di Luca Varani: 'La vera vittima gli aguzzini' - Gossip.it | News sul Gossip e VIP","og_description":"Anna Foglietta \u00e8 rimasta molto colpita, come tutti in questi giorni, dall'efferato omicidio di Luca Varani, ucciso a Roma da Manuel Foffo e Marco Prato","og_url":"https:\/\/www.gossip.it\/news\/anna-foglietta-omicidio-luca-varani\/","og_site_name":"Gossip.it | News sul Gossip e VIP","article_publisher":"https:\/\/www.facebook.com\/GossipIT","article_published_time":"2016-03-09T23:00:00+00:00","og_image":[{"url":"http:\/\/files.gossip.it\/immagini_news\/2016\/03\/1457620035_anna_foglietta_post.jpg"}],"author":"La Redazione","twitter_card":"summary_large_image","twitter_image":"http:\/\/files.gossip.it\/immagini_news\/2016\/03\/1457620035_anna_foglietta_post.jpg","twitter_creator":"@gossinews_it","twitter_site":"@gossinews_it","twitter_misc":{"Scritto da":"Annamaria Capozzi","Tempo di lettura stimato":"3 minuti"},"schema":{"@context":"https:\/\/schema.org","@graph":[{"@type":"Article","@id":"https:\/\/www.gossip.it\/news\/anna-foglietta-omicidio-luca-varani\/#article","isPartOf":{"@id":"https:\/\/www.gossip.it\/news\/anna-foglietta-omicidio-luca-varani\/"},"author":{"name":"La Redazione","@id":"https:\/\/www.gossip.it\/#\/schema\/person\/488896f75158bff1cc83c6c39d141110"},"headline":"Anna Foglietta sull'omicidio di Luca Varani: 'La vera vittima gli aguzzini'","datePublished":"2016-03-09T23:00:00+00:00","dateModified":"2016-03-09T23:00:00+00:00","mainEntityOfPage":{"@id":"https:\/\/www.gossip.it\/news\/anna-foglietta-omicidio-luca-varani\/"},"wordCount":531,"publisher":{"@id":"https:\/\/www.gossip.it\/#organization"},"image":{"@id":"https:\/\/www.gossip.it\/news\/anna-foglietta-omicidio-luca-varani\/#primaryimage"},"thumbnailUrl":"http:\/\/files.gossip.it\/immagini_news\/2016\/03\/1457620035_anna_foglietta_post.jpg","keywords":["attrice","dichiarazioni","instagram","luca varani","omicidio","post","riflessione","social paolo sopranzetti"],"articleSection":["News"],"inLanguage":"it-IT"},{"@type":"WebPage","@id":"https:\/\/www.gossip.it\/news\/anna-foglietta-omicidio-luca-varani\/","url":"https:\/\/www.gossip.it\/news\/anna-foglietta-omicidio-luca-varani\/","name":"Anna Foglietta sull'omicidio di Luca Varani: 'La vera vittima gli aguzzini' - Gossip.it | News sul Gossip e VIP","isPartOf":{"@id":"https:\/\/www.gossip.it\/#website"},"primaryImageOfPage":{"@id":"https:\/\/www.gossip.it\/news\/anna-foglietta-omicidio-luca-varani\/#primaryimage"},"image":{"@id":"https:\/\/www.gossip.it\/news\/anna-foglietta-omicidio-luca-varani\/#primaryimage"},"thumbnailUrl":"http:\/\/files.gossip.it\/immagini_news\/2016\/03\/1457620035_anna_foglietta_post.jpg","datePublished":"2016-03-09T23:00:00+00:00","dateModified":"2016-03-09T23:00:00+00:00","description":"Anna Foglietta \u00e8 rimasta molto colpita, come tutti in questi giorni, dall'efferato omicidio di Luca Varani, ucciso a Roma da Manuel Foffo e Marco Prato","breadcrumb":{"@id":"https:\/\/www.gossip.it\/news\/anna-foglietta-omicidio-luca-varani\/#breadcrumb"},"inLanguage":"it-IT","potentialAction":[{"@type":"ReadAction","target":["https:\/\/www.gossip.it\/news\/anna-foglietta-omicidio-luca-varani\/"]}]},{"@type":"ImageObject","inLanguage":"it-IT","@id":"https:\/\/www.gossip.it\/news\/anna-foglietta-omicidio-luca-varani\/#primaryimage","url":"http:\/\/files.gossip.it\/immagini_news\/2016\/03\/1457620035_anna_foglietta_post.jpg","contentUrl":"http:\/\/files.gossip.it\/immagini_news\/2016\/03\/1457620035_anna_foglietta_post.jpg"},{"@type":"BreadcrumbList","@id":"https:\/\/www.gossip.it\/news\/anna-foglietta-omicidio-luca-varani\/#breadcrumb","itemListElement":[{"@type":"ListItem","position":1,"name":"Home","item":"https:\/\/www.gossip.it\/"},{"@type":"ListItem","position":2,"name":"Anna Foglietta sull'omicidio di Luca Varani: 'La vera vittima gli aguzzini'"}]},{"@type":"WebSite","@id":"https:\/\/www.gossip.it\/#website","url":"https:\/\/www.gossip.it\/","name":"Gossip and VIP News","description":"Quotidiano di cronaca rosa, costume e societ\u00e0","publisher":{"@id":"https:\/\/www.gossip.it\/#organization"},"alternateName":"Gossip and VIP News","potentialAction":[{"@type":"SearchAction","target":{"@type":"EntryPoint","urlTemplate":"https:\/\/www.gossip.it\/?s={search_term_string}"},"query-input":{"@type":"PropertyValueSpecification","valueRequired":true,"valueName":"search_term_string"}}],"inLanguage":"it-IT"},{"@type":"Organization","@id":"https:\/\/www.gossip.it\/#organization","name":"Gossip and VIP News","alternateName":"Gossip News","url":"https:\/\/www.gossip.it\/","logo":{"@type":"ImageObject","inLanguage":"it-IT","@id":"https:\/\/www.gossip.it\/#\/schema\/logo\/image\/","url":"https:\/\/www.gossip.it\/wp-content\/uploads\/2022\/04\/cropped-corna-alta-tiny.png","contentUrl":"https:\/\/www.gossip.it\/wp-content\/uploads\/2022\/04\/cropped-corna-alta-tiny.png","width":512,"height":512,"caption":"Gossip and VIP News"},"image":{"@id":"https:\/\/www.gossip.it\/#\/schema\/logo\/image\/"},"sameAs":["https:\/\/www.facebook.com\/GossipIT","https:\/\/x.com\/gossinews_it","https:\/\/instagram.com\/gossip_it"]},{"@type":"Person","@id":"https:\/\/www.gossip.it\/#\/schema\/person\/488896f75158bff1cc83c6c39d141110","name":"La Redazione","image":{"@type":"ImageObject","inLanguage":"it-IT","@id":"https:\/\/www.gossip.it\/#\/schema\/person\/image\/","url":"https:\/\/secure.gravatar.com\/avatar\/5a5f5c6fa3e6700e4249abdad0263a1e94e927d9e0499b1cb09c1cd29c044d80?s=96&d=mm&r=g","contentUrl":"https:\/\/secure.gravatar.com\/avatar\/5a5f5c6fa3e6700e4249abdad0263a1e94e927d9e0499b1cb09c1cd29c044d80?s=96&d=mm&r=g","caption":"La Redazione"},"sameAs":["https:\/\/www.gossip.it"]}]}},"amp_enabled":true,"_links":{"self":[{"href":"https:\/\/www.gossip.it\/api\/wp\/v2\/posts\/54517","targetHints":{"allow":["GET"]}}],"collection":[{"href":"https:\/\/www.gossip.it\/api\/wp\/v2\/posts"}],"about":[{"href":"https:\/\/www.gossip.it\/api\/wp\/v2\/types\/post"}],"author":[{"embeddable":true,"href":"https:\/\/www.gossip.it\/api\/wp\/v2\/users\/1"}],"replies":[{"embeddable":true,"href":"https:\/\/www.gossip.it\/api\/wp\/v2\/comments?post=54517"}],"version-history":[{"count":0,"href":"https:\/\/www.gossip.it\/api\/wp\/v2\/posts\/54517\/revisions"}],"wp:featuredmedia":[{"embeddable":true,"href":"https:\/\/www.gossip.it\/api\/wp\/v2\/media\/110563"}],"wp:attachment":[{"href":"https:\/\/www.gossip.it\/api\/wp\/v2\/media?parent=54517"}],"wp:term":[{"taxonomy":"category","embeddable":true,"href":"https:\/\/www.gossip.it\/api\/wp\/v2\/categories?post=54517"},{"taxonomy":"post_tag","embeddable":true,"href":"https:\/\/www.gossip.it\/api\/wp\/v2\/tags?post=54517"},{"taxonomy":"vip","embeddable":true,"href":"https:\/\/www.gossip.it\/api\/wp\/v2\/vip?post=54517"}],"curies":[{"name":"wp","href":"https:\/\/api.w.org\/{rel}","templated":true}]}}