{"id":54578,"date":"2016-03-16T00:00:00","date_gmt":"2016-03-15T23:00:00","guid":{"rendered":"https:\/\/www.gossip.it\/senza-categoria\/andreas-lascia-amici-15\/"},"modified":"2016-03-16T00:00:00","modified_gmt":"2016-03-15T23:00:00","slug":"andreas-lascia-amici-15","status":"publish","type":"post","link":"https:\/\/www.gossip.it\/news\/andreas-lascia-amici-15\/","title":{"rendered":"'Amici 15': Andreas lascia il programma a causa di un infortunio"},"content":{"rendered":"<p><strong>Andreas<\/strong> Muller <strong>lascia<\/strong> \"<a href=\"http:\/\/www.gossip.it\/vip\/amici-15\/\">Amici 15<\/a>\" a causa di un grave infortunio subito nelle ultime ore. Il ballerino si vede cos\u00ec costretto a rinunciare al suo sogno a meno di tre settimane dall'inizio del serale. Un brutto colpo se si pensa che era riuscito a conquistarsi la maglia della squadra Blu con le unghie e con i denti.<\/p>\n<figure class=\"caption\"><img decoding=\"async\" alt=\"\" width=\"640\" height=\"326\" src=\"http:\/\/files.gossip.it\/immagini_news\/2016\/03\/1458134460_andreas_muller_lascia_amici.jpg\" \/><figcaption>Stefano De Martino mentre parla con Andreas, il ballerino deve lasciare 'Amici' a causa di un infortunio<\/figcaption><\/figure>\n<p>L'infortuno non permetterebbe ad <strong>Andreas<\/strong> di dare il massimo. Il ballerino<strong> lascia <\/strong>cos\u00ec il programma di <a href=\"http:\/\/www.gossip.it\/vip\/maria-de filippi\/\">Maria De Filippi<\/a>. Un peccato visto che ha lottato tanto per aggiudicarsi un posto nel serale di \"<strong>Amici 15<\/strong>\".<br \/>Sulla pagina\u00a0<a href=\"http:\/\/www.gossip.it\/vip\/-facebook\/\">Facebook<\/a> della trasmissione \u00e8 stato pubblicato il video in cui si vede <a href=\"http:\/\/www.gossip.it\/vip\/stefano-de martino\/\">Stefano De Martino<\/a> mentre d\u00e0 la notizia al ballerino: <em>\"Ora pi\u00f9 che mai \u00e8 il momento di dimostrare ad<strong> Andreas <\/strong>tutto il nostro sostegno e il nostro supporto e siamo convinti che riuscir\u00e0 a tornare pi\u00f9 forte di prima. Non per questo \u00e8 un guerriero! Forza guerriero! Noi siamo con te!\"<\/em>, si legge sul social.<\/p>\n<figure class=\"caption\"><img decoding=\"async\" alt=\"\" width=\"640\" height=\"419\" src=\"http:\/\/files.gossip.it\/immagini_news\/2016\/03\/1458134537_andreas_muller.jpg\" \/><figcaption>A poche settimane dall'inizio del serale, Andreas Muller deve rinunciare al suo sogno<\/figcaption><\/figure>\n<p>Alessio Padula della squadra dei Bianchi ha espresso tutto il suo rammarico per quanto accaduto ad <strong>Andreas<\/strong>, suo caro amico:<em> \"Fratello mio sono sconvolto<\/em> - ha scritto il ragazzo su\u00a0<a href=\"http:\/\/www.gossip.it\/vip\/-instagram\/\">Instagram<\/a> - <em>sto talmente male che gi\u00e0 sto pensando a come far\u00f2 a superare le giornate senza di te. Sei stato pi\u00f9 che un fratello per me, e ora l'unica cosa che far\u00f2 \u00e8 arrivare fino in fondo non solo per me, ma anche per te\"<\/em>.<br \/>I fan del ballerino sono sotto shock: \"<em>Che brutta notizia, ci sono rimasta malissimo<\/em> - ha commentato una ragazza su Facebook -<em> il programma ha perso un protagonista fondamentale e il serale sar\u00e0 sicuramente meno interessante senza di lui\"<\/em>.<br \/><strong>Andreas lascia<\/strong> \"<strong>Amici 15<\/strong>\" e il dispiacere \u00e8 tanto. L'infortunio \u00e8 avvenuto a poche settimane dal debutto in prima serata. Un destino difficile da mandare gi\u00f9.<\/p>\n","protected":false},"excerpt":{"rendered":"<p>Andreas Muller lascia \"Amici 15\" a causa di un grave infortunio subito nelle ultime ore. Il ballerino si vede cos\u00ec costretto a rinunciare al suo sogno a meno di tre settimane dall'inizio del serale. Un brutto colpo se si pensa che era riuscito a conquistarsi la maglia della squadra Blu con le unghie e con [&hellip;]<\/p>\n","protected":false},"author":1,"featured_media":110624,"comment_status":"closed","ping_status":"closed","sticky":false,"template":"","format":"standard","meta":{"footnotes":""},"categories":[54],"tags":[1909,9735,11196,2504,8596,2293,5940],"vip":[1237,1731],"class_list":["post-54578","post","type-post","status-publish","format-standard","has-post-thumbnail","hentry","category-news","tag-amici","tag-amici-15","tag-andreas-muller","tag-ballerino","tag-infortunio","tag-programma","tag-talent","vip-maria_de_filippi","vip-stefano_de_martino"],"yoast_head":"<title>&#039;Amici 15&#039;: Andreas lascia il programma a causa di un infortunio - Gossip.it | News sul Gossip e VIP<\/title>\n<meta name=\"description\" content=\"Andreas Muller lascia &quot;Amici 15&quot; a causa di un grave infortunio subito nelle ultime ore. Il ballerino si vede cos\u00ec costretto a rinunciare al suo sogno a\" \/>\n<meta name=\"robots\" content=\"index, follow, max-snippet:-1, max-image-preview:large, max-video-preview:-1\" \/>\n<link rel=\"canonical\" href=\"https:\/\/www.gossip.it\/news\/andreas-lascia-amici-15\/\" \/>\n<meta property=\"og:locale\" content=\"it_IT\" \/>\n<meta property=\"og:type\" content=\"article\" \/>\n<meta property=\"og:title\" content=\"&#039;Amici 15&#039;: Andreas lascia il programma a causa di un infortunio - Gossip.it | News sul Gossip e VIP\" \/>\n<meta property=\"og:description\" content=\"Andreas Muller lascia &quot;Amici 15&quot; a causa di un grave infortunio subito nelle ultime ore. Il ballerino si vede cos\u00ec costretto a rinunciare al suo sogno a\" \/>\n<meta property=\"og:url\" content=\"https:\/\/www.gossip.it\/news\/andreas-lascia-amici-15\/\" \/>\n<meta property=\"og:site_name\" content=\"Gossip.it | News sul Gossip e VIP\" \/>\n<meta property=\"article:publisher\" content=\"https:\/\/www.facebook.com\/GossipIT\" \/>\n<meta property=\"article:published_time\" content=\"2016-03-15T23:00:00+00:00\" \/>\n<meta property=\"og:image\" content=\"http:\/\/files.gossip.it\/immagini_news\/2016\/03\/1458134460_andreas_muller_lascia_amici.jpg\" \/>\n<meta name=\"author\" content=\"La Redazione\" \/>\n<meta name=\"twitter:card\" content=\"summary_large_image\" \/>\n<meta name=\"twitter:image\" content=\"http:\/\/files.gossip.it\/immagini_news\/2016\/03\/1458134460_andreas_muller_lascia_amici.jpg\" \/>\n<meta name=\"twitter:creator\" content=\"@gossinews_it\" \/>\n<meta name=\"twitter:site\" content=\"@gossinews_it\" \/>\n<meta name=\"twitter:label1\" content=\"Scritto da\" \/>\n\t<meta name=\"twitter:data1\" content=\"Francesca Romana Domenici\" \/>\n\t<meta name=\"twitter:label2\" content=\"Tempo di lettura stimato\" \/>\n\t<meta name=\"twitter:data2\" content=\"2 minuti\" \/>","yoast_head_json":{"title":"'Amici 15': Andreas lascia il programma a causa di un infortunio - Gossip.it | News sul Gossip e VIP","description":"Andreas Muller lascia \"Amici 15\" a causa di un grave infortunio subito nelle ultime ore. Il ballerino si vede cos\u00ec costretto a rinunciare al suo sogno a","robots":{"index":"index","follow":"follow","max-snippet":"max-snippet:-1","max-image-preview":"max-image-preview:large","max-video-preview":"max-video-preview:-1"},"canonical":"https:\/\/www.gossip.it\/news\/andreas-lascia-amici-15\/","og_locale":"it_IT","og_type":"article","og_title":"'Amici 15': Andreas lascia il programma a causa di un infortunio - Gossip.it | News sul Gossip e VIP","og_description":"Andreas Muller lascia \"Amici 15\" a causa di un grave infortunio subito nelle ultime ore. Il ballerino si vede cos\u00ec costretto a rinunciare al suo sogno a","og_url":"https:\/\/www.gossip.it\/news\/andreas-lascia-amici-15\/","og_site_name":"Gossip.it | News sul Gossip e VIP","article_publisher":"https:\/\/www.facebook.com\/GossipIT","article_published_time":"2016-03-15T23:00:00+00:00","og_image":[{"url":"http:\/\/files.gossip.it\/immagini_news\/2016\/03\/1458134460_andreas_muller_lascia_amici.jpg"}],"author":"La Redazione","twitter_card":"summary_large_image","twitter_image":"http:\/\/files.gossip.it\/immagini_news\/2016\/03\/1458134460_andreas_muller_lascia_amici.jpg","twitter_creator":"@gossinews_it","twitter_site":"@gossinews_it","twitter_misc":{"Scritto da":"Francesca Romana Domenici","Tempo di lettura stimato":"2 minuti"},"schema":{"@context":"https:\/\/schema.org","@graph":[{"@type":"Article","@id":"https:\/\/www.gossip.it\/news\/andreas-lascia-amici-15\/#article","isPartOf":{"@id":"https:\/\/www.gossip.it\/news\/andreas-lascia-amici-15\/"},"author":{"name":"La Redazione","@id":"https:\/\/www.gossip.it\/#\/schema\/person\/488896f75158bff1cc83c6c39d141110"},"headline":"'Amici 15': Andreas lascia il programma a causa di un infortunio","datePublished":"2016-03-15T23:00:00+00:00","dateModified":"2016-03-15T23:00:00+00:00","mainEntityOfPage":{"@id":"https:\/\/www.gossip.it\/news\/andreas-lascia-amici-15\/"},"wordCount":338,"publisher":{"@id":"https:\/\/www.gossip.it\/#organization"},"image":{"@id":"https:\/\/www.gossip.it\/news\/andreas-lascia-amici-15\/#primaryimage"},"thumbnailUrl":"http:\/\/files.gossip.it\/immagini_news\/2016\/03\/1458134460_andreas_muller_lascia_amici.jpg","keywords":["amici","amici 15","andreas muller","ballerino","infortunio","programma","talent+"],"articleSection":["News"],"inLanguage":"it-IT"},{"@type":"WebPage","@id":"https:\/\/www.gossip.it\/news\/andreas-lascia-amici-15\/","url":"https:\/\/www.gossip.it\/news\/andreas-lascia-amici-15\/","name":"'Amici 15': Andreas lascia il programma a causa di un infortunio - Gossip.it | News sul Gossip e VIP","isPartOf":{"@id":"https:\/\/www.gossip.it\/#website"},"primaryImageOfPage":{"@id":"https:\/\/www.gossip.it\/news\/andreas-lascia-amici-15\/#primaryimage"},"image":{"@id":"https:\/\/www.gossip.it\/news\/andreas-lascia-amici-15\/#primaryimage"},"thumbnailUrl":"http:\/\/files.gossip.it\/immagini_news\/2016\/03\/1458134460_andreas_muller_lascia_amici.jpg","datePublished":"2016-03-15T23:00:00+00:00","dateModified":"2016-03-15T23:00:00+00:00","description":"Andreas Muller lascia \"Amici 15\" a causa di un grave infortunio subito nelle ultime ore. Il ballerino si vede cos\u00ec costretto a rinunciare al suo sogno a","breadcrumb":{"@id":"https:\/\/www.gossip.it\/news\/andreas-lascia-amici-15\/#breadcrumb"},"inLanguage":"it-IT","potentialAction":[{"@type":"ReadAction","target":["https:\/\/www.gossip.it\/news\/andreas-lascia-amici-15\/"]}]},{"@type":"ImageObject","inLanguage":"it-IT","@id":"https:\/\/www.gossip.it\/news\/andreas-lascia-amici-15\/#primaryimage","url":"http:\/\/files.gossip.it\/immagini_news\/2016\/03\/1458134460_andreas_muller_lascia_amici.jpg","contentUrl":"http:\/\/files.gossip.it\/immagini_news\/2016\/03\/1458134460_andreas_muller_lascia_amici.jpg"},{"@type":"BreadcrumbList","@id":"https:\/\/www.gossip.it\/news\/andreas-lascia-amici-15\/#breadcrumb","itemListElement":[{"@type":"ListItem","position":1,"name":"Home","item":"https:\/\/www.gossip.it\/"},{"@type":"ListItem","position":2,"name":"'Amici 15': Andreas lascia il programma a causa di un infortunio"}]},{"@type":"WebSite","@id":"https:\/\/www.gossip.it\/#website","url":"https:\/\/www.gossip.it\/","name":"Gossip and VIP News","description":"Quotidiano di cronaca rosa, costume e societ\u00e0","publisher":{"@id":"https:\/\/www.gossip.it\/#organization"},"alternateName":"Gossip and VIP News","potentialAction":[{"@type":"SearchAction","target":{"@type":"EntryPoint","urlTemplate":"https:\/\/www.gossip.it\/?s={search_term_string}"},"query-input":{"@type":"PropertyValueSpecification","valueRequired":true,"valueName":"search_term_string"}}],"inLanguage":"it-IT"},{"@type":"Organization","@id":"https:\/\/www.gossip.it\/#organization","name":"Gossip and VIP News","alternateName":"Gossip News","url":"https:\/\/www.gossip.it\/","logo":{"@type":"ImageObject","inLanguage":"it-IT","@id":"https:\/\/www.gossip.it\/#\/schema\/logo\/image\/","url":"https:\/\/www.gossip.it\/wp-content\/uploads\/2022\/04\/cropped-corna-alta-tiny.png","contentUrl":"https:\/\/www.gossip.it\/wp-content\/uploads\/2022\/04\/cropped-corna-alta-tiny.png","width":512,"height":512,"caption":"Gossip and VIP News"},"image":{"@id":"https:\/\/www.gossip.it\/#\/schema\/logo\/image\/"},"sameAs":["https:\/\/www.facebook.com\/GossipIT","https:\/\/x.com\/gossinews_it","https:\/\/instagram.com\/gossip_it"]},{"@type":"Person","@id":"https:\/\/www.gossip.it\/#\/schema\/person\/488896f75158bff1cc83c6c39d141110","name":"La Redazione","image":{"@type":"ImageObject","inLanguage":"it-IT","@id":"https:\/\/www.gossip.it\/#\/schema\/person\/image\/","url":"https:\/\/secure.gravatar.com\/avatar\/5a5f5c6fa3e6700e4249abdad0263a1e94e927d9e0499b1cb09c1cd29c044d80?s=96&d=mm&r=g","contentUrl":"https:\/\/secure.gravatar.com\/avatar\/5a5f5c6fa3e6700e4249abdad0263a1e94e927d9e0499b1cb09c1cd29c044d80?s=96&d=mm&r=g","caption":"La Redazione"},"sameAs":["https:\/\/www.gossip.it"]}]}},"amp_enabled":true,"_links":{"self":[{"href":"https:\/\/www.gossip.it\/api\/wp\/v2\/posts\/54578","targetHints":{"allow":["GET"]}}],"collection":[{"href":"https:\/\/www.gossip.it\/api\/wp\/v2\/posts"}],"about":[{"href":"https:\/\/www.gossip.it\/api\/wp\/v2\/types\/post"}],"author":[{"embeddable":true,"href":"https:\/\/www.gossip.it\/api\/wp\/v2\/users\/1"}],"replies":[{"embeddable":true,"href":"https:\/\/www.gossip.it\/api\/wp\/v2\/comments?post=54578"}],"version-history":[{"count":0,"href":"https:\/\/www.gossip.it\/api\/wp\/v2\/posts\/54578\/revisions"}],"wp:featuredmedia":[{"embeddable":true,"href":"https:\/\/www.gossip.it\/api\/wp\/v2\/media\/110624"}],"wp:attachment":[{"href":"https:\/\/www.gossip.it\/api\/wp\/v2\/media?parent=54578"}],"wp:term":[{"taxonomy":"category","embeddable":true,"href":"https:\/\/www.gossip.it\/api\/wp\/v2\/categories?post=54578"},{"taxonomy":"post_tag","embeddable":true,"href":"https:\/\/www.gossip.it\/api\/wp\/v2\/tags?post=54578"},{"taxonomy":"vip","embeddable":true,"href":"https:\/\/www.gossip.it\/api\/wp\/v2\/vip?post=54578"}],"curies":[{"name":"wp","href":"https:\/\/api.w.org\/{rel}","templated":true}]}}