{"id":54582,"date":"2016-03-16T00:00:00","date_gmt":"2016-03-15T23:00:00","guid":{"rendered":"https:\/\/www.gossip.it\/senza-categoria\/belen-rodriguez-torna-maldive-pannocchia\/"},"modified":"2016-03-16T00:00:00","modified_gmt":"2016-03-15T23:00:00","slug":"belen-rodriguez-torna-maldive-pannocchia","status":"publish","type":"post","link":"https:\/\/www.gossip.it\/news\/belen-rodriguez-torna-maldive-pannocchia\/","title":{"rendered":"Belen Rodriguez sull'aereo: torna dalle Maldive color 'pannocchia'"},"content":{"rendered":"<p><a href=\"http:\/\/www.gossip.it\/vip\/belen-rodriguez\/\">Belen Rodriguez<\/a> <strong>torna<\/strong> dalle <strong>Maldive<\/strong>: sar\u00e0 gi\u00e0 in volo diretta a Milano dovre riabbraccer\u00e0 il figlioletto <a href=\"http:\/\/www.gossip.it\/vip\/santiago\/\">Santiago<\/a>, 3 anni il prossimo 9 aprile, lasciato nelle dolcissime mani del pap\u00e0, l'ex <a href=\"http:\/\/www.gossip.it\/vip\/stefano-de martino\/\">Stefano De Martino<\/a>, e dei nonni materni, i genitori dell'argentina <a href=\"http:\/\/www.gossip.it\/vip\/veronica-cozzani\/\">Veronica Cozzani<\/a> e <a href=\"http:\/\/www.gossip.it\/vip\/gustavo-rodriguez\/\">Gustavo Rodriguez<\/a>.<br \/>La <a href=\"http:\/\/www.gossip.it\/vip\/showgirl\/\">showgirl<\/a> 31enne sull'atollo con l'amica e assistente personale <a href=\"http:\/\/www.gossip.it\/vip\/antonia-achille\/\">Antonia Achille<\/a> si \u00e8 molto rilassata e pure divertita. Un unico neo, dopo la vacanza al caldo: il sole le ha fatto divetare la chioma color '<strong>pannocchia<\/strong>', come ha rivelato lei stessa.<\/p>\n<figure class=\"caption\"><img decoding=\"async\" alt=\"\" width=\"640\" height=\"663\" src=\"http:\/\/files.gossip.it\/immagini_news\/2016\/03\/1458140779_belen_capelli_pannocchia.jpg\" \/><figcaption>Belen Rodriguez torna dalle Maldive con i capelli color 'pannocchia'<\/figcaption><\/figure>\n<p><strong>Belen Rodriguez torna<\/strong> dalle <strong>Maldive<\/strong>, sull'aereo, per\u00f2, prima di partire, si \u00e8 scattata un selfie in cui ha mostrato i capelli color '<strong>pannocchia<\/strong>', molto schiariti dai raggi solari. Nell'autoscatto pare quasi bionda.<em> \"<strong>Pannocchia<\/strong> time, mi sa che corro dal parrucchiere!!!!!\"<\/em>, ha scritto.<br \/><strong>Torna<\/strong> in Italia. Alle <strong>Maldive<\/strong> \u00e8 come se avesse messo tutto in stand by: non solo la vita professionale, ma pure quella sentimentale. Per il momento non ci sono principi azzurri all'orizzonte. I romantici speravano che la 31enne si riappacificasse con il ballerino napoletano 26enne sposato solo \u00a0due anni e mezzo fa, cos\u00ec ancora non \u00e8 stato e ormai molti la ritengono un ipotesi irreale.<\/p>\n<figure class=\"caption\"><img decoding=\"async\" alt=\"\" width=\"640\" height=\"775\" src=\"http:\/\/files.gossip.it\/immagini_news\/2016\/03\/1458140794_belen_ultimo_bikinoi.jpg\" \/><figcaption>L'argentina in bikini mostra il fondoschiena<\/figcaption><\/figure>\n<p>Mai dire mai. Gli <em>'irriducibili'<\/em> non si arrendono. Intanto sul profilo <a href=\"http:\/\/www.gossip.it\/vip\/social\/\">social<\/a> ammirano <strong>Belen Rodriguez<\/strong> negli ultimi scatti realizzati sull'atollo, in cui fa vedere le sue curve e il pop\u00f2. I bikini <em>Me Fui<\/em>, quelli che crea lei stessa insieme alla sorella <a href=\"http:\/\/www.gossip.it\/vip\/cecilia-rodriguez\/\">Cecilia Rodriguez<\/a>, le calzano a pennello addosso e, nonostante ci siano persone che continuano a criticarla, valorizzano il suo fisico che innegabilmente sfiora la perfezione. Molti l'accusano perch\u00e9 in passato si \u00e8 fatta aiutare dal bisturi, per esempio per ingrandire il seno. Non l'ha mai negato, ma la chirurgia non fa miracoli. <a href=\"http:\/\/www.gossip.it\/vip\/belen\/\">Belen<\/a> \u00e8 Belen perch\u00e9 Mamma Natura le ha dato una grande mano.<\/p>\n<figure class=\"caption\"><img decoding=\"async\" alt=\"\" width=\"640\" height=\"775\" src=\"http:\/\/files.gossip.it\/immagini_news\/2016\/03\/1458140811_belen_sole_maldivr.jpg\" \/><figcaption>La 31enne con il bikini Me Fui a mollo sotto il sole<\/figcaption><\/figure>\n<p>\u00a0<\/p>\n","protected":false},"excerpt":{"rendered":"<p>Belen Rodriguez torna dalle Maldive: sar\u00e0 gi\u00e0 in volo diretta a Milano dovre riabbraccer\u00e0 il figlioletto Santiago, 3 anni il prossimo 9 aprile, lasciato nelle dolcissime mani del pap\u00e0, l'ex Stefano De Martino, e dei nonni materni, i genitori dell'argentina Veronica Cozzani e Gustavo Rodriguez.La showgirl 31enne sull'atollo con l'amica e assistente personale Antonia Achille [&hellip;]<\/p>\n","protected":false},"author":1,"featured_media":110628,"comment_status":"closed","ping_status":"closed","sticky":false,"template":"","format":"standard","meta":{"footnotes":""},"categories":[54],"tags":[10067,11514,2299,2121,9215,54243,7659,1967,1923,2279,1899],"vip":[396,1731],"class_list":["post-54582","post","type-post","status-publish","format-standard","has-post-thumbnail","hentry","category-news","tag-antonia-achille","tag-atollo","tag-belen","tag-instagram","tag-maldive","tag-pannocchia","tag-santiago","tag-showgirl","tag-social","tag-torna","tag-vacanza","vip-belen_rodriguez","vip-stefano_de_martino"],"yoast_head":"<title>Belen Rodriguez sull&#039;aereo: torna dalle Maldive color &#039;pannocchia&#039; - Gossip.it | News sul Gossip e VIP<\/title>\n<meta name=\"description\" content=\"Belen Rodriguez torna dalle Maldive: sar\u00e0 gi\u00e0 in volo diretta a Milano dovre riabbraccer\u00e0 il figlioletto Santiago, 3 anni il prossimo 9 aprile, lasciato\" \/>\n<meta name=\"robots\" content=\"index, follow, max-snippet:-1, max-image-preview:large, max-video-preview:-1\" \/>\n<link rel=\"canonical\" href=\"https:\/\/www.gossip.it\/news\/belen-rodriguez-torna-maldive-pannocchia\/\" \/>\n<meta property=\"og:locale\" content=\"it_IT\" \/>\n<meta property=\"og:type\" content=\"article\" \/>\n<meta property=\"og:title\" content=\"Belen Rodriguez sull&#039;aereo: torna dalle Maldive color &#039;pannocchia&#039; - Gossip.it | News sul Gossip e VIP\" \/>\n<meta property=\"og:description\" content=\"Belen Rodriguez torna dalle Maldive: sar\u00e0 gi\u00e0 in volo diretta a Milano dovre riabbraccer\u00e0 il figlioletto Santiago, 3 anni il prossimo 9 aprile, lasciato\" \/>\n<meta property=\"og:url\" content=\"https:\/\/www.gossip.it\/news\/belen-rodriguez-torna-maldive-pannocchia\/\" \/>\n<meta property=\"og:site_name\" content=\"Gossip.it | News sul Gossip e VIP\" \/>\n<meta property=\"article:publisher\" content=\"https:\/\/www.facebook.com\/GossipIT\" \/>\n<meta property=\"article:published_time\" content=\"2016-03-15T23:00:00+00:00\" \/>\n<meta property=\"og:image\" content=\"http:\/\/files.gossip.it\/immagini_news\/2016\/03\/1458140779_belen_capelli_pannocchia.jpg\" \/>\n<meta name=\"author\" content=\"La Redazione\" \/>\n<meta name=\"twitter:card\" content=\"summary_large_image\" \/>\n<meta name=\"twitter:image\" content=\"http:\/\/files.gossip.it\/immagini_news\/2016\/03\/1458140779_belen_capelli_pannocchia.jpg\" \/>\n<meta name=\"twitter:creator\" content=\"@gossinews_it\" \/>\n<meta name=\"twitter:site\" content=\"@gossinews_it\" \/>\n<meta name=\"twitter:label1\" content=\"Scritto da\" \/>\n\t<meta name=\"twitter:data1\" content=\"Annamaria Capozzi\" \/>\n\t<meta name=\"twitter:label2\" content=\"Tempo di lettura stimato\" \/>\n\t<meta name=\"twitter:data2\" content=\"2 minuti\" \/>","yoast_head_json":{"title":"Belen Rodriguez sull'aereo: torna dalle Maldive color 'pannocchia' - Gossip.it | News sul Gossip e VIP","description":"Belen Rodriguez torna dalle Maldive: sar\u00e0 gi\u00e0 in volo diretta a Milano dovre riabbraccer\u00e0 il figlioletto Santiago, 3 anni il prossimo 9 aprile, lasciato","robots":{"index":"index","follow":"follow","max-snippet":"max-snippet:-1","max-image-preview":"max-image-preview:large","max-video-preview":"max-video-preview:-1"},"canonical":"https:\/\/www.gossip.it\/news\/belen-rodriguez-torna-maldive-pannocchia\/","og_locale":"it_IT","og_type":"article","og_title":"Belen Rodriguez sull'aereo: torna dalle Maldive color 'pannocchia' - Gossip.it | News sul Gossip e VIP","og_description":"Belen Rodriguez torna dalle Maldive: sar\u00e0 gi\u00e0 in volo diretta a Milano dovre riabbraccer\u00e0 il figlioletto Santiago, 3 anni il prossimo 9 aprile, lasciato","og_url":"https:\/\/www.gossip.it\/news\/belen-rodriguez-torna-maldive-pannocchia\/","og_site_name":"Gossip.it | News sul Gossip e VIP","article_publisher":"https:\/\/www.facebook.com\/GossipIT","article_published_time":"2016-03-15T23:00:00+00:00","og_image":[{"url":"http:\/\/files.gossip.it\/immagini_news\/2016\/03\/1458140779_belen_capelli_pannocchia.jpg"}],"author":"La Redazione","twitter_card":"summary_large_image","twitter_image":"http:\/\/files.gossip.it\/immagini_news\/2016\/03\/1458140779_belen_capelli_pannocchia.jpg","twitter_creator":"@gossinews_it","twitter_site":"@gossinews_it","twitter_misc":{"Scritto da":"Annamaria Capozzi","Tempo di lettura stimato":"2 minuti"},"schema":{"@context":"https:\/\/schema.org","@graph":[{"@type":"Article","@id":"https:\/\/www.gossip.it\/news\/belen-rodriguez-torna-maldive-pannocchia\/#article","isPartOf":{"@id":"https:\/\/www.gossip.it\/news\/belen-rodriguez-torna-maldive-pannocchia\/"},"author":{"name":"La Redazione","@id":"https:\/\/www.gossip.it\/#\/schema\/person\/488896f75158bff1cc83c6c39d141110"},"headline":"Belen Rodriguez sull'aereo: torna dalle Maldive color 'pannocchia'","datePublished":"2016-03-15T23:00:00+00:00","dateModified":"2016-03-15T23:00:00+00:00","mainEntityOfPage":{"@id":"https:\/\/www.gossip.it\/news\/belen-rodriguez-torna-maldive-pannocchia\/"},"wordCount":339,"publisher":{"@id":"https:\/\/www.gossip.it\/#organization"},"image":{"@id":"https:\/\/www.gossip.it\/news\/belen-rodriguez-torna-maldive-pannocchia\/#primaryimage"},"thumbnailUrl":"http:\/\/files.gossip.it\/immagini_news\/2016\/03\/1458140779_belen_capelli_pannocchia.jpg","keywords":["antonia achille","atollo","belen","instagram","maldive","pannocchia","santiago","showgirl","social","torna","vacanza"],"articleSection":["News"],"inLanguage":"it-IT"},{"@type":"WebPage","@id":"https:\/\/www.gossip.it\/news\/belen-rodriguez-torna-maldive-pannocchia\/","url":"https:\/\/www.gossip.it\/news\/belen-rodriguez-torna-maldive-pannocchia\/","name":"Belen Rodriguez sull'aereo: torna dalle Maldive color 'pannocchia' - Gossip.it | News sul Gossip e VIP","isPartOf":{"@id":"https:\/\/www.gossip.it\/#website"},"primaryImageOfPage":{"@id":"https:\/\/www.gossip.it\/news\/belen-rodriguez-torna-maldive-pannocchia\/#primaryimage"},"image":{"@id":"https:\/\/www.gossip.it\/news\/belen-rodriguez-torna-maldive-pannocchia\/#primaryimage"},"thumbnailUrl":"http:\/\/files.gossip.it\/immagini_news\/2016\/03\/1458140779_belen_capelli_pannocchia.jpg","datePublished":"2016-03-15T23:00:00+00:00","dateModified":"2016-03-15T23:00:00+00:00","description":"Belen Rodriguez torna dalle Maldive: sar\u00e0 gi\u00e0 in volo diretta a Milano dovre riabbraccer\u00e0 il figlioletto Santiago, 3 anni il prossimo 9 aprile, lasciato","breadcrumb":{"@id":"https:\/\/www.gossip.it\/news\/belen-rodriguez-torna-maldive-pannocchia\/#breadcrumb"},"inLanguage":"it-IT","potentialAction":[{"@type":"ReadAction","target":["https:\/\/www.gossip.it\/news\/belen-rodriguez-torna-maldive-pannocchia\/"]}]},{"@type":"ImageObject","inLanguage":"it-IT","@id":"https:\/\/www.gossip.it\/news\/belen-rodriguez-torna-maldive-pannocchia\/#primaryimage","url":"http:\/\/files.gossip.it\/immagini_news\/2016\/03\/1458140779_belen_capelli_pannocchia.jpg","contentUrl":"http:\/\/files.gossip.it\/immagini_news\/2016\/03\/1458140779_belen_capelli_pannocchia.jpg"},{"@type":"BreadcrumbList","@id":"https:\/\/www.gossip.it\/news\/belen-rodriguez-torna-maldive-pannocchia\/#breadcrumb","itemListElement":[{"@type":"ListItem","position":1,"name":"Home","item":"https:\/\/www.gossip.it\/"},{"@type":"ListItem","position":2,"name":"Belen Rodriguez sull'aereo: torna dalle Maldive color 'pannocchia'"}]},{"@type":"WebSite","@id":"https:\/\/www.gossip.it\/#website","url":"https:\/\/www.gossip.it\/","name":"Gossip and VIP News","description":"Quotidiano di cronaca rosa, costume e societ\u00e0","publisher":{"@id":"https:\/\/www.gossip.it\/#organization"},"alternateName":"Gossip and VIP News","potentialAction":[{"@type":"SearchAction","target":{"@type":"EntryPoint","urlTemplate":"https:\/\/www.gossip.it\/?s={search_term_string}"},"query-input":{"@type":"PropertyValueSpecification","valueRequired":true,"valueName":"search_term_string"}}],"inLanguage":"it-IT"},{"@type":"Organization","@id":"https:\/\/www.gossip.it\/#organization","name":"Gossip and VIP News","alternateName":"Gossip News","url":"https:\/\/www.gossip.it\/","logo":{"@type":"ImageObject","inLanguage":"it-IT","@id":"https:\/\/www.gossip.it\/#\/schema\/logo\/image\/","url":"https:\/\/www.gossip.it\/wp-content\/uploads\/2022\/04\/cropped-corna-alta-tiny.png","contentUrl":"https:\/\/www.gossip.it\/wp-content\/uploads\/2022\/04\/cropped-corna-alta-tiny.png","width":512,"height":512,"caption":"Gossip and VIP News"},"image":{"@id":"https:\/\/www.gossip.it\/#\/schema\/logo\/image\/"},"sameAs":["https:\/\/www.facebook.com\/GossipIT","https:\/\/x.com\/gossinews_it","https:\/\/instagram.com\/gossip_it"]},{"@type":"Person","@id":"https:\/\/www.gossip.it\/#\/schema\/person\/488896f75158bff1cc83c6c39d141110","name":"La Redazione","image":{"@type":"ImageObject","inLanguage":"it-IT","@id":"https:\/\/www.gossip.it\/#\/schema\/person\/image\/","url":"https:\/\/secure.gravatar.com\/avatar\/5a5f5c6fa3e6700e4249abdad0263a1e94e927d9e0499b1cb09c1cd29c044d80?s=96&d=mm&r=g","contentUrl":"https:\/\/secure.gravatar.com\/avatar\/5a5f5c6fa3e6700e4249abdad0263a1e94e927d9e0499b1cb09c1cd29c044d80?s=96&d=mm&r=g","caption":"La Redazione"},"sameAs":["https:\/\/www.gossip.it"]}]}},"amp_enabled":true,"_links":{"self":[{"href":"https:\/\/www.gossip.it\/api\/wp\/v2\/posts\/54582","targetHints":{"allow":["GET"]}}],"collection":[{"href":"https:\/\/www.gossip.it\/api\/wp\/v2\/posts"}],"about":[{"href":"https:\/\/www.gossip.it\/api\/wp\/v2\/types\/post"}],"author":[{"embeddable":true,"href":"https:\/\/www.gossip.it\/api\/wp\/v2\/users\/1"}],"replies":[{"embeddable":true,"href":"https:\/\/www.gossip.it\/api\/wp\/v2\/comments?post=54582"}],"version-history":[{"count":0,"href":"https:\/\/www.gossip.it\/api\/wp\/v2\/posts\/54582\/revisions"}],"wp:featuredmedia":[{"embeddable":true,"href":"https:\/\/www.gossip.it\/api\/wp\/v2\/media\/110628"}],"wp:attachment":[{"href":"https:\/\/www.gossip.it\/api\/wp\/v2\/media?parent=54582"}],"wp:term":[{"taxonomy":"category","embeddable":true,"href":"https:\/\/www.gossip.it\/api\/wp\/v2\/categories?post=54582"},{"taxonomy":"post_tag","embeddable":true,"href":"https:\/\/www.gossip.it\/api\/wp\/v2\/tags?post=54582"},{"taxonomy":"vip","embeddable":true,"href":"https:\/\/www.gossip.it\/api\/wp\/v2\/vip?post=54582"}],"curies":[{"name":"wp","href":"https:\/\/api.w.org\/{rel}","templated":true}]}}