{"id":54709,"date":"2016-03-30T00:00:00","date_gmt":"2016-03-29T22:00:00","guid":{"rendered":"https:\/\/www.gossip.it\/senza-categoria\/gabriele-muccino-scusa-carla-vangelista\/"},"modified":"2016-03-30T00:00:00","modified_gmt":"2016-03-29T22:00:00","slug":"gabriele-muccino-scusa-carla-vangelista","status":"publish","type":"post","link":"https:\/\/www.gossip.it\/news\/gabriele-muccino-scusa-carla-vangelista\/","title":{"rendered":"Gabriele Muccino chiede scusa a Carla Vangelista"},"content":{"rendered":"<p><a href=\"http:\/\/www.gossip.it\/vip\/gabriele-muccino\/\">Gabriele Muccino<\/a> chiede <strong>scusa<\/strong> a <a href=\"http:\/\/www.gossip.it\/vip\/carla-vangelista\/\">Carla Vangelista<\/a>, scrittrice collaboratrice di <a href=\"http:\/\/www.gossip.it\/vip\/silvio-muccino\/\">Silvio Muccino<\/a>. Il famoso regista con una serie di esternazioni via <a href=\"http:\/\/www.gossip.it\/vip\/social\/\">social<\/a> l'aveva accusata di aver causato l'allontamento del fratello. Le sue parole erano state durissime e inequivocabili, per questa ragione era stato citato in giudizio dalla stessa <strong>Carla Vangelista<\/strong> per diffamazione.<\/p>\n<figure class=\"caption\"><img decoding=\"async\" alt=\"\" width=\"640\" height=\"488\" src=\"http:\/\/files.gossip.it\/immagini_news\/2016\/03\/1459332943_gabriele_muccino_scuse_vangelista.jpg\" \/><figcaption>Gabriele Muccino chiede pubblicamente scusa a Carla Vangelista<\/figcaption><\/figure>\n<p>Chiede <strong>scusa Gabriele Muccino<\/strong>, lo fa ufficialmente, una rettifica opportuna, forse consigliata dal suo legale.<br \/><em>\"Con questa lettera che intende essere pubblica, poich\u00e9 deve rispondere a dichiarazioni che via social network ho scritto e che, quindi, sono diventate di pubblico dominio, voglio chiedere <strong>scusa<\/strong> pubblicamente alla Signora <strong>Carla Vangelista<\/strong>, a fronte di improprie esternazioni delle mie opinioni, nelle quali le attribuivo la responsabilit\u00e0 dell'allontanamento di Silvio da me e dalla mia famiglia. Esternazioni che hanno plausibilmente intaccato la credibilit\u00e0 e la rispettabilit\u00e0 della signora Vangelista, che del resto conosco appena. Ho avuto un fratello sparito da un giorno all'altro dalla mia vita ed \u00e8 naturale che abbia distribuito responsabilit\u00e0 ad una persona che sapevo essergli vicina. La responsabilit\u00e0 di questa sofferenza \u00e8 da cercare altrove. Mi scuso ancora per l'impulsivit\u00e0 che i nuovi social media agevolano molto e soprattutto per inesattezze, insinuazioni e altro di cui sono stato responsabile. Nella viva speranza che le mie scuse verranno accolte, invio un caro saluto\"<\/em>, scrive <strong>Gabriele Muccino<\/strong>.<\/p>\n<figure class=\"caption\"><img decoding=\"async\" alt=\"\" width=\"640\" height=\"427\" src=\"http:\/\/files.gossip.it\/immagini_news\/2016\/03\/1459332983_carla_vangelista_silvio_muccino.jpg\" \/><figcaption>Carla Vangelista e Silvio Muccino<\/figcaption><\/figure>\n<p>La querelle tra il regista e Silvio Muccino va avanti da tempo. Nel 2013 Gabriele, indicando <strong>Carla Vangelista<\/strong> come colpevole dell'allontanamento del fratello, aveva detto che il ragazzo era stato<em> 'plasmato e reso irriconoscibile' <\/em>da lei. Muccino junior aveva rimandato le accuse al mittente e parlato di<em> 'gravi episodi vissuti nell'infanzia'<\/em>. Ora che la vicenda \u00e8 approdata in tribunale, arrivano, per\u00f2, le scuse. E chiss\u00e0 se sui fatti caler\u00e0 il sipario o meno.<\/p>\n<p>\u00a0<\/p>\n","protected":false},"excerpt":{"rendered":"<p>Gabriele Muccino chiede scusa a Carla Vangelista, scrittrice collaboratrice di Silvio Muccino. Il famoso regista con una serie di esternazioni via social l'aveva accusata di aver causato l'allontamento del fratello. Le sue parole erano state durissime e inequivocabili, per questa ragione era stato citato in giudizio dalla stessa Carla Vangelista per diffamazione. Gabriele Muccino chiede [&hellip;]<\/p>\n","protected":false},"author":1,"featured_media":110755,"comment_status":"closed","ping_status":"closed","sticky":false,"template":"","format":"standard","meta":{"footnotes":""},"categories":[54],"tags":[2137,26322,2102,2832,20772,7948,1923],"vip":[815,1690],"class_list":["post-54709","post","type-post","status-publish","format-standard","has-post-thumbnail","hentry","category-news","tag-attore","tag-carla-vangelista","tag-dichiarazioni","tag-regista","tag-sceneggiatrice","tag-scusa","tag-social","vip-gabriele_muccino","vip-silvio_muccino"],"yoast_head":"<title>Gabriele Muccino chiede scusa a Carla Vangelista - Gossip.it | News sul Gossip e VIP<\/title>\n<meta name=\"description\" content=\"Gabriele Muccino chiede scusa a Carla Vangelista, scrittrice collaboratrice di Silvio Muccino. Il famoso regista con una serie di esternazioni via social\" \/>\n<meta name=\"robots\" content=\"index, follow, max-snippet:-1, max-image-preview:large, max-video-preview:-1\" \/>\n<link rel=\"canonical\" href=\"https:\/\/www.gossip.it\/news\/gabriele-muccino-scusa-carla-vangelista\/\" \/>\n<meta property=\"og:locale\" content=\"it_IT\" \/>\n<meta property=\"og:type\" content=\"article\" \/>\n<meta property=\"og:title\" content=\"Gabriele Muccino chiede scusa a Carla Vangelista - Gossip.it | News sul Gossip e VIP\" \/>\n<meta property=\"og:description\" content=\"Gabriele Muccino chiede scusa a Carla Vangelista, scrittrice collaboratrice di Silvio Muccino. Il famoso regista con una serie di esternazioni via social\" \/>\n<meta property=\"og:url\" content=\"https:\/\/www.gossip.it\/news\/gabriele-muccino-scusa-carla-vangelista\/\" \/>\n<meta property=\"og:site_name\" content=\"Gossip.it | News sul Gossip e VIP\" \/>\n<meta property=\"article:publisher\" content=\"https:\/\/www.facebook.com\/GossipIT\" \/>\n<meta property=\"article:published_time\" content=\"2016-03-29T22:00:00+00:00\" \/>\n<meta property=\"og:image\" content=\"http:\/\/files.gossip.it\/immagini_news\/2016\/03\/1459332943_gabriele_muccino_scuse_vangelista.jpg\" \/>\n<meta name=\"author\" content=\"La Redazione\" \/>\n<meta name=\"twitter:card\" content=\"summary_large_image\" \/>\n<meta name=\"twitter:image\" content=\"http:\/\/files.gossip.it\/immagini_news\/2016\/03\/1459332943_gabriele_muccino_scuse_vangelista.jpg\" \/>\n<meta name=\"twitter:creator\" content=\"@gossinews_it\" \/>\n<meta name=\"twitter:site\" content=\"@gossinews_it\" \/>\n<meta name=\"twitter:label1\" content=\"Scritto da\" \/>\n\t<meta name=\"twitter:data1\" content=\"Annamaria Capozzi\" \/>\n\t<meta name=\"twitter:label2\" content=\"Tempo di lettura stimato\" \/>\n\t<meta name=\"twitter:data2\" content=\"1 minuto\" \/>","yoast_head_json":{"title":"Gabriele Muccino chiede scusa a Carla Vangelista - Gossip.it | News sul Gossip e VIP","description":"Gabriele Muccino chiede scusa a Carla Vangelista, scrittrice collaboratrice di Silvio Muccino. Il famoso regista con una serie di esternazioni via social","robots":{"index":"index","follow":"follow","max-snippet":"max-snippet:-1","max-image-preview":"max-image-preview:large","max-video-preview":"max-video-preview:-1"},"canonical":"https:\/\/www.gossip.it\/news\/gabriele-muccino-scusa-carla-vangelista\/","og_locale":"it_IT","og_type":"article","og_title":"Gabriele Muccino chiede scusa a Carla Vangelista - Gossip.it | News sul Gossip e VIP","og_description":"Gabriele Muccino chiede scusa a Carla Vangelista, scrittrice collaboratrice di Silvio Muccino. Il famoso regista con una serie di esternazioni via social","og_url":"https:\/\/www.gossip.it\/news\/gabriele-muccino-scusa-carla-vangelista\/","og_site_name":"Gossip.it | News sul Gossip e VIP","article_publisher":"https:\/\/www.facebook.com\/GossipIT","article_published_time":"2016-03-29T22:00:00+00:00","og_image":[{"url":"http:\/\/files.gossip.it\/immagini_news\/2016\/03\/1459332943_gabriele_muccino_scuse_vangelista.jpg"}],"author":"La Redazione","twitter_card":"summary_large_image","twitter_image":"http:\/\/files.gossip.it\/immagini_news\/2016\/03\/1459332943_gabriele_muccino_scuse_vangelista.jpg","twitter_creator":"@gossinews_it","twitter_site":"@gossinews_it","twitter_misc":{"Scritto da":"Annamaria Capozzi","Tempo di lettura stimato":"1 minuto"},"schema":{"@context":"https:\/\/schema.org","@graph":[{"@type":"Article","@id":"https:\/\/www.gossip.it\/news\/gabriele-muccino-scusa-carla-vangelista\/#article","isPartOf":{"@id":"https:\/\/www.gossip.it\/news\/gabriele-muccino-scusa-carla-vangelista\/"},"author":{"name":"La Redazione","@id":"https:\/\/www.gossip.it\/#\/schema\/person\/488896f75158bff1cc83c6c39d141110"},"headline":"Gabriele Muccino chiede scusa a Carla Vangelista","datePublished":"2016-03-29T22:00:00+00:00","dateModified":"2016-03-29T22:00:00+00:00","mainEntityOfPage":{"@id":"https:\/\/www.gossip.it\/news\/gabriele-muccino-scusa-carla-vangelista\/"},"wordCount":313,"publisher":{"@id":"https:\/\/www.gossip.it\/#organization"},"image":{"@id":"https:\/\/www.gossip.it\/news\/gabriele-muccino-scusa-carla-vangelista\/#primaryimage"},"thumbnailUrl":"http:\/\/files.gossip.it\/immagini_news\/2016\/03\/1459332943_gabriele_muccino_scuse_vangelista.jpg","keywords":["attore","carla vangelista","dichiarazioni","regista","sceneggiatrice","scusa","social"],"articleSection":["News"],"inLanguage":"it-IT"},{"@type":"WebPage","@id":"https:\/\/www.gossip.it\/news\/gabriele-muccino-scusa-carla-vangelista\/","url":"https:\/\/www.gossip.it\/news\/gabriele-muccino-scusa-carla-vangelista\/","name":"Gabriele Muccino chiede scusa a Carla Vangelista - Gossip.it | News sul Gossip e VIP","isPartOf":{"@id":"https:\/\/www.gossip.it\/#website"},"primaryImageOfPage":{"@id":"https:\/\/www.gossip.it\/news\/gabriele-muccino-scusa-carla-vangelista\/#primaryimage"},"image":{"@id":"https:\/\/www.gossip.it\/news\/gabriele-muccino-scusa-carla-vangelista\/#primaryimage"},"thumbnailUrl":"http:\/\/files.gossip.it\/immagini_news\/2016\/03\/1459332943_gabriele_muccino_scuse_vangelista.jpg","datePublished":"2016-03-29T22:00:00+00:00","dateModified":"2016-03-29T22:00:00+00:00","description":"Gabriele Muccino chiede scusa a Carla Vangelista, scrittrice collaboratrice di Silvio Muccino. Il famoso regista con una serie di esternazioni via social","breadcrumb":{"@id":"https:\/\/www.gossip.it\/news\/gabriele-muccino-scusa-carla-vangelista\/#breadcrumb"},"inLanguage":"it-IT","potentialAction":[{"@type":"ReadAction","target":["https:\/\/www.gossip.it\/news\/gabriele-muccino-scusa-carla-vangelista\/"]}]},{"@type":"ImageObject","inLanguage":"it-IT","@id":"https:\/\/www.gossip.it\/news\/gabriele-muccino-scusa-carla-vangelista\/#primaryimage","url":"http:\/\/files.gossip.it\/immagini_news\/2016\/03\/1459332943_gabriele_muccino_scuse_vangelista.jpg","contentUrl":"http:\/\/files.gossip.it\/immagini_news\/2016\/03\/1459332943_gabriele_muccino_scuse_vangelista.jpg"},{"@type":"BreadcrumbList","@id":"https:\/\/www.gossip.it\/news\/gabriele-muccino-scusa-carla-vangelista\/#breadcrumb","itemListElement":[{"@type":"ListItem","position":1,"name":"Home","item":"https:\/\/www.gossip.it\/"},{"@type":"ListItem","position":2,"name":"Gabriele Muccino chiede scusa a Carla Vangelista"}]},{"@type":"WebSite","@id":"https:\/\/www.gossip.it\/#website","url":"https:\/\/www.gossip.it\/","name":"Gossip and VIP News","description":"Quotidiano di cronaca rosa, costume e societ\u00e0","publisher":{"@id":"https:\/\/www.gossip.it\/#organization"},"alternateName":"Gossip and VIP News","potentialAction":[{"@type":"SearchAction","target":{"@type":"EntryPoint","urlTemplate":"https:\/\/www.gossip.it\/?s={search_term_string}"},"query-input":{"@type":"PropertyValueSpecification","valueRequired":true,"valueName":"search_term_string"}}],"inLanguage":"it-IT"},{"@type":"Organization","@id":"https:\/\/www.gossip.it\/#organization","name":"Gossip and VIP News","alternateName":"Gossip News","url":"https:\/\/www.gossip.it\/","logo":{"@type":"ImageObject","inLanguage":"it-IT","@id":"https:\/\/www.gossip.it\/#\/schema\/logo\/image\/","url":"https:\/\/www.gossip.it\/wp-content\/uploads\/2022\/04\/cropped-corna-alta-tiny.png","contentUrl":"https:\/\/www.gossip.it\/wp-content\/uploads\/2022\/04\/cropped-corna-alta-tiny.png","width":512,"height":512,"caption":"Gossip and VIP News"},"image":{"@id":"https:\/\/www.gossip.it\/#\/schema\/logo\/image\/"},"sameAs":["https:\/\/www.facebook.com\/GossipIT","https:\/\/x.com\/gossinews_it","https:\/\/instagram.com\/gossip_it"]},{"@type":"Person","@id":"https:\/\/www.gossip.it\/#\/schema\/person\/488896f75158bff1cc83c6c39d141110","name":"La Redazione","image":{"@type":"ImageObject","inLanguage":"it-IT","@id":"https:\/\/www.gossip.it\/#\/schema\/person\/image\/","url":"https:\/\/secure.gravatar.com\/avatar\/5a5f5c6fa3e6700e4249abdad0263a1e94e927d9e0499b1cb09c1cd29c044d80?s=96&d=mm&r=g","contentUrl":"https:\/\/secure.gravatar.com\/avatar\/5a5f5c6fa3e6700e4249abdad0263a1e94e927d9e0499b1cb09c1cd29c044d80?s=96&d=mm&r=g","caption":"La Redazione"},"sameAs":["https:\/\/www.gossip.it"]}]}},"amp_enabled":true,"_links":{"self":[{"href":"https:\/\/www.gossip.it\/api\/wp\/v2\/posts\/54709","targetHints":{"allow":["GET"]}}],"collection":[{"href":"https:\/\/www.gossip.it\/api\/wp\/v2\/posts"}],"about":[{"href":"https:\/\/www.gossip.it\/api\/wp\/v2\/types\/post"}],"author":[{"embeddable":true,"href":"https:\/\/www.gossip.it\/api\/wp\/v2\/users\/1"}],"replies":[{"embeddable":true,"href":"https:\/\/www.gossip.it\/api\/wp\/v2\/comments?post=54709"}],"version-history":[{"count":0,"href":"https:\/\/www.gossip.it\/api\/wp\/v2\/posts\/54709\/revisions"}],"wp:featuredmedia":[{"embeddable":true,"href":"https:\/\/www.gossip.it\/api\/wp\/v2\/media\/110755"}],"wp:attachment":[{"href":"https:\/\/www.gossip.it\/api\/wp\/v2\/media?parent=54709"}],"wp:term":[{"taxonomy":"category","embeddable":true,"href":"https:\/\/www.gossip.it\/api\/wp\/v2\/categories?post=54709"},{"taxonomy":"post_tag","embeddable":true,"href":"https:\/\/www.gossip.it\/api\/wp\/v2\/tags?post=54709"},{"taxonomy":"vip","embeddable":true,"href":"https:\/\/www.gossip.it\/api\/wp\/v2\/vip?post=54709"}],"curies":[{"name":"wp","href":"https:\/\/api.w.org\/{rel}","templated":true}]}}