{"id":54719,"date":"2016-03-30T00:00:00","date_gmt":"2016-03-29T22:00:00","guid":{"rendered":"https:\/\/www.gossip.it\/senza-categoria\/bosco-cobos-pomeriggio-5-jonas-berami\/"},"modified":"2016-03-30T00:00:00","modified_gmt":"2016-03-29T22:00:00","slug":"bosco-cobos-pomeriggio-5-jonas-berami","status":"publish","type":"post","link":"https:\/\/www.gossip.it\/news\/bosco-cobos-pomeriggio-5-jonas-berami\/","title":{"rendered":"Bosco Cobos, l'amico di Jonas Berami, a Pomeriggio 5"},"content":{"rendered":"<p><a href=\"http:\/\/www.gossip.it\/vip\/bosco-cobos\/\">Bosco Cobos<\/a>, l'amico in gonna di <a href=\"http:\/\/www.gossip.it\/vip\/jonas-berami\/\">Jonas Berami<\/a>, ormai \u00e8 diventato una celebrit\u00e0. Lo spagnolo che fa strage sul web (sono tutti pazzi di lui), che durante la diretta dell'<a href=\"http:\/\/www.gossip.it\/vip\/isola-11\/\">Isola 11<\/a> il luned\u00ec sera accende lo show, ieri \u00e8 stato anche ospite di <a href=\"http:\/\/www.gossip.it\/vip\/barbara-d'urso\/\">Barbara D'Urso<\/a> a <strong>Pomeriggio 5<\/strong>.<\/p>\n<figure class=\"caption\"><img decoding=\"async\" alt=\"\" width=\"640\" height=\"358\" src=\"http:\/\/files.gossip.it\/immagini_news\/2016\/03\/1459340483_bosco_cobos.jpg\" \/><figcaption>Bosco Cobos, l'amico di Jonas Berami, a Pomeriggio 5<\/figcaption><\/figure>\n<p>Meno eccentrico del solito, ma assolutamente personaggio, <strong>Bosco Cobos<\/strong>, in studio a <strong>Pomeriggio 5<\/strong>, ha subito voluto abbracciate <a href=\"http:\/\/www.gossip.it\/vip\/carmelita\/\">Carmelita<\/a>. Seduto sullo sgabello, un po' distante dalla conduttrice, le ha detto: <em>\"Ti sento lontanissima\"<\/em>. Barbara, accettando il suo invito, si \u00e8 alzata e avvicinata a lui, i due si sono cos\u00ec stretti l'uno all'altra,<em> 'vicini, vicini'<\/em>. La D'Urso ha poi invitato <strong>Bosco Cobos<\/strong>, all'indomani delle nomination, a fare una riflessione sullo scontro al televoto che vede attori principali <a href=\"http:\/\/www.gossip.it\/vip\/simona-ventura\/\">Simona Ventura<\/a> e il suo amico, <strong>Jonas Berami<\/strong>.<em> \"Ma che succede? La gente non vede tutti i giorni quel che accade? Simona Ventura gli sta facendo molto male<\/em> - ha detto <strong>Bosco Cobos<\/strong> a <strong>Pomeriggio 5<\/strong> - <em>Sono molto arrabbiato perch\u00e9 Simona \u00e8 molto cattiva, nel gioco, come persona non so com'\u00e8, magari sar\u00e0 una persona meravigliosa. Come concorrente, per\u00f2, non sta facendo molto bene, non mi piace il comportamento che ha con il mio amico\"<\/em>.<\/p>\n<figure class=\"caption\"><img decoding=\"async\" alt=\"\" width=\"640\" height=\"358\" src=\"http:\/\/files.gossip.it\/immagini_news\/2016\/03\/1459340518_cobos_bosco_pomeriggio_cinque.jpg\" \/><figcaption>Lo spagnolo ha difeso l'attore ed ex tronista e ha sparato a zero su Simona Ventura<\/figcaption><\/figure>\n<p><em>\"Ieri abbiamo visto che lei ha detto che <\/em><a href=\"http:\/\/www.gossip.it\/vip\/mercedesz-henger\/\">Mercedesz Henger<\/a><em> non ha lavorato nello spettacolo e per questo non la conosce, ha detto che Jonas \u00e8 spagnolo e deve andare via in Spagna. Non si pu\u00f2 dire questo, per favore!<\/em> - ha poi continuato Bosco - <em>No alla xenofobia, no al razzismo! Votiamo, votiamo per salvare <strong>Jonas Berami<\/strong> che \u00e8 un ragazzo autentico e vero e fa un gioco limpido. L'importante \u00e8 la persona e Jonas \u00e8 una buona persona\"<\/em>.<br \/>Per <strong>Bosco Cobos<\/strong> Simona Ventura si \u00e8 scontrata con <strong>Jonas Berami <\/strong>perch\u00e9 l'<a href=\"http:\/\/www.gossip.it\/vip\/attore\/\">attore<\/a> ed ex <a href=\"http:\/\/www.gossip.it\/vip\/tronista\/\">tronista<\/a> non fa quello che lei vuole: <em>\"E' un ribelle, lui vule giocare, divertirsi, fare le prove e mi sembra lo stia facendo bene\"<\/em>.<br \/>Questa \u00e8 stata solo la prima volta di <strong>Bosco Cobos<\/strong> a <strong>Pomeriggio 5<\/strong>, Barbara D'Urso gli ha gi\u00e0 dato appuntamento ai prossimi giorni: il ragazzo, di cui si sa davvero poco, \u00e8 destinato a diventare uno degli opinionisti fissi del programma pomeridiano quanto si parler\u00e0 dell'Isola 11.<\/p>\n<p>\u00a0<\/p>\n","protected":false},"excerpt":{"rendered":"<p>Bosco Cobos, l'amico in gonna di Jonas Berami, ormai \u00e8 diventato una celebrit\u00e0. Lo spagnolo che fa strage sul web (sono tutti pazzi di lui), che durante la diretta dell'Isola 11 il luned\u00ec sera accende lo show, ieri \u00e8 stato anche ospite di Barbara D'Urso a Pomeriggio 5. Bosco Cobos, l'amico di Jonas Berami, a [&hellip;]<\/p>\n","protected":false},"author":1,"featured_media":110765,"comment_status":"closed","ping_status":"closed","sticky":false,"template":"","format":"standard","meta":{"footnotes":""},"categories":[54],"tags":[10244,38545,2102,2199,10206,10261,7988,2097],"vip":[383],"class_list":["post-54719","post","type-post","status-publish","format-standard","has-post-thumbnail","hentry","category-news","tag-bosco-cobos","tag-carmelita","tag-dichiarazioni","tag-isola","tag-isola-11","tag-jonas-berami","tag-pomeriggio-5","tag-tv","vip-barbara_durso"],"yoast_head":"<title>Bosco Cobos, l&#039;amico di Jonas Berami, a Pomeriggio 5 - Gossip.it | News sul Gossip e VIP<\/title>\n<meta name=\"description\" content=\"Bosco Cobos, l&#039;amico in gonna di Jonas Berami, ormai \u00e8 diventato una celebrit\u00e0. Lo spagnolo che fa strage sul web (sono tutti pazzi di lui), che durante\" \/>\n<meta name=\"robots\" content=\"index, follow, max-snippet:-1, max-image-preview:large, max-video-preview:-1\" \/>\n<link rel=\"canonical\" href=\"https:\/\/www.gossip.it\/news\/bosco-cobos-pomeriggio-5-jonas-berami\/\" \/>\n<meta property=\"og:locale\" content=\"it_IT\" \/>\n<meta property=\"og:type\" content=\"article\" \/>\n<meta property=\"og:title\" content=\"Bosco Cobos, l&#039;amico di Jonas Berami, a Pomeriggio 5 - Gossip.it | News sul Gossip e VIP\" \/>\n<meta property=\"og:description\" content=\"Bosco Cobos, l&#039;amico in gonna di Jonas Berami, ormai \u00e8 diventato una celebrit\u00e0. Lo spagnolo che fa strage sul web (sono tutti pazzi di lui), che durante\" \/>\n<meta property=\"og:url\" content=\"https:\/\/www.gossip.it\/news\/bosco-cobos-pomeriggio-5-jonas-berami\/\" \/>\n<meta property=\"og:site_name\" content=\"Gossip.it | News sul Gossip e VIP\" \/>\n<meta property=\"article:publisher\" content=\"https:\/\/www.facebook.com\/GossipIT\" \/>\n<meta property=\"article:published_time\" content=\"2016-03-29T22:00:00+00:00\" \/>\n<meta property=\"og:image\" content=\"http:\/\/files.gossip.it\/immagini_news\/2016\/03\/1459340483_bosco_cobos.jpg\" \/>\n<meta name=\"author\" content=\"La Redazione\" \/>\n<meta name=\"twitter:card\" content=\"summary_large_image\" \/>\n<meta name=\"twitter:image\" content=\"http:\/\/files.gossip.it\/immagini_news\/2016\/03\/1459340483_bosco_cobos.jpg\" \/>\n<meta name=\"twitter:creator\" content=\"@gossinews_it\" \/>\n<meta name=\"twitter:site\" content=\"@gossinews_it\" \/>\n<meta name=\"twitter:label1\" content=\"Scritto da\" \/>\n\t<meta name=\"twitter:data1\" content=\"Annamaria Capozzi\" \/>\n\t<meta name=\"twitter:label2\" content=\"Tempo di lettura stimato\" \/>\n\t<meta name=\"twitter:data2\" content=\"2 minuti\" \/>","yoast_head_json":{"title":"Bosco Cobos, l'amico di Jonas Berami, a Pomeriggio 5 - Gossip.it | News sul Gossip e VIP","description":"Bosco Cobos, l'amico in gonna di Jonas Berami, ormai \u00e8 diventato una celebrit\u00e0. Lo spagnolo che fa strage sul web (sono tutti pazzi di lui), che durante","robots":{"index":"index","follow":"follow","max-snippet":"max-snippet:-1","max-image-preview":"max-image-preview:large","max-video-preview":"max-video-preview:-1"},"canonical":"https:\/\/www.gossip.it\/news\/bosco-cobos-pomeriggio-5-jonas-berami\/","og_locale":"it_IT","og_type":"article","og_title":"Bosco Cobos, l'amico di Jonas Berami, a Pomeriggio 5 - Gossip.it | News sul Gossip e VIP","og_description":"Bosco Cobos, l'amico in gonna di Jonas Berami, ormai \u00e8 diventato una celebrit\u00e0. Lo spagnolo che fa strage sul web (sono tutti pazzi di lui), che durante","og_url":"https:\/\/www.gossip.it\/news\/bosco-cobos-pomeriggio-5-jonas-berami\/","og_site_name":"Gossip.it | News sul Gossip e VIP","article_publisher":"https:\/\/www.facebook.com\/GossipIT","article_published_time":"2016-03-29T22:00:00+00:00","og_image":[{"url":"http:\/\/files.gossip.it\/immagini_news\/2016\/03\/1459340483_bosco_cobos.jpg"}],"author":"La Redazione","twitter_card":"summary_large_image","twitter_image":"http:\/\/files.gossip.it\/immagini_news\/2016\/03\/1459340483_bosco_cobos.jpg","twitter_creator":"@gossinews_it","twitter_site":"@gossinews_it","twitter_misc":{"Scritto da":"Annamaria Capozzi","Tempo di lettura stimato":"2 minuti"},"schema":{"@context":"https:\/\/schema.org","@graph":[{"@type":"Article","@id":"https:\/\/www.gossip.it\/news\/bosco-cobos-pomeriggio-5-jonas-berami\/#article","isPartOf":{"@id":"https:\/\/www.gossip.it\/news\/bosco-cobos-pomeriggio-5-jonas-berami\/"},"author":{"name":"La Redazione","@id":"https:\/\/www.gossip.it\/#\/schema\/person\/488896f75158bff1cc83c6c39d141110"},"headline":"Bosco Cobos, l'amico di Jonas Berami, a Pomeriggio 5","datePublished":"2016-03-29T22:00:00+00:00","dateModified":"2016-03-29T22:00:00+00:00","mainEntityOfPage":{"@id":"https:\/\/www.gossip.it\/news\/bosco-cobos-pomeriggio-5-jonas-berami\/"},"wordCount":396,"publisher":{"@id":"https:\/\/www.gossip.it\/#organization"},"image":{"@id":"https:\/\/www.gossip.it\/news\/bosco-cobos-pomeriggio-5-jonas-berami\/#primaryimage"},"thumbnailUrl":"http:\/\/files.gossip.it\/immagini_news\/2016\/03\/1459340483_bosco_cobos.jpg","keywords":["bosco cobos","carmelita","dichiarazioni","isola","isola 11","jonas berami","pomeriggio 5","tv"],"articleSection":["News"],"inLanguage":"it-IT"},{"@type":"WebPage","@id":"https:\/\/www.gossip.it\/news\/bosco-cobos-pomeriggio-5-jonas-berami\/","url":"https:\/\/www.gossip.it\/news\/bosco-cobos-pomeriggio-5-jonas-berami\/","name":"Bosco Cobos, l'amico di Jonas Berami, a Pomeriggio 5 - Gossip.it | News sul Gossip e VIP","isPartOf":{"@id":"https:\/\/www.gossip.it\/#website"},"primaryImageOfPage":{"@id":"https:\/\/www.gossip.it\/news\/bosco-cobos-pomeriggio-5-jonas-berami\/#primaryimage"},"image":{"@id":"https:\/\/www.gossip.it\/news\/bosco-cobos-pomeriggio-5-jonas-berami\/#primaryimage"},"thumbnailUrl":"http:\/\/files.gossip.it\/immagini_news\/2016\/03\/1459340483_bosco_cobos.jpg","datePublished":"2016-03-29T22:00:00+00:00","dateModified":"2016-03-29T22:00:00+00:00","description":"Bosco Cobos, l'amico in gonna di Jonas Berami, ormai \u00e8 diventato una celebrit\u00e0. Lo spagnolo che fa strage sul web (sono tutti pazzi di lui), che durante","breadcrumb":{"@id":"https:\/\/www.gossip.it\/news\/bosco-cobos-pomeriggio-5-jonas-berami\/#breadcrumb"},"inLanguage":"it-IT","potentialAction":[{"@type":"ReadAction","target":["https:\/\/www.gossip.it\/news\/bosco-cobos-pomeriggio-5-jonas-berami\/"]}]},{"@type":"ImageObject","inLanguage":"it-IT","@id":"https:\/\/www.gossip.it\/news\/bosco-cobos-pomeriggio-5-jonas-berami\/#primaryimage","url":"http:\/\/files.gossip.it\/immagini_news\/2016\/03\/1459340483_bosco_cobos.jpg","contentUrl":"http:\/\/files.gossip.it\/immagini_news\/2016\/03\/1459340483_bosco_cobos.jpg"},{"@type":"BreadcrumbList","@id":"https:\/\/www.gossip.it\/news\/bosco-cobos-pomeriggio-5-jonas-berami\/#breadcrumb","itemListElement":[{"@type":"ListItem","position":1,"name":"Home","item":"https:\/\/www.gossip.it\/"},{"@type":"ListItem","position":2,"name":"Bosco Cobos, l'amico di Jonas Berami, a Pomeriggio 5"}]},{"@type":"WebSite","@id":"https:\/\/www.gossip.it\/#website","url":"https:\/\/www.gossip.it\/","name":"Gossip and VIP News","description":"Quotidiano di cronaca rosa, costume e societ\u00e0","publisher":{"@id":"https:\/\/www.gossip.it\/#organization"},"alternateName":"Gossip and VIP News","potentialAction":[{"@type":"SearchAction","target":{"@type":"EntryPoint","urlTemplate":"https:\/\/www.gossip.it\/?s={search_term_string}"},"query-input":{"@type":"PropertyValueSpecification","valueRequired":true,"valueName":"search_term_string"}}],"inLanguage":"it-IT"},{"@type":"Organization","@id":"https:\/\/www.gossip.it\/#organization","name":"Gossip and VIP News","alternateName":"Gossip News","url":"https:\/\/www.gossip.it\/","logo":{"@type":"ImageObject","inLanguage":"it-IT","@id":"https:\/\/www.gossip.it\/#\/schema\/logo\/image\/","url":"https:\/\/www.gossip.it\/wp-content\/uploads\/2022\/04\/cropped-corna-alta-tiny.png","contentUrl":"https:\/\/www.gossip.it\/wp-content\/uploads\/2022\/04\/cropped-corna-alta-tiny.png","width":512,"height":512,"caption":"Gossip and VIP News"},"image":{"@id":"https:\/\/www.gossip.it\/#\/schema\/logo\/image\/"},"sameAs":["https:\/\/www.facebook.com\/GossipIT","https:\/\/x.com\/gossinews_it","https:\/\/instagram.com\/gossip_it"]},{"@type":"Person","@id":"https:\/\/www.gossip.it\/#\/schema\/person\/488896f75158bff1cc83c6c39d141110","name":"La Redazione","image":{"@type":"ImageObject","inLanguage":"it-IT","@id":"https:\/\/www.gossip.it\/#\/schema\/person\/image\/","url":"https:\/\/secure.gravatar.com\/avatar\/5a5f5c6fa3e6700e4249abdad0263a1e94e927d9e0499b1cb09c1cd29c044d80?s=96&d=mm&r=g","contentUrl":"https:\/\/secure.gravatar.com\/avatar\/5a5f5c6fa3e6700e4249abdad0263a1e94e927d9e0499b1cb09c1cd29c044d80?s=96&d=mm&r=g","caption":"La Redazione"},"sameAs":["https:\/\/www.gossip.it"]}]}},"amp_enabled":true,"_links":{"self":[{"href":"https:\/\/www.gossip.it\/api\/wp\/v2\/posts\/54719","targetHints":{"allow":["GET"]}}],"collection":[{"href":"https:\/\/www.gossip.it\/api\/wp\/v2\/posts"}],"about":[{"href":"https:\/\/www.gossip.it\/api\/wp\/v2\/types\/post"}],"author":[{"embeddable":true,"href":"https:\/\/www.gossip.it\/api\/wp\/v2\/users\/1"}],"replies":[{"embeddable":true,"href":"https:\/\/www.gossip.it\/api\/wp\/v2\/comments?post=54719"}],"version-history":[{"count":0,"href":"https:\/\/www.gossip.it\/api\/wp\/v2\/posts\/54719\/revisions"}],"wp:featuredmedia":[{"embeddable":true,"href":"https:\/\/www.gossip.it\/api\/wp\/v2\/media\/110765"}],"wp:attachment":[{"href":"https:\/\/www.gossip.it\/api\/wp\/v2\/media?parent=54719"}],"wp:term":[{"taxonomy":"category","embeddable":true,"href":"https:\/\/www.gossip.it\/api\/wp\/v2\/categories?post=54719"},{"taxonomy":"post_tag","embeddable":true,"href":"https:\/\/www.gossip.it\/api\/wp\/v2\/tags?post=54719"},{"taxonomy":"vip","embeddable":true,"href":"https:\/\/www.gossip.it\/api\/wp\/v2\/vip?post=54719"}],"curies":[{"name":"wp","href":"https:\/\/api.w.org\/{rel}","templated":true}]}}