{"id":54722,"date":"2016-03-30T00:00:00","date_gmt":"2016-03-29T22:00:00","guid":{"rendered":"https:\/\/www.gossip.it\/senza-categoria\/federica-nargi-alessandro-matri-santa-severa\/"},"modified":"2016-03-30T00:00:00","modified_gmt":"2016-03-29T22:00:00","slug":"federica-nargi-alessandro-matri-santa-severa","status":"publish","type":"post","link":"https:\/\/www.gossip.it\/news\/federica-nargi-alessandro-matri-santa-severa\/","title":{"rendered":"Federica Nargi a Santa Severa con Alessandro Matri e i 'suoi'"},"content":{"rendered":"<p><a href=\"http:\/\/www.gossip.it\/vip\/federica-nargi\/\">Federica Nargi<\/a> ha trascorso la Pasqua in famiglia. Per la <a href=\"http:\/\/www.gossip.it\/vip\/showgirl\/\">showgirl<\/a>, <a href=\"http:\/\/www.gossip.it\/vip\/modella\/\">modella<\/a> e ora anche <a href=\"http:\/\/www.gossip.it\/vip\/attrice\/\">attrice<\/a> un pranzetto al mare. <strong>Federica Nargi<\/strong> \u00e8 andata a <strong>Santa Severa<\/strong>, frazione del comune di Santa Marinella, vicino la Capitale, con il fidanzato, <a href=\"http:\/\/www.gossip.it\/vip\/alessandro-matri\/\">Alessandro Matri<\/a>. Insieme alla coppia anche i genitori della mora romana, Claudio e Cocetta.<\/p>\n<figure class=\"caption\"><img decoding=\"async\" alt=\"\" width=\"640\" height=\"525\" src=\"http:\/\/files.gossip.it\/immagini_news\/2016\/03\/1459345327_nargi_matri_famiglia.jpg\" \/><figcaption>Federica Nargi a Santa Severa con Alessandro Matri e i genitori, Claudio e Concetta<\/figcaption><\/figure>\n<p><em>\"#isoladelpescatore#santasevera#happyeaster#family @alessandro_matri_32 @nargiclaudio\"<\/em>, ha scritto sul suo account sul <a href=\"http:\/\/www.gossip.it\/vip\/social\/\">social<\/a> <strong>Federica Nargi<\/strong>. Le parole hanno accompagnato un bello scatto postato sul network direttamente da <strong>Santa Severa<\/strong> in cui il quartetto \u00e8 immortalato comodamente seduto sulle sdraio in spiaggia. Tutti si rilassano al sole. <strong>Federica Nargi\u00a0<\/strong>sorride, sorridono pure <strong>Alessandro Matri<\/strong> e i genitori dell'ex <a href=\"http:\/\/www.gossip.it\/vip\/velina\/\">velina<\/a>, felici di avere accanto l'adorata figlia. L'allegra comitiva \u00e8 orfana di <a href=\"http:\/\/www.gossip.it\/vip\/claudia-nargi\/\">Claudia Nargi<\/a>, sorella maggiore di Fede, che ha trascorso la Pasqua con il fidanzato barman, Miki, al ristorante Il Focarile ad Aprilia.<\/p>\n<figure class=\"caption\"><img decoding=\"async\" alt=\"\" width=\"640\" height=\"653\" src=\"http:\/\/files.gossip.it\/immagini_news\/2016\/03\/1459345368_federica_nargi_mamma.jpg\" \/><figcaption>La showgirl 26enne ride con la mamma<\/figcaption><\/figure>\n<p>A <strong>Santa Severa Federica Nargi<\/strong>, <strong>Alessandro Matri<\/strong>, Claudio e Concetta hanno mangiato all'Isola del Pescatore, un popolare locale situato proprio sulla spiaggia con vista castello. Men\u00f9 rigorosamente a base di pesce, per stare pure pi\u00f9 leggeri. Questa che si \u00e8 aperta \u00e8 una settimana molto importante per Matri e non solo. Domenica 3 aprile c'\u00e8 il derby da giocare, sar\u00e0 Lazio-Roma. La partita \u00e8 sentitissima.<em> \"Se siamo carichi per il derby? Per forza dobbiamo esserlo\"<\/em>, ha detto Matri. Lo scontro con i giallorossi non fa sconti, ma prima uno stop per un pranzo al mare gli \u00e8 stato concesso, poi di nuovo in campo per gli allenamenti.<br \/>Clima disteso a <strong>Santa Severa<\/strong> e tante chiacchiere, anche tra donne, tra Fede e la madre. L'estate \u00e8 vicina, la Nargi ha tanto ancora da fare e ci sar\u00e0 pure da pensare al futuro, perch\u00e9, a meno di colpi di scena finali, pare proprio che il suo Ale non sar\u00e0 riscattato dalla squadra biancoceleste e torner\u00e0, dopo il prestito, al Milan. Da <em>'wag'<\/em> la 26enne forse torner\u00e0 a fare le valigie per una nuova destinazione di vita, chiss\u00e0...<\/p>\n<p>\u00a0<\/p>\n","protected":false},"excerpt":{"rendered":"<p>Federica Nargi ha trascorso la Pasqua in famiglia. Per la showgirl, modella e ora anche attrice un pranzetto al mare. Federica Nargi \u00e8 andata a Santa Severa, frazione del comune di Santa Marinella, vicino la Capitale, con il fidanzato, Alessandro Matri. Insieme alla coppia anche i genitori della mora romana, Claudio e Cocetta. Federica Nargi [&hellip;]<\/p>\n","protected":false},"author":1,"featured_media":110768,"comment_status":"closed","ping_status":"closed","sticky":false,"template":"","format":"standard","meta":{"footnotes":""},"categories":[54],"tags":[8718,1983,5545,2218,39236,54339,1992,11915,2498,5064,10238,2121,4402,1997,54338,1967,1923,6561],"vip":[730],"class_list":["post-54722","post","type-post","status-publish","format-standard","has-post-thumbnail","hentry","category-news","tag-alessandro-matri","tag-attrice","tag-bomber","tag-calciatore","tag-claudio-nargi","tag-concetta-nargi","tag-conduttrice","tag-derby","tag-fiction","tag-giocatore","tag-il-bello-delle-donne","tag-instagram","tag-lazio","tag-modella","tag-santa-severa","tag-showgirl","tag-social","tag-velina","vip-federica_nargi"],"yoast_head":"<title>Federica Nargi a Santa Severa con Alessandro Matri e i &#039;suoi&#039; - Gossip.it | News sul Gossip e VIP<\/title>\n<meta name=\"description\" content=\"Federica Nargi ha trascorso la Pasqua in famiglia. Per la showgirl, modella e ora anche attrice un pranzetto al mare. Federica Nargi \u00e8 andata a Santa\" \/>\n<meta name=\"robots\" content=\"index, follow, max-snippet:-1, max-image-preview:large, max-video-preview:-1\" \/>\n<link rel=\"canonical\" href=\"https:\/\/www.gossip.it\/news\/federica-nargi-alessandro-matri-santa-severa\/\" \/>\n<meta property=\"og:locale\" content=\"it_IT\" \/>\n<meta property=\"og:type\" content=\"article\" \/>\n<meta property=\"og:title\" content=\"Federica Nargi a Santa Severa con Alessandro Matri e i &#039;suoi&#039; - Gossip.it | News sul Gossip e VIP\" \/>\n<meta property=\"og:description\" content=\"Federica Nargi ha trascorso la Pasqua in famiglia. Per la showgirl, modella e ora anche attrice un pranzetto al mare. Federica Nargi \u00e8 andata a Santa\" \/>\n<meta property=\"og:url\" content=\"https:\/\/www.gossip.it\/news\/federica-nargi-alessandro-matri-santa-severa\/\" \/>\n<meta property=\"og:site_name\" content=\"Gossip.it | News sul Gossip e VIP\" \/>\n<meta property=\"article:publisher\" content=\"https:\/\/www.facebook.com\/GossipIT\" \/>\n<meta property=\"article:published_time\" content=\"2016-03-29T22:00:00+00:00\" \/>\n<meta property=\"og:image\" content=\"http:\/\/files.gossip.it\/immagini_news\/2016\/03\/1459345327_nargi_matri_famiglia.jpg\" \/>\n<meta name=\"author\" content=\"La Redazione\" \/>\n<meta name=\"twitter:card\" content=\"summary_large_image\" \/>\n<meta name=\"twitter:image\" content=\"http:\/\/files.gossip.it\/immagini_news\/2016\/03\/1459345327_nargi_matri_famiglia.jpg\" \/>\n<meta name=\"twitter:creator\" content=\"@gossinews_it\" \/>\n<meta name=\"twitter:site\" content=\"@gossinews_it\" \/>\n<meta name=\"twitter:label1\" content=\"Scritto da\" \/>\n\t<meta name=\"twitter:data1\" content=\"Annamaria Capozzi\" \/>\n\t<meta name=\"twitter:label2\" content=\"Tempo di lettura stimato\" \/>\n\t<meta name=\"twitter:data2\" content=\"2 minuti\" \/>","yoast_head_json":{"title":"Federica Nargi a Santa Severa con Alessandro Matri e i 'suoi' - Gossip.it | News sul Gossip e VIP","description":"Federica Nargi ha trascorso la Pasqua in famiglia. Per la showgirl, modella e ora anche attrice un pranzetto al mare. Federica Nargi \u00e8 andata a Santa","robots":{"index":"index","follow":"follow","max-snippet":"max-snippet:-1","max-image-preview":"max-image-preview:large","max-video-preview":"max-video-preview:-1"},"canonical":"https:\/\/www.gossip.it\/news\/federica-nargi-alessandro-matri-santa-severa\/","og_locale":"it_IT","og_type":"article","og_title":"Federica Nargi a Santa Severa con Alessandro Matri e i 'suoi' - Gossip.it | News sul Gossip e VIP","og_description":"Federica Nargi ha trascorso la Pasqua in famiglia. Per la showgirl, modella e ora anche attrice un pranzetto al mare. Federica Nargi \u00e8 andata a Santa","og_url":"https:\/\/www.gossip.it\/news\/federica-nargi-alessandro-matri-santa-severa\/","og_site_name":"Gossip.it | News sul Gossip e VIP","article_publisher":"https:\/\/www.facebook.com\/GossipIT","article_published_time":"2016-03-29T22:00:00+00:00","og_image":[{"url":"http:\/\/files.gossip.it\/immagini_news\/2016\/03\/1459345327_nargi_matri_famiglia.jpg"}],"author":"La Redazione","twitter_card":"summary_large_image","twitter_image":"http:\/\/files.gossip.it\/immagini_news\/2016\/03\/1459345327_nargi_matri_famiglia.jpg","twitter_creator":"@gossinews_it","twitter_site":"@gossinews_it","twitter_misc":{"Scritto da":"Annamaria Capozzi","Tempo di lettura stimato":"2 minuti"},"schema":{"@context":"https:\/\/schema.org","@graph":[{"@type":"Article","@id":"https:\/\/www.gossip.it\/news\/federica-nargi-alessandro-matri-santa-severa\/#article","isPartOf":{"@id":"https:\/\/www.gossip.it\/news\/federica-nargi-alessandro-matri-santa-severa\/"},"author":{"name":"La Redazione","@id":"https:\/\/www.gossip.it\/#\/schema\/person\/488896f75158bff1cc83c6c39d141110"},"headline":"Federica Nargi a Santa Severa con Alessandro Matri e i 'suoi'","datePublished":"2016-03-29T22:00:00+00:00","dateModified":"2016-03-29T22:00:00+00:00","mainEntityOfPage":{"@id":"https:\/\/www.gossip.it\/news\/federica-nargi-alessandro-matri-santa-severa\/"},"wordCount":358,"publisher":{"@id":"https:\/\/www.gossip.it\/#organization"},"image":{"@id":"https:\/\/www.gossip.it\/news\/federica-nargi-alessandro-matri-santa-severa\/#primaryimage"},"thumbnailUrl":"http:\/\/files.gossip.it\/immagini_news\/2016\/03\/1459345327_nargi_matri_famiglia.jpg","keywords":["alessandro matri","attrice","bomber","calciatore","claudio nargi","concetta nargi","conduttrice","derby","fiction","giocatore","il bello delle donne","instagram","lazio","modella","santa severa","showgirl","social","velina"],"articleSection":["News"],"inLanguage":"it-IT"},{"@type":"WebPage","@id":"https:\/\/www.gossip.it\/news\/federica-nargi-alessandro-matri-santa-severa\/","url":"https:\/\/www.gossip.it\/news\/federica-nargi-alessandro-matri-santa-severa\/","name":"Federica Nargi a Santa Severa con Alessandro Matri e i 'suoi' - Gossip.it | News sul Gossip e VIP","isPartOf":{"@id":"https:\/\/www.gossip.it\/#website"},"primaryImageOfPage":{"@id":"https:\/\/www.gossip.it\/news\/federica-nargi-alessandro-matri-santa-severa\/#primaryimage"},"image":{"@id":"https:\/\/www.gossip.it\/news\/federica-nargi-alessandro-matri-santa-severa\/#primaryimage"},"thumbnailUrl":"http:\/\/files.gossip.it\/immagini_news\/2016\/03\/1459345327_nargi_matri_famiglia.jpg","datePublished":"2016-03-29T22:00:00+00:00","dateModified":"2016-03-29T22:00:00+00:00","description":"Federica Nargi ha trascorso la Pasqua in famiglia. Per la showgirl, modella e ora anche attrice un pranzetto al mare. Federica Nargi \u00e8 andata a Santa","breadcrumb":{"@id":"https:\/\/www.gossip.it\/news\/federica-nargi-alessandro-matri-santa-severa\/#breadcrumb"},"inLanguage":"it-IT","potentialAction":[{"@type":"ReadAction","target":["https:\/\/www.gossip.it\/news\/federica-nargi-alessandro-matri-santa-severa\/"]}]},{"@type":"ImageObject","inLanguage":"it-IT","@id":"https:\/\/www.gossip.it\/news\/federica-nargi-alessandro-matri-santa-severa\/#primaryimage","url":"http:\/\/files.gossip.it\/immagini_news\/2016\/03\/1459345327_nargi_matri_famiglia.jpg","contentUrl":"http:\/\/files.gossip.it\/immagini_news\/2016\/03\/1459345327_nargi_matri_famiglia.jpg"},{"@type":"BreadcrumbList","@id":"https:\/\/www.gossip.it\/news\/federica-nargi-alessandro-matri-santa-severa\/#breadcrumb","itemListElement":[{"@type":"ListItem","position":1,"name":"Home","item":"https:\/\/www.gossip.it\/"},{"@type":"ListItem","position":2,"name":"Federica Nargi a Santa Severa con Alessandro Matri e i 'suoi'"}]},{"@type":"WebSite","@id":"https:\/\/www.gossip.it\/#website","url":"https:\/\/www.gossip.it\/","name":"Gossip and VIP News","description":"Quotidiano di cronaca rosa, costume e societ\u00e0","publisher":{"@id":"https:\/\/www.gossip.it\/#organization"},"alternateName":"Gossip and VIP News","potentialAction":[{"@type":"SearchAction","target":{"@type":"EntryPoint","urlTemplate":"https:\/\/www.gossip.it\/?s={search_term_string}"},"query-input":{"@type":"PropertyValueSpecification","valueRequired":true,"valueName":"search_term_string"}}],"inLanguage":"it-IT"},{"@type":"Organization","@id":"https:\/\/www.gossip.it\/#organization","name":"Gossip and VIP News","alternateName":"Gossip News","url":"https:\/\/www.gossip.it\/","logo":{"@type":"ImageObject","inLanguage":"it-IT","@id":"https:\/\/www.gossip.it\/#\/schema\/logo\/image\/","url":"https:\/\/www.gossip.it\/wp-content\/uploads\/2022\/04\/cropped-corna-alta-tiny.png","contentUrl":"https:\/\/www.gossip.it\/wp-content\/uploads\/2022\/04\/cropped-corna-alta-tiny.png","width":512,"height":512,"caption":"Gossip and VIP News"},"image":{"@id":"https:\/\/www.gossip.it\/#\/schema\/logo\/image\/"},"sameAs":["https:\/\/www.facebook.com\/GossipIT","https:\/\/x.com\/gossinews_it","https:\/\/instagram.com\/gossip_it"]},{"@type":"Person","@id":"https:\/\/www.gossip.it\/#\/schema\/person\/488896f75158bff1cc83c6c39d141110","name":"La Redazione","image":{"@type":"ImageObject","inLanguage":"it-IT","@id":"https:\/\/www.gossip.it\/#\/schema\/person\/image\/","url":"https:\/\/secure.gravatar.com\/avatar\/5a5f5c6fa3e6700e4249abdad0263a1e94e927d9e0499b1cb09c1cd29c044d80?s=96&d=mm&r=g","contentUrl":"https:\/\/secure.gravatar.com\/avatar\/5a5f5c6fa3e6700e4249abdad0263a1e94e927d9e0499b1cb09c1cd29c044d80?s=96&d=mm&r=g","caption":"La Redazione"},"sameAs":["https:\/\/www.gossip.it"]}]}},"amp_enabled":true,"_links":{"self":[{"href":"https:\/\/www.gossip.it\/api\/wp\/v2\/posts\/54722","targetHints":{"allow":["GET"]}}],"collection":[{"href":"https:\/\/www.gossip.it\/api\/wp\/v2\/posts"}],"about":[{"href":"https:\/\/www.gossip.it\/api\/wp\/v2\/types\/post"}],"author":[{"embeddable":true,"href":"https:\/\/www.gossip.it\/api\/wp\/v2\/users\/1"}],"replies":[{"embeddable":true,"href":"https:\/\/www.gossip.it\/api\/wp\/v2\/comments?post=54722"}],"version-history":[{"count":0,"href":"https:\/\/www.gossip.it\/api\/wp\/v2\/posts\/54722\/revisions"}],"wp:featuredmedia":[{"embeddable":true,"href":"https:\/\/www.gossip.it\/api\/wp\/v2\/media\/110768"}],"wp:attachment":[{"href":"https:\/\/www.gossip.it\/api\/wp\/v2\/media?parent=54722"}],"wp:term":[{"taxonomy":"category","embeddable":true,"href":"https:\/\/www.gossip.it\/api\/wp\/v2\/categories?post=54722"},{"taxonomy":"post_tag","embeddable":true,"href":"https:\/\/www.gossip.it\/api\/wp\/v2\/tags?post=54722"},{"taxonomy":"vip","embeddable":true,"href":"https:\/\/www.gossip.it\/api\/wp\/v2\/vip?post=54722"}],"curies":[{"name":"wp","href":"https:\/\/api.w.org\/{rel}","templated":true}]}}