{"id":54769,"date":"2016-04-04T00:00:00","date_gmt":"2016-04-03T22:00:00","guid":{"rendered":"https:\/\/www.gossip.it\/senza-categoria\/amici-15-andreas-muller-verissimo\/"},"modified":"2016-04-04T00:00:00","modified_gmt":"2016-04-03T22:00:00","slug":"amici-15-andreas-muller-verissimo","status":"publish","type":"post","link":"https:\/\/www.gossip.it\/news\/amici-15-andreas-muller-verissimo\/","title":{"rendered":"'Amici 15': Andreas Muller a 'Verissimo' senza tutore al braccio"},"content":{"rendered":"<p><a href=\"http:\/\/www.gossip.it\/vip\/andreas-muller\/\">Andreas Muller<\/a>\u00a0 \u00e8 stato ospite di <a href=\"http:\/\/www.gossip.it\/vip\/silvia-toffanin\/\">Silvia Toffanin<\/a> a \"<a href=\"http:\/\/www.gossip.it\/vip\/verissimo\/\">Verissimo<\/a>\" . Il ballerino di \"<a href=\"http:\/\/www.gossip.it\/vip\/amici-15\/\">Amici 15<\/a>\" \u00e8 arrivato in studio senza il tutore al braccio: <em>\"Ho avuto una ripresa veloce<\/em> - ha spiegato - <em>Non pensavo. Avevo avuto un referto di sei settimane ma in realt\u00e0 ne sono passate due. L'importante \u00e8 che il gomito stia bene perch\u00e9 la scena non \u00e8 stata delle pi\u00f9 belle\"<\/em>.<\/p>\n<figure class=\"caption\"><img decoding=\"async\" alt=\"\" width=\"640\" height=\"365\" src=\"http:\/\/files.gossip.it\/immagini_news\/2016\/04\/1459771895_andreas_muller_verissimo.jpg\" \/><figcaption>Andreas Muller negli studi di 'Verissimo'<\/figcaption><\/figure>\n<p><strong>Andreas Muller\u00a0<\/strong>ha dovuto abbandonare \"<strong>Amici 15<\/strong>\" ad appena tre settimane dal serale dopo essersi aggiudicato la maglia della squadra Blu. Il ballerino durante una prova ha avuto un incidente e si \u00e8 fatto male a un braccio. Episodio che gli ha impedito di proseguire il suo percorso nel programma di <a href=\"http:\/\/www.gossip.it\/vip\/maria-de filippi\/\">Maria De Filippi<\/a>. La ripresa avrebbe richiesto troppo tempo anche se poi <strong>Andreas <\/strong>a \"<strong>Verissimo<\/strong>\" ha rivelato di essere guarito prima di quanto detto dai medici.<br \/>Nel\u00a0rivedere le immagini del suo addio ad \"<strong>Amici 15<\/strong>\" il ballerino si \u00e8 commosso:<em> \"Non volevo piangere<\/em> - ha detto - <em>Amici \u00e8 stata la cosa pi\u00f9 bella che sia mai successa nella mia vita, non tanto per la danza ma proprio come persona. Io vivevo dentro a un guscio perch\u00e9 avevo paura del giudizio delle persone, ero insicuro, timido. Avevo paura di affrontare il mondo faccia a faccia. Amici in sei mesi ha stravolto la mia vita ma non per la fama, ma come persona perch\u00e9 io ora uscito da la so che valgo qualcosa\"<\/em>.<\/p>\n<figure class=\"caption\"><img decoding=\"async\" alt=\"\" width=\"640\" height=\"365\" src=\"http:\/\/files.gossip.it\/immagini_news\/2016\/04\/1459772002_andreas_muller_silvia_toffanin.jpg\" \/><figcaption>Il ballerino di 'Amici' intervistato da Silvia Toffanin<\/figcaption><\/figure>\n<p><strong>Andreas<\/strong> durante l'intervista rilasciata a \"<strong>Verissimo<\/strong>\" ha descritto il suo stato d'animo per questa occasione mancata: <em>\"E' brutto. Passo il tempo a farmi delle domande. Perch\u00e9 \u00e8 successo a me? Un anno fa non sono entrato per un pelo perch\u00e9 \u00e8 stato preso un altro ragazzo. Quest'anno che sono entrato, e non me lo aspettavo, vengo preso dalla squadra Blu, arrivo al serale. <a href=\"http:\/\/www.gossip.it\/vip\/nek\/\">Nek<\/a> spende parole bellissime per me, <a href=\"http:\/\/www.gossip.it\/vip\/j-ax\/\">J-Ax<\/a> altrettante e a un passo da salire su quel palco succede questa cosa. Non me lo so spiegare. Per\u00f2 forse \u00e8 quello il problema: devo smettere di farmi delle domande e devo vivere. Magari le cose non succedo a caso. Spero nel destino\"<\/em>, ha dichiarato.<br \/><em>\"Io non ho mai puntato alla vittoria<\/em> - ha aggiunto il ballerino - <em>Non volevo i 50 mila euro. Io voglio lavorare, voglio ballare. Io puntavo ad avere dei contratti dopo il programma\"<\/em>.<br \/>Poi Andreas ha voluto ringraziare la De Filippi:<em> \"Maria \u00e8 una grandissima persona. Mi ha dato una grandissima possibilit\u00e0. L'ha data anche a tanti altri ragazzi e questa \u00e8 una cosa bellissima perch\u00e9 molto spesso i giovani vengono messi da parte. Io a 19 anni sento di aver avuto una grande possibilit\u00e0 anche se non \u00e8 finita nel migliore dei modi\"<\/em>.<br \/><strong>Andreas Muller<\/strong> ha infine rivelato che sta continuando a seguire \"Amici\" in tv e che naturalmente tifa per i Blu, la sua squadra.<\/p>\n","protected":false},"excerpt":{"rendered":"<p>Andreas Muller\u00a0 \u00e8 stato ospite di Silvia Toffanin a \"Verissimo\" . Il ballerino di \"Amici 15\" \u00e8 arrivato in studio senza il tutore al braccio: \"Ho avuto una ripresa veloce - ha spiegato - Non pensavo. Avevo avuto un referto di sei settimane ma in realt\u00e0 ne sono passate due. L'importante \u00e8 che il gomito [&hellip;]<\/p>\n","protected":false},"author":1,"featured_media":110815,"comment_status":"closed","ping_status":"closed","sticky":false,"template":"","format":"standard","meta":{"footnotes":""},"categories":[54],"tags":[1909,11196,2504,2102,8596,2103,10914,29317,2208],"vip":[1688],"class_list":["post-54769","post","type-post","status-publish","format-standard","has-post-thumbnail","hentry","category-news","tag-amici","tag-andreas-muller","tag-ballerino","tag-dichiarazioni","tag-infortunio","tag-intervista","tag-serale","tag-squadra-blu","tag-verissimo","vip-silvia_toffanin"],"yoast_head":"<title>&#039;Amici 15&#039;: Andreas Muller a &#039;Verissimo&#039; senza tutore al braccio - Gossip.it | News sul Gossip e VIP<\/title>\n<meta name=\"description\" content=\"Andreas Muller\u00a0 \u00e8 stato ospite di Silvia Toffanin a &quot;Verissimo&quot; . Il ballerino di &quot;Amici 15&quot; \u00e8 arrivato in studio senza il tutore al braccio: &quot;Ho avuto\" \/>\n<meta name=\"robots\" content=\"index, follow, max-snippet:-1, max-image-preview:large, max-video-preview:-1\" \/>\n<link rel=\"canonical\" href=\"https:\/\/www.gossip.it\/news\/amici-15-andreas-muller-verissimo\/\" \/>\n<meta property=\"og:locale\" content=\"it_IT\" \/>\n<meta property=\"og:type\" content=\"article\" \/>\n<meta property=\"og:title\" content=\"&#039;Amici 15&#039;: Andreas Muller a &#039;Verissimo&#039; senza tutore al braccio - Gossip.it | News sul Gossip e VIP\" \/>\n<meta property=\"og:description\" content=\"Andreas Muller\u00a0 \u00e8 stato ospite di Silvia Toffanin a &quot;Verissimo&quot; . Il ballerino di &quot;Amici 15&quot; \u00e8 arrivato in studio senza il tutore al braccio: &quot;Ho avuto\" \/>\n<meta property=\"og:url\" content=\"https:\/\/www.gossip.it\/news\/amici-15-andreas-muller-verissimo\/\" \/>\n<meta property=\"og:site_name\" content=\"Gossip.it | News sul Gossip e VIP\" \/>\n<meta property=\"article:publisher\" content=\"https:\/\/www.facebook.com\/GossipIT\" \/>\n<meta property=\"article:published_time\" content=\"2016-04-03T22:00:00+00:00\" \/>\n<meta property=\"og:image\" content=\"http:\/\/files.gossip.it\/immagini_news\/2016\/04\/1459771895_andreas_muller_verissimo.jpg\" \/>\n<meta name=\"author\" content=\"La Redazione\" \/>\n<meta name=\"twitter:card\" content=\"summary_large_image\" \/>\n<meta name=\"twitter:image\" content=\"http:\/\/files.gossip.it\/immagini_news\/2016\/04\/1459771895_andreas_muller_verissimo.jpg\" \/>\n<meta name=\"twitter:creator\" content=\"@gossinews_it\" \/>\n<meta name=\"twitter:site\" content=\"@gossinews_it\" \/>\n<meta name=\"twitter:label1\" content=\"Scritto da\" \/>\n\t<meta name=\"twitter:data1\" content=\"Francesca Romana Domenici\" \/>\n\t<meta name=\"twitter:label2\" content=\"Tempo di lettura stimato\" \/>\n\t<meta name=\"twitter:data2\" content=\"2 minuti\" \/>","yoast_head_json":{"title":"'Amici 15': Andreas Muller a 'Verissimo' senza tutore al braccio - Gossip.it | News sul Gossip e VIP","description":"Andreas Muller\u00a0 \u00e8 stato ospite di Silvia Toffanin a \"Verissimo\" . Il ballerino di \"Amici 15\" \u00e8 arrivato in studio senza il tutore al braccio: \"Ho avuto","robots":{"index":"index","follow":"follow","max-snippet":"max-snippet:-1","max-image-preview":"max-image-preview:large","max-video-preview":"max-video-preview:-1"},"canonical":"https:\/\/www.gossip.it\/news\/amici-15-andreas-muller-verissimo\/","og_locale":"it_IT","og_type":"article","og_title":"'Amici 15': Andreas Muller a 'Verissimo' senza tutore al braccio - Gossip.it | News sul Gossip e VIP","og_description":"Andreas Muller\u00a0 \u00e8 stato ospite di Silvia Toffanin a \"Verissimo\" . Il ballerino di \"Amici 15\" \u00e8 arrivato in studio senza il tutore al braccio: \"Ho avuto","og_url":"https:\/\/www.gossip.it\/news\/amici-15-andreas-muller-verissimo\/","og_site_name":"Gossip.it | News sul Gossip e VIP","article_publisher":"https:\/\/www.facebook.com\/GossipIT","article_published_time":"2016-04-03T22:00:00+00:00","og_image":[{"url":"http:\/\/files.gossip.it\/immagini_news\/2016\/04\/1459771895_andreas_muller_verissimo.jpg"}],"author":"La Redazione","twitter_card":"summary_large_image","twitter_image":"http:\/\/files.gossip.it\/immagini_news\/2016\/04\/1459771895_andreas_muller_verissimo.jpg","twitter_creator":"@gossinews_it","twitter_site":"@gossinews_it","twitter_misc":{"Scritto da":"Francesca Romana Domenici","Tempo di lettura stimato":"2 minuti"},"schema":{"@context":"https:\/\/schema.org","@graph":[{"@type":"Article","@id":"https:\/\/www.gossip.it\/news\/amici-15-andreas-muller-verissimo\/#article","isPartOf":{"@id":"https:\/\/www.gossip.it\/news\/amici-15-andreas-muller-verissimo\/"},"author":{"name":"La Redazione","@id":"https:\/\/www.gossip.it\/#\/schema\/person\/488896f75158bff1cc83c6c39d141110"},"headline":"'Amici 15': Andreas Muller a 'Verissimo' senza tutore al braccio","datePublished":"2016-04-03T22:00:00+00:00","dateModified":"2016-04-03T22:00:00+00:00","mainEntityOfPage":{"@id":"https:\/\/www.gossip.it\/news\/amici-15-andreas-muller-verissimo\/"},"wordCount":481,"publisher":{"@id":"https:\/\/www.gossip.it\/#organization"},"image":{"@id":"https:\/\/www.gossip.it\/news\/amici-15-andreas-muller-verissimo\/#primaryimage"},"thumbnailUrl":"http:\/\/files.gossip.it\/immagini_news\/2016\/04\/1459771895_andreas_muller_verissimo.jpg","keywords":["amici","andreas muller","ballerino","dichiarazioni","infortunio","intervista","serale","squadra blu","verissimo"],"articleSection":["News"],"inLanguage":"it-IT"},{"@type":"WebPage","@id":"https:\/\/www.gossip.it\/news\/amici-15-andreas-muller-verissimo\/","url":"https:\/\/www.gossip.it\/news\/amici-15-andreas-muller-verissimo\/","name":"'Amici 15': Andreas Muller a 'Verissimo' senza tutore al braccio - Gossip.it | News sul Gossip e VIP","isPartOf":{"@id":"https:\/\/www.gossip.it\/#website"},"primaryImageOfPage":{"@id":"https:\/\/www.gossip.it\/news\/amici-15-andreas-muller-verissimo\/#primaryimage"},"image":{"@id":"https:\/\/www.gossip.it\/news\/amici-15-andreas-muller-verissimo\/#primaryimage"},"thumbnailUrl":"http:\/\/files.gossip.it\/immagini_news\/2016\/04\/1459771895_andreas_muller_verissimo.jpg","datePublished":"2016-04-03T22:00:00+00:00","dateModified":"2016-04-03T22:00:00+00:00","description":"Andreas Muller\u00a0 \u00e8 stato ospite di Silvia Toffanin a \"Verissimo\" . Il ballerino di \"Amici 15\" \u00e8 arrivato in studio senza il tutore al braccio: \"Ho avuto","breadcrumb":{"@id":"https:\/\/www.gossip.it\/news\/amici-15-andreas-muller-verissimo\/#breadcrumb"},"inLanguage":"it-IT","potentialAction":[{"@type":"ReadAction","target":["https:\/\/www.gossip.it\/news\/amici-15-andreas-muller-verissimo\/"]}]},{"@type":"ImageObject","inLanguage":"it-IT","@id":"https:\/\/www.gossip.it\/news\/amici-15-andreas-muller-verissimo\/#primaryimage","url":"http:\/\/files.gossip.it\/immagini_news\/2016\/04\/1459771895_andreas_muller_verissimo.jpg","contentUrl":"http:\/\/files.gossip.it\/immagini_news\/2016\/04\/1459771895_andreas_muller_verissimo.jpg"},{"@type":"BreadcrumbList","@id":"https:\/\/www.gossip.it\/news\/amici-15-andreas-muller-verissimo\/#breadcrumb","itemListElement":[{"@type":"ListItem","position":1,"name":"Home","item":"https:\/\/www.gossip.it\/"},{"@type":"ListItem","position":2,"name":"'Amici 15': Andreas Muller a 'Verissimo' senza tutore al braccio"}]},{"@type":"WebSite","@id":"https:\/\/www.gossip.it\/#website","url":"https:\/\/www.gossip.it\/","name":"Gossip and VIP News","description":"Quotidiano di cronaca rosa, costume e societ\u00e0","publisher":{"@id":"https:\/\/www.gossip.it\/#organization"},"alternateName":"Gossip and VIP News","potentialAction":[{"@type":"SearchAction","target":{"@type":"EntryPoint","urlTemplate":"https:\/\/www.gossip.it\/?s={search_term_string}"},"query-input":{"@type":"PropertyValueSpecification","valueRequired":true,"valueName":"search_term_string"}}],"inLanguage":"it-IT"},{"@type":"Organization","@id":"https:\/\/www.gossip.it\/#organization","name":"Gossip and VIP News","alternateName":"Gossip News","url":"https:\/\/www.gossip.it\/","logo":{"@type":"ImageObject","inLanguage":"it-IT","@id":"https:\/\/www.gossip.it\/#\/schema\/logo\/image\/","url":"https:\/\/www.gossip.it\/wp-content\/uploads\/2022\/04\/cropped-corna-alta-tiny.png","contentUrl":"https:\/\/www.gossip.it\/wp-content\/uploads\/2022\/04\/cropped-corna-alta-tiny.png","width":512,"height":512,"caption":"Gossip and VIP News"},"image":{"@id":"https:\/\/www.gossip.it\/#\/schema\/logo\/image\/"},"sameAs":["https:\/\/www.facebook.com\/GossipIT","https:\/\/x.com\/gossinews_it","https:\/\/instagram.com\/gossip_it"]},{"@type":"Person","@id":"https:\/\/www.gossip.it\/#\/schema\/person\/488896f75158bff1cc83c6c39d141110","name":"La Redazione","image":{"@type":"ImageObject","inLanguage":"it-IT","@id":"https:\/\/www.gossip.it\/#\/schema\/person\/image\/","url":"https:\/\/secure.gravatar.com\/avatar\/5a5f5c6fa3e6700e4249abdad0263a1e94e927d9e0499b1cb09c1cd29c044d80?s=96&d=mm&r=g","contentUrl":"https:\/\/secure.gravatar.com\/avatar\/5a5f5c6fa3e6700e4249abdad0263a1e94e927d9e0499b1cb09c1cd29c044d80?s=96&d=mm&r=g","caption":"La Redazione"},"sameAs":["https:\/\/www.gossip.it"]}]}},"amp_enabled":true,"_links":{"self":[{"href":"https:\/\/www.gossip.it\/api\/wp\/v2\/posts\/54769","targetHints":{"allow":["GET"]}}],"collection":[{"href":"https:\/\/www.gossip.it\/api\/wp\/v2\/posts"}],"about":[{"href":"https:\/\/www.gossip.it\/api\/wp\/v2\/types\/post"}],"author":[{"embeddable":true,"href":"https:\/\/www.gossip.it\/api\/wp\/v2\/users\/1"}],"replies":[{"embeddable":true,"href":"https:\/\/www.gossip.it\/api\/wp\/v2\/comments?post=54769"}],"version-history":[{"count":0,"href":"https:\/\/www.gossip.it\/api\/wp\/v2\/posts\/54769\/revisions"}],"wp:featuredmedia":[{"embeddable":true,"href":"https:\/\/www.gossip.it\/api\/wp\/v2\/media\/110815"}],"wp:attachment":[{"href":"https:\/\/www.gossip.it\/api\/wp\/v2\/media?parent=54769"}],"wp:term":[{"taxonomy":"category","embeddable":true,"href":"https:\/\/www.gossip.it\/api\/wp\/v2\/categories?post=54769"},{"taxonomy":"post_tag","embeddable":true,"href":"https:\/\/www.gossip.it\/api\/wp\/v2\/tags?post=54769"},{"taxonomy":"vip","embeddable":true,"href":"https:\/\/www.gossip.it\/api\/wp\/v2\/vip?post=54769"}],"curies":[{"name":"wp","href":"https:\/\/api.w.org\/{rel}","templated":true}]}}