{"id":54885,"date":"2016-04-15T00:00:00","date_gmt":"2016-04-14T22:00:00","guid":{"rendered":"https:\/\/www.gossip.it\/senza-categoria\/tara-gabrieletto-denuncia\/"},"modified":"2016-04-15T00:00:00","modified_gmt":"2016-04-14T22:00:00","slug":"tara-gabrieletto-denuncia","status":"publish","type":"post","link":"https:\/\/www.gossip.it\/news\/tara-gabrieletto-denuncia\/","title":{"rendered":"Tara Gabrieletto mantiene la promessa e scatta la denuncia: 'Detto... Fatto! Ora sono problemi tuoi'"},"content":{"rendered":"<p><a href=\"http:\/\/www.gossip.it\/vip\/tara-gabriletto\/\">Tara Gabriletto<\/a> lo aveva detto che sarebbe ricorsa alle vie legali e cos\u00ec ha fatto. L'ex corteggiatrice di \"<a href=\"http:\/\/www.gossip.it\/vip\/uomini-e donne\/\">Uomini e Donne<\/a>\" sul social ha pubblicato la foto del verbale della sua <strong>denuncia<\/strong>. Un provvedimento dettato dalla necessit\u00e0 di difendersi da quanto riportato sul suo conto nelle scorse e settimane.<br \/>La ragazza accanto al documento condiviso su Instagram e successivamente rimosso ha scritto: <em>\"Detto... Fatto! Ora sono problemi tuoi\"<\/em>.\u00a0<\/p>\n<figure class=\"caption\"><img decoding=\"async\" alt=\"\" width=\"640\" height=\"773\" src=\"http:\/\/files.gossip.it\/immagini_news\/2016\/04\/1460728886_verbale_tara.jpg\" \/><figcaption>Il verbale della denuncia \u00a0sporta da Tara Gabrieletto<\/figcaption><\/figure>\n<p>Dopo la storia con <a href=\"http:\/\/www.gossip.it\/vip\/lucas-peracchi\/\">Lucas Peracchi<\/a> e <a href=\"http:\/\/www.gossip.it\/vip\/giulia-carnevali\/\">Giulia Carnevali<\/a> del Trono Classico di \"Uomini e Donne\" (<strong>Tara<\/strong> \u00e8 stata accusata di essere l'artefice dell'accordo tra i due ragazzi) la <strong>Gabrieletto<\/strong> aveva gi\u00e0 dichiarato di essersi rivolta ai suoi legali e di voler sporgere <strong>denuncia<\/strong>. Poi il gossip sui presunti tradimenti di <a href=\"http:\/\/www.gossip.it\/vip\/cristian-gallella \/\">Cristian Gallella <\/a>l'hanno fatta andare di nuovo su tutte le furie: <em>\"Ragazze state tranquille<\/em> - ha scritto sul suo profilo <a href=\"http:\/\/www.gossip.it\/vip\/social\/\">social<\/a> - <em>Nessuno ha tradito nessuno. Questi articoli da quattro soldi dovrebbero imparare uno, a scrivere cose vere e due, a scrivere cose molto pi\u00f9 importanti per attirare qualche lettore. Domani prender\u00f2 provvedimenti con le persone che hanno osato infangare la mia storia e vi far\u00f2 vedere come abbasseranno subito la cresta! Ancora non hanno imparato che digitare lettere sbagliate porta grossi guai\"<\/em>.<\/p>\n<figure class=\"caption\"><img decoding=\"async\" alt=\"\" width=\"640\" height=\"790\" src=\"http:\/\/files.gossip.it\/immagini_news\/2016\/04\/1460728934_tara_gabrieletto.jpg\" \/><figcaption>Tara ha deciso di ricorrere alle vie legali dopo gli ultimi pettegolezzi sul suo conto<\/figcaption><\/figure>\n<p>Detto fatto: <strong>Tara Gabrieletto<\/strong>\u00a0ha sporto <strong>denuncia<\/strong>. Non \u00e8 ben chiaro contro chi. Ma la futura sposa di Cristian Gallella ha mantenuto la parola:<em> \"Visto che in molti mettono, ancora, in dubbio la veridicit\u00e0 delle parole e delle azioni di <strong>Tara<\/strong>, ecco la prova concreta e tangibile che nessuno sta giocando<\/em> - si legge sulla fanpage di <a href=\"http:\/\/www.gossip.it\/vip\/facebook\/\">Facebook<\/a> - <em>Per ovvie ragioni sono oscurati i dati della persona interessata, speriamo capiate e non abbiate da obiettare anche su questo. Non parole ma fatti! Questa sar\u00e0 solo la prima di una lunga serie. Magari adesso prima di scrivere cattiverie ed infangare, la gente ci penser\u00e0 2 volte\"<\/em>.<\/p>\n","protected":false},"excerpt":{"rendered":"<p>Tara Gabriletto lo aveva detto che sarebbe ricorsa alle vie legali e cos\u00ec ha fatto. L'ex corteggiatrice di \"Uomini e Donne\" sul social ha pubblicato la foto del verbale della sua denuncia. Un provvedimento dettato dalla necessit\u00e0 di difendersi da quanto riportato sul suo conto nelle scorse e settimane.La ragazza accanto al documento condiviso su [&hellip;]<\/p>\n","protected":false},"author":1,"featured_media":110931,"comment_status":"closed","ping_status":"closed","sticky":false,"template":"","format":"standard","meta":{"footnotes":""},"categories":[54],"tags":[10582,54175,2129,9383,54271,2199,11733,1923,9442,2113,2115],"vip":[1237],"class_list":["post-54885","post","type-post","status-publish","format-standard","has-post-thumbnail","hentry","category-news","tag-accuse","tag-christian-gallella","tag-corteggiatrice","tag-denuncia","tag-giulia-carnevali","tag-isola","tag-lucas-peracchi","tag-social","tag-tara-gabrieletto","tag-tronista","tag-uomini-e-donne","vip-maria_de_filippi"],"yoast_head":"<title>Tara Gabrieletto mantiene la promessa e scatta la denuncia: &#039;Detto... Fatto! Ora sono problemi tuoi&#039; - Gossip.it | News sul Gossip e VIP<\/title>\n<meta name=\"description\" content=\"Tara Gabriletto lo aveva detto che sarebbe ricorsa alle vie legali e cos\u00ec ha fatto. L&#039;ex corteggiatrice di &quot;Uomini e Donne&quot; sul social ha pubblicato la\" \/>\n<meta name=\"robots\" content=\"index, follow, max-snippet:-1, max-image-preview:large, max-video-preview:-1\" \/>\n<link rel=\"canonical\" href=\"https:\/\/www.gossip.it\/news\/tara-gabrieletto-denuncia\/\" \/>\n<meta property=\"og:locale\" content=\"it_IT\" \/>\n<meta property=\"og:type\" content=\"article\" \/>\n<meta property=\"og:title\" content=\"Tara Gabrieletto mantiene la promessa e scatta la denuncia: &#039;Detto... Fatto! Ora sono problemi tuoi&#039; - Gossip.it | News sul Gossip e VIP\" \/>\n<meta property=\"og:description\" content=\"Tara Gabriletto lo aveva detto che sarebbe ricorsa alle vie legali e cos\u00ec ha fatto. L&#039;ex corteggiatrice di &quot;Uomini e Donne&quot; sul social ha pubblicato la\" \/>\n<meta property=\"og:url\" content=\"https:\/\/www.gossip.it\/news\/tara-gabrieletto-denuncia\/\" \/>\n<meta property=\"og:site_name\" content=\"Gossip.it | News sul Gossip e VIP\" \/>\n<meta property=\"article:publisher\" content=\"https:\/\/www.facebook.com\/GossipIT\" \/>\n<meta property=\"article:published_time\" content=\"2016-04-14T22:00:00+00:00\" \/>\n<meta property=\"og:image\" content=\"http:\/\/files.gossip.it\/immagini_news\/2016\/04\/1460728886_verbale_tara.jpg\" \/>\n<meta name=\"author\" content=\"La Redazione\" \/>\n<meta name=\"twitter:card\" content=\"summary_large_image\" \/>\n<meta name=\"twitter:image\" content=\"http:\/\/files.gossip.it\/immagini_news\/2016\/04\/1460728886_verbale_tara.jpg\" \/>\n<meta name=\"twitter:creator\" content=\"@gossinews_it\" \/>\n<meta name=\"twitter:site\" content=\"@gossinews_it\" \/>\n<meta name=\"twitter:label1\" content=\"Scritto da\" \/>\n\t<meta name=\"twitter:data1\" content=\"Francesca Romana Domenici\" \/>\n\t<meta name=\"twitter:label2\" content=\"Tempo di lettura stimato\" \/>\n\t<meta name=\"twitter:data2\" content=\"2 minuti\" \/>","yoast_head_json":{"title":"Tara Gabrieletto mantiene la promessa e scatta la denuncia: 'Detto... Fatto! Ora sono problemi tuoi' - Gossip.it | News sul Gossip e VIP","description":"Tara Gabriletto lo aveva detto che sarebbe ricorsa alle vie legali e cos\u00ec ha fatto. L'ex corteggiatrice di \"Uomini e Donne\" sul social ha pubblicato la","robots":{"index":"index","follow":"follow","max-snippet":"max-snippet:-1","max-image-preview":"max-image-preview:large","max-video-preview":"max-video-preview:-1"},"canonical":"https:\/\/www.gossip.it\/news\/tara-gabrieletto-denuncia\/","og_locale":"it_IT","og_type":"article","og_title":"Tara Gabrieletto mantiene la promessa e scatta la denuncia: 'Detto... Fatto! Ora sono problemi tuoi' - Gossip.it | News sul Gossip e VIP","og_description":"Tara Gabriletto lo aveva detto che sarebbe ricorsa alle vie legali e cos\u00ec ha fatto. L'ex corteggiatrice di \"Uomini e Donne\" sul social ha pubblicato la","og_url":"https:\/\/www.gossip.it\/news\/tara-gabrieletto-denuncia\/","og_site_name":"Gossip.it | News sul Gossip e VIP","article_publisher":"https:\/\/www.facebook.com\/GossipIT","article_published_time":"2016-04-14T22:00:00+00:00","og_image":[{"url":"http:\/\/files.gossip.it\/immagini_news\/2016\/04\/1460728886_verbale_tara.jpg"}],"author":"La Redazione","twitter_card":"summary_large_image","twitter_image":"http:\/\/files.gossip.it\/immagini_news\/2016\/04\/1460728886_verbale_tara.jpg","twitter_creator":"@gossinews_it","twitter_site":"@gossinews_it","twitter_misc":{"Scritto da":"Francesca Romana Domenici","Tempo di lettura stimato":"2 minuti"},"schema":{"@context":"https:\/\/schema.org","@graph":[{"@type":"Article","@id":"https:\/\/www.gossip.it\/news\/tara-gabrieletto-denuncia\/#article","isPartOf":{"@id":"https:\/\/www.gossip.it\/news\/tara-gabrieletto-denuncia\/"},"author":{"name":"La Redazione","@id":"https:\/\/www.gossip.it\/#\/schema\/person\/488896f75158bff1cc83c6c39d141110"},"headline":"Tara Gabrieletto mantiene la promessa e scatta la denuncia: 'Detto... Fatto! Ora sono problemi tuoi'","datePublished":"2016-04-14T22:00:00+00:00","dateModified":"2016-04-14T22:00:00+00:00","mainEntityOfPage":{"@id":"https:\/\/www.gossip.it\/news\/tara-gabrieletto-denuncia\/"},"wordCount":347,"publisher":{"@id":"https:\/\/www.gossip.it\/#organization"},"image":{"@id":"https:\/\/www.gossip.it\/news\/tara-gabrieletto-denuncia\/#primaryimage"},"thumbnailUrl":"http:\/\/files.gossip.it\/immagini_news\/2016\/04\/1460728886_verbale_tara.jpg","keywords":["accuse","christian gallella","corteggiatrice","denuncia","giulia carnevali","isola","lucas peracchi","social","tara gabrieletto","tronista","uomini e donne"],"articleSection":["News"],"inLanguage":"it-IT"},{"@type":"WebPage","@id":"https:\/\/www.gossip.it\/news\/tara-gabrieletto-denuncia\/","url":"https:\/\/www.gossip.it\/news\/tara-gabrieletto-denuncia\/","name":"Tara Gabrieletto mantiene la promessa e scatta la denuncia: 'Detto... Fatto! Ora sono problemi tuoi' - Gossip.it | News sul Gossip e VIP","isPartOf":{"@id":"https:\/\/www.gossip.it\/#website"},"primaryImageOfPage":{"@id":"https:\/\/www.gossip.it\/news\/tara-gabrieletto-denuncia\/#primaryimage"},"image":{"@id":"https:\/\/www.gossip.it\/news\/tara-gabrieletto-denuncia\/#primaryimage"},"thumbnailUrl":"http:\/\/files.gossip.it\/immagini_news\/2016\/04\/1460728886_verbale_tara.jpg","datePublished":"2016-04-14T22:00:00+00:00","dateModified":"2016-04-14T22:00:00+00:00","description":"Tara Gabriletto lo aveva detto che sarebbe ricorsa alle vie legali e cos\u00ec ha fatto. L'ex corteggiatrice di \"Uomini e Donne\" sul social ha pubblicato la","breadcrumb":{"@id":"https:\/\/www.gossip.it\/news\/tara-gabrieletto-denuncia\/#breadcrumb"},"inLanguage":"it-IT","potentialAction":[{"@type":"ReadAction","target":["https:\/\/www.gossip.it\/news\/tara-gabrieletto-denuncia\/"]}]},{"@type":"ImageObject","inLanguage":"it-IT","@id":"https:\/\/www.gossip.it\/news\/tara-gabrieletto-denuncia\/#primaryimage","url":"http:\/\/files.gossip.it\/immagini_news\/2016\/04\/1460728886_verbale_tara.jpg","contentUrl":"http:\/\/files.gossip.it\/immagini_news\/2016\/04\/1460728886_verbale_tara.jpg"},{"@type":"BreadcrumbList","@id":"https:\/\/www.gossip.it\/news\/tara-gabrieletto-denuncia\/#breadcrumb","itemListElement":[{"@type":"ListItem","position":1,"name":"Home","item":"https:\/\/www.gossip.it\/"},{"@type":"ListItem","position":2,"name":"Tara Gabrieletto mantiene la promessa e scatta la denuncia: 'Detto... Fatto! Ora sono problemi tuoi'"}]},{"@type":"WebSite","@id":"https:\/\/www.gossip.it\/#website","url":"https:\/\/www.gossip.it\/","name":"Gossip and VIP News","description":"Quotidiano di cronaca rosa, costume e societ\u00e0","publisher":{"@id":"https:\/\/www.gossip.it\/#organization"},"alternateName":"Gossip and VIP News","potentialAction":[{"@type":"SearchAction","target":{"@type":"EntryPoint","urlTemplate":"https:\/\/www.gossip.it\/?s={search_term_string}"},"query-input":{"@type":"PropertyValueSpecification","valueRequired":true,"valueName":"search_term_string"}}],"inLanguage":"it-IT"},{"@type":"Organization","@id":"https:\/\/www.gossip.it\/#organization","name":"Gossip and VIP News","alternateName":"Gossip News","url":"https:\/\/www.gossip.it\/","logo":{"@type":"ImageObject","inLanguage":"it-IT","@id":"https:\/\/www.gossip.it\/#\/schema\/logo\/image\/","url":"https:\/\/www.gossip.it\/wp-content\/uploads\/2022\/04\/cropped-corna-alta-tiny.png","contentUrl":"https:\/\/www.gossip.it\/wp-content\/uploads\/2022\/04\/cropped-corna-alta-tiny.png","width":512,"height":512,"caption":"Gossip and VIP News"},"image":{"@id":"https:\/\/www.gossip.it\/#\/schema\/logo\/image\/"},"sameAs":["https:\/\/www.facebook.com\/GossipIT","https:\/\/x.com\/gossinews_it","https:\/\/instagram.com\/gossip_it"]},{"@type":"Person","@id":"https:\/\/www.gossip.it\/#\/schema\/person\/488896f75158bff1cc83c6c39d141110","name":"La Redazione","image":{"@type":"ImageObject","inLanguage":"it-IT","@id":"https:\/\/www.gossip.it\/#\/schema\/person\/image\/","url":"https:\/\/secure.gravatar.com\/avatar\/5a5f5c6fa3e6700e4249abdad0263a1e94e927d9e0499b1cb09c1cd29c044d80?s=96&d=mm&r=g","contentUrl":"https:\/\/secure.gravatar.com\/avatar\/5a5f5c6fa3e6700e4249abdad0263a1e94e927d9e0499b1cb09c1cd29c044d80?s=96&d=mm&r=g","caption":"La Redazione"},"sameAs":["https:\/\/www.gossip.it"]}]}},"amp_enabled":true,"_links":{"self":[{"href":"https:\/\/www.gossip.it\/api\/wp\/v2\/posts\/54885","targetHints":{"allow":["GET"]}}],"collection":[{"href":"https:\/\/www.gossip.it\/api\/wp\/v2\/posts"}],"about":[{"href":"https:\/\/www.gossip.it\/api\/wp\/v2\/types\/post"}],"author":[{"embeddable":true,"href":"https:\/\/www.gossip.it\/api\/wp\/v2\/users\/1"}],"replies":[{"embeddable":true,"href":"https:\/\/www.gossip.it\/api\/wp\/v2\/comments?post=54885"}],"version-history":[{"count":0,"href":"https:\/\/www.gossip.it\/api\/wp\/v2\/posts\/54885\/revisions"}],"wp:featuredmedia":[{"embeddable":true,"href":"https:\/\/www.gossip.it\/api\/wp\/v2\/media\/110931"}],"wp:attachment":[{"href":"https:\/\/www.gossip.it\/api\/wp\/v2\/media?parent=54885"}],"wp:term":[{"taxonomy":"category","embeddable":true,"href":"https:\/\/www.gossip.it\/api\/wp\/v2\/categories?post=54885"},{"taxonomy":"post_tag","embeddable":true,"href":"https:\/\/www.gossip.it\/api\/wp\/v2\/tags?post=54885"},{"taxonomy":"vip","embeddable":true,"href":"https:\/\/www.gossip.it\/api\/wp\/v2\/vip?post=54885"}],"curies":[{"name":"wp","href":"https:\/\/api.w.org\/{rel}","templated":true}]}}