{"id":55224,"date":"2016-05-19T00:00:00","date_gmt":"2016-05-18T22:00:00","guid":{"rendered":"https:\/\/www.gossip.it\/senza-categoria\/eva-riccobono-foto-brutta\/"},"modified":"2016-05-19T00:00:00","modified_gmt":"2016-05-18T22:00:00","slug":"eva-riccobono-foto-brutta","status":"publish","type":"post","link":"https:\/\/www.gossip.it\/news\/eva-riccobono-foto-brutta\/","title":{"rendered":"Eva Riccobono: 'Io? Carina, ma nelle foto non sorrido, divento brutta'"},"content":{"rendered":"<p><a href=\"http:\/\/www.gossip.it\/vip\/eva-riccobono\/\">Eva Riccobono<\/a> \u00e8 sensazionale in cover su <em>Grazia<\/em>\u00a0nel numero da oggi, gioved\u00ec 19 maggio, in edicola. <a href=\"http:\/\/www.gossip.it\/vip\/top-model\/\">Top model<\/a> richiestissima, <a href=\"http:\/\/www.gossip.it\/vip\/attrice\/\">attrice<\/a>, la bionda 33enne, 1 metro e 80 di altezza per 61 chili di peso, mamma di Leo, un anno e mezzo, avuto dal compagno <a href=\"http:\/\/www.gossip.it\/vip\/matteo-ceccarini\/\">Matteo Ceccarini<\/a>, \u00e8 uno schianto. Se le si chiede, per\u00f2 come si senta, risponde: <em>\"Carina anche se nelle <strong>foto<\/strong> \u00e8 meglio che non sorrida: non sono a mio agio e poi divento <strong>brutta<\/strong>\"<\/em>. E aggiunge:<em> \"Bisogna essere oggettive: ci sono donne che hanno un bel sorriso e altre che, quando ci provano, perdono in stile. Io sono tra queste. Io rido e sorrido moltissimo nella vita reale, ma in quella professionale preferisco di no. Quando hai un lavoro come il mio, non sei obbligata a fare la diva che distribuisce baci e sorrisi. Questa mia attitudine alla seriet\u00e0 e alla sobriet\u00e0, comunque, mi danneggia. La gente - intendo il pubblico in generale - mi vede come una persona algida, snob, distante, una che se la tira, insomma. E' una cosa che mi fa soffrire. \u00c8 come se io, in tutti questi anni, avessi dato agli altri un\u2019immagine completamente opposta alla persona che sono in realt\u00e0. Non ho costruito un personaggio, ho costruito un mostro\"<\/em>.<\/p>\n<figure class=\"caption\"><img decoding=\"async\" alt=\"\" width=\"640\" height=\"819\" src=\"http:\/\/files.gossip.it\/immagini_news\/2016\/05\/1463654115_eva_riccobono_grazia.jpg\" \/><figcaption>Eva Riccobono in cover su Grazia<\/figcaption><\/figure>\n<p>In <strong>foto<\/strong> non ride solo perch\u00e9 diventa <strong>brutta<\/strong>, <strong>Eva Riccobono<\/strong> spiega cos\u00ec il suo distacco apparente. <em>\"Sono comica, buffa e goffa, in realt\u00e0, non eterea come appaio. Sono una rompiscatole, faccio battute: sui set dei miei film sono sempre stata quella che faceva ridere i colleghi. A scuola ero quella che disturbava in classe. Non mi prendo sul serio, anche se non sembra\"<\/em>.<br \/>In <strong>foto<\/strong> \u00e8 seria altrimenti \u00e8<strong> brutta<\/strong>, questo il suo pensiero. Le piacerebbe, per\u00f2, condurre una cosa tipo <em>Zelig<\/em> per far capire che \u00e8 diversa. Intanto si prepara a girare da protagonista un film. Dopo tanta gavetta la sua occasione per dimistrare di essere diventata brava. Il lavoro, per\u00f2, non \u00e8 pi\u00f9 al primissimo posto.<em> \"Dopo la maternit\u00e0 mi sono tranquillizzata. Non ho pi\u00f9 l\u2019ansia o la frenesia della carriera, oppure la paura di sbagliare. Amo moltissimo la mia professione, ma non mi interessa pi\u00f9 la velocit\u00e0. E non solo nella vita professionale. L\u2019arrivo di Leo mi ha insegnato quali sono le priorit\u00e0 e diciamo che psicologicamente sono molto pi\u00f9 attenta alla mia famiglia di origine, ai miei amici. Lavoro, anche molto, ma con pi\u00f9 serenit\u00e0\"<\/em>, sottolinea al settimanale.<\/p>\n<figure class=\"caption\"><img decoding=\"async\" alt=\"\" width=\"640\" height=\"646\" src=\"http:\/\/files.gossip.it\/immagini_news\/2016\/05\/1463654139_eva_riccobono_grazia_2.jpg\" \/><figcaption>La modella e attrice in foto non sorride mai: 'Divento brutta'<\/figcaption><\/figure>\n<p>Si \u00e8 trasferita a Londra soprattutto per Matteo, le piace vivere l\u00ec. Di bimbi li adora, per un altro figlio, per\u00f2, c'\u00e8 tempo: <em>\"Ho sempre sognato di fare la mamma,\u00a0adoro i bambini e ne avr\u00f2 un altro o altri solo quando potr\u00f2 permettermi il lusso di stare con loro il tempo necessario. Non amo lasciare i figli alle tate. Desidero essere sempre presente\"<\/em>. Il momento pi\u00f9 felice della sua vita, quando ha visto Leo: <em>\"Quando incontri la tua creatura per la prima volta\"<\/em>.<\/p>\n<p>\u00a0<\/p>\n","protected":false},"excerpt":{"rendered":"<p>Eva Riccobono \u00e8 sensazionale in cover su Grazia\u00a0nel numero da oggi, gioved\u00ec 19 maggio, in edicola. Top model richiestissima, attrice, la bionda 33enne, 1 metro e 80 di altezza per 61 chili di peso, mamma di Leo, un anno e mezzo, avuto dal compagno Matteo Ceccarini, \u00e8 uno schianto. Se le si chiede, per\u00f2 come [&hellip;]<\/p>\n","protected":false},"author":1,"featured_media":111270,"comment_status":"closed","ping_status":"closed","sticky":false,"template":"","format":"standard","meta":{"footnotes":""},"categories":[54],"tags":[1983,3403,2102,2118,2306,2103,9080,1997,2333],"vip":[703,1308],"class_list":["post-55224","post","type-post","status-publish","format-standard","has-post-thumbnail","hentry","category-news","tag-attrice","tag-brutta","tag-dichiarazioni","tag-foto","tag-grazia","tag-intervista","tag-leo","tag-modella","tag-top-model","vip-eva_riccobono","vip-matteo_ceccarini"],"yoast_head":"<title>Eva Riccobono: &#039;Io? Carina, ma nelle foto non sorrido, divento brutta&#039; - Gossip.it | News sul Gossip e VIP<\/title>\n<meta name=\"description\" content=\"Eva Riccobono \u00e8 sensazionale in cover su Grazia\u00a0nel numero da oggi, gioved\u00ec 19 maggio, in edicola. Top model richiestissima, attrice, la bionda 33enne, 1\" \/>\n<meta name=\"robots\" content=\"index, follow, max-snippet:-1, max-image-preview:large, max-video-preview:-1\" \/>\n<link rel=\"canonical\" href=\"https:\/\/www.gossip.it\/news\/eva-riccobono-foto-brutta\/\" \/>\n<meta property=\"og:locale\" content=\"it_IT\" \/>\n<meta property=\"og:type\" content=\"article\" \/>\n<meta property=\"og:title\" content=\"Eva Riccobono: &#039;Io? Carina, ma nelle foto non sorrido, divento brutta&#039; - Gossip.it | News sul Gossip e VIP\" \/>\n<meta property=\"og:description\" content=\"Eva Riccobono \u00e8 sensazionale in cover su Grazia\u00a0nel numero da oggi, gioved\u00ec 19 maggio, in edicola. Top model richiestissima, attrice, la bionda 33enne, 1\" \/>\n<meta property=\"og:url\" content=\"https:\/\/www.gossip.it\/news\/eva-riccobono-foto-brutta\/\" \/>\n<meta property=\"og:site_name\" content=\"Gossip.it | News sul Gossip e VIP\" \/>\n<meta property=\"article:publisher\" content=\"https:\/\/www.facebook.com\/GossipIT\" \/>\n<meta property=\"article:published_time\" content=\"2016-05-18T22:00:00+00:00\" \/>\n<meta property=\"og:image\" content=\"http:\/\/files.gossip.it\/immagini_news\/2016\/05\/1463654115_eva_riccobono_grazia.jpg\" \/>\n<meta name=\"author\" content=\"La Redazione\" \/>\n<meta name=\"twitter:card\" content=\"summary_large_image\" \/>\n<meta name=\"twitter:image\" content=\"http:\/\/files.gossip.it\/immagini_news\/2016\/05\/1463654115_eva_riccobono_grazia.jpg\" \/>\n<meta name=\"twitter:creator\" content=\"@gossinews_it\" \/>\n<meta name=\"twitter:site\" content=\"@gossinews_it\" \/>\n<meta name=\"twitter:label1\" content=\"Scritto da\" \/>\n\t<meta name=\"twitter:data1\" content=\"Annamaria Capozzi\" \/>\n\t<meta name=\"twitter:label2\" content=\"Tempo di lettura stimato\" \/>\n\t<meta name=\"twitter:data2\" content=\"2 minuti\" \/>","yoast_head_json":{"title":"Eva Riccobono: 'Io? Carina, ma nelle foto non sorrido, divento brutta' - Gossip.it | News sul Gossip e VIP","description":"Eva Riccobono \u00e8 sensazionale in cover su Grazia\u00a0nel numero da oggi, gioved\u00ec 19 maggio, in edicola. Top model richiestissima, attrice, la bionda 33enne, 1","robots":{"index":"index","follow":"follow","max-snippet":"max-snippet:-1","max-image-preview":"max-image-preview:large","max-video-preview":"max-video-preview:-1"},"canonical":"https:\/\/www.gossip.it\/news\/eva-riccobono-foto-brutta\/","og_locale":"it_IT","og_type":"article","og_title":"Eva Riccobono: 'Io? Carina, ma nelle foto non sorrido, divento brutta' - Gossip.it | News sul Gossip e VIP","og_description":"Eva Riccobono \u00e8 sensazionale in cover su Grazia\u00a0nel numero da oggi, gioved\u00ec 19 maggio, in edicola. Top model richiestissima, attrice, la bionda 33enne, 1","og_url":"https:\/\/www.gossip.it\/news\/eva-riccobono-foto-brutta\/","og_site_name":"Gossip.it | News sul Gossip e VIP","article_publisher":"https:\/\/www.facebook.com\/GossipIT","article_published_time":"2016-05-18T22:00:00+00:00","og_image":[{"url":"http:\/\/files.gossip.it\/immagini_news\/2016\/05\/1463654115_eva_riccobono_grazia.jpg"}],"author":"La Redazione","twitter_card":"summary_large_image","twitter_image":"http:\/\/files.gossip.it\/immagini_news\/2016\/05\/1463654115_eva_riccobono_grazia.jpg","twitter_creator":"@gossinews_it","twitter_site":"@gossinews_it","twitter_misc":{"Scritto da":"Annamaria Capozzi","Tempo di lettura stimato":"2 minuti"},"schema":{"@context":"https:\/\/schema.org","@graph":[{"@type":"Article","@id":"https:\/\/www.gossip.it\/news\/eva-riccobono-foto-brutta\/#article","isPartOf":{"@id":"https:\/\/www.gossip.it\/news\/eva-riccobono-foto-brutta\/"},"author":{"name":"La Redazione","@id":"https:\/\/www.gossip.it\/#\/schema\/person\/488896f75158bff1cc83c6c39d141110"},"headline":"Eva Riccobono: 'Io? Carina, ma nelle foto non sorrido, divento brutta'","datePublished":"2016-05-18T22:00:00+00:00","dateModified":"2016-05-18T22:00:00+00:00","mainEntityOfPage":{"@id":"https:\/\/www.gossip.it\/news\/eva-riccobono-foto-brutta\/"},"wordCount":503,"publisher":{"@id":"https:\/\/www.gossip.it\/#organization"},"image":{"@id":"https:\/\/www.gossip.it\/news\/eva-riccobono-foto-brutta\/#primaryimage"},"thumbnailUrl":"http:\/\/files.gossip.it\/immagini_news\/2016\/05\/1463654115_eva_riccobono_grazia.jpg","keywords":["attrice","brutta","dichiarazioni","foto","grazia","intervista","Leo","modella","top model"],"articleSection":["News"],"inLanguage":"it-IT"},{"@type":"WebPage","@id":"https:\/\/www.gossip.it\/news\/eva-riccobono-foto-brutta\/","url":"https:\/\/www.gossip.it\/news\/eva-riccobono-foto-brutta\/","name":"Eva Riccobono: 'Io? Carina, ma nelle foto non sorrido, divento brutta' - Gossip.it | News sul Gossip e VIP","isPartOf":{"@id":"https:\/\/www.gossip.it\/#website"},"primaryImageOfPage":{"@id":"https:\/\/www.gossip.it\/news\/eva-riccobono-foto-brutta\/#primaryimage"},"image":{"@id":"https:\/\/www.gossip.it\/news\/eva-riccobono-foto-brutta\/#primaryimage"},"thumbnailUrl":"http:\/\/files.gossip.it\/immagini_news\/2016\/05\/1463654115_eva_riccobono_grazia.jpg","datePublished":"2016-05-18T22:00:00+00:00","dateModified":"2016-05-18T22:00:00+00:00","description":"Eva Riccobono \u00e8 sensazionale in cover su Grazia\u00a0nel numero da oggi, gioved\u00ec 19 maggio, in edicola. Top model richiestissima, attrice, la bionda 33enne, 1","breadcrumb":{"@id":"https:\/\/www.gossip.it\/news\/eva-riccobono-foto-brutta\/#breadcrumb"},"inLanguage":"it-IT","potentialAction":[{"@type":"ReadAction","target":["https:\/\/www.gossip.it\/news\/eva-riccobono-foto-brutta\/"]}]},{"@type":"ImageObject","inLanguage":"it-IT","@id":"https:\/\/www.gossip.it\/news\/eva-riccobono-foto-brutta\/#primaryimage","url":"http:\/\/files.gossip.it\/immagini_news\/2016\/05\/1463654115_eva_riccobono_grazia.jpg","contentUrl":"http:\/\/files.gossip.it\/immagini_news\/2016\/05\/1463654115_eva_riccobono_grazia.jpg"},{"@type":"BreadcrumbList","@id":"https:\/\/www.gossip.it\/news\/eva-riccobono-foto-brutta\/#breadcrumb","itemListElement":[{"@type":"ListItem","position":1,"name":"Home","item":"https:\/\/www.gossip.it\/"},{"@type":"ListItem","position":2,"name":"Eva Riccobono: 'Io? Carina, ma nelle foto non sorrido, divento brutta'"}]},{"@type":"WebSite","@id":"https:\/\/www.gossip.it\/#website","url":"https:\/\/www.gossip.it\/","name":"Gossip and VIP News","description":"Quotidiano di cronaca rosa, costume e societ\u00e0","publisher":{"@id":"https:\/\/www.gossip.it\/#organization"},"alternateName":"Gossip and VIP News","potentialAction":[{"@type":"SearchAction","target":{"@type":"EntryPoint","urlTemplate":"https:\/\/www.gossip.it\/?s={search_term_string}"},"query-input":{"@type":"PropertyValueSpecification","valueRequired":true,"valueName":"search_term_string"}}],"inLanguage":"it-IT"},{"@type":"Organization","@id":"https:\/\/www.gossip.it\/#organization","name":"Gossip and VIP News","alternateName":"Gossip News","url":"https:\/\/www.gossip.it\/","logo":{"@type":"ImageObject","inLanguage":"it-IT","@id":"https:\/\/www.gossip.it\/#\/schema\/logo\/image\/","url":"https:\/\/www.gossip.it\/wp-content\/uploads\/2022\/04\/cropped-corna-alta-tiny.png","contentUrl":"https:\/\/www.gossip.it\/wp-content\/uploads\/2022\/04\/cropped-corna-alta-tiny.png","width":512,"height":512,"caption":"Gossip and VIP News"},"image":{"@id":"https:\/\/www.gossip.it\/#\/schema\/logo\/image\/"},"sameAs":["https:\/\/www.facebook.com\/GossipIT","https:\/\/x.com\/gossinews_it","https:\/\/instagram.com\/gossip_it"]},{"@type":"Person","@id":"https:\/\/www.gossip.it\/#\/schema\/person\/488896f75158bff1cc83c6c39d141110","name":"La Redazione","image":{"@type":"ImageObject","inLanguage":"it-IT","@id":"https:\/\/www.gossip.it\/#\/schema\/person\/image\/","url":"https:\/\/secure.gravatar.com\/avatar\/5a5f5c6fa3e6700e4249abdad0263a1e94e927d9e0499b1cb09c1cd29c044d80?s=96&d=mm&r=g","contentUrl":"https:\/\/secure.gravatar.com\/avatar\/5a5f5c6fa3e6700e4249abdad0263a1e94e927d9e0499b1cb09c1cd29c044d80?s=96&d=mm&r=g","caption":"La Redazione"},"sameAs":["https:\/\/www.gossip.it"]}]}},"amp_enabled":true,"_links":{"self":[{"href":"https:\/\/www.gossip.it\/api\/wp\/v2\/posts\/55224","targetHints":{"allow":["GET"]}}],"collection":[{"href":"https:\/\/www.gossip.it\/api\/wp\/v2\/posts"}],"about":[{"href":"https:\/\/www.gossip.it\/api\/wp\/v2\/types\/post"}],"author":[{"embeddable":true,"href":"https:\/\/www.gossip.it\/api\/wp\/v2\/users\/1"}],"replies":[{"embeddable":true,"href":"https:\/\/www.gossip.it\/api\/wp\/v2\/comments?post=55224"}],"version-history":[{"count":0,"href":"https:\/\/www.gossip.it\/api\/wp\/v2\/posts\/55224\/revisions"}],"wp:featuredmedia":[{"embeddable":true,"href":"https:\/\/www.gossip.it\/api\/wp\/v2\/media\/111270"}],"wp:attachment":[{"href":"https:\/\/www.gossip.it\/api\/wp\/v2\/media?parent=55224"}],"wp:term":[{"taxonomy":"category","embeddable":true,"href":"https:\/\/www.gossip.it\/api\/wp\/v2\/categories?post=55224"},{"taxonomy":"post_tag","embeddable":true,"href":"https:\/\/www.gossip.it\/api\/wp\/v2\/tags?post=55224"},{"taxonomy":"vip","embeddable":true,"href":"https:\/\/www.gossip.it\/api\/wp\/v2\/vip?post=55224"}],"curies":[{"name":"wp","href":"https:\/\/api.w.org\/{rel}","templated":true}]}}