{"id":55232,"date":"2016-05-20T00:00:00","date_gmt":"2016-05-19T22:00:00","guid":{"rendered":"https:\/\/www.gossip.it\/senza-categoria\/valeria-golino-riccardo-scamarcio-cannes-2016-red-carpet\/"},"modified":"2016-05-20T00:00:00","modified_gmt":"2016-05-19T22:00:00","slug":"valeria-golino-riccardo-scamarcio-cannes-2016-red-carpet","status":"publish","type":"post","link":"https:\/\/www.gossip.it\/news\/valeria-golino-riccardo-scamarcio-cannes-2016-red-carpet\/","title":{"rendered":"Valeria Golino e Riccardo Scamarcio, a Cannes 2016 il red carpet insieme"},"content":{"rendered":"<p><a href=\"http:\/\/www.gossip.it\/vip\/valeria-golino\/\">Valeria Golino<\/a> e <a href=\"http:\/\/www.gossip.it\/vip\/riccardo-scamarcio\/\">Riccardo Scamarcio<\/a> al Festival di <a href=\"http:\/\/www.gossip.it\/vip\/cannes-2016\/\">Cannes 2016<\/a> alla fine si sono regalati un <strong>red carpet<\/strong> <em>'scaccia crisi'<\/em>. Forse solo per salvare le apparenze per\u00f2.<em> Vicini, vicini <\/em>sulla Croisette per presentare <em>\"Pericle il Nero\"<\/em>, film di cui entrambi sono produttori e in cui l'<a href=\"http:\/\/www.gossip.it\/vip\/attore\/\">attore<\/a> pugliese recita da protagonista, sembra che in Costa Azzurra abbiano deciso di dormire in alloggi separati. Cos\u00ec si dice...<\/p>\n<figure class=\"caption\"><img decoding=\"async\" alt=\"\" width=\"640\" height=\"895\" src=\"http:\/\/files.gossip.it\/immagini_news\/2016\/05\/1463739663_scamarci_golino_cannes_1.jpg\" \/><figcaption>Red carpet in coppia a Cannes 2016 per Valeria Golino e Riccardo Scamarcio<\/figcaption><\/figure>\n<p>A <strong>Cannes 2016 red carpet<\/strong> in coppia per <strong>Riccardo Scamarcio<\/strong> e<strong> Valeria Golino<\/strong>, ma quasi nessun sorriso. I volti dei due sono tirati, sembra quasi che la passerella sia solo di circostanza, per forma, nulla di pi\u00f9. L'<a href=\"http:\/\/www.gossip.it\/vip\/attrice\/\">attrice<\/a> 50enne ha sfoggiato una scollatura vertiginosa sul decolt\u00e9: chic con indosso un abito da gran sera firmato <a href=\"http:\/\/www.gossip.it\/vip\/giorgio-armani\/\">Giorgio Armani<\/a>, ha raccolto i capelli. Collier con diamanti meraviglioso come gioiello e rossetto rosso sulle labbra.<br \/>Completo elegante scuro per <strong>Riccardo Scamarcio<\/strong>, fin troppo serio, quasi assorto. Del privato non chiarisce nulla, meglio parlare della pellicola presentata a <strong>Cannes 2016<\/strong>, facendo s\u00ec riferimento a <strong>Valeria Golino<\/strong>, ma senza andare troppo a fondo.<\/p>\n<figure class=\"caption\"><img decoding=\"async\" alt=\"\" width=\"640\" height=\"554\" src=\"http:\/\/files.gossip.it\/immagini_news\/2016\/05\/1463739697_scamarci_golino_cannes_2.jpg\" \/><figcaption>E' un tappeto rosso che serve a fugare i rumors di addio quella al festival, ma i due non convincono fino in fondo<\/figcaption><\/figure>\n<p><em>\"Casa e bottega per noi funziona ed \u00e8 bello. La sfera lavorativa e quella privata sono una cosa unica. Lavorare insieme \u00e8 meglio, non solo come attori, ma anche come produttori, per costruire qualcosa da zero. La nostra \u00e8 una condivisione totale e completa di emozioni, una sensazione fortissima, che \u00e8 conseguenza di un'intesa e di un lavoro di squadra incredibile\"<\/em>, ha detto a <em>F<\/em> nei giorni scorsi Scamarci. I ben informati insistono: non stanno pi\u00f9 insieme. Loro rispondono cos\u00ec, con un <strong>red carpet<\/strong> insieme, ma non convincono gli scettici e i maligni fino in fondo.<\/p>\n","protected":false},"excerpt":{"rendered":"<p>Valeria Golino e Riccardo Scamarcio al Festival di Cannes 2016 alla fine si sono regalati un red carpet 'scaccia crisi'. Forse solo per salvare le apparenze per\u00f2. Vicini, vicini sulla Croisette per presentare \"Pericle il Nero\", film di cui entrambi sono produttori e in cui l'attore pugliese recita da protagonista, sembra che in Costa Azzurra [&hellip;]<\/p>\n","protected":false},"author":1,"featured_media":111278,"comment_status":"closed","ping_status":"closed","sticky":false,"template":"","format":"standard","meta":{"footnotes":""},"categories":[54],"tags":[11284,2137,1983,5965,54632,1880,2102,3980,5962,54633,2136,1972],"vip":[1564,1805],"class_list":["post-55232","post","type-post","status-publish","format-standard","has-post-thumbnail","hentry","category-news","tag-addii","tag-attore","tag-attrice","tag-cannes","tag-cannes-2016","tag-coppia","tag-dichiarazioni","tag-festival","tag-festival-di-cannes","tag-festival-di-cannes-2016","tag-giurata","tag-red-carpet","vip-riccardo_scamarcio","vip-valeria_golino"],"yoast_head":"<title>Valeria Golino e Riccardo Scamarcio, a Cannes 2016 il red carpet insieme - Gossip.it | News sul Gossip e VIP<\/title>\n<meta name=\"description\" content=\"Valeria Golino e Riccardo Scamarcio al Festival di Cannes 2016 alla fine si sono regalati un red carpet &#039;scaccia crisi&#039;. Forse solo per salvare le\" \/>\n<meta name=\"robots\" content=\"index, follow, max-snippet:-1, max-image-preview:large, max-video-preview:-1\" \/>\n<link rel=\"canonical\" href=\"https:\/\/www.gossip.it\/news\/valeria-golino-riccardo-scamarcio-cannes-2016-red-carpet\/\" \/>\n<meta property=\"og:locale\" content=\"it_IT\" \/>\n<meta property=\"og:type\" content=\"article\" \/>\n<meta property=\"og:title\" content=\"Valeria Golino e Riccardo Scamarcio, a Cannes 2016 il red carpet insieme - Gossip.it | News sul Gossip e VIP\" \/>\n<meta property=\"og:description\" content=\"Valeria Golino e Riccardo Scamarcio al Festival di Cannes 2016 alla fine si sono regalati un red carpet &#039;scaccia crisi&#039;. Forse solo per salvare le\" \/>\n<meta property=\"og:url\" content=\"https:\/\/www.gossip.it\/news\/valeria-golino-riccardo-scamarcio-cannes-2016-red-carpet\/\" \/>\n<meta property=\"og:site_name\" content=\"Gossip.it | News sul Gossip e VIP\" \/>\n<meta property=\"article:publisher\" content=\"https:\/\/www.facebook.com\/GossipIT\" \/>\n<meta property=\"article:published_time\" content=\"2016-05-19T22:00:00+00:00\" \/>\n<meta property=\"og:image\" content=\"http:\/\/files.gossip.it\/immagini_news\/2016\/05\/1463739663_scamarci_golino_cannes_1.jpg\" \/>\n<meta name=\"author\" content=\"La Redazione\" \/>\n<meta name=\"twitter:card\" content=\"summary_large_image\" \/>\n<meta name=\"twitter:image\" content=\"http:\/\/files.gossip.it\/immagini_news\/2016\/05\/1463739663_scamarci_golino_cannes_1.jpg\" \/>\n<meta name=\"twitter:creator\" content=\"@gossinews_it\" \/>\n<meta name=\"twitter:site\" content=\"@gossinews_it\" \/>\n<meta name=\"twitter:label1\" content=\"Scritto da\" \/>\n\t<meta name=\"twitter:data1\" content=\"Annamaria Capozzi\" \/>\n\t<meta name=\"twitter:label2\" content=\"Tempo di lettura stimato\" \/>\n\t<meta name=\"twitter:data2\" content=\"1 minuto\" \/>","yoast_head_json":{"title":"Valeria Golino e Riccardo Scamarcio, a Cannes 2016 il red carpet insieme - Gossip.it | News sul Gossip e VIP","description":"Valeria Golino e Riccardo Scamarcio al Festival di Cannes 2016 alla fine si sono regalati un red carpet 'scaccia crisi'. Forse solo per salvare le","robots":{"index":"index","follow":"follow","max-snippet":"max-snippet:-1","max-image-preview":"max-image-preview:large","max-video-preview":"max-video-preview:-1"},"canonical":"https:\/\/www.gossip.it\/news\/valeria-golino-riccardo-scamarcio-cannes-2016-red-carpet\/","og_locale":"it_IT","og_type":"article","og_title":"Valeria Golino e Riccardo Scamarcio, a Cannes 2016 il red carpet insieme - Gossip.it | News sul Gossip e VIP","og_description":"Valeria Golino e Riccardo Scamarcio al Festival di Cannes 2016 alla fine si sono regalati un red carpet 'scaccia crisi'. Forse solo per salvare le","og_url":"https:\/\/www.gossip.it\/news\/valeria-golino-riccardo-scamarcio-cannes-2016-red-carpet\/","og_site_name":"Gossip.it | News sul Gossip e VIP","article_publisher":"https:\/\/www.facebook.com\/GossipIT","article_published_time":"2016-05-19T22:00:00+00:00","og_image":[{"url":"http:\/\/files.gossip.it\/immagini_news\/2016\/05\/1463739663_scamarci_golino_cannes_1.jpg"}],"author":"La Redazione","twitter_card":"summary_large_image","twitter_image":"http:\/\/files.gossip.it\/immagini_news\/2016\/05\/1463739663_scamarci_golino_cannes_1.jpg","twitter_creator":"@gossinews_it","twitter_site":"@gossinews_it","twitter_misc":{"Scritto da":"Annamaria Capozzi","Tempo di lettura stimato":"1 minuto"},"schema":{"@context":"https:\/\/schema.org","@graph":[{"@type":"Article","@id":"https:\/\/www.gossip.it\/news\/valeria-golino-riccardo-scamarcio-cannes-2016-red-carpet\/#article","isPartOf":{"@id":"https:\/\/www.gossip.it\/news\/valeria-golino-riccardo-scamarcio-cannes-2016-red-carpet\/"},"author":{"name":"La Redazione","@id":"https:\/\/www.gossip.it\/#\/schema\/person\/488896f75158bff1cc83c6c39d141110"},"headline":"Valeria Golino e Riccardo Scamarcio, a Cannes 2016 il red carpet insieme","datePublished":"2016-05-19T22:00:00+00:00","dateModified":"2016-05-19T22:00:00+00:00","mainEntityOfPage":{"@id":"https:\/\/www.gossip.it\/news\/valeria-golino-riccardo-scamarcio-cannes-2016-red-carpet\/"},"wordCount":311,"publisher":{"@id":"https:\/\/www.gossip.it\/#organization"},"image":{"@id":"https:\/\/www.gossip.it\/news\/valeria-golino-riccardo-scamarcio-cannes-2016-red-carpet\/#primaryimage"},"thumbnailUrl":"http:\/\/files.gossip.it\/immagini_news\/2016\/05\/1463739663_scamarci_golino_cannes_1.jpg","keywords":["addii","attore","attrice","cannes","cannes 2016","coppia","dichiarazioni","festival","festival di cannes","festival di cannes 2016","giurata","red carpet"],"articleSection":["News"],"inLanguage":"it-IT"},{"@type":"WebPage","@id":"https:\/\/www.gossip.it\/news\/valeria-golino-riccardo-scamarcio-cannes-2016-red-carpet\/","url":"https:\/\/www.gossip.it\/news\/valeria-golino-riccardo-scamarcio-cannes-2016-red-carpet\/","name":"Valeria Golino e Riccardo Scamarcio, a Cannes 2016 il red carpet insieme - Gossip.it | News sul Gossip e VIP","isPartOf":{"@id":"https:\/\/www.gossip.it\/#website"},"primaryImageOfPage":{"@id":"https:\/\/www.gossip.it\/news\/valeria-golino-riccardo-scamarcio-cannes-2016-red-carpet\/#primaryimage"},"image":{"@id":"https:\/\/www.gossip.it\/news\/valeria-golino-riccardo-scamarcio-cannes-2016-red-carpet\/#primaryimage"},"thumbnailUrl":"http:\/\/files.gossip.it\/immagini_news\/2016\/05\/1463739663_scamarci_golino_cannes_1.jpg","datePublished":"2016-05-19T22:00:00+00:00","dateModified":"2016-05-19T22:00:00+00:00","description":"Valeria Golino e Riccardo Scamarcio al Festival di Cannes 2016 alla fine si sono regalati un red carpet 'scaccia crisi'. Forse solo per salvare le","breadcrumb":{"@id":"https:\/\/www.gossip.it\/news\/valeria-golino-riccardo-scamarcio-cannes-2016-red-carpet\/#breadcrumb"},"inLanguage":"it-IT","potentialAction":[{"@type":"ReadAction","target":["https:\/\/www.gossip.it\/news\/valeria-golino-riccardo-scamarcio-cannes-2016-red-carpet\/"]}]},{"@type":"ImageObject","inLanguage":"it-IT","@id":"https:\/\/www.gossip.it\/news\/valeria-golino-riccardo-scamarcio-cannes-2016-red-carpet\/#primaryimage","url":"http:\/\/files.gossip.it\/immagini_news\/2016\/05\/1463739663_scamarci_golino_cannes_1.jpg","contentUrl":"http:\/\/files.gossip.it\/immagini_news\/2016\/05\/1463739663_scamarci_golino_cannes_1.jpg"},{"@type":"BreadcrumbList","@id":"https:\/\/www.gossip.it\/news\/valeria-golino-riccardo-scamarcio-cannes-2016-red-carpet\/#breadcrumb","itemListElement":[{"@type":"ListItem","position":1,"name":"Home","item":"https:\/\/www.gossip.it\/"},{"@type":"ListItem","position":2,"name":"Valeria Golino e Riccardo Scamarcio, a Cannes 2016 il red carpet insieme"}]},{"@type":"WebSite","@id":"https:\/\/www.gossip.it\/#website","url":"https:\/\/www.gossip.it\/","name":"Gossip and VIP News","description":"Quotidiano di cronaca rosa, costume e societ\u00e0","publisher":{"@id":"https:\/\/www.gossip.it\/#organization"},"alternateName":"Gossip and VIP News","potentialAction":[{"@type":"SearchAction","target":{"@type":"EntryPoint","urlTemplate":"https:\/\/www.gossip.it\/?s={search_term_string}"},"query-input":{"@type":"PropertyValueSpecification","valueRequired":true,"valueName":"search_term_string"}}],"inLanguage":"it-IT"},{"@type":"Organization","@id":"https:\/\/www.gossip.it\/#organization","name":"Gossip and VIP News","alternateName":"Gossip News","url":"https:\/\/www.gossip.it\/","logo":{"@type":"ImageObject","inLanguage":"it-IT","@id":"https:\/\/www.gossip.it\/#\/schema\/logo\/image\/","url":"https:\/\/www.gossip.it\/wp-content\/uploads\/2022\/04\/cropped-corna-alta-tiny.png","contentUrl":"https:\/\/www.gossip.it\/wp-content\/uploads\/2022\/04\/cropped-corna-alta-tiny.png","width":512,"height":512,"caption":"Gossip and VIP News"},"image":{"@id":"https:\/\/www.gossip.it\/#\/schema\/logo\/image\/"},"sameAs":["https:\/\/www.facebook.com\/GossipIT","https:\/\/x.com\/gossinews_it","https:\/\/instagram.com\/gossip_it"]},{"@type":"Person","@id":"https:\/\/www.gossip.it\/#\/schema\/person\/488896f75158bff1cc83c6c39d141110","name":"La Redazione","image":{"@type":"ImageObject","inLanguage":"it-IT","@id":"https:\/\/www.gossip.it\/#\/schema\/person\/image\/","url":"https:\/\/secure.gravatar.com\/avatar\/5a5f5c6fa3e6700e4249abdad0263a1e94e927d9e0499b1cb09c1cd29c044d80?s=96&d=mm&r=g","contentUrl":"https:\/\/secure.gravatar.com\/avatar\/5a5f5c6fa3e6700e4249abdad0263a1e94e927d9e0499b1cb09c1cd29c044d80?s=96&d=mm&r=g","caption":"La Redazione"},"sameAs":["https:\/\/www.gossip.it"]}]}},"amp_enabled":true,"_links":{"self":[{"href":"https:\/\/www.gossip.it\/api\/wp\/v2\/posts\/55232","targetHints":{"allow":["GET"]}}],"collection":[{"href":"https:\/\/www.gossip.it\/api\/wp\/v2\/posts"}],"about":[{"href":"https:\/\/www.gossip.it\/api\/wp\/v2\/types\/post"}],"author":[{"embeddable":true,"href":"https:\/\/www.gossip.it\/api\/wp\/v2\/users\/1"}],"replies":[{"embeddable":true,"href":"https:\/\/www.gossip.it\/api\/wp\/v2\/comments?post=55232"}],"version-history":[{"count":0,"href":"https:\/\/www.gossip.it\/api\/wp\/v2\/posts\/55232\/revisions"}],"wp:featuredmedia":[{"embeddable":true,"href":"https:\/\/www.gossip.it\/api\/wp\/v2\/media\/111278"}],"wp:attachment":[{"href":"https:\/\/www.gossip.it\/api\/wp\/v2\/media?parent=55232"}],"wp:term":[{"taxonomy":"category","embeddable":true,"href":"https:\/\/www.gossip.it\/api\/wp\/v2\/categories?post=55232"},{"taxonomy":"post_tag","embeddable":true,"href":"https:\/\/www.gossip.it\/api\/wp\/v2\/tags?post=55232"},{"taxonomy":"vip","embeddable":true,"href":"https:\/\/www.gossip.it\/api\/wp\/v2\/vip?post=55232"}],"curies":[{"name":"wp","href":"https:\/\/api.w.org\/{rel}","templated":true}]}}