{"id":55265,"date":"2016-05-24T00:00:00","date_gmt":"2016-05-23T22:00:00","guid":{"rendered":"https:\/\/www.gossip.it\/senza-categoria\/cristina-buccino-ibiza-sole\/"},"modified":"2016-05-24T00:00:00","modified_gmt":"2016-05-23T22:00:00","slug":"cristina-buccino-ibiza-sole","status":"publish","type":"post","link":"https:\/\/www.gossip.it\/news\/cristina-buccino-ibiza-sole\/","title":{"rendered":"Cristina Buccino, \u00e8 gi\u00e0 tempo di sole a Ibiza"},"content":{"rendered":"<p><a href=\"http:\/\/www.gossip.it\/vip\/cristina-buccino\/\">Cristina Buccino<\/a> \u00e8 volata a <strong>Ibiza<\/strong>, la sua<em> Isla,<\/em>\u00a0troppo grande la voglia di <strong>sole<\/strong> e mare alle Baleari, dove da tempo trascorre gran parte dell'estate. Sul suo profilo sul <a href=\"http:\/\/www.gossip.it\/vip\/social\/\">social<\/a> posta uno scatto in cui \u00e8 ritratta in bikini. La sua prova costume, non c'era alcun dubbio, \u00e8 superata ancora una volta con il massimo dei voti.<\/p>\n<figure class=\"caption\"><img decoding=\"async\" alt=\"\" width=\"640\" height=\"722\" src=\"http:\/\/files.gossip.it\/immagini_news\/2016\/05\/1464092710_cri_buccino_1.jpg\" \/><figcaption>Cristina Buccino prende il sole a Ibiza<\/figcaption><\/figure>\n<p>Sotto il <strong>sole<\/strong> di <strong>Ibiza Cristina Buccino<\/strong> si rilassa alla grande. Sul network pubblica scatti in cui \u00e8 protagonista da sola, niente foto a due con <a href=\"http:\/\/www.gossip.it\/vip\/gabriele-giuffrida\/\">Gabriele Giuffrida<\/a>, con cui ha ufficializzato il rapporto. Non svela quasi nulla del suo privato in coppia. I rumors sulla storia d'amore c'erano da un bel po', ma la <a href=\"http:\/\/www.gossip.it\/vip\/showgirl\/\">showgirl<\/a> e <a href=\"http:\/\/www.gossip.it\/vip\/modella\/\">modella<\/a> \u00e8 sempre rimasta in silenzio. Solo a inizio maggio a <em>Novella 2000<\/em> ha finalmente detto la verit\u00e0.<\/p>\n<figure class=\"caption\"><img decoding=\"async\" alt=\"\" width=\"640\" height=\"802\" src=\"http:\/\/files.gossip.it\/immagini_news\/2016\/05\/1464092725_cri_buccino_2.jpg\" \/><figcaption>La showgirl \u00e8 gi\u00e0 volata sull'Isla<\/figcaption><\/figure>\n<p>Nel smentire il <a href=\"http:\/\/www.gossip.it\/vip\/flirt\/\">flirt<\/a> con <a href=\"http:\/\/www.gossip.it\/vip\/alessandro-moggi\/\">Alessandro Moggi<\/a>, figlio di <a href=\"http:\/\/www.gossip.it\/vip\/luciano-moggi\/\">Luciano Moggi<\/a>, <strong>Cristina Buccino<\/strong> ha sottolineato: <em>\"Sto frequentando una persona che mi rende molto felice, anzi, ti dico chi e cosi finiscono voci e illazioni: sono innamorata di Gabriele Giuffrida, ci conosciamo dalla scorsa estate e siamo felici\"<\/em>. Procuratore sportivo, Giuffrida, ex storico di <a href=\"http:\/\/www.gossip.it\/vip\/michela-coppa\/\">Michela Coppa<\/a>, \u00e8 riuscito a conquistare la sexy calabrese proprio a <strong>Ibiza<\/strong>. Nessun colpo di<strong> sole<\/strong>, piuttosto <em>'di fulmine'<\/em>. I due si sono persi l'uno nello sguardo dell'altra e da allora non si sono pi\u00f9 lasciati.<\/p>\n<figure class=\"caption\"><img decoding=\"async\" alt=\"\" width=\"640\" height=\"500\" src=\"http:\/\/files.gossip.it\/immagini_news\/2016\/05\/1464092740_cri_buccino_3.jpg\" \/><figcaption>Cri strepitosa anche in shorts e camicia<\/figcaption><\/figure>\n<p>La liaison va a gonfie vele, anche se Cri sul network non condivide: preferisce lasciarsi guardare da <em>'single'<\/em>. Meglio cos\u00ec.<\/p>\n<p>\u00a0<\/p>\n<p>\u00a0<\/p>\n","protected":false},"excerpt":{"rendered":"<p>Cristina Buccino \u00e8 volata a Ibiza, la sua Isla,\u00a0troppo grande la voglia di sole e mare alle Baleari, dove da tempo trascorre gran parte dell'estate. Sul suo profilo sul social posta uno scatto in cui \u00e8 ritratta in bikini. La sua prova costume, non c'era alcun dubbio, \u00e8 superata ancora una volta con il massimo [&hellip;]<\/p>\n","protected":false},"author":1,"featured_media":111311,"comment_status":"closed","ping_status":"closed","sticky":false,"template":"","format":"standard","meta":{"footnotes":""},"categories":[54],"tags":[2102,2298,7623,51761,4844,1997,4444,10301,10961,1967,3288,2097],"vip":[539],"class_list":["post-55265","post","type-post","status-publish","format-standard","has-post-thumbnail","hentry","category-news","tag-dichiarazioni","tag-fidanzato","tag-gabriele-giuffrida","tag-grand-hotel-chiambretti","tag-ibiza","tag-modella","tag-naufraga","tag-novella","tag-novella-2000","tag-showgirl","tag-sole","tag-tv","vip-cristina_buccino"],"yoast_head":"<title>Cristina Buccino, \u00e8 gi\u00e0 tempo di sole a Ibiza - Gossip.it | News sul Gossip e VIP<\/title>\n<meta name=\"description\" content=\"Cristina Buccino \u00e8 volata a Ibiza, la sua Isla,\u00a0troppo grande la voglia di sole e mare alle Baleari, dove da tempo trascorre gran parte dell&#039;estate. Sul\" \/>\n<meta name=\"robots\" content=\"index, follow, max-snippet:-1, max-image-preview:large, max-video-preview:-1\" \/>\n<link rel=\"canonical\" href=\"https:\/\/www.gossip.it\/news\/cristina-buccino-ibiza-sole\/\" \/>\n<meta property=\"og:locale\" content=\"it_IT\" \/>\n<meta property=\"og:type\" content=\"article\" \/>\n<meta property=\"og:title\" content=\"Cristina Buccino, \u00e8 gi\u00e0 tempo di sole a Ibiza - Gossip.it | News sul Gossip e VIP\" \/>\n<meta property=\"og:description\" content=\"Cristina Buccino \u00e8 volata a Ibiza, la sua Isla,\u00a0troppo grande la voglia di sole e mare alle Baleari, dove da tempo trascorre gran parte dell&#039;estate. Sul\" \/>\n<meta property=\"og:url\" content=\"https:\/\/www.gossip.it\/news\/cristina-buccino-ibiza-sole\/\" \/>\n<meta property=\"og:site_name\" content=\"Gossip.it | News sul Gossip e VIP\" \/>\n<meta property=\"article:publisher\" content=\"https:\/\/www.facebook.com\/GossipIT\" \/>\n<meta property=\"article:published_time\" content=\"2016-05-23T22:00:00+00:00\" \/>\n<meta property=\"og:image\" content=\"http:\/\/files.gossip.it\/immagini_news\/2016\/05\/1464092710_cri_buccino_1.jpg\" \/>\n<meta name=\"author\" content=\"La Redazione\" \/>\n<meta name=\"twitter:card\" content=\"summary_large_image\" \/>\n<meta name=\"twitter:image\" content=\"http:\/\/files.gossip.it\/immagini_news\/2016\/05\/1464092710_cri_buccino_1.jpg\" \/>\n<meta name=\"twitter:creator\" content=\"@gossinews_it\" \/>\n<meta name=\"twitter:site\" content=\"@gossinews_it\" \/>\n<meta name=\"twitter:label1\" content=\"Scritto da\" \/>\n\t<meta name=\"twitter:data1\" content=\"Annamaria Capozzi\" \/>\n\t<meta name=\"twitter:label2\" content=\"Tempo di lettura stimato\" \/>\n\t<meta name=\"twitter:data2\" content=\"1 minuto\" \/>","yoast_head_json":{"title":"Cristina Buccino, \u00e8 gi\u00e0 tempo di sole a Ibiza - Gossip.it | News sul Gossip e VIP","description":"Cristina Buccino \u00e8 volata a Ibiza, la sua Isla,\u00a0troppo grande la voglia di sole e mare alle Baleari, dove da tempo trascorre gran parte dell'estate. Sul","robots":{"index":"index","follow":"follow","max-snippet":"max-snippet:-1","max-image-preview":"max-image-preview:large","max-video-preview":"max-video-preview:-1"},"canonical":"https:\/\/www.gossip.it\/news\/cristina-buccino-ibiza-sole\/","og_locale":"it_IT","og_type":"article","og_title":"Cristina Buccino, \u00e8 gi\u00e0 tempo di sole a Ibiza - Gossip.it | News sul Gossip e VIP","og_description":"Cristina Buccino \u00e8 volata a Ibiza, la sua Isla,\u00a0troppo grande la voglia di sole e mare alle Baleari, dove da tempo trascorre gran parte dell'estate. Sul","og_url":"https:\/\/www.gossip.it\/news\/cristina-buccino-ibiza-sole\/","og_site_name":"Gossip.it | News sul Gossip e VIP","article_publisher":"https:\/\/www.facebook.com\/GossipIT","article_published_time":"2016-05-23T22:00:00+00:00","og_image":[{"url":"http:\/\/files.gossip.it\/immagini_news\/2016\/05\/1464092710_cri_buccino_1.jpg"}],"author":"La Redazione","twitter_card":"summary_large_image","twitter_image":"http:\/\/files.gossip.it\/immagini_news\/2016\/05\/1464092710_cri_buccino_1.jpg","twitter_creator":"@gossinews_it","twitter_site":"@gossinews_it","twitter_misc":{"Scritto da":"Annamaria Capozzi","Tempo di lettura stimato":"1 minuto"},"schema":{"@context":"https:\/\/schema.org","@graph":[{"@type":"Article","@id":"https:\/\/www.gossip.it\/news\/cristina-buccino-ibiza-sole\/#article","isPartOf":{"@id":"https:\/\/www.gossip.it\/news\/cristina-buccino-ibiza-sole\/"},"author":{"name":"La Redazione","@id":"https:\/\/www.gossip.it\/#\/schema\/person\/488896f75158bff1cc83c6c39d141110"},"headline":"Cristina Buccino, \u00e8 gi\u00e0 tempo di sole a Ibiza","datePublished":"2016-05-23T22:00:00+00:00","dateModified":"2016-05-23T22:00:00+00:00","mainEntityOfPage":{"@id":"https:\/\/www.gossip.it\/news\/cristina-buccino-ibiza-sole\/"},"wordCount":269,"publisher":{"@id":"https:\/\/www.gossip.it\/#organization"},"image":{"@id":"https:\/\/www.gossip.it\/news\/cristina-buccino-ibiza-sole\/#primaryimage"},"thumbnailUrl":"http:\/\/files.gossip.it\/immagini_news\/2016\/05\/1464092710_cri_buccino_1.jpg","keywords":["dichiarazioni","fidanzato","gabriele giuffrida","grand hotel chiambretti","ibiza","modella","naufraga","novella","novella 2000","showgirl","sole","tv"],"articleSection":["News"],"inLanguage":"it-IT"},{"@type":"WebPage","@id":"https:\/\/www.gossip.it\/news\/cristina-buccino-ibiza-sole\/","url":"https:\/\/www.gossip.it\/news\/cristina-buccino-ibiza-sole\/","name":"Cristina Buccino, \u00e8 gi\u00e0 tempo di sole a Ibiza - Gossip.it | News sul Gossip e VIP","isPartOf":{"@id":"https:\/\/www.gossip.it\/#website"},"primaryImageOfPage":{"@id":"https:\/\/www.gossip.it\/news\/cristina-buccino-ibiza-sole\/#primaryimage"},"image":{"@id":"https:\/\/www.gossip.it\/news\/cristina-buccino-ibiza-sole\/#primaryimage"},"thumbnailUrl":"http:\/\/files.gossip.it\/immagini_news\/2016\/05\/1464092710_cri_buccino_1.jpg","datePublished":"2016-05-23T22:00:00+00:00","dateModified":"2016-05-23T22:00:00+00:00","description":"Cristina Buccino \u00e8 volata a Ibiza, la sua Isla,\u00a0troppo grande la voglia di sole e mare alle Baleari, dove da tempo trascorre gran parte dell'estate. Sul","breadcrumb":{"@id":"https:\/\/www.gossip.it\/news\/cristina-buccino-ibiza-sole\/#breadcrumb"},"inLanguage":"it-IT","potentialAction":[{"@type":"ReadAction","target":["https:\/\/www.gossip.it\/news\/cristina-buccino-ibiza-sole\/"]}]},{"@type":"ImageObject","inLanguage":"it-IT","@id":"https:\/\/www.gossip.it\/news\/cristina-buccino-ibiza-sole\/#primaryimage","url":"http:\/\/files.gossip.it\/immagini_news\/2016\/05\/1464092710_cri_buccino_1.jpg","contentUrl":"http:\/\/files.gossip.it\/immagini_news\/2016\/05\/1464092710_cri_buccino_1.jpg"},{"@type":"BreadcrumbList","@id":"https:\/\/www.gossip.it\/news\/cristina-buccino-ibiza-sole\/#breadcrumb","itemListElement":[{"@type":"ListItem","position":1,"name":"Home","item":"https:\/\/www.gossip.it\/"},{"@type":"ListItem","position":2,"name":"Cristina Buccino, \u00e8 gi\u00e0 tempo di sole a Ibiza"}]},{"@type":"WebSite","@id":"https:\/\/www.gossip.it\/#website","url":"https:\/\/www.gossip.it\/","name":"Gossip and VIP News","description":"Quotidiano di cronaca rosa, costume e societ\u00e0","publisher":{"@id":"https:\/\/www.gossip.it\/#organization"},"alternateName":"Gossip and VIP News","potentialAction":[{"@type":"SearchAction","target":{"@type":"EntryPoint","urlTemplate":"https:\/\/www.gossip.it\/?s={search_term_string}"},"query-input":{"@type":"PropertyValueSpecification","valueRequired":true,"valueName":"search_term_string"}}],"inLanguage":"it-IT"},{"@type":"Organization","@id":"https:\/\/www.gossip.it\/#organization","name":"Gossip and VIP News","alternateName":"Gossip News","url":"https:\/\/www.gossip.it\/","logo":{"@type":"ImageObject","inLanguage":"it-IT","@id":"https:\/\/www.gossip.it\/#\/schema\/logo\/image\/","url":"https:\/\/www.gossip.it\/wp-content\/uploads\/2022\/04\/cropped-corna-alta-tiny.png","contentUrl":"https:\/\/www.gossip.it\/wp-content\/uploads\/2022\/04\/cropped-corna-alta-tiny.png","width":512,"height":512,"caption":"Gossip and VIP News"},"image":{"@id":"https:\/\/www.gossip.it\/#\/schema\/logo\/image\/"},"sameAs":["https:\/\/www.facebook.com\/GossipIT","https:\/\/x.com\/gossinews_it","https:\/\/instagram.com\/gossip_it"]},{"@type":"Person","@id":"https:\/\/www.gossip.it\/#\/schema\/person\/488896f75158bff1cc83c6c39d141110","name":"La Redazione","image":{"@type":"ImageObject","inLanguage":"it-IT","@id":"https:\/\/www.gossip.it\/#\/schema\/person\/image\/","url":"https:\/\/secure.gravatar.com\/avatar\/5a5f5c6fa3e6700e4249abdad0263a1e94e927d9e0499b1cb09c1cd29c044d80?s=96&d=mm&r=g","contentUrl":"https:\/\/secure.gravatar.com\/avatar\/5a5f5c6fa3e6700e4249abdad0263a1e94e927d9e0499b1cb09c1cd29c044d80?s=96&d=mm&r=g","caption":"La Redazione"},"sameAs":["https:\/\/www.gossip.it"]}]}},"amp_enabled":true,"_links":{"self":[{"href":"https:\/\/www.gossip.it\/api\/wp\/v2\/posts\/55265","targetHints":{"allow":["GET"]}}],"collection":[{"href":"https:\/\/www.gossip.it\/api\/wp\/v2\/posts"}],"about":[{"href":"https:\/\/www.gossip.it\/api\/wp\/v2\/types\/post"}],"author":[{"embeddable":true,"href":"https:\/\/www.gossip.it\/api\/wp\/v2\/users\/1"}],"replies":[{"embeddable":true,"href":"https:\/\/www.gossip.it\/api\/wp\/v2\/comments?post=55265"}],"version-history":[{"count":0,"href":"https:\/\/www.gossip.it\/api\/wp\/v2\/posts\/55265\/revisions"}],"wp:featuredmedia":[{"embeddable":true,"href":"https:\/\/www.gossip.it\/api\/wp\/v2\/media\/111311"}],"wp:attachment":[{"href":"https:\/\/www.gossip.it\/api\/wp\/v2\/media?parent=55265"}],"wp:term":[{"taxonomy":"category","embeddable":true,"href":"https:\/\/www.gossip.it\/api\/wp\/v2\/categories?post=55265"},{"taxonomy":"post_tag","embeddable":true,"href":"https:\/\/www.gossip.it\/api\/wp\/v2\/tags?post=55265"},{"taxonomy":"vip","embeddable":true,"href":"https:\/\/www.gossip.it\/api\/wp\/v2\/vip?post=55265"}],"curies":[{"name":"wp","href":"https:\/\/api.w.org\/{rel}","templated":true}]}}