{"id":55332,"date":"2019-09-02T00:00:00","date_gmt":"2019-09-01T22:00:00","guid":{"rendered":"https:\/\/www.gossip.it\/senza-categoria\/belen-stefano-de-martino-castrocaro-prove\/"},"modified":"2019-09-02T00:00:00","modified_gmt":"2019-09-01T22:00:00","slug":"belen-stefano-de-martino-castrocaro-prove","status":"publish","type":"post","link":"https:\/\/www.gossip.it\/news\/belen-stefano-de-martino-castrocaro-prove\/","title":{"rendered":"Belen e Stefano De Martino fanno le prove per il Festival di Castrocaro: canteranno e balleranno insieme"},"content":{"rendered":"<p><a href=\"\/vip\/belen\/\">Belen<\/a> e <a href=\"\/vip\/stefano-de martino\/\">Stefano De Martino<\/a> fanno le <strong>prove<\/strong> per il Festival di <a href=\"\/vip\/castrocaro,\/\">Castrocaro,<\/a> che segna ufficialmente il loro debutto in coppia alla conduzione. Il 3 settembre sul palco della manifestazione che in passato ha tenuto a battesimo star assolute come <a href=\"\/vip\/zucchero\/\">Zucchero<\/a>, <a href=\"\/vip\/fiorella-mannoia\/\">Fiorella Mannoia<\/a>, <a href=\"\/vip\/eros-ramazzotti\/\">Eros Ramazzotti<\/a> e <a href=\"\/vip\/luca-barbarossa\/\">Luca Barbarossa<\/a> non presenteranno solamente. I due canteranno e balleranno: vogliono stupire i telespettatori che li guarderanno in prima serata su Rai Due.<\/p>\n<figure class=\"caption\"><img decoding=\"async\" alt=\"\" width=\"640\" height=\"1075\" src=\"https:\/\/files.gossip.it\/immagini_news\/2019\/09\/1567421622_belen_stefano_1.jpg\" \/><figcaption>Belen e Stefano De Martino fanno le prove per il Festival di Castrocaro: canteranno e balleranno insieme<\/figcaption><\/figure>\n<p>E\u2019 stato un weekend duro, tra <strong>prove<\/strong> e scalette da rispettare per il Festival di <strong>Castrocaro<\/strong>. <strong>Belen<\/strong> e <strong>Stefano De Martino<\/strong> sono alla prova del nove in <a href=\"\/vip\/tv\/\">tv<\/a>, dopo un ritorno di fiamma che ha scatenato i fan e li ha rimessi stabilmente al centro del gossip. La coppia si prepara e strizza l\u2019occhio a <a href=\"\/vip\/sanremo\/\">Sanremo<\/a>, per il <em>Dopofestival<\/em> la <a href=\"\/vip\/showgirl\/\">showgirl<\/a> 34enne e il ballerino 29enne sono in pole position per la conduzione.<\/p>\n<figure class=\"caption\"><img decoding=\"async\" alt=\"\" width=\"640\" height=\"974\" src=\"https:\/\/files.gossip.it\/immagini_news\/2019\/09\/1567421644_belen_stefano_2.jpg\" \/><figcaption>I due si preparano per la conduzione del festival<\/figcaption><\/figure>\n<p><em>\u201cA chi non piacerebbe condurlo? Adesso non saremmo pronti, speriamo che, se dovesse arrivare questa proposta, ci\u00f2 accada quando lo saremo\u201d<\/em>, dicono a proposito di Sanremo i due, come riporta <em>Il Messaggero<\/em>. A proposito di <strong>Castrocaro<\/strong> il napoletano ammette: <em>\u201cAbbiamo lavorato molto perch\u00e9 quello di <strong>Castrocaro<\/strong> \u00e8 un meccanismo complesso e non si pu\u00f2 lasciare nulla al caso\"<\/em>.<em> \u201cLui lavora di pi\u00f9. Io sono pigra, preparo quello che serve ma potrei sempre fare meglio. Per questo ho grande stima di Stefano. Ancor prima di sposarlo ho sempre sentito che aveva una marcia in pi\u00f9\u201d<\/em>, sottolinea l\u2019argentina.<\/p>\n<figure class=\"caption\"><img decoding=\"async\" alt=\"\" width=\"640\" height=\"1055\" src=\"https:\/\/files.gossip.it\/immagini_news\/2019\/09\/1567421666_belen_stefano_3.jpg\" \/><figcaption>E' stato un weekend duro: il 3 settembre saranno in onda in prima serata su Rai Due<\/figcaption><\/figure>\n<p>I due replicano anche agli haters. Stefano dice: <em>\u201cNon voglio piacere a tutti, non ci \u00e8 riuscito nemmeno Ges\u00f9 Cristo. Per\u00f2 mi piacerebbe poter prendere un caff\u00e8 con tutti quelli che mi criticano perch\u00e9 so che gli farei cambiare idea\u201d.<\/em> <strong>Belen<\/strong>, dal canto suo, a chi l\u2019accusa di pubblicizzare continuamente la <em>\u2018reunion'<\/em> con il marito dice:<em> \u201cCi sono coppie che postano una storia ogni cinque minuti, io lo faccio molto meno e, a volte, anche qualche giorno dopo che le cose sono successe per evitare i paparazzi. Non siamo una coppia che vive in un <\/em><a href=\"\/vip\/reality\/\">reality<\/a><em> ma nella vita vera\u201d.<\/em><\/p>\n<p>\u00a0<\/p>\n<p>\u00a0<\/p>\n","protected":false},"excerpt":{"rendered":"<p>Belen e Stefano De Martino fanno le prove per il Festival di Castrocaro, che segna ufficialmente il loro debutto in coppia alla conduzione. Il 3 settembre sul palco della manifestazione che in passato ha tenuto a battesimo star assolute come Zucchero, Fiorella Mannoia, Eros Ramazzotti e Luca Barbarossa non presenteranno solamente. I due canteranno e [&hellip;]<\/p>\n","protected":false},"author":1,"featured_media":111378,"comment_status":"closed","ping_status":"closed","sticky":false,"template":"","format":"standard","meta":{"footnotes":""},"categories":[54],"tags":[2504,2299,23126,2176,1992,2102,54741,2121,4363,5662,2301,1949,7659,1967,1923,2142,2097],"vip":[396,1731],"class_list":["post-55332","post","type-post","status-publish","format-standard","has-post-thumbnail","hentry","category-news","tag-ballerino","tag-belen","tag-castrocaro","tag-conduttore","tag-conduttrice","tag-dichiarazioni","tag-festival-di-castrocaro","tag-instagram","tag-prove","tag-rai-due","tag-reunion","tag-ritorno-di-fiamma","tag-santiago","tag-showgirl","tag-social","tag-stories","tag-tv","vip-belen_rodriguez","vip-stefano_de_martino"],"yoast_head":"<title>Belen e Stefano De Martino fanno le prove per il Festival di Castrocaro: canteranno e balleranno insieme - Gossip.it | News sul Gossip e VIP<\/title>\n<meta name=\"description\" content=\"Belen e Stefano De Martino fanno le prove per il Festival di Castrocaro, che segna ufficialmente il loro debutto in coppia alla conduzione. Il 3 settembre\" \/>\n<meta name=\"robots\" content=\"index, follow, max-snippet:-1, max-image-preview:large, max-video-preview:-1\" \/>\n<link rel=\"canonical\" href=\"https:\/\/www.gossip.it\/news\/belen-stefano-de-martino-castrocaro-prove\/\" \/>\n<meta property=\"og:locale\" content=\"it_IT\" \/>\n<meta property=\"og:type\" content=\"article\" \/>\n<meta property=\"og:title\" content=\"Belen e Stefano De Martino fanno le prove per il Festival di Castrocaro: canteranno e balleranno insieme - Gossip.it | News sul Gossip e VIP\" \/>\n<meta property=\"og:description\" content=\"Belen e Stefano De Martino fanno le prove per il Festival di Castrocaro, che segna ufficialmente il loro debutto in coppia alla conduzione. Il 3 settembre\" \/>\n<meta property=\"og:url\" content=\"https:\/\/www.gossip.it\/news\/belen-stefano-de-martino-castrocaro-prove\/\" \/>\n<meta property=\"og:site_name\" content=\"Gossip.it | News sul Gossip e VIP\" \/>\n<meta property=\"article:publisher\" content=\"https:\/\/www.facebook.com\/GossipIT\" \/>\n<meta property=\"article:published_time\" content=\"2019-09-01T22:00:00+00:00\" \/>\n<meta property=\"og:image\" content=\"https:\/\/files.gossip.it\/immagini_news\/2019\/09\/1567421622_belen_stefano_1.jpg\" \/>\n<meta name=\"author\" content=\"La Redazione\" \/>\n<meta name=\"twitter:card\" content=\"summary_large_image\" \/>\n<meta name=\"twitter:image\" content=\"https:\/\/files.gossip.it\/immagini_news\/2019\/09\/1567421622_belen_stefano_1.jpg\" \/>\n<meta name=\"twitter:creator\" content=\"@gossinews_it\" \/>\n<meta name=\"twitter:site\" content=\"@gossinews_it\" \/>\n<meta name=\"twitter:label1\" content=\"Scritto da\" \/>\n\t<meta name=\"twitter:data1\" content=\"Annamaria Capozzi\" \/>\n\t<meta name=\"twitter:label2\" content=\"Tempo di lettura stimato\" \/>\n\t<meta name=\"twitter:data2\" content=\"2 minuti\" \/>","yoast_head_json":{"title":"Belen e Stefano De Martino fanno le prove per il Festival di Castrocaro: canteranno e balleranno insieme - Gossip.it | News sul Gossip e VIP","description":"Belen e Stefano De Martino fanno le prove per il Festival di Castrocaro, che segna ufficialmente il loro debutto in coppia alla conduzione. Il 3 settembre","robots":{"index":"index","follow":"follow","max-snippet":"max-snippet:-1","max-image-preview":"max-image-preview:large","max-video-preview":"max-video-preview:-1"},"canonical":"https:\/\/www.gossip.it\/news\/belen-stefano-de-martino-castrocaro-prove\/","og_locale":"it_IT","og_type":"article","og_title":"Belen e Stefano De Martino fanno le prove per il Festival di Castrocaro: canteranno e balleranno insieme - Gossip.it | News sul Gossip e VIP","og_description":"Belen e Stefano De Martino fanno le prove per il Festival di Castrocaro, che segna ufficialmente il loro debutto in coppia alla conduzione. Il 3 settembre","og_url":"https:\/\/www.gossip.it\/news\/belen-stefano-de-martino-castrocaro-prove\/","og_site_name":"Gossip.it | News sul Gossip e VIP","article_publisher":"https:\/\/www.facebook.com\/GossipIT","article_published_time":"2019-09-01T22:00:00+00:00","og_image":[{"url":"https:\/\/files.gossip.it\/immagini_news\/2019\/09\/1567421622_belen_stefano_1.jpg"}],"author":"La Redazione","twitter_card":"summary_large_image","twitter_image":"https:\/\/files.gossip.it\/immagini_news\/2019\/09\/1567421622_belen_stefano_1.jpg","twitter_creator":"@gossinews_it","twitter_site":"@gossinews_it","twitter_misc":{"Scritto da":"Annamaria Capozzi","Tempo di lettura stimato":"2 minuti"},"schema":{"@context":"https:\/\/schema.org","@graph":[{"@type":"Article","@id":"https:\/\/www.gossip.it\/news\/belen-stefano-de-martino-castrocaro-prove\/#article","isPartOf":{"@id":"https:\/\/www.gossip.it\/news\/belen-stefano-de-martino-castrocaro-prove\/"},"author":{"name":"La Redazione","@id":"https:\/\/www.gossip.it\/#\/schema\/person\/488896f75158bff1cc83c6c39d141110"},"headline":"Belen e Stefano De Martino fanno le prove per il Festival di Castrocaro: canteranno e balleranno insieme","datePublished":"2019-09-01T22:00:00+00:00","dateModified":"2019-09-01T22:00:00+00:00","mainEntityOfPage":{"@id":"https:\/\/www.gossip.it\/news\/belen-stefano-de-martino-castrocaro-prove\/"},"wordCount":397,"publisher":{"@id":"https:\/\/www.gossip.it\/#organization"},"image":{"@id":"https:\/\/www.gossip.it\/news\/belen-stefano-de-martino-castrocaro-prove\/#primaryimage"},"thumbnailUrl":"https:\/\/files.gossip.it\/immagini_news\/2019\/09\/1567421622_belen_stefano_1.jpg","keywords":["ballerino","belen","castrocaro","conduttore","conduttrice","dichiarazioni","festival di castrocaro","instagram","prove","rai due","reunion","ritorno di fiamma","santiago","showgirl","social","stories","tv"],"articleSection":["News"],"inLanguage":"it-IT"},{"@type":"WebPage","@id":"https:\/\/www.gossip.it\/news\/belen-stefano-de-martino-castrocaro-prove\/","url":"https:\/\/www.gossip.it\/news\/belen-stefano-de-martino-castrocaro-prove\/","name":"Belen e Stefano De Martino fanno le prove per il Festival di Castrocaro: canteranno e balleranno insieme - Gossip.it | News sul Gossip e VIP","isPartOf":{"@id":"https:\/\/www.gossip.it\/#website"},"primaryImageOfPage":{"@id":"https:\/\/www.gossip.it\/news\/belen-stefano-de-martino-castrocaro-prove\/#primaryimage"},"image":{"@id":"https:\/\/www.gossip.it\/news\/belen-stefano-de-martino-castrocaro-prove\/#primaryimage"},"thumbnailUrl":"https:\/\/files.gossip.it\/immagini_news\/2019\/09\/1567421622_belen_stefano_1.jpg","datePublished":"2019-09-01T22:00:00+00:00","dateModified":"2019-09-01T22:00:00+00:00","description":"Belen e Stefano De Martino fanno le prove per il Festival di Castrocaro, che segna ufficialmente il loro debutto in coppia alla conduzione. Il 3 settembre","breadcrumb":{"@id":"https:\/\/www.gossip.it\/news\/belen-stefano-de-martino-castrocaro-prove\/#breadcrumb"},"inLanguage":"it-IT","potentialAction":[{"@type":"ReadAction","target":["https:\/\/www.gossip.it\/news\/belen-stefano-de-martino-castrocaro-prove\/"]}]},{"@type":"ImageObject","inLanguage":"it-IT","@id":"https:\/\/www.gossip.it\/news\/belen-stefano-de-martino-castrocaro-prove\/#primaryimage","url":"https:\/\/files.gossip.it\/immagini_news\/2019\/09\/1567421622_belen_stefano_1.jpg","contentUrl":"https:\/\/files.gossip.it\/immagini_news\/2019\/09\/1567421622_belen_stefano_1.jpg"},{"@type":"BreadcrumbList","@id":"https:\/\/www.gossip.it\/news\/belen-stefano-de-martino-castrocaro-prove\/#breadcrumb","itemListElement":[{"@type":"ListItem","position":1,"name":"Home","item":"https:\/\/www.gossip.it\/"},{"@type":"ListItem","position":2,"name":"Belen e Stefano De Martino fanno le prove per il Festival di Castrocaro: canteranno e balleranno insieme"}]},{"@type":"WebSite","@id":"https:\/\/www.gossip.it\/#website","url":"https:\/\/www.gossip.it\/","name":"Gossip and VIP News","description":"Quotidiano di cronaca rosa, costume e societ\u00e0","publisher":{"@id":"https:\/\/www.gossip.it\/#organization"},"alternateName":"Gossip and VIP News","potentialAction":[{"@type":"SearchAction","target":{"@type":"EntryPoint","urlTemplate":"https:\/\/www.gossip.it\/?s={search_term_string}"},"query-input":{"@type":"PropertyValueSpecification","valueRequired":true,"valueName":"search_term_string"}}],"inLanguage":"it-IT"},{"@type":"Organization","@id":"https:\/\/www.gossip.it\/#organization","name":"Gossip and VIP News","alternateName":"Gossip News","url":"https:\/\/www.gossip.it\/","logo":{"@type":"ImageObject","inLanguage":"it-IT","@id":"https:\/\/www.gossip.it\/#\/schema\/logo\/image\/","url":"https:\/\/www.gossip.it\/wp-content\/uploads\/2022\/04\/cropped-corna-alta-tiny.png","contentUrl":"https:\/\/www.gossip.it\/wp-content\/uploads\/2022\/04\/cropped-corna-alta-tiny.png","width":512,"height":512,"caption":"Gossip and VIP News"},"image":{"@id":"https:\/\/www.gossip.it\/#\/schema\/logo\/image\/"},"sameAs":["https:\/\/www.facebook.com\/GossipIT","https:\/\/x.com\/gossinews_it","https:\/\/instagram.com\/gossip_it"]},{"@type":"Person","@id":"https:\/\/www.gossip.it\/#\/schema\/person\/488896f75158bff1cc83c6c39d141110","name":"La Redazione","image":{"@type":"ImageObject","inLanguage":"it-IT","@id":"https:\/\/www.gossip.it\/#\/schema\/person\/image\/","url":"https:\/\/secure.gravatar.com\/avatar\/5a5f5c6fa3e6700e4249abdad0263a1e94e927d9e0499b1cb09c1cd29c044d80?s=96&d=mm&r=g","contentUrl":"https:\/\/secure.gravatar.com\/avatar\/5a5f5c6fa3e6700e4249abdad0263a1e94e927d9e0499b1cb09c1cd29c044d80?s=96&d=mm&r=g","caption":"La Redazione"},"sameAs":["https:\/\/www.gossip.it"]}]}},"amp_enabled":true,"_links":{"self":[{"href":"https:\/\/www.gossip.it\/api\/wp\/v2\/posts\/55332","targetHints":{"allow":["GET"]}}],"collection":[{"href":"https:\/\/www.gossip.it\/api\/wp\/v2\/posts"}],"about":[{"href":"https:\/\/www.gossip.it\/api\/wp\/v2\/types\/post"}],"author":[{"embeddable":true,"href":"https:\/\/www.gossip.it\/api\/wp\/v2\/users\/1"}],"replies":[{"embeddable":true,"href":"https:\/\/www.gossip.it\/api\/wp\/v2\/comments?post=55332"}],"version-history":[{"count":0,"href":"https:\/\/www.gossip.it\/api\/wp\/v2\/posts\/55332\/revisions"}],"wp:featuredmedia":[{"embeddable":true,"href":"https:\/\/www.gossip.it\/api\/wp\/v2\/media\/111378"}],"wp:attachment":[{"href":"https:\/\/www.gossip.it\/api\/wp\/v2\/media?parent=55332"}],"wp:term":[{"taxonomy":"category","embeddable":true,"href":"https:\/\/www.gossip.it\/api\/wp\/v2\/categories?post=55332"},{"taxonomy":"post_tag","embeddable":true,"href":"https:\/\/www.gossip.it\/api\/wp\/v2\/tags?post=55332"},{"taxonomy":"vip","embeddable":true,"href":"https:\/\/www.gossip.it\/api\/wp\/v2\/vip?post=55332"}],"curies":[{"name":"wp","href":"https:\/\/api.w.org\/{rel}","templated":true}]}}