{"id":55350,"date":"2016-06-01T00:00:00","date_gmt":"2016-05-31T22:00:00","guid":{"rendered":"https:\/\/www.gossip.it\/senza-categoria\/emma-marrone-macchie-viso\/"},"modified":"2016-06-01T00:00:00","modified_gmt":"2016-05-31T22:00:00","slug":"emma-marrone-macchie-viso","status":"publish","type":"post","link":"https:\/\/www.gossip.it\/news\/emma-marrone-macchie-viso\/","title":{"rendered":"Emma Marrone: 'Le macchie sul viso? Sono il frutto di anni di bombardamenti ormonali'"},"content":{"rendered":"<p><a href=\"http:\/\/www.gossip.it\/vip\/emma-marrone\/\">Emma Marrone<\/a> ha postato sul <a href=\"http:\/\/www.gossip.it\/vip\/social\/\">social<\/a> uno scatto che la ritrae insieme ad alcuni ex allievi di \"<a href=\"http:\/\/www.gossip.it\/vip\/amici\/\">Amici<\/a>\". Nella foto la cantante si mostra ai <a href=\"http:\/\/www.gossip.it\/vip\/follower\/\">follower<\/a>\u00a0con il <strong>viso<\/strong> acqua e sapone. Il post ha fatto il pieno di \"Like\" ma sono arrivate anche le critiche:<em> \"Che capelli, ci vorrebbe un balsamo\"<\/em>, si legge tra i commenti. <em>\"E quella faccia, quelle <strong>macchie<\/strong>? Senza trucco sembri un'altra\"<\/em>. E poi ancora: <em>\"Perch\u00e9 vai in giro cos\u00ec trascurata?\"<\/em>.<\/p>\n<figure class=\"caption\"><img decoding=\"async\" alt=\"\" src=\"http:\/\/files.gossip.it\/immagini_news\/2016\/06\/1464788359_marrone1.jpg\" \/><figcaption>Emma Marrone senza trucco nello scatto che la ritrae con alcuni ex allievi di 'Amici'\u00a0<\/figcaption><\/figure>\n<p>I fan offendono la <strong>Marrone<\/strong> su <a href=\"http:\/\/www.gossip.it\/vip\/instagram\/\">Instagram<\/a> ma lei prontamente risponde: <em>\"In faccia ho le <strong>macchie <\/strong>di anni ed anni di bombardamenti ormonali per problemi di salute che ho avuto<\/em> (\u00e8 stata operata due volte per un tumore alle ovaie, ndr)<em>. I capelli... Beh a volte \u00e8 difficile essere in ordine quando si 'lavora' dalla mattina alla sera su e gi\u00f9 per l'Italia. Non dovrei giustificarmi nemmeno con 4 ignoranti come voi... Ma ogni tanto \u00e8 giusto far notare pubblicamente quanto siete 'piccoli', viscidi e cattivi... Vi auguro di fare un decimo di ci\u00f2 che ho fatto e sto facendo nella mia vita... E vi auguro di avere le palle di mostrarvi al mondo per ci\u00f2 che siete veramente... Ah scusate... E' vero... Voi siete NIENTE!\"<\/em>.<br \/><strong>Emma Marrone<\/strong> replica alle critiche dei follower sul suo aspetto. La cantante non le manda a dire e si difende pubblicamente dalle offese scritte sotto la sua foto in cui sfoggia il <strong>viso <\/strong>sorridente senza nemmeno un filo di trucco. Le <strong>macchie<\/strong> che ha sul volto, sottolinea, sono il frutto delle lunghe terapie che ha dovuto seguire quando per ben due volte si \u00e8 ammalata di cancro. Ma oltre ai detrattori, ci sono pure molti fan che le fanno i complimenti, a loro piace anche senza make-up sul <strong>viso<\/strong>, e la difendono a spada tratta: <em>\"Amore mio <\/em>- scrive un ammiratore -<em> lasciala parlare questa gente.... E' solo invidia! Tu sei perfetta cos\u00ec come sei\"<\/em>.<\/p>\n","protected":false},"excerpt":{"rendered":"<p>Emma Marrone ha postato sul social uno scatto che la ritrae insieme ad alcuni ex allievi di \"Amici\". Nella foto la cantante si mostra ai follower\u00a0con il viso acqua e sapone. Il post ha fatto il pieno di \"Like\" ma sono arrivate anche le critiche: \"Che capelli, ci vorrebbe un balsamo\", si legge tra i [&hellip;]<\/p>\n","protected":false},"author":1,"featured_media":111396,"comment_status":"closed","ping_status":"closed","sticky":false,"template":"","format":"standard","meta":{"footnotes":""},"categories":[54],"tags":[1909,2314,1981,2812,48059,54754,27946,7023,1923],"vip":[669],"class_list":["post-55350","post","type-post","status-publish","format-standard","has-post-thumbnail","hentry","category-news","tag-amici","tag-cancro","tag-cantante","tag-fan","tag-folower","tag-macchie-sul-viso","tag-ormoni","tag-senza-trucco","tag-social","vip-emma_marrone"],"yoast_head":"<title>Emma Marrone: &#039;Le macchie sul viso? Sono il frutto di anni di bombardamenti ormonali&#039; - Gossip.it | News sul Gossip e VIP<\/title>\n<meta name=\"description\" content=\"Emma Marrone ha postato sul social uno scatto che la ritrae insieme ad alcuni ex allievi di &quot;Amici&quot;. Nella foto la cantante si mostra ai follower\u00a0con il\" \/>\n<meta name=\"robots\" content=\"index, follow, max-snippet:-1, max-image-preview:large, max-video-preview:-1\" \/>\n<link rel=\"canonical\" href=\"https:\/\/www.gossip.it\/news\/emma-marrone-macchie-viso\/\" \/>\n<meta property=\"og:locale\" content=\"it_IT\" \/>\n<meta property=\"og:type\" content=\"article\" \/>\n<meta property=\"og:title\" content=\"Emma Marrone: &#039;Le macchie sul viso? Sono il frutto di anni di bombardamenti ormonali&#039; - Gossip.it | News sul Gossip e VIP\" \/>\n<meta property=\"og:description\" content=\"Emma Marrone ha postato sul social uno scatto che la ritrae insieme ad alcuni ex allievi di &quot;Amici&quot;. Nella foto la cantante si mostra ai follower\u00a0con il\" \/>\n<meta property=\"og:url\" content=\"https:\/\/www.gossip.it\/news\/emma-marrone-macchie-viso\/\" \/>\n<meta property=\"og:site_name\" content=\"Gossip.it | News sul Gossip e VIP\" \/>\n<meta property=\"article:publisher\" content=\"https:\/\/www.facebook.com\/GossipIT\" \/>\n<meta property=\"article:published_time\" content=\"2016-05-31T22:00:00+00:00\" \/>\n<meta property=\"og:image\" content=\"http:\/\/files.gossip.it\/immagini_news\/2016\/06\/1464788359_marrone1.jpg\" \/>\n<meta name=\"author\" content=\"La Redazione\" \/>\n<meta name=\"twitter:card\" content=\"summary_large_image\" \/>\n<meta name=\"twitter:image\" content=\"http:\/\/files.gossip.it\/immagini_news\/2016\/06\/1464788359_marrone1.jpg\" \/>\n<meta name=\"twitter:creator\" content=\"@gossinews_it\" \/>\n<meta name=\"twitter:site\" content=\"@gossinews_it\" \/>\n<meta name=\"twitter:label1\" content=\"Scritto da\" \/>\n\t<meta name=\"twitter:data1\" content=\"Francesca Romana Domenici\" \/>\n\t<meta name=\"twitter:label2\" content=\"Tempo di lettura stimato\" \/>\n\t<meta name=\"twitter:data2\" content=\"2 minuti\" \/>","yoast_head_json":{"title":"Emma Marrone: 'Le macchie sul viso? Sono il frutto di anni di bombardamenti ormonali' - Gossip.it | News sul Gossip e VIP","description":"Emma Marrone ha postato sul social uno scatto che la ritrae insieme ad alcuni ex allievi di \"Amici\". Nella foto la cantante si mostra ai follower\u00a0con il","robots":{"index":"index","follow":"follow","max-snippet":"max-snippet:-1","max-image-preview":"max-image-preview:large","max-video-preview":"max-video-preview:-1"},"canonical":"https:\/\/www.gossip.it\/news\/emma-marrone-macchie-viso\/","og_locale":"it_IT","og_type":"article","og_title":"Emma Marrone: 'Le macchie sul viso? Sono il frutto di anni di bombardamenti ormonali' - Gossip.it | News sul Gossip e VIP","og_description":"Emma Marrone ha postato sul social uno scatto che la ritrae insieme ad alcuni ex allievi di \"Amici\". Nella foto la cantante si mostra ai follower\u00a0con il","og_url":"https:\/\/www.gossip.it\/news\/emma-marrone-macchie-viso\/","og_site_name":"Gossip.it | News sul Gossip e VIP","article_publisher":"https:\/\/www.facebook.com\/GossipIT","article_published_time":"2016-05-31T22:00:00+00:00","og_image":[{"url":"http:\/\/files.gossip.it\/immagini_news\/2016\/06\/1464788359_marrone1.jpg"}],"author":"La Redazione","twitter_card":"summary_large_image","twitter_image":"http:\/\/files.gossip.it\/immagini_news\/2016\/06\/1464788359_marrone1.jpg","twitter_creator":"@gossinews_it","twitter_site":"@gossinews_it","twitter_misc":{"Scritto da":"Francesca Romana Domenici","Tempo di lettura stimato":"2 minuti"},"schema":{"@context":"https:\/\/schema.org","@graph":[{"@type":"Article","@id":"https:\/\/www.gossip.it\/news\/emma-marrone-macchie-viso\/#article","isPartOf":{"@id":"https:\/\/www.gossip.it\/news\/emma-marrone-macchie-viso\/"},"author":{"name":"La Redazione","@id":"https:\/\/www.gossip.it\/#\/schema\/person\/488896f75158bff1cc83c6c39d141110"},"headline":"Emma Marrone: 'Le macchie sul viso? Sono il frutto di anni di bombardamenti ormonali'","datePublished":"2016-05-31T22:00:00+00:00","dateModified":"2016-05-31T22:00:00+00:00","mainEntityOfPage":{"@id":"https:\/\/www.gossip.it\/news\/emma-marrone-macchie-viso\/"},"wordCount":342,"publisher":{"@id":"https:\/\/www.gossip.it\/#organization"},"image":{"@id":"https:\/\/www.gossip.it\/news\/emma-marrone-macchie-viso\/#primaryimage"},"thumbnailUrl":"http:\/\/files.gossip.it\/immagini_news\/2016\/06\/1464788359_marrone1.jpg","keywords":["amici","cancro","cantante","fan","folower","macchie sul viso","ormoni","senza trucco","social"],"articleSection":["News"],"inLanguage":"it-IT"},{"@type":"WebPage","@id":"https:\/\/www.gossip.it\/news\/emma-marrone-macchie-viso\/","url":"https:\/\/www.gossip.it\/news\/emma-marrone-macchie-viso\/","name":"Emma Marrone: 'Le macchie sul viso? Sono il frutto di anni di bombardamenti ormonali' - Gossip.it | News sul Gossip e VIP","isPartOf":{"@id":"https:\/\/www.gossip.it\/#website"},"primaryImageOfPage":{"@id":"https:\/\/www.gossip.it\/news\/emma-marrone-macchie-viso\/#primaryimage"},"image":{"@id":"https:\/\/www.gossip.it\/news\/emma-marrone-macchie-viso\/#primaryimage"},"thumbnailUrl":"http:\/\/files.gossip.it\/immagini_news\/2016\/06\/1464788359_marrone1.jpg","datePublished":"2016-05-31T22:00:00+00:00","dateModified":"2016-05-31T22:00:00+00:00","description":"Emma Marrone ha postato sul social uno scatto che la ritrae insieme ad alcuni ex allievi di \"Amici\". Nella foto la cantante si mostra ai follower\u00a0con il","breadcrumb":{"@id":"https:\/\/www.gossip.it\/news\/emma-marrone-macchie-viso\/#breadcrumb"},"inLanguage":"it-IT","potentialAction":[{"@type":"ReadAction","target":["https:\/\/www.gossip.it\/news\/emma-marrone-macchie-viso\/"]}]},{"@type":"ImageObject","inLanguage":"it-IT","@id":"https:\/\/www.gossip.it\/news\/emma-marrone-macchie-viso\/#primaryimage","url":"http:\/\/files.gossip.it\/immagini_news\/2016\/06\/1464788359_marrone1.jpg","contentUrl":"http:\/\/files.gossip.it\/immagini_news\/2016\/06\/1464788359_marrone1.jpg"},{"@type":"BreadcrumbList","@id":"https:\/\/www.gossip.it\/news\/emma-marrone-macchie-viso\/#breadcrumb","itemListElement":[{"@type":"ListItem","position":1,"name":"Home","item":"https:\/\/www.gossip.it\/"},{"@type":"ListItem","position":2,"name":"Emma Marrone: 'Le macchie sul viso? Sono il frutto di anni di bombardamenti ormonali'"}]},{"@type":"WebSite","@id":"https:\/\/www.gossip.it\/#website","url":"https:\/\/www.gossip.it\/","name":"Gossip and VIP News","description":"Quotidiano di cronaca rosa, costume e societ\u00e0","publisher":{"@id":"https:\/\/www.gossip.it\/#organization"},"alternateName":"Gossip and VIP News","potentialAction":[{"@type":"SearchAction","target":{"@type":"EntryPoint","urlTemplate":"https:\/\/www.gossip.it\/?s={search_term_string}"},"query-input":{"@type":"PropertyValueSpecification","valueRequired":true,"valueName":"search_term_string"}}],"inLanguage":"it-IT"},{"@type":"Organization","@id":"https:\/\/www.gossip.it\/#organization","name":"Gossip and VIP News","alternateName":"Gossip News","url":"https:\/\/www.gossip.it\/","logo":{"@type":"ImageObject","inLanguage":"it-IT","@id":"https:\/\/www.gossip.it\/#\/schema\/logo\/image\/","url":"https:\/\/www.gossip.it\/wp-content\/uploads\/2022\/04\/cropped-corna-alta-tiny.png","contentUrl":"https:\/\/www.gossip.it\/wp-content\/uploads\/2022\/04\/cropped-corna-alta-tiny.png","width":512,"height":512,"caption":"Gossip and VIP News"},"image":{"@id":"https:\/\/www.gossip.it\/#\/schema\/logo\/image\/"},"sameAs":["https:\/\/www.facebook.com\/GossipIT","https:\/\/x.com\/gossinews_it","https:\/\/instagram.com\/gossip_it"]},{"@type":"Person","@id":"https:\/\/www.gossip.it\/#\/schema\/person\/488896f75158bff1cc83c6c39d141110","name":"La Redazione","image":{"@type":"ImageObject","inLanguage":"it-IT","@id":"https:\/\/www.gossip.it\/#\/schema\/person\/image\/","url":"https:\/\/secure.gravatar.com\/avatar\/5a5f5c6fa3e6700e4249abdad0263a1e94e927d9e0499b1cb09c1cd29c044d80?s=96&d=mm&r=g","contentUrl":"https:\/\/secure.gravatar.com\/avatar\/5a5f5c6fa3e6700e4249abdad0263a1e94e927d9e0499b1cb09c1cd29c044d80?s=96&d=mm&r=g","caption":"La Redazione"},"sameAs":["https:\/\/www.gossip.it"]}]}},"amp_enabled":true,"_links":{"self":[{"href":"https:\/\/www.gossip.it\/api\/wp\/v2\/posts\/55350","targetHints":{"allow":["GET"]}}],"collection":[{"href":"https:\/\/www.gossip.it\/api\/wp\/v2\/posts"}],"about":[{"href":"https:\/\/www.gossip.it\/api\/wp\/v2\/types\/post"}],"author":[{"embeddable":true,"href":"https:\/\/www.gossip.it\/api\/wp\/v2\/users\/1"}],"replies":[{"embeddable":true,"href":"https:\/\/www.gossip.it\/api\/wp\/v2\/comments?post=55350"}],"version-history":[{"count":0,"href":"https:\/\/www.gossip.it\/api\/wp\/v2\/posts\/55350\/revisions"}],"wp:featuredmedia":[{"embeddable":true,"href":"https:\/\/www.gossip.it\/api\/wp\/v2\/media\/111396"}],"wp:attachment":[{"href":"https:\/\/www.gossip.it\/api\/wp\/v2\/media?parent=55350"}],"wp:term":[{"taxonomy":"category","embeddable":true,"href":"https:\/\/www.gossip.it\/api\/wp\/v2\/categories?post=55350"},{"taxonomy":"post_tag","embeddable":true,"href":"https:\/\/www.gossip.it\/api\/wp\/v2\/tags?post=55350"},{"taxonomy":"vip","embeddable":true,"href":"https:\/\/www.gossip.it\/api\/wp\/v2\/vip?post=55350"}],"curies":[{"name":"wp","href":"https:\/\/api.w.org\/{rel}","templated":true}]}}