{"id":55444,"date":"2016-06-13T00:00:00","date_gmt":"2016-06-12T22:00:00","guid":{"rendered":"https:\/\/www.gossip.it\/senza-categoria\/asia-argento-roma-pride-2016\/"},"modified":"2016-06-13T00:00:00","modified_gmt":"2016-06-12T22:00:00","slug":"asia-argento-roma-pride-2016","status":"publish","type":"post","link":"https:\/\/www.gossip.it\/news\/asia-argento-roma-pride-2016\/","title":{"rendered":"Asia Argento al Roma Pride 2016: 'Sono qui insieme ai miei figli'"},"content":{"rendered":"<p><a href=\"http:\/\/www.gossip.it\/vip\/asia-argento\/\">Asia Argento<\/a> sabato 11 giugno ha partecipato in veste di madrina al <strong>Roma Pride 2016<\/strong>. L'attrice ha sfilato per le strade della Capitale su un coloratissimo carro che ha attraversato il cuore della citt\u00e0: <em>\"Quanti di voi si sentono veramente vivi qui oggi? Io mi sento viva!\"<\/em>, ha detto <strong>Asia<\/strong> a pi\u00f9 di 700 mila partecipanti alla manifestazione.<\/p>\n<figure class=\"caption\"><img decoding=\"async\" alt=\"\" width=\"640\" height=\"405\" src=\"http:\/\/files.gossip.it\/immagini_news\/2016\/06\/1465815649_argento_gay_pride_2.jpg\" \/><figcaption>Asia Argento al Roma Pride 2016 in veste di madrina<\/figcaption><\/figure>\n<p><em>\"Oggi \u00e8 il giorno pi\u00f9 bello della mia vita<\/em> - ha proseguito l'<strong>Argento<\/strong> durante il discorso tenuto al <strong>Roma Pride 2016<\/strong> - <em>Qui con me ci sono i miei figli, Anna Lou e Nicola, che sono venuti a testimoniare la gioia e la libert\u00e0 della diversit\u00e0. Siamo tutti uguali e abbiamo tutti il diritto di amare: \u00e8 un diritto spirituale, non politico e religioso\"<\/em>.<br \/><em>\"Tutta la mia vita mi sono sentita anormale, diversa<\/em> - ha proseguito l'attrice - <em>sono venuta qui e ci sono centinaia di migliaia di persone diverse come me. Che regalo! Posso morire felice! Ma voglio vivere perch\u00e9 voglio vedere i nostri diritti rispettati\"<\/em>.<\/p>\n<figure class=\"caption\"><img decoding=\"async\" alt=\"\" src=\"http:\/\/files.gossip.it\/immagini_news\/2016\/06\/1465815687_argento_gay_pride_1.jpg\" \/><figcaption>Asia ha detto che \u00e8 stato il giorno pi\u00f9 bello della sua vita<\/figcaption><\/figure>\n<figure class=\"caption\"><img decoding=\"async\" alt=\"\" src=\"http:\/\/files.gossip.it\/immagini_news\/2016\/06\/1465815765_argento_gay_pride_3.jpg\" \/><figcaption>L'attrice romana sul carro che ha sfilato nel cuore della Capitale sabato 11 giugno<\/figcaption><\/figure>\n<p>Parole bellissime quelle pronunciate da<strong> Asia Argento<\/strong> al <strong>Roma Pride 2016<\/strong>. Il motto era \"Chi non si accontenta lotta\". Uno slogan che ribadisce come la legge sulle Unioni Civili sia solo un passo avanti: <em>\"Molti di noi<\/em> - ha spiegato il portavoce di <strong>Roma Pride 2016<\/strong> Massimiliano Secci - <em>potranno progettare il futuro con serenit\u00e0 ma sono state riconosciute in modo discriminante le nostre relazioni e i nostri figli. Ai politici diciamo che non devono prepararsi a ignorarci per i prossimi settant'anni\"<\/em>.<\/p>\n<figure class=\"caption\"><img decoding=\"async\" alt=\"\" src=\"http:\/\/files.gossip.it\/immagini_news\/2016\/06\/1465815814_argento_gay_pride_4.jpg\" \/><figcaption>Asia Argento madrina del Roma Pride e Monica Cirinn\u00e0 durante la manifestazione<\/figcaption><\/figure>\n<p>Il giorno dopo il <strong>Roma Pride<\/strong>, le associazioni Lgbt hanno sfilato di nuovo per le strade di Roma. Il clima per\u00f2 era decisamente meno gioioso: \u00e8 stata organizzata una fiaccolata davanti al Colosseo, nella Gay Street (la strada simbolo della comunit\u00e0 Lgbt nella capitale) per commemorare le vittime della strage che si \u00e8 consumata in un locale gay di Orlando, in Florida. Il mondo intero si \u00e8 fermato e anche tante star internazionali hanno espresso il loro cordoglio per quanto accaduto.<br \/><em>\"Sono gay e non ho paura<\/em> - ha scritto <a href=\"http:\/\/www.gossip.it\/vip\/ricky-martin\/\">Ricky Martin<\/a> sul social - <em>L'amore conquista tutti #PrayforOrlando\"<\/em>. <em>\"E' un momento traumatizzante per tante persone<\/em> - si legge invece nel post pubblicato da <a href=\"http:\/\/www.gossip.it\/vip\/lady-gaga\/\">Lady Gaga<\/a> su <a href=\"http:\/\/www.gossip.it\/vip\/twitter\/\">Twitter<\/a> - <em>Sogno di un mondo che possa riflettere su come cambiare questa violenza #Orlando\"<\/em>. <em>\"Cosa succede? In questo momento ho il cuore spezzato per le vittime e le loro famiglie di quest'atto senza cuore. Io proprio non capisco\"<\/em>, le parole di <a href=\"http:\/\/www.gossip.it\/vip\/justin-timberlake\/\">Justin Timberlake<\/a>.<\/p>\n","protected":false},"excerpt":{"rendered":"<p>Asia Argento sabato 11 giugno ha partecipato in veste di madrina al Roma Pride 2016. L'attrice ha sfilato per le strade della Capitale su un coloratissimo carro che ha attraversato il cuore della citt\u00e0: \"Quanti di voi si sentono veramente vivi qui oggi? Io mi sento viva!\", ha detto Asia a pi\u00f9 di 700 mila [&hellip;]<\/p>\n","protected":false},"author":1,"featured_media":111490,"comment_status":"closed","ping_status":"closed","sticky":false,"template":"","format":"standard","meta":{"footnotes":""},"categories":[54],"tags":[1983,2757,3140,10356,54802,3889,6367,54801,10062],"vip":[373],"class_list":["post-55444","post","type-post","status-publish","format-standard","has-post-thumbnail","hentry","category-news","tag-attrice","tag-evento","tag-gay","tag-gay-pride","tag-lgtb","tag-manifestazione","tag-orlando","tag-roma-pride","tag-unioni-civili","vip-asia_argento"],"yoast_head":"<title>Asia Argento al Roma Pride 2016: &#039;Sono qui insieme ai miei figli&#039; - Gossip.it | News sul Gossip e VIP<\/title>\n<meta name=\"description\" content=\"Asia Argento sabato 11 giugno ha partecipato in veste di madrina al Roma Pride 2016. L&#039;attrice ha sfilato per le strade della Capitale su un coloratissimo\" \/>\n<meta name=\"robots\" content=\"index, follow, max-snippet:-1, max-image-preview:large, max-video-preview:-1\" \/>\n<link rel=\"canonical\" href=\"https:\/\/www.gossip.it\/news\/asia-argento-roma-pride-2016\/\" \/>\n<meta property=\"og:locale\" content=\"it_IT\" \/>\n<meta property=\"og:type\" content=\"article\" \/>\n<meta property=\"og:title\" content=\"Asia Argento al Roma Pride 2016: &#039;Sono qui insieme ai miei figli&#039; - Gossip.it | News sul Gossip e VIP\" \/>\n<meta property=\"og:description\" content=\"Asia Argento sabato 11 giugno ha partecipato in veste di madrina al Roma Pride 2016. L&#039;attrice ha sfilato per le strade della Capitale su un coloratissimo\" \/>\n<meta property=\"og:url\" content=\"https:\/\/www.gossip.it\/news\/asia-argento-roma-pride-2016\/\" \/>\n<meta property=\"og:site_name\" content=\"Gossip.it | News sul Gossip e VIP\" \/>\n<meta property=\"article:publisher\" content=\"https:\/\/www.facebook.com\/GossipIT\" \/>\n<meta property=\"article:published_time\" content=\"2016-06-12T22:00:00+00:00\" \/>\n<meta property=\"og:image\" content=\"http:\/\/files.gossip.it\/immagini_news\/2016\/06\/1465815649_argento_gay_pride_2.jpg\" \/>\n<meta name=\"author\" content=\"La Redazione\" \/>\n<meta name=\"twitter:card\" content=\"summary_large_image\" \/>\n<meta name=\"twitter:image\" content=\"http:\/\/files.gossip.it\/immagini_news\/2016\/06\/1465815649_argento_gay_pride_2.jpg\" \/>\n<meta name=\"twitter:creator\" content=\"@gossinews_it\" \/>\n<meta name=\"twitter:site\" content=\"@gossinews_it\" \/>\n<meta name=\"twitter:label1\" content=\"Scritto da\" \/>\n\t<meta name=\"twitter:data1\" content=\"Francesca Romana Domenici\" \/>\n\t<meta name=\"twitter:label2\" content=\"Tempo di lettura stimato\" \/>\n\t<meta name=\"twitter:data2\" content=\"2 minuti\" \/>","yoast_head_json":{"title":"Asia Argento al Roma Pride 2016: 'Sono qui insieme ai miei figli' - Gossip.it | News sul Gossip e VIP","description":"Asia Argento sabato 11 giugno ha partecipato in veste di madrina al Roma Pride 2016. L'attrice ha sfilato per le strade della Capitale su un coloratissimo","robots":{"index":"index","follow":"follow","max-snippet":"max-snippet:-1","max-image-preview":"max-image-preview:large","max-video-preview":"max-video-preview:-1"},"canonical":"https:\/\/www.gossip.it\/news\/asia-argento-roma-pride-2016\/","og_locale":"it_IT","og_type":"article","og_title":"Asia Argento al Roma Pride 2016: 'Sono qui insieme ai miei figli' - Gossip.it | News sul Gossip e VIP","og_description":"Asia Argento sabato 11 giugno ha partecipato in veste di madrina al Roma Pride 2016. L'attrice ha sfilato per le strade della Capitale su un coloratissimo","og_url":"https:\/\/www.gossip.it\/news\/asia-argento-roma-pride-2016\/","og_site_name":"Gossip.it | News sul Gossip e VIP","article_publisher":"https:\/\/www.facebook.com\/GossipIT","article_published_time":"2016-06-12T22:00:00+00:00","og_image":[{"url":"http:\/\/files.gossip.it\/immagini_news\/2016\/06\/1465815649_argento_gay_pride_2.jpg"}],"author":"La Redazione","twitter_card":"summary_large_image","twitter_image":"http:\/\/files.gossip.it\/immagini_news\/2016\/06\/1465815649_argento_gay_pride_2.jpg","twitter_creator":"@gossinews_it","twitter_site":"@gossinews_it","twitter_misc":{"Scritto da":"Francesca Romana Domenici","Tempo di lettura stimato":"2 minuti"},"schema":{"@context":"https:\/\/schema.org","@graph":[{"@type":"Article","@id":"https:\/\/www.gossip.it\/news\/asia-argento-roma-pride-2016\/#article","isPartOf":{"@id":"https:\/\/www.gossip.it\/news\/asia-argento-roma-pride-2016\/"},"author":{"name":"La Redazione","@id":"https:\/\/www.gossip.it\/#\/schema\/person\/488896f75158bff1cc83c6c39d141110"},"headline":"Asia Argento al Roma Pride 2016: 'Sono qui insieme ai miei figli'","datePublished":"2016-06-12T22:00:00+00:00","dateModified":"2016-06-12T22:00:00+00:00","mainEntityOfPage":{"@id":"https:\/\/www.gossip.it\/news\/asia-argento-roma-pride-2016\/"},"wordCount":461,"publisher":{"@id":"https:\/\/www.gossip.it\/#organization"},"image":{"@id":"https:\/\/www.gossip.it\/news\/asia-argento-roma-pride-2016\/#primaryimage"},"thumbnailUrl":"http:\/\/files.gossip.it\/immagini_news\/2016\/06\/1465815649_argento_gay_pride_2.jpg","keywords":["attrice","evento","gay","gay pride","lgtb","manifestazione","Orlando","roma pride","unioni civili"],"articleSection":["News"],"inLanguage":"it-IT"},{"@type":"WebPage","@id":"https:\/\/www.gossip.it\/news\/asia-argento-roma-pride-2016\/","url":"https:\/\/www.gossip.it\/news\/asia-argento-roma-pride-2016\/","name":"Asia Argento al Roma Pride 2016: 'Sono qui insieme ai miei figli' - Gossip.it | News sul Gossip e VIP","isPartOf":{"@id":"https:\/\/www.gossip.it\/#website"},"primaryImageOfPage":{"@id":"https:\/\/www.gossip.it\/news\/asia-argento-roma-pride-2016\/#primaryimage"},"image":{"@id":"https:\/\/www.gossip.it\/news\/asia-argento-roma-pride-2016\/#primaryimage"},"thumbnailUrl":"http:\/\/files.gossip.it\/immagini_news\/2016\/06\/1465815649_argento_gay_pride_2.jpg","datePublished":"2016-06-12T22:00:00+00:00","dateModified":"2016-06-12T22:00:00+00:00","description":"Asia Argento sabato 11 giugno ha partecipato in veste di madrina al Roma Pride 2016. L'attrice ha sfilato per le strade della Capitale su un coloratissimo","breadcrumb":{"@id":"https:\/\/www.gossip.it\/news\/asia-argento-roma-pride-2016\/#breadcrumb"},"inLanguage":"it-IT","potentialAction":[{"@type":"ReadAction","target":["https:\/\/www.gossip.it\/news\/asia-argento-roma-pride-2016\/"]}]},{"@type":"ImageObject","inLanguage":"it-IT","@id":"https:\/\/www.gossip.it\/news\/asia-argento-roma-pride-2016\/#primaryimage","url":"http:\/\/files.gossip.it\/immagini_news\/2016\/06\/1465815649_argento_gay_pride_2.jpg","contentUrl":"http:\/\/files.gossip.it\/immagini_news\/2016\/06\/1465815649_argento_gay_pride_2.jpg"},{"@type":"BreadcrumbList","@id":"https:\/\/www.gossip.it\/news\/asia-argento-roma-pride-2016\/#breadcrumb","itemListElement":[{"@type":"ListItem","position":1,"name":"Home","item":"https:\/\/www.gossip.it\/"},{"@type":"ListItem","position":2,"name":"Asia Argento al Roma Pride 2016: 'Sono qui insieme ai miei figli'"}]},{"@type":"WebSite","@id":"https:\/\/www.gossip.it\/#website","url":"https:\/\/www.gossip.it\/","name":"Gossip and VIP News","description":"Quotidiano di cronaca rosa, costume e societ\u00e0","publisher":{"@id":"https:\/\/www.gossip.it\/#organization"},"alternateName":"Gossip and VIP News","potentialAction":[{"@type":"SearchAction","target":{"@type":"EntryPoint","urlTemplate":"https:\/\/www.gossip.it\/?s={search_term_string}"},"query-input":{"@type":"PropertyValueSpecification","valueRequired":true,"valueName":"search_term_string"}}],"inLanguage":"it-IT"},{"@type":"Organization","@id":"https:\/\/www.gossip.it\/#organization","name":"Gossip and VIP News","alternateName":"Gossip News","url":"https:\/\/www.gossip.it\/","logo":{"@type":"ImageObject","inLanguage":"it-IT","@id":"https:\/\/www.gossip.it\/#\/schema\/logo\/image\/","url":"https:\/\/www.gossip.it\/wp-content\/uploads\/2022\/04\/cropped-corna-alta-tiny.png","contentUrl":"https:\/\/www.gossip.it\/wp-content\/uploads\/2022\/04\/cropped-corna-alta-tiny.png","width":512,"height":512,"caption":"Gossip and VIP News"},"image":{"@id":"https:\/\/www.gossip.it\/#\/schema\/logo\/image\/"},"sameAs":["https:\/\/www.facebook.com\/GossipIT","https:\/\/x.com\/gossinews_it","https:\/\/instagram.com\/gossip_it"]},{"@type":"Person","@id":"https:\/\/www.gossip.it\/#\/schema\/person\/488896f75158bff1cc83c6c39d141110","name":"La Redazione","image":{"@type":"ImageObject","inLanguage":"it-IT","@id":"https:\/\/www.gossip.it\/#\/schema\/person\/image\/","url":"https:\/\/secure.gravatar.com\/avatar\/5a5f5c6fa3e6700e4249abdad0263a1e94e927d9e0499b1cb09c1cd29c044d80?s=96&d=mm&r=g","contentUrl":"https:\/\/secure.gravatar.com\/avatar\/5a5f5c6fa3e6700e4249abdad0263a1e94e927d9e0499b1cb09c1cd29c044d80?s=96&d=mm&r=g","caption":"La Redazione"},"sameAs":["https:\/\/www.gossip.it"]}]}},"amp_enabled":true,"_links":{"self":[{"href":"https:\/\/www.gossip.it\/api\/wp\/v2\/posts\/55444","targetHints":{"allow":["GET"]}}],"collection":[{"href":"https:\/\/www.gossip.it\/api\/wp\/v2\/posts"}],"about":[{"href":"https:\/\/www.gossip.it\/api\/wp\/v2\/types\/post"}],"author":[{"embeddable":true,"href":"https:\/\/www.gossip.it\/api\/wp\/v2\/users\/1"}],"replies":[{"embeddable":true,"href":"https:\/\/www.gossip.it\/api\/wp\/v2\/comments?post=55444"}],"version-history":[{"count":0,"href":"https:\/\/www.gossip.it\/api\/wp\/v2\/posts\/55444\/revisions"}],"wp:featuredmedia":[{"embeddable":true,"href":"https:\/\/www.gossip.it\/api\/wp\/v2\/media\/111490"}],"wp:attachment":[{"href":"https:\/\/www.gossip.it\/api\/wp\/v2\/media?parent=55444"}],"wp:term":[{"taxonomy":"category","embeddable":true,"href":"https:\/\/www.gossip.it\/api\/wp\/v2\/categories?post=55444"},{"taxonomy":"post_tag","embeddable":true,"href":"https:\/\/www.gossip.it\/api\/wp\/v2\/tags?post=55444"},{"taxonomy":"vip","embeddable":true,"href":"https:\/\/www.gossip.it\/api\/wp\/v2\/vip?post=55444"}],"curies":[{"name":"wp","href":"https:\/\/api.w.org\/{rel}","templated":true}]}}