{"id":55492,"date":"2016-06-17T00:00:00","date_gmt":"2016-06-16T22:00:00","guid":{"rendered":"https:\/\/www.gossip.it\/senza-categoria\/michelle-hunziker-monaco-di-baviera-lavoro\/"},"modified":"2016-06-17T00:00:00","modified_gmt":"2016-06-16T22:00:00","slug":"michelle-hunziker-monaco-di-baviera-lavoro","status":"publish","type":"post","link":"https:\/\/www.gossip.it\/news\/michelle-hunziker-monaco-di-baviera-lavoro\/","title":{"rendered":"Michelle Hunziker al lavoro a Monaco di Baviera"},"content":{"rendered":"<p><a href=\"http:\/\/www.gossip.it\/vip\/michelle-hunziker\/\">Michelle Hunziker<\/a> \u00e8 a <strong>Monaco di Baviera<\/strong> per <strong>lavoro<\/strong>. Sul <a href=\"http:\/\/www.gossip.it\/vip\/social\/\">social<\/a> la 39enne ha rivelato la citt\u00e0 in cui si trova postando un selfie che la immortala con uno dei monumenti pi\u00f9 famosi alle spalle. <em>\"Viele Gr\u00fc\u00dfe aus M\u00fcnchen! Eine wundersch\u00f6ne Stadt! Monaco di Baviera...una citt\u00e0 splendida da visitare! Un bacio\"<\/em>, ha scritto.<\/p>\n<figure class=\"caption\"><img decoding=\"async\" alt=\"\" width=\"640\" height=\"702\" src=\"http:\/\/files.gossip.it\/immagini_news\/2016\/06\/1466158978_michelle_hunziker_2.jpg\" \/><figcaption>Michelle Hunziker al lavoro a Monaco di Baviera<\/figcaption><\/figure>\n<p>La <a href=\"http:\/\/www.gossip.it\/vip\/showgirl\/\">showgirl<\/a> svizzera a <strong>Monaco di Baviera<\/strong> per<strong> lavoro<\/strong> trova sempre il modo di sorridere e divertirsi. Nei giorni scorsi ha visitato il Bavaria Filmstadt, l'unico museo al mondo in cui sono conservati gli oggetti di scena e le riproduzioni dei personaggi che hanno fatto sognare intere generazioni.<br \/>Fan del film cult <em>\u201cLa storia infinita\u201d <\/em>di Wolfgang Petersen, risalente al 1984, tratto dal libro di Michael Ende, quasi interamente girato in Germania, <strong>Michelle Hunziker<\/strong> ha potuto cavalcare il vero Falkor, il fortunadrago volante che aiutava Atreyu a salvare il regno di Fantasia. <em>\"Ve lo ricordate il fortuna drago della storia infinita? Eccolo qui! E' quello originale ! Che emozioneeee! Quel film l'ho visto 1000 volte! #neverendingstory\"<\/em>, ha commentato la bionda.<\/p>\n<figure class=\"caption\"><img decoding=\"async\" alt=\"\" width=\"640\" height=\"640\" src=\"http:\/\/files.gossip.it\/immagini_news\/2016\/06\/1466159006_michelle_hunziker_3.jpg\" \/><figcaption>La showgirl su Falkor al Bavaria Filmstadt<\/figcaption><\/figure>\n<figure class=\"caption\"><img decoding=\"async\" alt=\"\" width=\"640\" height=\"400\" src=\"http:\/\/files.gossip.it\/immagini_news\/2016\/06\/1466159057_michelle_hunziker_5.jpg\" \/><figcaption>La bionda super fashion in Germania<\/figcaption><\/figure>\n<p>Per gli appuntamenti di <strong>lavoro<\/strong>, che la portano sotto i riflettori, a <strong>Monaco di Baviera Michelle Hunziker<\/strong> ha portato con se la make up artist e hair stylist Laura Barenghi, di cui si fida ciecamente. Nel pubblicare uno scatto in cui \u00e8 immortalata con un'acconciatura con treccia molto particolare, la conduttrice di <a href=\"http:\/\/www.gossip.it\/vip\/striscia-la notizia\/\">Striscia la Notizia<\/a> ha sottolineato: <em>\"Gioia e Amore in un intreccio magico, creano un rapporto unico... #trecciafrancese, hair and makeup @laurabarenghi\"<\/em>.<\/p>\n<figure class=\"caption\"><img decoding=\"async\" alt=\"\" width=\"640\" height=\"661\" src=\"http:\/\/files.gossip.it\/immagini_news\/2016\/06\/1466159086_michelle_hunziker_1.jpg\" \/><figcaption>La particolarissima acconciatura di Michelle<\/figcaption><\/figure>\n<figure class=\"caption\"><img decoding=\"async\" alt=\"\" width=\"640\" height=\"371\" src=\"http:\/\/files.gossip.it\/immagini_news\/2016\/06\/1466159109_tomaso_trussardi_4.jpg\" \/><figcaption>Tomaso Trussardi a Milano impegnato con la Fashion Week<\/figcaption><\/figure>\n<p>Michelle ha lasciato per un po' la Versilia, dove ha trascorso qualche giorno di relax, ed \u00e8 volata a <strong>Monaco di Baviera<\/strong>. <a href=\"http:\/\/www.gossip.it\/vip\/tomaso-trussardi\/\">Tomaso Trussardi<\/a>, invece, \u00e8 rimasto a MIlano e si d\u00e0 da fare, impegnatissimo con la <a href=\"http:\/\/www.gossip.it\/vip\/fashion-week\/\">Fashion Week<\/a>. L'imprenditore trova anche il tempo di farsi fotografare accanto alle sue 'icon bag' Trussardi, di cui va orgogliosissimo. E attende il ritorno della bella moglie a casa, dalle sue bimbe, Sole e Celeste, rimaste in Italia.<\/p>\n<p>\u00a0<\/p>\n","protected":false},"excerpt":{"rendered":"<p>Michelle Hunziker \u00e8 a Monaco di Baviera per lavoro. Sul social la 39enne ha rivelato la citt\u00e0 in cui si trova postando un selfie che la immortala con uno dei monumenti pi\u00f9 famosi alle spalle. \"Viele Gr\u00fc\u00dfe aus M\u00fcnchen! Eine wundersch\u00f6ne Stadt! Monaco di Baviera...una citt\u00e0 splendida da visitare! Un bacio\", ha scritto. Michelle Hunziker [&hellip;]<\/p>\n","protected":false},"author":1,"featured_media":111538,"comment_status":"closed","ping_status":"closed","sticky":false,"template":"","format":"standard","meta":{"footnotes":""},"categories":[54],"tags":[5419,7073,2121,2976,1979,9687,1967,1923],"vip":[1351,1775],"class_list":["post-55492","post","type-post","status-publish","format-standard","has-post-thumbnail","hentry","category-news","tag-fashion-week","tag-germania","tag-instagram","tag-lavoro","tag-milano","tag-monaco-di-baviera","tag-showgirl","tag-social","vip-michelle_hunziker","vip-tomaso_trussardi"],"yoast_head":"<title>Michelle Hunziker al lavoro a Monaco di Baviera - Gossip.it | News sul Gossip e VIP<\/title>\n<meta name=\"description\" content=\"Michelle Hunziker \u00e8 a Monaco di Baviera per lavoro. Sul social la 39enne ha rivelato la citt\u00e0 in cui si trova postando un selfie che la immortala con uno\" \/>\n<meta name=\"robots\" content=\"index, follow, max-snippet:-1, max-image-preview:large, max-video-preview:-1\" \/>\n<link rel=\"canonical\" href=\"https:\/\/www.gossip.it\/news\/michelle-hunziker-monaco-di-baviera-lavoro\/\" \/>\n<meta property=\"og:locale\" content=\"it_IT\" \/>\n<meta property=\"og:type\" content=\"article\" \/>\n<meta property=\"og:title\" content=\"Michelle Hunziker al lavoro a Monaco di Baviera - Gossip.it | News sul Gossip e VIP\" \/>\n<meta property=\"og:description\" content=\"Michelle Hunziker \u00e8 a Monaco di Baviera per lavoro. Sul social la 39enne ha rivelato la citt\u00e0 in cui si trova postando un selfie che la immortala con uno\" \/>\n<meta property=\"og:url\" content=\"https:\/\/www.gossip.it\/news\/michelle-hunziker-monaco-di-baviera-lavoro\/\" \/>\n<meta property=\"og:site_name\" content=\"Gossip.it | News sul Gossip e VIP\" \/>\n<meta property=\"article:publisher\" content=\"https:\/\/www.facebook.com\/GossipIT\" \/>\n<meta property=\"article:published_time\" content=\"2016-06-16T22:00:00+00:00\" \/>\n<meta property=\"og:image\" content=\"http:\/\/files.gossip.it\/immagini_news\/2016\/06\/1466158978_michelle_hunziker_2.jpg\" \/>\n<meta name=\"author\" content=\"La Redazione\" \/>\n<meta name=\"twitter:card\" content=\"summary_large_image\" \/>\n<meta name=\"twitter:image\" content=\"http:\/\/files.gossip.it\/immagini_news\/2016\/06\/1466158978_michelle_hunziker_2.jpg\" \/>\n<meta name=\"twitter:creator\" content=\"@gossinews_it\" \/>\n<meta name=\"twitter:site\" content=\"@gossinews_it\" \/>\n<meta name=\"twitter:label1\" content=\"Scritto da\" \/>\n\t<meta name=\"twitter:data1\" content=\"Annamaria Capozzi\" \/>\n\t<meta name=\"twitter:label2\" content=\"Tempo di lettura stimato\" \/>\n\t<meta name=\"twitter:data2\" content=\"2 minuti\" \/>","yoast_head_json":{"title":"Michelle Hunziker al lavoro a Monaco di Baviera - Gossip.it | News sul Gossip e VIP","description":"Michelle Hunziker \u00e8 a Monaco di Baviera per lavoro. Sul social la 39enne ha rivelato la citt\u00e0 in cui si trova postando un selfie che la immortala con uno","robots":{"index":"index","follow":"follow","max-snippet":"max-snippet:-1","max-image-preview":"max-image-preview:large","max-video-preview":"max-video-preview:-1"},"canonical":"https:\/\/www.gossip.it\/news\/michelle-hunziker-monaco-di-baviera-lavoro\/","og_locale":"it_IT","og_type":"article","og_title":"Michelle Hunziker al lavoro a Monaco di Baviera - Gossip.it | News sul Gossip e VIP","og_description":"Michelle Hunziker \u00e8 a Monaco di Baviera per lavoro. Sul social la 39enne ha rivelato la citt\u00e0 in cui si trova postando un selfie che la immortala con uno","og_url":"https:\/\/www.gossip.it\/news\/michelle-hunziker-monaco-di-baviera-lavoro\/","og_site_name":"Gossip.it | News sul Gossip e VIP","article_publisher":"https:\/\/www.facebook.com\/GossipIT","article_published_time":"2016-06-16T22:00:00+00:00","og_image":[{"url":"http:\/\/files.gossip.it\/immagini_news\/2016\/06\/1466158978_michelle_hunziker_2.jpg"}],"author":"La Redazione","twitter_card":"summary_large_image","twitter_image":"http:\/\/files.gossip.it\/immagini_news\/2016\/06\/1466158978_michelle_hunziker_2.jpg","twitter_creator":"@gossinews_it","twitter_site":"@gossinews_it","twitter_misc":{"Scritto da":"Annamaria Capozzi","Tempo di lettura stimato":"2 minuti"},"schema":{"@context":"https:\/\/schema.org","@graph":[{"@type":"Article","@id":"https:\/\/www.gossip.it\/news\/michelle-hunziker-monaco-di-baviera-lavoro\/#article","isPartOf":{"@id":"https:\/\/www.gossip.it\/news\/michelle-hunziker-monaco-di-baviera-lavoro\/"},"author":{"name":"La Redazione","@id":"https:\/\/www.gossip.it\/#\/schema\/person\/488896f75158bff1cc83c6c39d141110"},"headline":"Michelle Hunziker al lavoro a Monaco di Baviera","datePublished":"2016-06-16T22:00:00+00:00","dateModified":"2016-06-16T22:00:00+00:00","mainEntityOfPage":{"@id":"https:\/\/www.gossip.it\/news\/michelle-hunziker-monaco-di-baviera-lavoro\/"},"wordCount":365,"publisher":{"@id":"https:\/\/www.gossip.it\/#organization"},"image":{"@id":"https:\/\/www.gossip.it\/news\/michelle-hunziker-monaco-di-baviera-lavoro\/#primaryimage"},"thumbnailUrl":"http:\/\/files.gossip.it\/immagini_news\/2016\/06\/1466158978_michelle_hunziker_2.jpg","keywords":["fashion week","germania","instagram","lavoro","milano","monaco di baviera","showgirl","social"],"articleSection":["News"],"inLanguage":"it-IT"},{"@type":"WebPage","@id":"https:\/\/www.gossip.it\/news\/michelle-hunziker-monaco-di-baviera-lavoro\/","url":"https:\/\/www.gossip.it\/news\/michelle-hunziker-monaco-di-baviera-lavoro\/","name":"Michelle Hunziker al lavoro a Monaco di Baviera - Gossip.it | News sul Gossip e VIP","isPartOf":{"@id":"https:\/\/www.gossip.it\/#website"},"primaryImageOfPage":{"@id":"https:\/\/www.gossip.it\/news\/michelle-hunziker-monaco-di-baviera-lavoro\/#primaryimage"},"image":{"@id":"https:\/\/www.gossip.it\/news\/michelle-hunziker-monaco-di-baviera-lavoro\/#primaryimage"},"thumbnailUrl":"http:\/\/files.gossip.it\/immagini_news\/2016\/06\/1466158978_michelle_hunziker_2.jpg","datePublished":"2016-06-16T22:00:00+00:00","dateModified":"2016-06-16T22:00:00+00:00","description":"Michelle Hunziker \u00e8 a Monaco di Baviera per lavoro. Sul social la 39enne ha rivelato la citt\u00e0 in cui si trova postando un selfie che la immortala con uno","breadcrumb":{"@id":"https:\/\/www.gossip.it\/news\/michelle-hunziker-monaco-di-baviera-lavoro\/#breadcrumb"},"inLanguage":"it-IT","potentialAction":[{"@type":"ReadAction","target":["https:\/\/www.gossip.it\/news\/michelle-hunziker-monaco-di-baviera-lavoro\/"]}]},{"@type":"ImageObject","inLanguage":"it-IT","@id":"https:\/\/www.gossip.it\/news\/michelle-hunziker-monaco-di-baviera-lavoro\/#primaryimage","url":"http:\/\/files.gossip.it\/immagini_news\/2016\/06\/1466158978_michelle_hunziker_2.jpg","contentUrl":"http:\/\/files.gossip.it\/immagini_news\/2016\/06\/1466158978_michelle_hunziker_2.jpg"},{"@type":"BreadcrumbList","@id":"https:\/\/www.gossip.it\/news\/michelle-hunziker-monaco-di-baviera-lavoro\/#breadcrumb","itemListElement":[{"@type":"ListItem","position":1,"name":"Home","item":"https:\/\/www.gossip.it\/"},{"@type":"ListItem","position":2,"name":"Michelle Hunziker al lavoro a Monaco di Baviera"}]},{"@type":"WebSite","@id":"https:\/\/www.gossip.it\/#website","url":"https:\/\/www.gossip.it\/","name":"Gossip and VIP News","description":"Quotidiano di cronaca rosa, costume e societ\u00e0","publisher":{"@id":"https:\/\/www.gossip.it\/#organization"},"alternateName":"Gossip and VIP News","potentialAction":[{"@type":"SearchAction","target":{"@type":"EntryPoint","urlTemplate":"https:\/\/www.gossip.it\/?s={search_term_string}"},"query-input":{"@type":"PropertyValueSpecification","valueRequired":true,"valueName":"search_term_string"}}],"inLanguage":"it-IT"},{"@type":"Organization","@id":"https:\/\/www.gossip.it\/#organization","name":"Gossip and VIP News","alternateName":"Gossip News","url":"https:\/\/www.gossip.it\/","logo":{"@type":"ImageObject","inLanguage":"it-IT","@id":"https:\/\/www.gossip.it\/#\/schema\/logo\/image\/","url":"https:\/\/www.gossip.it\/wp-content\/uploads\/2022\/04\/cropped-corna-alta-tiny.png","contentUrl":"https:\/\/www.gossip.it\/wp-content\/uploads\/2022\/04\/cropped-corna-alta-tiny.png","width":512,"height":512,"caption":"Gossip and VIP News"},"image":{"@id":"https:\/\/www.gossip.it\/#\/schema\/logo\/image\/"},"sameAs":["https:\/\/www.facebook.com\/GossipIT","https:\/\/x.com\/gossinews_it","https:\/\/instagram.com\/gossip_it"]},{"@type":"Person","@id":"https:\/\/www.gossip.it\/#\/schema\/person\/488896f75158bff1cc83c6c39d141110","name":"La Redazione","image":{"@type":"ImageObject","inLanguage":"it-IT","@id":"https:\/\/www.gossip.it\/#\/schema\/person\/image\/","url":"https:\/\/secure.gravatar.com\/avatar\/5a5f5c6fa3e6700e4249abdad0263a1e94e927d9e0499b1cb09c1cd29c044d80?s=96&d=mm&r=g","contentUrl":"https:\/\/secure.gravatar.com\/avatar\/5a5f5c6fa3e6700e4249abdad0263a1e94e927d9e0499b1cb09c1cd29c044d80?s=96&d=mm&r=g","caption":"La Redazione"},"sameAs":["https:\/\/www.gossip.it"]}]}},"amp_enabled":true,"_links":{"self":[{"href":"https:\/\/www.gossip.it\/api\/wp\/v2\/posts\/55492","targetHints":{"allow":["GET"]}}],"collection":[{"href":"https:\/\/www.gossip.it\/api\/wp\/v2\/posts"}],"about":[{"href":"https:\/\/www.gossip.it\/api\/wp\/v2\/types\/post"}],"author":[{"embeddable":true,"href":"https:\/\/www.gossip.it\/api\/wp\/v2\/users\/1"}],"replies":[{"embeddable":true,"href":"https:\/\/www.gossip.it\/api\/wp\/v2\/comments?post=55492"}],"version-history":[{"count":0,"href":"https:\/\/www.gossip.it\/api\/wp\/v2\/posts\/55492\/revisions"}],"wp:featuredmedia":[{"embeddable":true,"href":"https:\/\/www.gossip.it\/api\/wp\/v2\/media\/111538"}],"wp:attachment":[{"href":"https:\/\/www.gossip.it\/api\/wp\/v2\/media?parent=55492"}],"wp:term":[{"taxonomy":"category","embeddable":true,"href":"https:\/\/www.gossip.it\/api\/wp\/v2\/categories?post=55492"},{"taxonomy":"post_tag","embeddable":true,"href":"https:\/\/www.gossip.it\/api\/wp\/v2\/tags?post=55492"},{"taxonomy":"vip","embeddable":true,"href":"https:\/\/www.gossip.it\/api\/wp\/v2\/vip?post=55492"}],"curies":[{"name":"wp","href":"https:\/\/api.w.org\/{rel}","templated":true}]}}