{"id":55569,"date":"2016-06-27T00:00:00","date_gmt":"2016-06-26T22:00:00","guid":{"rendered":"https:\/\/www.gossip.it\/senza-categoria\/maria-de-filippi-benji-fede-coca-cola-summer-festival-2016\/"},"modified":"2016-06-27T00:00:00","modified_gmt":"2016-06-26T22:00:00","slug":"maria-de-filippi-benji-fede-coca-cola-summer-festival-2016","status":"publish","type":"post","link":"https:\/\/www.gossip.it\/news\/maria-de-filippi-benji-fede-coca-cola-summer-festival-2016\/","title":{"rendered":"Maria De Filippi, foto social con Benji e Fede al Coca Cola Summer Festival 2016"},"content":{"rendered":"<p><a href=\"http:\/\/www.gossip.it\/vip\/maria-de filippi\/\">Maria De Filippi<\/a>, dietro le quinte del <strong>Coca Cola Summer Festival 2016<\/strong>, cede ancora una volta al <a href=\"http:\/\/www.gossip.it\/vip\/social\/\">social<\/a>. la conduttrice, di solito molto riservata e restia a posare per immagini condivise sul web, si concede uno scatto con i popolarissimi <strong>Benji<\/strong> e <em>Fede<\/em>. Non solo, si mette in posa pure con un altro addetto ai lavori.<\/p>\n<figure class=\"caption\"><img decoding=\"async\" alt=\"\" width=\"640\" height=\"567\" src=\"http:\/\/files.gossip.it\/immagini_news\/2016\/06\/1467033945_maria_de_filippi_coca_cola_summer_festival_1.jpg\" \/><figcaption>Maria De Filippi al Coca Cola Summer Festival 2016 con Benji e Fede<\/figcaption><\/figure>\n<p>Al <strong>Coca Cola Summer Festival 2016 Benji <\/strong>e <strong>Fede<\/strong> sono felici con <strong>Maria De Filippi<\/strong>. Nella foto che loro hanno postato sul proprio profilo sul network, uno fa il segno di vittoria con le dita, l'altro ha il pollice all'ins\u00f9. La regina della <a href=\"http:\/\/www.gossip.it\/vip\/tv\/\">tv<\/a>, occhiali in mano, li abbraccia entrambi e sorride.<br \/>Non poteva non esserci al <strong>Coca Cola Summer Festival 2016<\/strong>. <strong>Maria De Filippi<\/strong> ha ascoltato i suoi talenti sul palco a Roma. Non avr\u00e0 gioito per i fischi riservati ai <a href=\"http:\/\/www.gossip.it\/vip\/the-kolors\/\">The Kolors<\/a> dopo il polverone alzato da <a href=\"http:\/\/www.gossip.it\/vip\/stash\/\">Stash<\/a> agli <a href=\"http:\/\/www.gossip.it\/vip\/mtv-music awards 2016\/\">MTV Music Awards 2016<\/a>, ma sar\u00e0 sata contenta di <a href=\"http:\/\/www.gossip.it\/vip\/elodie-patrizi\/\">Elodie Patrizi<\/a>, vincitrice della seconda puntata con la sua <em>\"Amore Avrai\"<\/em>.<\/p>\n<figure class=\"caption\"><img decoding=\"async\" alt=\"\" width=\"640\" height=\"647\" src=\"http:\/\/files.gossip.it\/immagini_news\/2016\/06\/1467033962_maria_de_filippi_coca_cola_summer_festival_2.jpg\" \/><figcaption>La conduttrice 54enne con un addetto ai lavori del festival<\/figcaption><\/figure>\n<p><strong>Benji<\/strong> e <strong>Fede<\/strong> non hanno portato a casa nulla, se non gli applausi del pubblico: le ragazzine vanno in visibilio per loro. La maggior conquista al <strong>Coca Cola Summer Festival 2016<\/strong>\u00a0per la coppia \u00e8 aver convinto <strong>Maria De Filippi<\/strong> a posare per uno scatto da pubblicare successivamente sul social. Non \u00e8 poco. Questo festival \u00e8 un prodotto della 54enne che in televisione torner\u00e0 come e pi\u00f9 del solito a essere protagonista: ha appena rinnovato per altri 5 anni con Mediaset. Sono stati confermati pure i suoi programmi. E' un elemento strategico del Gruppo e dispone della massima libert\u00e0 artistica per quel che concerne le sue trasmissioni. E' brava, ogni cosa che<em> 'tocca'<\/em> diventa d'oro, <strong>Benji <\/strong>e <strong>Fede<\/strong> le stanno vicini felici e contenti.<\/p>\n<p>\u00a0<\/p>\n<p>\u00a0<\/p>\n","protected":false},"excerpt":{"rendered":"<p>Maria De Filippi, dietro le quinte del Coca Cola Summer Festival 2016, cede ancora una volta al social. la conduttrice, di solito molto riservata e restia a posare per immagini condivise sul web, si concede uno scatto con i popolarissimi Benji e Fede. Non solo, si mette in posa pure con un altro addetto ai [&hellip;]<\/p>\n","protected":false},"author":1,"featured_media":111615,"comment_status":"closed","ping_status":"closed","sticky":false,"template":"","format":"standard","meta":{"footnotes":""},"categories":[54],"tags":[54886,38325,8581,54885,1992,1947,2121,1923],"vip":[1237],"class_list":["post-55569","post","type-post","status-publish","format-standard","has-post-thumbnail","hentry","category-news","tag-benj-e-fede","tag-benji","tag-coca-cola-summer-festival","tag-coca-cola-summer-festival-2016","tag-conduttrice","tag-fede","tag-instagram","tag-social","vip-maria_de_filippi"],"yoast_head":"<title>Maria De Filippi, foto social con Benji e Fede al Coca Cola Summer Festival 2016 - Gossip.it | News sul Gossip e VIP<\/title>\n<meta name=\"description\" content=\"Maria De Filippi, dietro le quinte del Coca Cola Summer Festival 2016, cede ancora una volta al social. la conduttrice, di solito molto riservata e restia\" \/>\n<meta name=\"robots\" content=\"index, follow, max-snippet:-1, max-image-preview:large, max-video-preview:-1\" \/>\n<link rel=\"canonical\" href=\"https:\/\/www.gossip.it\/news\/maria-de-filippi-benji-fede-coca-cola-summer-festival-2016\/\" \/>\n<meta property=\"og:locale\" content=\"it_IT\" \/>\n<meta property=\"og:type\" content=\"article\" \/>\n<meta property=\"og:title\" content=\"Maria De Filippi, foto social con Benji e Fede al Coca Cola Summer Festival 2016 - Gossip.it | News sul Gossip e VIP\" \/>\n<meta property=\"og:description\" content=\"Maria De Filippi, dietro le quinte del Coca Cola Summer Festival 2016, cede ancora una volta al social. la conduttrice, di solito molto riservata e restia\" \/>\n<meta property=\"og:url\" content=\"https:\/\/www.gossip.it\/news\/maria-de-filippi-benji-fede-coca-cola-summer-festival-2016\/\" \/>\n<meta property=\"og:site_name\" content=\"Gossip.it | News sul Gossip e VIP\" \/>\n<meta property=\"article:publisher\" content=\"https:\/\/www.facebook.com\/GossipIT\" \/>\n<meta property=\"article:published_time\" content=\"2016-06-26T22:00:00+00:00\" \/>\n<meta property=\"og:image\" content=\"http:\/\/files.gossip.it\/immagini_news\/2016\/06\/1467033945_maria_de_filippi_coca_cola_summer_festival_1.jpg\" \/>\n<meta name=\"author\" content=\"La Redazione\" \/>\n<meta name=\"twitter:card\" content=\"summary_large_image\" \/>\n<meta name=\"twitter:image\" content=\"http:\/\/files.gossip.it\/immagini_news\/2016\/06\/1467033945_maria_de_filippi_coca_cola_summer_festival_1.jpg\" \/>\n<meta name=\"twitter:creator\" content=\"@gossinews_it\" \/>\n<meta name=\"twitter:site\" content=\"@gossinews_it\" \/>\n<meta name=\"twitter:label1\" content=\"Scritto da\" \/>\n\t<meta name=\"twitter:data1\" content=\"Annamaria Capozzi\" \/>\n\t<meta name=\"twitter:label2\" content=\"Tempo di lettura stimato\" \/>\n\t<meta name=\"twitter:data2\" content=\"2 minuti\" \/>","yoast_head_json":{"title":"Maria De Filippi, foto social con Benji e Fede al Coca Cola Summer Festival 2016 - Gossip.it | News sul Gossip e VIP","description":"Maria De Filippi, dietro le quinte del Coca Cola Summer Festival 2016, cede ancora una volta al social. la conduttrice, di solito molto riservata e restia","robots":{"index":"index","follow":"follow","max-snippet":"max-snippet:-1","max-image-preview":"max-image-preview:large","max-video-preview":"max-video-preview:-1"},"canonical":"https:\/\/www.gossip.it\/news\/maria-de-filippi-benji-fede-coca-cola-summer-festival-2016\/","og_locale":"it_IT","og_type":"article","og_title":"Maria De Filippi, foto social con Benji e Fede al Coca Cola Summer Festival 2016 - Gossip.it | News sul Gossip e VIP","og_description":"Maria De Filippi, dietro le quinte del Coca Cola Summer Festival 2016, cede ancora una volta al social. la conduttrice, di solito molto riservata e restia","og_url":"https:\/\/www.gossip.it\/news\/maria-de-filippi-benji-fede-coca-cola-summer-festival-2016\/","og_site_name":"Gossip.it | News sul Gossip e VIP","article_publisher":"https:\/\/www.facebook.com\/GossipIT","article_published_time":"2016-06-26T22:00:00+00:00","og_image":[{"url":"http:\/\/files.gossip.it\/immagini_news\/2016\/06\/1467033945_maria_de_filippi_coca_cola_summer_festival_1.jpg"}],"author":"La Redazione","twitter_card":"summary_large_image","twitter_image":"http:\/\/files.gossip.it\/immagini_news\/2016\/06\/1467033945_maria_de_filippi_coca_cola_summer_festival_1.jpg","twitter_creator":"@gossinews_it","twitter_site":"@gossinews_it","twitter_misc":{"Scritto da":"Annamaria Capozzi","Tempo di lettura stimato":"2 minuti"},"schema":{"@context":"https:\/\/schema.org","@graph":[{"@type":"Article","@id":"https:\/\/www.gossip.it\/news\/maria-de-filippi-benji-fede-coca-cola-summer-festival-2016\/#article","isPartOf":{"@id":"https:\/\/www.gossip.it\/news\/maria-de-filippi-benji-fede-coca-cola-summer-festival-2016\/"},"author":{"name":"La Redazione","@id":"https:\/\/www.gossip.it\/#\/schema\/person\/488896f75158bff1cc83c6c39d141110"},"headline":"Maria De Filippi, foto social con Benji e Fede al Coca Cola Summer Festival 2016","datePublished":"2016-06-26T22:00:00+00:00","dateModified":"2016-06-26T22:00:00+00:00","mainEntityOfPage":{"@id":"https:\/\/www.gossip.it\/news\/maria-de-filippi-benji-fede-coca-cola-summer-festival-2016\/"},"wordCount":321,"publisher":{"@id":"https:\/\/www.gossip.it\/#organization"},"image":{"@id":"https:\/\/www.gossip.it\/news\/maria-de-filippi-benji-fede-coca-cola-summer-festival-2016\/#primaryimage"},"thumbnailUrl":"http:\/\/files.gossip.it\/immagini_news\/2016\/06\/1467033945_maria_de_filippi_coca_cola_summer_festival_1.jpg","keywords":["benj e fede","benji","coca cola summer festival","coca cola summer festival 2016","conduttrice","fede","instagram","social"],"articleSection":["News"],"inLanguage":"it-IT"},{"@type":"WebPage","@id":"https:\/\/www.gossip.it\/news\/maria-de-filippi-benji-fede-coca-cola-summer-festival-2016\/","url":"https:\/\/www.gossip.it\/news\/maria-de-filippi-benji-fede-coca-cola-summer-festival-2016\/","name":"Maria De Filippi, foto social con Benji e Fede al Coca Cola Summer Festival 2016 - Gossip.it | News sul Gossip e VIP","isPartOf":{"@id":"https:\/\/www.gossip.it\/#website"},"primaryImageOfPage":{"@id":"https:\/\/www.gossip.it\/news\/maria-de-filippi-benji-fede-coca-cola-summer-festival-2016\/#primaryimage"},"image":{"@id":"https:\/\/www.gossip.it\/news\/maria-de-filippi-benji-fede-coca-cola-summer-festival-2016\/#primaryimage"},"thumbnailUrl":"http:\/\/files.gossip.it\/immagini_news\/2016\/06\/1467033945_maria_de_filippi_coca_cola_summer_festival_1.jpg","datePublished":"2016-06-26T22:00:00+00:00","dateModified":"2016-06-26T22:00:00+00:00","description":"Maria De Filippi, dietro le quinte del Coca Cola Summer Festival 2016, cede ancora una volta al social. la conduttrice, di solito molto riservata e restia","breadcrumb":{"@id":"https:\/\/www.gossip.it\/news\/maria-de-filippi-benji-fede-coca-cola-summer-festival-2016\/#breadcrumb"},"inLanguage":"it-IT","potentialAction":[{"@type":"ReadAction","target":["https:\/\/www.gossip.it\/news\/maria-de-filippi-benji-fede-coca-cola-summer-festival-2016\/"]}]},{"@type":"ImageObject","inLanguage":"it-IT","@id":"https:\/\/www.gossip.it\/news\/maria-de-filippi-benji-fede-coca-cola-summer-festival-2016\/#primaryimage","url":"http:\/\/files.gossip.it\/immagini_news\/2016\/06\/1467033945_maria_de_filippi_coca_cola_summer_festival_1.jpg","contentUrl":"http:\/\/files.gossip.it\/immagini_news\/2016\/06\/1467033945_maria_de_filippi_coca_cola_summer_festival_1.jpg"},{"@type":"BreadcrumbList","@id":"https:\/\/www.gossip.it\/news\/maria-de-filippi-benji-fede-coca-cola-summer-festival-2016\/#breadcrumb","itemListElement":[{"@type":"ListItem","position":1,"name":"Home","item":"https:\/\/www.gossip.it\/"},{"@type":"ListItem","position":2,"name":"Maria De Filippi, foto social con Benji e Fede al Coca Cola Summer Festival 2016"}]},{"@type":"WebSite","@id":"https:\/\/www.gossip.it\/#website","url":"https:\/\/www.gossip.it\/","name":"Gossip and VIP News","description":"Quotidiano di cronaca rosa, costume e societ\u00e0","publisher":{"@id":"https:\/\/www.gossip.it\/#organization"},"alternateName":"Gossip and VIP News","potentialAction":[{"@type":"SearchAction","target":{"@type":"EntryPoint","urlTemplate":"https:\/\/www.gossip.it\/?s={search_term_string}"},"query-input":{"@type":"PropertyValueSpecification","valueRequired":true,"valueName":"search_term_string"}}],"inLanguage":"it-IT"},{"@type":"Organization","@id":"https:\/\/www.gossip.it\/#organization","name":"Gossip and VIP News","alternateName":"Gossip News","url":"https:\/\/www.gossip.it\/","logo":{"@type":"ImageObject","inLanguage":"it-IT","@id":"https:\/\/www.gossip.it\/#\/schema\/logo\/image\/","url":"https:\/\/www.gossip.it\/wp-content\/uploads\/2022\/04\/cropped-corna-alta-tiny.png","contentUrl":"https:\/\/www.gossip.it\/wp-content\/uploads\/2022\/04\/cropped-corna-alta-tiny.png","width":512,"height":512,"caption":"Gossip and VIP News"},"image":{"@id":"https:\/\/www.gossip.it\/#\/schema\/logo\/image\/"},"sameAs":["https:\/\/www.facebook.com\/GossipIT","https:\/\/x.com\/gossinews_it","https:\/\/instagram.com\/gossip_it"]},{"@type":"Person","@id":"https:\/\/www.gossip.it\/#\/schema\/person\/488896f75158bff1cc83c6c39d141110","name":"La Redazione","image":{"@type":"ImageObject","inLanguage":"it-IT","@id":"https:\/\/www.gossip.it\/#\/schema\/person\/image\/","url":"https:\/\/secure.gravatar.com\/avatar\/5a5f5c6fa3e6700e4249abdad0263a1e94e927d9e0499b1cb09c1cd29c044d80?s=96&d=mm&r=g","contentUrl":"https:\/\/secure.gravatar.com\/avatar\/5a5f5c6fa3e6700e4249abdad0263a1e94e927d9e0499b1cb09c1cd29c044d80?s=96&d=mm&r=g","caption":"La Redazione"},"sameAs":["https:\/\/www.gossip.it"]}]}},"amp_enabled":true,"_links":{"self":[{"href":"https:\/\/www.gossip.it\/api\/wp\/v2\/posts\/55569","targetHints":{"allow":["GET"]}}],"collection":[{"href":"https:\/\/www.gossip.it\/api\/wp\/v2\/posts"}],"about":[{"href":"https:\/\/www.gossip.it\/api\/wp\/v2\/types\/post"}],"author":[{"embeddable":true,"href":"https:\/\/www.gossip.it\/api\/wp\/v2\/users\/1"}],"replies":[{"embeddable":true,"href":"https:\/\/www.gossip.it\/api\/wp\/v2\/comments?post=55569"}],"version-history":[{"count":0,"href":"https:\/\/www.gossip.it\/api\/wp\/v2\/posts\/55569\/revisions"}],"wp:featuredmedia":[{"embeddable":true,"href":"https:\/\/www.gossip.it\/api\/wp\/v2\/media\/111615"}],"wp:attachment":[{"href":"https:\/\/www.gossip.it\/api\/wp\/v2\/media?parent=55569"}],"wp:term":[{"taxonomy":"category","embeddable":true,"href":"https:\/\/www.gossip.it\/api\/wp\/v2\/categories?post=55569"},{"taxonomy":"post_tag","embeddable":true,"href":"https:\/\/www.gossip.it\/api\/wp\/v2\/tags?post=55569"},{"taxonomy":"vip","embeddable":true,"href":"https:\/\/www.gossip.it\/api\/wp\/v2\/vip?post=55569"}],"curies":[{"name":"wp","href":"https:\/\/api.w.org\/{rel}","templated":true}]}}