{"id":55881,"date":"2016-08-05T00:00:00","date_gmt":"2016-08-04T22:00:00","guid":{"rendered":"https:\/\/www.gossip.it\/senza-categoria\/cecilia-rodriguez-francesco-monte-anniversario-3-anni-cena\/"},"modified":"2016-08-05T00:00:00","modified_gmt":"2016-08-04T22:00:00","slug":"cecilia-rodriguez-francesco-monte-anniversario-3-anni-cena","status":"publish","type":"post","link":"https:\/\/www.gossip.it\/news\/cecilia-rodriguez-francesco-monte-anniversario-3-anni-cena\/","title":{"rendered":"Cecilia Rodriguez e Francesco Monte, cena d'anniversario: 3 anni insieme"},"content":{"rendered":"<p><a href=\"\/vip\/cecilia-rodriguez\/\">Cecilia Rodriguez<\/a> e <a href=\"\/vip\/francesco-monte\/\">Francesco Monte<\/a> si sono regalati una <strong>cena<\/strong> romantica per celebrare il loro <strong>anniversario<\/strong>: i due ieri, gioved\u00ec 4 agosto, hanno festeggiato i <strong>3 anni<\/strong> insieme.<\/p>\n<figure class=\"caption\"><img decoding=\"async\" alt=\"\" width=\"640\" height=\"472\" src=\"http:\/\/files.gossip.it\/immagini_news\/2016\/08\/1470388749_cecilia_monte_3_anni2.jpg\" \/><figcaption>Cecilia Rodriguez e Francesco Monte ieri hanno festeggiato l'anniversario<\/figcaption><\/figure>\n<p><strong>Cena<\/strong> d'<strong>anniversario<\/strong> per <strong>Francesco Monte<\/strong> e <strong>Cecilia Rodriguez<\/strong>, di nuovo in Puglia, nella terra dell'ex <a href=\"\/vip\/tronista\/\">tronista<\/a>, dopo la vacanza trascorsa alle Baleari, nella mega villa presa in affitto da <a href=\"\/vip\/belen-rodriguez\/\">Belen Rodriguez<\/a> a Ibiza per ospitare l'intera famiglia e tanti amici.<br \/><em>\"<strong>Cena<\/strong> per due sul mare\",<\/em> ha scritto <strong>Francesco Monte<\/strong> sul suo profilo sul <a href=\"\/vip\/social\/\">social<\/a> condividendo con i fan uno scatto che lo immortala seduto al tavolo del Canneto Beah a Leporano, in privincia di Taranto, insieme alla sua <strong>Cecilia Rodriguez<\/strong>. L'<strong>anniversario<\/strong> per i <strong>3 anni<\/strong> da coppia \u00e8 di quelli importanti. Quando \u00e8 iniziata la loro storia, nata proprio alle Baleari, nessuno avrebbe scommesso sulla durata del rapporto, invece l'ex di <a href=\"\/vip\/uomini-e donne\/\">Uomini e Donne<\/a> e la <a href=\"\/vip\/modella\/\">modella<\/a>, sorella minore della <a href=\"\/vip\/showgirl\/\">showgirl<\/a> pi\u00f9 chiacchierata e famosa d'Italia, hanno sopreso tutto con un amore appassionato e che probabilmente li porter\u00e0 all'altare.<\/p>\n<figure class=\"caption\"><img decoding=\"async\" alt=\"\" width=\"640\" height=\"490\" src=\"http:\/\/files.gossip.it\/immagini_news\/2016\/08\/1470388787_cecilia_monte_3_anni.jpg\" \/><figcaption>Per i 3 anni insieme i due sono andati a cena al Cenneto Beach in provincia di Taranto<\/figcaption><\/figure>\n<p>La <strong>cena<\/strong> per l'<strong>anniversario<\/strong> \u00e8 arrivata dopo una giornata bellissima in cui <strong>Cecilia Rodriguez<\/strong> e <strong>Francesco Monte<\/strong> sono stati l'una accanto all'altro. <em>\"<strong>3 anni <\/strong>di NOI, sei la cosa Pi\u00f9 Bella Che mi potesse Mai capitare... Questo Nostro Amore \u00e8 come musica, che non potr\u00e0 finire mai, che non potr\u00e0 finire mai...\u00a0Ti Amo Chiquitita mia @chechrodriguez\"<\/em>, ha commentato gi\u00e0 in mattinata lui. Lei, invece, gli ha dedicato i versi di una famosa canzone in lingua spagnola e ha poi scritto: <em>\"#tantobenemifai #solotunonecesitomas #gordomio #3annidinoi #vitamia TE AMO CON TODO MI CORAZON\"<\/em>.<\/p>\n<p>\u00a0<\/p>\n","protected":false},"excerpt":{"rendered":"<p>Cecilia Rodriguez e Francesco Monte si sono regalati una cena romantica per celebrare il loro anniversario: i due ieri, gioved\u00ec 4 agosto, hanno festeggiato i 3 anni insieme. Cecilia Rodriguez e Francesco Monte ieri hanno festeggiato l'anniversario Cena d'anniversario per Francesco Monte e Cecilia Rodriguez, di nuovo in Puglia, nella terra dell'ex tronista, dopo la [&hellip;]<\/p>\n","protected":false},"author":1,"featured_media":111927,"comment_status":"closed","ping_status":"closed","sticky":false,"template":"","format":"standard","meta":{"footnotes":""},"categories":[54],"tags":[1963,3060,1877,8847,2121,1997,4259,1923,2113],"vip":[396,474],"class_list":["post-55881","post","type-post","status-publish","format-standard","has-post-thumbnail","hentry","category-news","tag-3-anni","tag-anniversario","tag-cena","tag-francesco-monte","tag-instagram","tag-modella","tag-puglia","tag-social","tag-tronista","vip-belen_rodriguez","vip-cecilia_rodriguez"],"yoast_head":"<title>Cecilia Rodriguez e Francesco Monte, cena d&#039;anniversario: 3 anni insieme - Gossip.it | News sul Gossip e VIP<\/title>\n<meta name=\"description\" content=\"Cecilia Rodriguez e Francesco Monte si sono regalati una cena romantica per celebrare il loro anniversario: i due ieri, gioved\u00ec 4 agosto, hanno\" \/>\n<meta name=\"robots\" content=\"index, follow, max-snippet:-1, max-image-preview:large, max-video-preview:-1\" \/>\n<link rel=\"canonical\" href=\"https:\/\/www.gossip.it\/news\/cecilia-rodriguez-francesco-monte-anniversario-3-anni-cena\/\" \/>\n<meta property=\"og:locale\" content=\"it_IT\" \/>\n<meta property=\"og:type\" content=\"article\" \/>\n<meta property=\"og:title\" content=\"Cecilia Rodriguez e Francesco Monte, cena d&#039;anniversario: 3 anni insieme - Gossip.it | News sul Gossip e VIP\" \/>\n<meta property=\"og:description\" content=\"Cecilia Rodriguez e Francesco Monte si sono regalati una cena romantica per celebrare il loro anniversario: i due ieri, gioved\u00ec 4 agosto, hanno\" \/>\n<meta property=\"og:url\" content=\"https:\/\/www.gossip.it\/news\/cecilia-rodriguez-francesco-monte-anniversario-3-anni-cena\/\" \/>\n<meta property=\"og:site_name\" content=\"Gossip.it | News sul Gossip e VIP\" \/>\n<meta property=\"article:publisher\" content=\"https:\/\/www.facebook.com\/GossipIT\" \/>\n<meta property=\"article:published_time\" content=\"2016-08-04T22:00:00+00:00\" \/>\n<meta property=\"og:image\" content=\"http:\/\/files.gossip.it\/immagini_news\/2016\/08\/1470388749_cecilia_monte_3_anni2.jpg\" \/>\n<meta name=\"author\" content=\"La Redazione\" \/>\n<meta name=\"twitter:card\" content=\"summary_large_image\" \/>\n<meta name=\"twitter:image\" content=\"http:\/\/files.gossip.it\/immagini_news\/2016\/08\/1470388749_cecilia_monte_3_anni2.jpg\" \/>\n<meta name=\"twitter:creator\" content=\"@gossinews_it\" \/>\n<meta name=\"twitter:site\" content=\"@gossinews_it\" \/>\n<meta name=\"twitter:label1\" content=\"Scritto da\" \/>\n\t<meta name=\"twitter:data1\" content=\"Annamaria Capozzi\" \/>\n\t<meta name=\"twitter:label2\" content=\"Tempo di lettura stimato\" \/>\n\t<meta name=\"twitter:data2\" content=\"1 minuto\" \/>","yoast_head_json":{"title":"Cecilia Rodriguez e Francesco Monte, cena d'anniversario: 3 anni insieme - Gossip.it | News sul Gossip e VIP","description":"Cecilia Rodriguez e Francesco Monte si sono regalati una cena romantica per celebrare il loro anniversario: i due ieri, gioved\u00ec 4 agosto, hanno","robots":{"index":"index","follow":"follow","max-snippet":"max-snippet:-1","max-image-preview":"max-image-preview:large","max-video-preview":"max-video-preview:-1"},"canonical":"https:\/\/www.gossip.it\/news\/cecilia-rodriguez-francesco-monte-anniversario-3-anni-cena\/","og_locale":"it_IT","og_type":"article","og_title":"Cecilia Rodriguez e Francesco Monte, cena d'anniversario: 3 anni insieme - Gossip.it | News sul Gossip e VIP","og_description":"Cecilia Rodriguez e Francesco Monte si sono regalati una cena romantica per celebrare il loro anniversario: i due ieri, gioved\u00ec 4 agosto, hanno","og_url":"https:\/\/www.gossip.it\/news\/cecilia-rodriguez-francesco-monte-anniversario-3-anni-cena\/","og_site_name":"Gossip.it | News sul Gossip e VIP","article_publisher":"https:\/\/www.facebook.com\/GossipIT","article_published_time":"2016-08-04T22:00:00+00:00","og_image":[{"url":"http:\/\/files.gossip.it\/immagini_news\/2016\/08\/1470388749_cecilia_monte_3_anni2.jpg"}],"author":"La Redazione","twitter_card":"summary_large_image","twitter_image":"http:\/\/files.gossip.it\/immagini_news\/2016\/08\/1470388749_cecilia_monte_3_anni2.jpg","twitter_creator":"@gossinews_it","twitter_site":"@gossinews_it","twitter_misc":{"Scritto da":"Annamaria Capozzi","Tempo di lettura stimato":"1 minuto"},"schema":{"@context":"https:\/\/schema.org","@graph":[{"@type":"Article","@id":"https:\/\/www.gossip.it\/news\/cecilia-rodriguez-francesco-monte-anniversario-3-anni-cena\/#article","isPartOf":{"@id":"https:\/\/www.gossip.it\/news\/cecilia-rodriguez-francesco-monte-anniversario-3-anni-cena\/"},"author":{"name":"La Redazione","@id":"https:\/\/www.gossip.it\/#\/schema\/person\/488896f75158bff1cc83c6c39d141110"},"headline":"Cecilia Rodriguez e Francesco Monte, cena d'anniversario: 3 anni insieme","datePublished":"2016-08-04T22:00:00+00:00","dateModified":"2016-08-04T22:00:00+00:00","mainEntityOfPage":{"@id":"https:\/\/www.gossip.it\/news\/cecilia-rodriguez-francesco-monte-anniversario-3-anni-cena\/"},"wordCount":298,"publisher":{"@id":"https:\/\/www.gossip.it\/#organization"},"image":{"@id":"https:\/\/www.gossip.it\/news\/cecilia-rodriguez-francesco-monte-anniversario-3-anni-cena\/#primaryimage"},"thumbnailUrl":"http:\/\/files.gossip.it\/immagini_news\/2016\/08\/1470388749_cecilia_monte_3_anni2.jpg","keywords":["3 anni","anniversario","cena","francesco monte","instagram","modella","puglia","social","tronista"],"articleSection":["News"],"inLanguage":"it-IT"},{"@type":"WebPage","@id":"https:\/\/www.gossip.it\/news\/cecilia-rodriguez-francesco-monte-anniversario-3-anni-cena\/","url":"https:\/\/www.gossip.it\/news\/cecilia-rodriguez-francesco-monte-anniversario-3-anni-cena\/","name":"Cecilia Rodriguez e Francesco Monte, cena d'anniversario: 3 anni insieme - Gossip.it | News sul Gossip e VIP","isPartOf":{"@id":"https:\/\/www.gossip.it\/#website"},"primaryImageOfPage":{"@id":"https:\/\/www.gossip.it\/news\/cecilia-rodriguez-francesco-monte-anniversario-3-anni-cena\/#primaryimage"},"image":{"@id":"https:\/\/www.gossip.it\/news\/cecilia-rodriguez-francesco-monte-anniversario-3-anni-cena\/#primaryimage"},"thumbnailUrl":"http:\/\/files.gossip.it\/immagini_news\/2016\/08\/1470388749_cecilia_monte_3_anni2.jpg","datePublished":"2016-08-04T22:00:00+00:00","dateModified":"2016-08-04T22:00:00+00:00","description":"Cecilia Rodriguez e Francesco Monte si sono regalati una cena romantica per celebrare il loro anniversario: i due ieri, gioved\u00ec 4 agosto, hanno","breadcrumb":{"@id":"https:\/\/www.gossip.it\/news\/cecilia-rodriguez-francesco-monte-anniversario-3-anni-cena\/#breadcrumb"},"inLanguage":"it-IT","potentialAction":[{"@type":"ReadAction","target":["https:\/\/www.gossip.it\/news\/cecilia-rodriguez-francesco-monte-anniversario-3-anni-cena\/"]}]},{"@type":"ImageObject","inLanguage":"it-IT","@id":"https:\/\/www.gossip.it\/news\/cecilia-rodriguez-francesco-monte-anniversario-3-anni-cena\/#primaryimage","url":"http:\/\/files.gossip.it\/immagini_news\/2016\/08\/1470388749_cecilia_monte_3_anni2.jpg","contentUrl":"http:\/\/files.gossip.it\/immagini_news\/2016\/08\/1470388749_cecilia_monte_3_anni2.jpg"},{"@type":"BreadcrumbList","@id":"https:\/\/www.gossip.it\/news\/cecilia-rodriguez-francesco-monte-anniversario-3-anni-cena\/#breadcrumb","itemListElement":[{"@type":"ListItem","position":1,"name":"Home","item":"https:\/\/www.gossip.it\/"},{"@type":"ListItem","position":2,"name":"Cecilia Rodriguez e Francesco Monte, cena d'anniversario: 3 anni insieme"}]},{"@type":"WebSite","@id":"https:\/\/www.gossip.it\/#website","url":"https:\/\/www.gossip.it\/","name":"Gossip and VIP News","description":"Quotidiano di cronaca rosa, costume e societ\u00e0","publisher":{"@id":"https:\/\/www.gossip.it\/#organization"},"alternateName":"Gossip and VIP News","potentialAction":[{"@type":"SearchAction","target":{"@type":"EntryPoint","urlTemplate":"https:\/\/www.gossip.it\/?s={search_term_string}"},"query-input":{"@type":"PropertyValueSpecification","valueRequired":true,"valueName":"search_term_string"}}],"inLanguage":"it-IT"},{"@type":"Organization","@id":"https:\/\/www.gossip.it\/#organization","name":"Gossip and VIP News","alternateName":"Gossip News","url":"https:\/\/www.gossip.it\/","logo":{"@type":"ImageObject","inLanguage":"it-IT","@id":"https:\/\/www.gossip.it\/#\/schema\/logo\/image\/","url":"https:\/\/www.gossip.it\/wp-content\/uploads\/2022\/04\/cropped-corna-alta-tiny.png","contentUrl":"https:\/\/www.gossip.it\/wp-content\/uploads\/2022\/04\/cropped-corna-alta-tiny.png","width":512,"height":512,"caption":"Gossip and VIP News"},"image":{"@id":"https:\/\/www.gossip.it\/#\/schema\/logo\/image\/"},"sameAs":["https:\/\/www.facebook.com\/GossipIT","https:\/\/x.com\/gossinews_it","https:\/\/instagram.com\/gossip_it"]},{"@type":"Person","@id":"https:\/\/www.gossip.it\/#\/schema\/person\/488896f75158bff1cc83c6c39d141110","name":"La Redazione","image":{"@type":"ImageObject","inLanguage":"it-IT","@id":"https:\/\/www.gossip.it\/#\/schema\/person\/image\/","url":"https:\/\/secure.gravatar.com\/avatar\/5a5f5c6fa3e6700e4249abdad0263a1e94e927d9e0499b1cb09c1cd29c044d80?s=96&d=mm&r=g","contentUrl":"https:\/\/secure.gravatar.com\/avatar\/5a5f5c6fa3e6700e4249abdad0263a1e94e927d9e0499b1cb09c1cd29c044d80?s=96&d=mm&r=g","caption":"La Redazione"},"sameAs":["https:\/\/www.gossip.it"]}]}},"amp_enabled":true,"_links":{"self":[{"href":"https:\/\/www.gossip.it\/api\/wp\/v2\/posts\/55881","targetHints":{"allow":["GET"]}}],"collection":[{"href":"https:\/\/www.gossip.it\/api\/wp\/v2\/posts"}],"about":[{"href":"https:\/\/www.gossip.it\/api\/wp\/v2\/types\/post"}],"author":[{"embeddable":true,"href":"https:\/\/www.gossip.it\/api\/wp\/v2\/users\/1"}],"replies":[{"embeddable":true,"href":"https:\/\/www.gossip.it\/api\/wp\/v2\/comments?post=55881"}],"version-history":[{"count":0,"href":"https:\/\/www.gossip.it\/api\/wp\/v2\/posts\/55881\/revisions"}],"wp:featuredmedia":[{"embeddable":true,"href":"https:\/\/www.gossip.it\/api\/wp\/v2\/media\/111927"}],"wp:attachment":[{"href":"https:\/\/www.gossip.it\/api\/wp\/v2\/media?parent=55881"}],"wp:term":[{"taxonomy":"category","embeddable":true,"href":"https:\/\/www.gossip.it\/api\/wp\/v2\/categories?post=55881"},{"taxonomy":"post_tag","embeddable":true,"href":"https:\/\/www.gossip.it\/api\/wp\/v2\/tags?post=55881"},{"taxonomy":"vip","embeddable":true,"href":"https:\/\/www.gossip.it\/api\/wp\/v2\/vip?post=55881"}],"curies":[{"name":"wp","href":"https:\/\/api.w.org\/{rel}","templated":true}]}}