{"id":55888,"date":"2016-08-05T00:00:00","date_gmt":"2016-08-04T22:00:00","guid":{"rendered":"https:\/\/www.gossip.it\/senza-categoria\/simona-ventura-bikini-sardegna-barca\/"},"modified":"2016-08-05T00:00:00","modified_gmt":"2016-08-04T22:00:00","slug":"simona-ventura-bikini-sardegna-barca","status":"publish","type":"post","link":"https:\/\/www.gossip.it\/news\/simona-ventura-bikini-sardegna-barca\/","title":{"rendered":"Simona Ventura in bikini in Sardegna prima di tornare in tv"},"content":{"rendered":"<p><strong><a href=\"\/vip\/simona-ventura \/\">Simona Ventura <\/a><\/strong>e la sua fantastica estate in Sardegna. La conduttrice, protagonista come naufraga dell\u2019ultima edizione dell\u2019<em><strong>Isola dei Famosi,<\/strong><\/em> \u00e8 in vacanza insieme al compagno <strong><a href=\"\/vip\/gian-gerolamo carraro\/\">Gian Gerolamo Carraro<\/a><\/strong> in Costa Smeralda. Eccola in barca in bikini...<\/p>\n<figure class=\"caption\"><img decoding=\"async\" alt=\"\" width=\"640\" height=\"860\" src=\"http:\/\/files.gossip.it\/immagini_news\/2016\/08\/1470400391_ventura.jpg\" \/><figcaption>Simona Ventura in vacanza in Sardegna ha postato una foto in bikini sulla barca<\/figcaption><\/figure>\n<p><em><span style=\"line-height: 1.6em;\">\u2018?Buona giornata!!! \u2600\ufe0f\u263a\ufe0f#nofilter #baba #niente\u00e8megliodicosi pic by @lagerla1\u00a0<\/span><\/em><span style=\"line-height: 1.6em;\"><em>#sardegna #photooftheday #summer #estate #estate2016 #sardinia #love #solocosebelle #sun #italy #smile #happy\u2019 <\/em>scrive SuperSimo su Instagram. Eccola felicissima e in gran forma in barca. La Ventura indossa un bikini a fascia turchese e sorride al suo amore Ger\u00f2. Simona sta ricaricando le batterie in vista della prossima stagione televisiva. La vita \u00e8 bella in Costa Smeralda e la coppia di rilassa tra bagni in mare, tuffi e tintarella. Per loro anche un p\u00f2 di movida serale al Billionaire, sempre in coppia. A settembre la conduttrice sar\u00e0 protagonista di una trasmissione Mediaset ideata da\u00a0<\/span><strong><a href=\"\/vip\/maria-de filippi\u00a0\/\">Maria De Filippi\u00a0<\/a><\/strong>, per il tanto atteso ritorno in tv.<strong>\u00a0<\/strong><span style=\"line-height: 1.6em;\">Intanto meglio godersi l\u2019estate insieme al suo compagno, nelle acque bellissime della Sardegna.<\/span><\/p>\n","protected":false},"excerpt":{"rendered":"<p>Simona Ventura e la sua fantastica estate in Sardegna. La conduttrice, protagonista come naufraga dell\u2019ultima edizione dell\u2019Isola dei Famosi, \u00e8 in vacanza insieme al compagno Gian Gerolamo Carraro in Costa Smeralda. Eccola in barca in bikini... Simona Ventura in vacanza in Sardegna ha postato una foto in bikini sulla barca \u2018?Buona giornata!!! \u2600\ufe0f\u263a\ufe0f#nofilter #baba #niente\u00e8megliodicosi [&hellip;]<\/p>\n","protected":false},"author":1,"featured_media":111934,"comment_status":"closed","ping_status":"closed","sticky":false,"template":"","format":"standard","meta":{"footnotes":""},"categories":[54],"tags":[4250,2951,9509,1987,6342,3220,2097],"vip":[840,1698],"class_list":["post-55888","post","type-post","status-publish","format-standard","has-post-thumbnail","hentry","category-news","tag-barca","tag-bikini","tag-costa-smeralda","tag-fisico","tag-gero","tag-sardegna","tag-tv","vip-gian_gerolamo_carraro","vip-simona_ventura"],"yoast_head":"<title>Simona Ventura in bikini in Sardegna prima di tornare in tv - Gossip.it | News sul Gossip e VIP<\/title>\n<meta name=\"description\" content=\"Simona Ventura e la sua fantastica estate in Sardegna. La conduttrice, protagonista come naufraga dell\u2019ultima edizione dell\u2019Isola dei Famosi, \u00e8 in vacanza\" \/>\n<meta name=\"robots\" content=\"index, follow, max-snippet:-1, max-image-preview:large, max-video-preview:-1\" \/>\n<link rel=\"canonical\" href=\"https:\/\/www.gossip.it\/news\/simona-ventura-bikini-sardegna-barca\/\" \/>\n<meta property=\"og:locale\" content=\"it_IT\" \/>\n<meta property=\"og:type\" content=\"article\" \/>\n<meta property=\"og:title\" content=\"Simona Ventura in bikini in Sardegna prima di tornare in tv - Gossip.it | News sul Gossip e VIP\" \/>\n<meta property=\"og:description\" content=\"Simona Ventura e la sua fantastica estate in Sardegna. La conduttrice, protagonista come naufraga dell\u2019ultima edizione dell\u2019Isola dei Famosi, \u00e8 in vacanza\" \/>\n<meta property=\"og:url\" content=\"https:\/\/www.gossip.it\/news\/simona-ventura-bikini-sardegna-barca\/\" \/>\n<meta property=\"og:site_name\" content=\"Gossip.it | News sul Gossip e VIP\" \/>\n<meta property=\"article:publisher\" content=\"https:\/\/www.facebook.com\/GossipIT\" \/>\n<meta property=\"article:published_time\" content=\"2016-08-04T22:00:00+00:00\" \/>\n<meta property=\"og:image\" content=\"http:\/\/files.gossip.it\/immagini_news\/2016\/08\/1470400391_ventura.jpg\" \/>\n<meta name=\"author\" content=\"La Redazione\" \/>\n<meta name=\"twitter:card\" content=\"summary_large_image\" \/>\n<meta name=\"twitter:image\" content=\"http:\/\/files.gossip.it\/immagini_news\/2016\/08\/1470400391_ventura.jpg\" \/>\n<meta name=\"twitter:creator\" content=\"@gossinews_it\" \/>\n<meta name=\"twitter:site\" content=\"@gossinews_it\" \/>\n<meta name=\"twitter:label1\" content=\"Scritto da\" \/>\n\t<meta name=\"twitter:data1\" content=\"Veronica Langella\" \/>\n\t<meta name=\"twitter:label2\" content=\"Tempo di lettura stimato\" \/>\n\t<meta name=\"twitter:data2\" content=\"1 minuto\" \/>","yoast_head_json":{"title":"Simona Ventura in bikini in Sardegna prima di tornare in tv - Gossip.it | News sul Gossip e VIP","description":"Simona Ventura e la sua fantastica estate in Sardegna. La conduttrice, protagonista come naufraga dell\u2019ultima edizione dell\u2019Isola dei Famosi, \u00e8 in vacanza","robots":{"index":"index","follow":"follow","max-snippet":"max-snippet:-1","max-image-preview":"max-image-preview:large","max-video-preview":"max-video-preview:-1"},"canonical":"https:\/\/www.gossip.it\/news\/simona-ventura-bikini-sardegna-barca\/","og_locale":"it_IT","og_type":"article","og_title":"Simona Ventura in bikini in Sardegna prima di tornare in tv - Gossip.it | News sul Gossip e VIP","og_description":"Simona Ventura e la sua fantastica estate in Sardegna. La conduttrice, protagonista come naufraga dell\u2019ultima edizione dell\u2019Isola dei Famosi, \u00e8 in vacanza","og_url":"https:\/\/www.gossip.it\/news\/simona-ventura-bikini-sardegna-barca\/","og_site_name":"Gossip.it | News sul Gossip e VIP","article_publisher":"https:\/\/www.facebook.com\/GossipIT","article_published_time":"2016-08-04T22:00:00+00:00","og_image":[{"url":"http:\/\/files.gossip.it\/immagini_news\/2016\/08\/1470400391_ventura.jpg"}],"author":"La Redazione","twitter_card":"summary_large_image","twitter_image":"http:\/\/files.gossip.it\/immagini_news\/2016\/08\/1470400391_ventura.jpg","twitter_creator":"@gossinews_it","twitter_site":"@gossinews_it","twitter_misc":{"Scritto da":"Veronica Langella","Tempo di lettura stimato":"1 minuto"},"schema":{"@context":"https:\/\/schema.org","@graph":[{"@type":"Article","@id":"https:\/\/www.gossip.it\/news\/simona-ventura-bikini-sardegna-barca\/#article","isPartOf":{"@id":"https:\/\/www.gossip.it\/news\/simona-ventura-bikini-sardegna-barca\/"},"author":{"name":"La Redazione","@id":"https:\/\/www.gossip.it\/#\/schema\/person\/488896f75158bff1cc83c6c39d141110"},"headline":"Simona Ventura in bikini in Sardegna prima di tornare in tv","datePublished":"2016-08-04T22:00:00+00:00","dateModified":"2016-08-04T22:00:00+00:00","mainEntityOfPage":{"@id":"https:\/\/www.gossip.it\/news\/simona-ventura-bikini-sardegna-barca\/"},"wordCount":187,"publisher":{"@id":"https:\/\/www.gossip.it\/#organization"},"image":{"@id":"https:\/\/www.gossip.it\/news\/simona-ventura-bikini-sardegna-barca\/#primaryimage"},"thumbnailUrl":"http:\/\/files.gossip.it\/immagini_news\/2016\/08\/1470400391_ventura.jpg","keywords":["barca","bikini","costa smeralda","fisico","ger\u00f2","sardegna","tv"],"articleSection":["News"],"inLanguage":"it-IT"},{"@type":"WebPage","@id":"https:\/\/www.gossip.it\/news\/simona-ventura-bikini-sardegna-barca\/","url":"https:\/\/www.gossip.it\/news\/simona-ventura-bikini-sardegna-barca\/","name":"Simona Ventura in bikini in Sardegna prima di tornare in tv - Gossip.it | News sul Gossip e VIP","isPartOf":{"@id":"https:\/\/www.gossip.it\/#website"},"primaryImageOfPage":{"@id":"https:\/\/www.gossip.it\/news\/simona-ventura-bikini-sardegna-barca\/#primaryimage"},"image":{"@id":"https:\/\/www.gossip.it\/news\/simona-ventura-bikini-sardegna-barca\/#primaryimage"},"thumbnailUrl":"http:\/\/files.gossip.it\/immagini_news\/2016\/08\/1470400391_ventura.jpg","datePublished":"2016-08-04T22:00:00+00:00","dateModified":"2016-08-04T22:00:00+00:00","description":"Simona Ventura e la sua fantastica estate in Sardegna. La conduttrice, protagonista come naufraga dell\u2019ultima edizione dell\u2019Isola dei Famosi, \u00e8 in vacanza","breadcrumb":{"@id":"https:\/\/www.gossip.it\/news\/simona-ventura-bikini-sardegna-barca\/#breadcrumb"},"inLanguage":"it-IT","potentialAction":[{"@type":"ReadAction","target":["https:\/\/www.gossip.it\/news\/simona-ventura-bikini-sardegna-barca\/"]}]},{"@type":"ImageObject","inLanguage":"it-IT","@id":"https:\/\/www.gossip.it\/news\/simona-ventura-bikini-sardegna-barca\/#primaryimage","url":"http:\/\/files.gossip.it\/immagini_news\/2016\/08\/1470400391_ventura.jpg","contentUrl":"http:\/\/files.gossip.it\/immagini_news\/2016\/08\/1470400391_ventura.jpg"},{"@type":"BreadcrumbList","@id":"https:\/\/www.gossip.it\/news\/simona-ventura-bikini-sardegna-barca\/#breadcrumb","itemListElement":[{"@type":"ListItem","position":1,"name":"Home","item":"https:\/\/www.gossip.it\/"},{"@type":"ListItem","position":2,"name":"Simona Ventura in bikini in Sardegna prima di tornare in tv"}]},{"@type":"WebSite","@id":"https:\/\/www.gossip.it\/#website","url":"https:\/\/www.gossip.it\/","name":"Gossip and VIP News","description":"Quotidiano di cronaca rosa, costume e societ\u00e0","publisher":{"@id":"https:\/\/www.gossip.it\/#organization"},"alternateName":"Gossip and VIP News","potentialAction":[{"@type":"SearchAction","target":{"@type":"EntryPoint","urlTemplate":"https:\/\/www.gossip.it\/?s={search_term_string}"},"query-input":{"@type":"PropertyValueSpecification","valueRequired":true,"valueName":"search_term_string"}}],"inLanguage":"it-IT"},{"@type":"Organization","@id":"https:\/\/www.gossip.it\/#organization","name":"Gossip and VIP News","alternateName":"Gossip News","url":"https:\/\/www.gossip.it\/","logo":{"@type":"ImageObject","inLanguage":"it-IT","@id":"https:\/\/www.gossip.it\/#\/schema\/logo\/image\/","url":"https:\/\/www.gossip.it\/wp-content\/uploads\/2022\/04\/cropped-corna-alta-tiny.png","contentUrl":"https:\/\/www.gossip.it\/wp-content\/uploads\/2022\/04\/cropped-corna-alta-tiny.png","width":512,"height":512,"caption":"Gossip and VIP News"},"image":{"@id":"https:\/\/www.gossip.it\/#\/schema\/logo\/image\/"},"sameAs":["https:\/\/www.facebook.com\/GossipIT","https:\/\/x.com\/gossinews_it","https:\/\/instagram.com\/gossip_it"]},{"@type":"Person","@id":"https:\/\/www.gossip.it\/#\/schema\/person\/488896f75158bff1cc83c6c39d141110","name":"La Redazione","image":{"@type":"ImageObject","inLanguage":"it-IT","@id":"https:\/\/www.gossip.it\/#\/schema\/person\/image\/","url":"https:\/\/secure.gravatar.com\/avatar\/5a5f5c6fa3e6700e4249abdad0263a1e94e927d9e0499b1cb09c1cd29c044d80?s=96&d=mm&r=g","contentUrl":"https:\/\/secure.gravatar.com\/avatar\/5a5f5c6fa3e6700e4249abdad0263a1e94e927d9e0499b1cb09c1cd29c044d80?s=96&d=mm&r=g","caption":"La Redazione"},"sameAs":["https:\/\/www.gossip.it"]}]}},"amp_enabled":true,"_links":{"self":[{"href":"https:\/\/www.gossip.it\/api\/wp\/v2\/posts\/55888","targetHints":{"allow":["GET"]}}],"collection":[{"href":"https:\/\/www.gossip.it\/api\/wp\/v2\/posts"}],"about":[{"href":"https:\/\/www.gossip.it\/api\/wp\/v2\/types\/post"}],"author":[{"embeddable":true,"href":"https:\/\/www.gossip.it\/api\/wp\/v2\/users\/1"}],"replies":[{"embeddable":true,"href":"https:\/\/www.gossip.it\/api\/wp\/v2\/comments?post=55888"}],"version-history":[{"count":0,"href":"https:\/\/www.gossip.it\/api\/wp\/v2\/posts\/55888\/revisions"}],"wp:featuredmedia":[{"embeddable":true,"href":"https:\/\/www.gossip.it\/api\/wp\/v2\/media\/111934"}],"wp:attachment":[{"href":"https:\/\/www.gossip.it\/api\/wp\/v2\/media?parent=55888"}],"wp:term":[{"taxonomy":"category","embeddable":true,"href":"https:\/\/www.gossip.it\/api\/wp\/v2\/categories?post=55888"},{"taxonomy":"post_tag","embeddable":true,"href":"https:\/\/www.gossip.it\/api\/wp\/v2\/tags?post=55888"},{"taxonomy":"vip","embeddable":true,"href":"https:\/\/www.gossip.it\/api\/wp\/v2\/vip?post=55888"}],"curies":[{"name":"wp","href":"https:\/\/api.w.org\/{rel}","templated":true}]}}