{"id":56002,"date":"2016-08-26T00:00:00","date_gmt":"2016-08-25T22:00:00","guid":{"rendered":"https:\/\/www.gossip.it\/senza-categoria\/cristina-parodi-formentera-la-vita-in-diretta\/"},"modified":"2016-08-26T00:00:00","modified_gmt":"2016-08-25T22:00:00","slug":"cristina-parodi-formentera-la-vita-in-diretta","status":"publish","type":"post","link":"https:\/\/www.gossip.it\/news\/cristina-parodi-formentera-la-vita-in-diretta\/","title":{"rendered":"Cristina Parodi, pazza Formentera prima di 'La vita in diretta'"},"content":{"rendered":"<p><a href=\"\/vip\/cristina-parodi\/\">Cristina Parodi<\/a> si diverte un mondo a <strong>Formentera<\/strong> con le amiche tra bagni, risate, flower party e aperitivi al tramonto. E' pazza dell'isola delle Baleari dove sta trascorrendo gli ultimi scampoli di vacanza. Torner\u00e0 gi\u00e0 luned\u00ec 29 agosto in onda su Rai Uno con \"<strong>La vita in diretta<\/strong>\". Al suo fianco ancora una volta <a href=\"\/vip\/marco-liorni\/\">Marco Liorni<\/a>.<\/p>\n<figure class=\"caption\"><img decoding=\"async\" alt=\"\" width=\"640\" height=\"778\" src=\"http:\/\/files.gossip.it\/immagini_news\/2016\/08\/1472212686_parodi_1.jpg\" \/><figcaption>Caristina Parodi, 51 anni, splendida si gode gli ultimi giorni a Formentera<\/figcaption><\/figure>\n<p>Ultimi giorni a <strong>Formentera<\/strong> e poi subito \"<strong>La vita in diretta<\/strong>\". <strong>Cristina Parodi<\/strong>, affascinante e sensuale in costume da bagno al mare, sorride con gusto: sar\u00e0 strano tornare tanto presto in studio. Il rotocalco pomeridiano della rete ammiraglia per la prima volta anticiper\u00e0 di una settimana la messa in onda rispetto a \"<a href=\"\/vip\/pomeriggio-cinque\/\">Pomeriggio Cinque<\/a>\", che partir\u00e0, invece, luned\u00ec 5 settembre: strategia per creare maggiore fidelizzazione e rosicchiare un po' di ascolto a <a href=\"\/vip\/barbara-d'urso\/\">Barbara D'Urso<\/a>? Chiss\u00e0...<\/p>\n<figure class=\"caption\"><img decoding=\"async\" alt=\"\" width=\"640\" height=\"598\" src=\"http:\/\/files.gossip.it\/immagini_news\/2016\/08\/1472212719_parodi_2.jpg\" \/><figcaption>La giornalista e conduttrice se la ride con le amiche<\/figcaption><\/figure>\n<p><strong>Cristina Parodi <\/strong>\u00e8 entusiasta. Assapora <strong>Formentera <\/strong>e apprezza fino in fondo la compagnia di persone care accanto. La vita selvaggia sull'isola la rende euforica. A \"<strong>La vita in diretta<\/strong>\", come al solito, metter\u00e0 in mostra tutta la professionalit\u00e0 che la contraddistingue e l'mmancabile bon ton che ne ha fatto una delle giornaliste pi\u00f9 apprezzate del piccolo schermo. La storica trasmissione di Rai Uno compie 25 anni, avr\u00e0 subito il consueto doppio appuntamento, alle 14,05 e alle 16,40. Sicuramente, dati i dolorosi fatti legati al terremoto che ha colpito il Centro Italia, nelle prime puntate e non solo seguir\u00e0 le vicende legate alla tragedia.<\/p>\n<figure class=\"caption\"><img decoding=\"async\" alt=\"\" width=\"640\" height=\"624\" src=\"http:\/\/files.gossip.it\/immagini_news\/2016\/08\/1472212748_parodi_3.jpg\" \/><figcaption>Cristina al mare beve una birra in compagnia<\/figcaption><\/figure>\n<p><em>\"Ci saranno dei rinnovamenti. A cominciare dallo studio nuovo, pi\u00f9 ampio e accogliente. Saremo sempre pi\u00f9 un romanzo popolare\"<\/em>, ha detto<strong> Cristina Parodi<\/strong> a <em>Tv Sorrisi e Canzoni<\/em>. Lei piace condurre il programma: <em>\"E' fatto bene. Con cura e attenzione. Informa la gente, racconta quello che accade. Un programma per le famiglie fatto da una grande famiglia\"<\/em>. Cristina ha un buon proposito: <em>\"Mi auguro di fare il mio lavoro bene e di non trascurare la mia vita privata\"<\/em>. Continuer\u00e0 a fare la pendolare tra Roma e Bergamo, dove vive con il marito <a href=\"\/vip\/giorgio-gori\/\">Giorgio Gori<\/a> e i tre figli, Benedetta, Alessandro e Angelica. Intanto le ultime ore di vacanza.<\/p>\n<figure class=\"caption\"><img decoding=\"async\" alt=\"\" width=\"640\" height=\"638\" src=\"http:\/\/files.gossip.it\/immagini_news\/2016\/08\/1472212793_parodi_4.jpg\" \/><figcaption>L'ex volto del Tg5 al flower party sempre con le amiche<\/figcaption><\/figure>\n<p>\u00a0<\/p>\n","protected":false},"excerpt":{"rendered":"<p>Cristina Parodi si diverte un mondo a Formentera con le amiche tra bagni, risate, flower party e aperitivi al tramonto. E' pazza dell'isola delle Baleari dove sta trascorrendo gli ultimi scampoli di vacanza. Torner\u00e0 gi\u00e0 luned\u00ec 29 agosto in onda su Rai Uno con \"La vita in diretta\". Al suo fianco ancora una volta Marco [&hellip;]<\/p>\n","protected":false},"author":1,"featured_media":112048,"comment_status":"closed","ping_status":"closed","sticky":false,"template":"","format":"standard","meta":{"footnotes":""},"categories":[54],"tags":[7837,1992,7981,2168,2121,2199,7573,1923],"vip":[543,1214],"class_list":["post-56002","post","type-post","status-publish","format-standard","has-post-thumbnail","hentry","category-news","tag-baleari","tag-conduttrice","tag-formentera","tag-giornalista","tag-instagram","tag-isola","tag-la-vita-in-diretta","tag-social","vip-cristina_parodi","vip-marco_liorni"],"yoast_head":"<title>Cristina Parodi, pazza Formentera prima di &#039;La vita in diretta&#039; - Gossip.it | News sul Gossip e VIP<\/title>\n<meta name=\"description\" content=\"Cristina Parodi si diverte un mondo a Formentera con le amiche tra bagni, risate, flower party e aperitivi al tramonto. E&#039; pazza dell&#039;isola delle Baleari\" \/>\n<meta name=\"robots\" content=\"index, follow, max-snippet:-1, max-image-preview:large, max-video-preview:-1\" \/>\n<link rel=\"canonical\" href=\"https:\/\/www.gossip.it\/news\/cristina-parodi-formentera-la-vita-in-diretta\/\" \/>\n<meta property=\"og:locale\" content=\"it_IT\" \/>\n<meta property=\"og:type\" content=\"article\" \/>\n<meta property=\"og:title\" content=\"Cristina Parodi, pazza Formentera prima di &#039;La vita in diretta&#039; - Gossip.it | News sul Gossip e VIP\" \/>\n<meta property=\"og:description\" content=\"Cristina Parodi si diverte un mondo a Formentera con le amiche tra bagni, risate, flower party e aperitivi al tramonto. E&#039; pazza dell&#039;isola delle Baleari\" \/>\n<meta property=\"og:url\" content=\"https:\/\/www.gossip.it\/news\/cristina-parodi-formentera-la-vita-in-diretta\/\" \/>\n<meta property=\"og:site_name\" content=\"Gossip.it | News sul Gossip e VIP\" \/>\n<meta property=\"article:publisher\" content=\"https:\/\/www.facebook.com\/GossipIT\" \/>\n<meta property=\"article:published_time\" content=\"2016-08-25T22:00:00+00:00\" \/>\n<meta property=\"og:image\" content=\"http:\/\/files.gossip.it\/immagini_news\/2016\/08\/1472212686_parodi_1.jpg\" \/>\n<meta name=\"author\" content=\"La Redazione\" \/>\n<meta name=\"twitter:card\" content=\"summary_large_image\" \/>\n<meta name=\"twitter:image\" content=\"http:\/\/files.gossip.it\/immagini_news\/2016\/08\/1472212686_parodi_1.jpg\" \/>\n<meta name=\"twitter:creator\" content=\"@gossinews_it\" \/>\n<meta name=\"twitter:site\" content=\"@gossinews_it\" \/>\n<meta name=\"twitter:label1\" content=\"Scritto da\" \/>\n\t<meta name=\"twitter:data1\" content=\"Annamaria Capozzi\" \/>\n\t<meta name=\"twitter:label2\" content=\"Tempo di lettura stimato\" \/>\n\t<meta name=\"twitter:data2\" content=\"2 minuti\" \/>","yoast_head_json":{"title":"Cristina Parodi, pazza Formentera prima di 'La vita in diretta' - Gossip.it | News sul Gossip e VIP","description":"Cristina Parodi si diverte un mondo a Formentera con le amiche tra bagni, risate, flower party e aperitivi al tramonto. E' pazza dell'isola delle Baleari","robots":{"index":"index","follow":"follow","max-snippet":"max-snippet:-1","max-image-preview":"max-image-preview:large","max-video-preview":"max-video-preview:-1"},"canonical":"https:\/\/www.gossip.it\/news\/cristina-parodi-formentera-la-vita-in-diretta\/","og_locale":"it_IT","og_type":"article","og_title":"Cristina Parodi, pazza Formentera prima di 'La vita in diretta' - Gossip.it | News sul Gossip e VIP","og_description":"Cristina Parodi si diverte un mondo a Formentera con le amiche tra bagni, risate, flower party e aperitivi al tramonto. E' pazza dell'isola delle Baleari","og_url":"https:\/\/www.gossip.it\/news\/cristina-parodi-formentera-la-vita-in-diretta\/","og_site_name":"Gossip.it | News sul Gossip e VIP","article_publisher":"https:\/\/www.facebook.com\/GossipIT","article_published_time":"2016-08-25T22:00:00+00:00","og_image":[{"url":"http:\/\/files.gossip.it\/immagini_news\/2016\/08\/1472212686_parodi_1.jpg"}],"author":"La Redazione","twitter_card":"summary_large_image","twitter_image":"http:\/\/files.gossip.it\/immagini_news\/2016\/08\/1472212686_parodi_1.jpg","twitter_creator":"@gossinews_it","twitter_site":"@gossinews_it","twitter_misc":{"Scritto da":"Annamaria Capozzi","Tempo di lettura stimato":"2 minuti"},"schema":{"@context":"https:\/\/schema.org","@graph":[{"@type":"Article","@id":"https:\/\/www.gossip.it\/news\/cristina-parodi-formentera-la-vita-in-diretta\/#article","isPartOf":{"@id":"https:\/\/www.gossip.it\/news\/cristina-parodi-formentera-la-vita-in-diretta\/"},"author":{"name":"La Redazione","@id":"https:\/\/www.gossip.it\/#\/schema\/person\/488896f75158bff1cc83c6c39d141110"},"headline":"Cristina Parodi, pazza Formentera prima di 'La vita in diretta'","datePublished":"2016-08-25T22:00:00+00:00","dateModified":"2016-08-25T22:00:00+00:00","mainEntityOfPage":{"@id":"https:\/\/www.gossip.it\/news\/cristina-parodi-formentera-la-vita-in-diretta\/"},"wordCount":391,"publisher":{"@id":"https:\/\/www.gossip.it\/#organization"},"image":{"@id":"https:\/\/www.gossip.it\/news\/cristina-parodi-formentera-la-vita-in-diretta\/#primaryimage"},"thumbnailUrl":"http:\/\/files.gossip.it\/immagini_news\/2016\/08\/1472212686_parodi_1.jpg","keywords":["baleari","conduttrice","formentera","giornalista","instagram","isola","la vita in diretta","social"],"articleSection":["News"],"inLanguage":"it-IT"},{"@type":"WebPage","@id":"https:\/\/www.gossip.it\/news\/cristina-parodi-formentera-la-vita-in-diretta\/","url":"https:\/\/www.gossip.it\/news\/cristina-parodi-formentera-la-vita-in-diretta\/","name":"Cristina Parodi, pazza Formentera prima di 'La vita in diretta' - Gossip.it | News sul Gossip e VIP","isPartOf":{"@id":"https:\/\/www.gossip.it\/#website"},"primaryImageOfPage":{"@id":"https:\/\/www.gossip.it\/news\/cristina-parodi-formentera-la-vita-in-diretta\/#primaryimage"},"image":{"@id":"https:\/\/www.gossip.it\/news\/cristina-parodi-formentera-la-vita-in-diretta\/#primaryimage"},"thumbnailUrl":"http:\/\/files.gossip.it\/immagini_news\/2016\/08\/1472212686_parodi_1.jpg","datePublished":"2016-08-25T22:00:00+00:00","dateModified":"2016-08-25T22:00:00+00:00","description":"Cristina Parodi si diverte un mondo a Formentera con le amiche tra bagni, risate, flower party e aperitivi al tramonto. E' pazza dell'isola delle Baleari","breadcrumb":{"@id":"https:\/\/www.gossip.it\/news\/cristina-parodi-formentera-la-vita-in-diretta\/#breadcrumb"},"inLanguage":"it-IT","potentialAction":[{"@type":"ReadAction","target":["https:\/\/www.gossip.it\/news\/cristina-parodi-formentera-la-vita-in-diretta\/"]}]},{"@type":"ImageObject","inLanguage":"it-IT","@id":"https:\/\/www.gossip.it\/news\/cristina-parodi-formentera-la-vita-in-diretta\/#primaryimage","url":"http:\/\/files.gossip.it\/immagini_news\/2016\/08\/1472212686_parodi_1.jpg","contentUrl":"http:\/\/files.gossip.it\/immagini_news\/2016\/08\/1472212686_parodi_1.jpg"},{"@type":"BreadcrumbList","@id":"https:\/\/www.gossip.it\/news\/cristina-parodi-formentera-la-vita-in-diretta\/#breadcrumb","itemListElement":[{"@type":"ListItem","position":1,"name":"Home","item":"https:\/\/www.gossip.it\/"},{"@type":"ListItem","position":2,"name":"Cristina Parodi, pazza Formentera prima di 'La vita in diretta'"}]},{"@type":"WebSite","@id":"https:\/\/www.gossip.it\/#website","url":"https:\/\/www.gossip.it\/","name":"Gossip and VIP News","description":"Quotidiano di cronaca rosa, costume e societ\u00e0","publisher":{"@id":"https:\/\/www.gossip.it\/#organization"},"alternateName":"Gossip and VIP News","potentialAction":[{"@type":"SearchAction","target":{"@type":"EntryPoint","urlTemplate":"https:\/\/www.gossip.it\/?s={search_term_string}"},"query-input":{"@type":"PropertyValueSpecification","valueRequired":true,"valueName":"search_term_string"}}],"inLanguage":"it-IT"},{"@type":"Organization","@id":"https:\/\/www.gossip.it\/#organization","name":"Gossip and VIP News","alternateName":"Gossip News","url":"https:\/\/www.gossip.it\/","logo":{"@type":"ImageObject","inLanguage":"it-IT","@id":"https:\/\/www.gossip.it\/#\/schema\/logo\/image\/","url":"https:\/\/www.gossip.it\/wp-content\/uploads\/2022\/04\/cropped-corna-alta-tiny.png","contentUrl":"https:\/\/www.gossip.it\/wp-content\/uploads\/2022\/04\/cropped-corna-alta-tiny.png","width":512,"height":512,"caption":"Gossip and VIP News"},"image":{"@id":"https:\/\/www.gossip.it\/#\/schema\/logo\/image\/"},"sameAs":["https:\/\/www.facebook.com\/GossipIT","https:\/\/x.com\/gossinews_it","https:\/\/instagram.com\/gossip_it"]},{"@type":"Person","@id":"https:\/\/www.gossip.it\/#\/schema\/person\/488896f75158bff1cc83c6c39d141110","name":"La Redazione","image":{"@type":"ImageObject","inLanguage":"it-IT","@id":"https:\/\/www.gossip.it\/#\/schema\/person\/image\/","url":"https:\/\/secure.gravatar.com\/avatar\/5a5f5c6fa3e6700e4249abdad0263a1e94e927d9e0499b1cb09c1cd29c044d80?s=96&d=mm&r=g","contentUrl":"https:\/\/secure.gravatar.com\/avatar\/5a5f5c6fa3e6700e4249abdad0263a1e94e927d9e0499b1cb09c1cd29c044d80?s=96&d=mm&r=g","caption":"La Redazione"},"sameAs":["https:\/\/www.gossip.it"]}]}},"amp_enabled":true,"_links":{"self":[{"href":"https:\/\/www.gossip.it\/api\/wp\/v2\/posts\/56002","targetHints":{"allow":["GET"]}}],"collection":[{"href":"https:\/\/www.gossip.it\/api\/wp\/v2\/posts"}],"about":[{"href":"https:\/\/www.gossip.it\/api\/wp\/v2\/types\/post"}],"author":[{"embeddable":true,"href":"https:\/\/www.gossip.it\/api\/wp\/v2\/users\/1"}],"replies":[{"embeddable":true,"href":"https:\/\/www.gossip.it\/api\/wp\/v2\/comments?post=56002"}],"version-history":[{"count":0,"href":"https:\/\/www.gossip.it\/api\/wp\/v2\/posts\/56002\/revisions"}],"wp:featuredmedia":[{"embeddable":true,"href":"https:\/\/www.gossip.it\/api\/wp\/v2\/media\/112048"}],"wp:attachment":[{"href":"https:\/\/www.gossip.it\/api\/wp\/v2\/media?parent=56002"}],"wp:term":[{"taxonomy":"category","embeddable":true,"href":"https:\/\/www.gossip.it\/api\/wp\/v2\/categories?post=56002"},{"taxonomy":"post_tag","embeddable":true,"href":"https:\/\/www.gossip.it\/api\/wp\/v2\/tags?post=56002"},{"taxonomy":"vip","embeddable":true,"href":"https:\/\/www.gossip.it\/api\/wp\/v2\/vip?post=56002"}],"curies":[{"name":"wp","href":"https:\/\/api.w.org\/{rel}","templated":true}]}}