{"id":56007,"date":"2016-08-29T00:00:00","date_gmt":"2016-08-28T22:00:00","guid":{"rendered":"https:\/\/www.gossip.it\/senza-categoria\/rocco-siffredi-paura-essere-come-padre\/"},"modified":"2016-08-29T00:00:00","modified_gmt":"2016-08-28T22:00:00","slug":"rocco-siffredi-paura-essere-come-padre","status":"publish","type":"post","link":"https:\/\/www.gossip.it\/news\/rocco-siffredi-paura-essere-come-padre\/","title":{"rendered":"Rocco Siffredi, la paura di essere come il padre"},"content":{"rendered":"<p><a href=\"\/vip\/rocco-siffredi\/\">Rocco Siffredi<\/a> ha<strong> paura<\/strong> di <strong>essere come<\/strong> suo <strong>padre<\/strong>. Lo ha svelato in un documentario che porta a Venezia 73 (31 agosto - 10 settembre), <em>\"Rocco\"<\/em> di Thierry Demaiziere e Alban Teurlai. Lo spiega a<em> Vanity Fair <\/em>che lo ha intervistato. <em>\"Sono in perenne conflitto con me stesso\"<\/em>, dice. Il pornodivo dalle mille facce ha davvero <strong>paura<\/strong> di <strong>essere come<\/strong> il <strong>padre<\/strong> che, mentre la madre in ospedale entrava in coma, flirtava con la vicina di letto.<\/p>\n<figure class=\"caption\"><img decoding=\"async\" alt=\"\" width=\"640\" height=\"527\" src=\"http:\/\/files.gossip.it\/immagini_news\/2016\/08\/1472463534_rocco_siffredi_intervista.jpg\" \/><figcaption>Rocco Siffredi ha paura di essere come suo padre...<\/figcaption><\/figure>\n<p><em>\"Eravamo cinque fratelli e una sorella. Io ero il penultimo. Siamo rimasti in cinque. Mio fratello \u00e8 morto a 12 anni, soffocato, soffriva di crisi epilettiche. Avevo sei anni, insieme al pi\u00f9 piccolo, di tre, eravamo gli unici ancora a casa, gli altri gi\u00e0 lavoravano<\/em> - racconta <strong>Rocco Siffredi<\/strong> - <em>Mia madre era sempre stata il vero pilastro della famiglia, verso di lei ho sempre provato un amore sfrenato. Ho subito la sua follia perch\u00e9, da quel giorno, non si \u00e8 pi\u00f9 ripresa. Mio <strong>padre<\/strong> era un uomo buono, gentile, ma inesistente. Non aveva nessuna ambizione a parte la fi*a. Faceva il cantoniere e il suo capo lo rimproverava spesso perch\u00e9 s\u2019infilava in ogni casa con la scusa del bicchiere d\u2019acqua, del caff\u00e8, sperando di trovare una donna sola\"<\/em>. E continua: <em>\"Mia madre era gelosa e ne ha sofferto fino all\u2019ultimo. E' morta di cirrosi per un\u2019epatite mai diagnosticata. Stava per entrare in coma, e lui flirtava con la signora del letto vicino. Mi disse: \u201cCaccialo fuori, non ce la faccio pi\u00f9\u201d. E' l\u2019ultima immagine che ho di loro insieme\"<\/em>.<br \/>Una realt\u00e0 dura. Ricordi difficili da cancellare, per questo <strong>Rocco Siffredi<\/strong>, in conflitto, ha <strong>paura<\/strong> di <strong>essere come<\/strong> suo <strong>padre<\/strong>. <em>\"Nel 1993, mio padre venne a Cannes per gli Hot d\u2019Or, gli Oscar del porno. Arriva che stiamo girando un film, io sono dietro la macchina da presa, entra,vede questa donna nuda con tre uomini, non mi saluta neppure, si butta nel mezzo, \u201cpiacere Gennaro\u201d, poi viene da me e mi dice, in dialetto: \u201cCerto che dal vivo \u00e8 proprio un\u2019altra cosa\u201d\"<\/em>, confessa ancora.<\/p>\n<figure class=\"caption\"><img decoding=\"async\" alt=\"\" width=\"640\" height=\"556\" src=\"http:\/\/files.gossip.it\/immagini_news\/2016\/08\/1472464069_rocco_siffredi_2.jpg\" \/><figcaption>Il pornodivo con accanto la moglie Rozsa Tassi<\/figcaption><\/figure>\n<p><em>\"Di sesso a casa nostra non si era mai parlato ma, a un certo punto, cominci\u00f2 a raccontarmi le sue avventure con una disinvoltura che metteva me in soggezione. Mi considerava un esperto. Mi spiegava delle anziane con cui ci aveva provato ai giardinetti, di quella che si era portato in stanza. Tutto, nei dettagli. \u201cMa perch\u00e9 me lo racconti? Sono pur sempre tuo figlio\u201d. E' morto cinque anni fa e, ancora oggi, mi auguro di non fare la stessa fine. Mia mamma se n\u2019era andata da un giorno e lui era gi\u00e0 alla ricerca di una donna. Andava a trovare le vedove dei suoi amici che ancora stavano piangendo il defunto. Percepivano la sua disperazione e lo respingevano. E' vissuto da solo gli ultimi vent\u2019anni. E' morto solo\"<\/em>, sottolinea con amarezza.<br \/><em>\"Alla fine del documentario si vedono le scelte di un film di John Stagliano, l\u2019ultimo che ho girato da <\/em><a href=\"\/vip\/attore\/\">attore<\/a><em>, due anni fa. Da tempo avevo nella testa l\u2019idea di smettere. La prima volta l\u2019ho deciso a quarant\u2019anni. Non volevo rinnegare il passato, per\u00f2 desideravo che i miei figli crescessero sapendo che il loro pap\u00e0 era stato un attore porno ma non lo era pi\u00f9. Ho ricominciato perch\u00e9 andavo a mi*notte tutto il tempo: donne, trans, vecchie. Mi sono capitate un sacco di situazioni assurde, qualcuna che mi riconosceva, altre che mi dicevano: \u201cCon un cazzo del genere dovresti fare l\u2019attore porno\u201d. Gente che aveva presente il mio nome ma non la mia faccia e faceva battute tipo: \u201cPotresti fare concorrenza a Siffredi\u201d. All\u2019<\/em><a href=\"\/vip\/isola-dei famosi\/\">Isola dei Famosi<\/a><em>, tutte le notti ho guardato in alto, il cielo. Fino ad allora i miei occhi avevano puntato sempre davanti. Mentre ero l\u00e0 ho detto: \u201cBasta, smetto\u201d. Pensavo che quell\u2019esperienza mi avesse purificato e, in un certo senso, \u00e8 cos\u00ec. Ma \u00e8 vero anche che ho avuto una ricaduta terribile. Questa volta non sono andato a cercare sesso in giro ma sono stato molto male. Avevo una voglia terribile di trasgredire, di tornare in quel mondo. Che non \u00e8 per forza la pornografia, o avere l\u2019amante. E' tutto insieme\"<\/em>, aggiunge.<\/p>\n<p>\u00a0<\/p>\n","protected":false},"excerpt":{"rendered":"<p>Rocco Siffredi ha paura di essere come suo padre. Lo ha svelato in un documentario che porta a Venezia 73 (31 agosto - 10 settembre), \"Rocco\" di Thierry Demaiziere e Alban Teurlai. Lo spiega a Vanity Fair che lo ha intervistato. \"Sono in perenne conflitto con me stesso\", dice. Il pornodivo dalle mille facce ha [&hellip;]<\/p>\n","protected":false},"author":1,"featured_media":112053,"comment_status":"closed","ping_status":"closed","sticky":false,"template":"","format":"standard","meta":{"footnotes":""},"categories":[54],"tags":[2137,42156,2102,7483,3980,2103,55120,35693,2162,3253,10437],"vip":[1601],"class_list":["post-56007","post","type-post","status-publish","format-standard","has-post-thumbnail","hentry","category-news","tag-attore","tag-attore-porno","tag-dichiarazioni","tag-documentario","tag-festival","tag-intervista","tag-paura-essere-come-padre","tag-pornodivo","tag-vanity-fair","tag-venezia","tag-venezia-73","vip-rocco_siffredi"],"yoast_head":"<title>Rocco Siffredi, la paura di essere come il padre - Gossip.it | News sul Gossip e VIP<\/title>\n<meta name=\"description\" content=\"Rocco Siffredi ha paura di essere come suo padre. Lo ha svelato in un documentario che porta a Venezia 73 (31 agosto - 10 settembre), &quot;Rocco&quot; di Thierry\" \/>\n<meta name=\"robots\" content=\"index, follow, max-snippet:-1, max-image-preview:large, max-video-preview:-1\" \/>\n<link rel=\"canonical\" href=\"https:\/\/www.gossip.it\/news\/rocco-siffredi-paura-essere-come-padre\/\" \/>\n<meta property=\"og:locale\" content=\"it_IT\" \/>\n<meta property=\"og:type\" content=\"article\" \/>\n<meta property=\"og:title\" content=\"Rocco Siffredi, la paura di essere come il padre - Gossip.it | News sul Gossip e VIP\" \/>\n<meta property=\"og:description\" content=\"Rocco Siffredi ha paura di essere come suo padre. Lo ha svelato in un documentario che porta a Venezia 73 (31 agosto - 10 settembre), &quot;Rocco&quot; di Thierry\" \/>\n<meta property=\"og:url\" content=\"https:\/\/www.gossip.it\/news\/rocco-siffredi-paura-essere-come-padre\/\" \/>\n<meta property=\"og:site_name\" content=\"Gossip.it | News sul Gossip e VIP\" \/>\n<meta property=\"article:publisher\" content=\"https:\/\/www.facebook.com\/GossipIT\" \/>\n<meta property=\"article:published_time\" content=\"2016-08-28T22:00:00+00:00\" \/>\n<meta property=\"og:image\" content=\"http:\/\/files.gossip.it\/immagini_news\/2016\/08\/1472463534_rocco_siffredi_intervista.jpg\" \/>\n<meta name=\"author\" content=\"La Redazione\" \/>\n<meta name=\"twitter:card\" content=\"summary_large_image\" \/>\n<meta name=\"twitter:image\" content=\"http:\/\/files.gossip.it\/immagini_news\/2016\/08\/1472463534_rocco_siffredi_intervista.jpg\" \/>\n<meta name=\"twitter:creator\" content=\"@gossinews_it\" \/>\n<meta name=\"twitter:site\" content=\"@gossinews_it\" \/>\n<meta name=\"twitter:label1\" content=\"Scritto da\" \/>\n\t<meta name=\"twitter:data1\" content=\"Annamaria Capozzi\" \/>\n\t<meta name=\"twitter:label2\" content=\"Tempo di lettura stimato\" \/>\n\t<meta name=\"twitter:data2\" content=\"4 minuti\" \/>","yoast_head_json":{"title":"Rocco Siffredi, la paura di essere come il padre - Gossip.it | News sul Gossip e VIP","description":"Rocco Siffredi ha paura di essere come suo padre. Lo ha svelato in un documentario che porta a Venezia 73 (31 agosto - 10 settembre), \"Rocco\" di Thierry","robots":{"index":"index","follow":"follow","max-snippet":"max-snippet:-1","max-image-preview":"max-image-preview:large","max-video-preview":"max-video-preview:-1"},"canonical":"https:\/\/www.gossip.it\/news\/rocco-siffredi-paura-essere-come-padre\/","og_locale":"it_IT","og_type":"article","og_title":"Rocco Siffredi, la paura di essere come il padre - Gossip.it | News sul Gossip e VIP","og_description":"Rocco Siffredi ha paura di essere come suo padre. Lo ha svelato in un documentario che porta a Venezia 73 (31 agosto - 10 settembre), \"Rocco\" di Thierry","og_url":"https:\/\/www.gossip.it\/news\/rocco-siffredi-paura-essere-come-padre\/","og_site_name":"Gossip.it | News sul Gossip e VIP","article_publisher":"https:\/\/www.facebook.com\/GossipIT","article_published_time":"2016-08-28T22:00:00+00:00","og_image":[{"url":"http:\/\/files.gossip.it\/immagini_news\/2016\/08\/1472463534_rocco_siffredi_intervista.jpg"}],"author":"La Redazione","twitter_card":"summary_large_image","twitter_image":"http:\/\/files.gossip.it\/immagini_news\/2016\/08\/1472463534_rocco_siffredi_intervista.jpg","twitter_creator":"@gossinews_it","twitter_site":"@gossinews_it","twitter_misc":{"Scritto da":"Annamaria Capozzi","Tempo di lettura stimato":"4 minuti"},"schema":{"@context":"https:\/\/schema.org","@graph":[{"@type":"Article","@id":"https:\/\/www.gossip.it\/news\/rocco-siffredi-paura-essere-come-padre\/#article","isPartOf":{"@id":"https:\/\/www.gossip.it\/news\/rocco-siffredi-paura-essere-come-padre\/"},"author":{"name":"La Redazione","@id":"https:\/\/www.gossip.it\/#\/schema\/person\/488896f75158bff1cc83c6c39d141110"},"headline":"Rocco Siffredi, la paura di essere come il padre","datePublished":"2016-08-28T22:00:00+00:00","dateModified":"2016-08-28T22:00:00+00:00","mainEntityOfPage":{"@id":"https:\/\/www.gossip.it\/news\/rocco-siffredi-paura-essere-come-padre\/"},"wordCount":723,"publisher":{"@id":"https:\/\/www.gossip.it\/#organization"},"image":{"@id":"https:\/\/www.gossip.it\/news\/rocco-siffredi-paura-essere-come-padre\/#primaryimage"},"thumbnailUrl":"http:\/\/files.gossip.it\/immagini_news\/2016\/08\/1472463534_rocco_siffredi_intervista.jpg","keywords":["attore","attore porno","dichiarazioni","documentario","festival","intervista","paura essere come padre","pornodivo","vanity fair","venezia","venezia 73"],"articleSection":["News"],"inLanguage":"it-IT"},{"@type":"WebPage","@id":"https:\/\/www.gossip.it\/news\/rocco-siffredi-paura-essere-come-padre\/","url":"https:\/\/www.gossip.it\/news\/rocco-siffredi-paura-essere-come-padre\/","name":"Rocco Siffredi, la paura di essere come il padre - Gossip.it | News sul Gossip e VIP","isPartOf":{"@id":"https:\/\/www.gossip.it\/#website"},"primaryImageOfPage":{"@id":"https:\/\/www.gossip.it\/news\/rocco-siffredi-paura-essere-come-padre\/#primaryimage"},"image":{"@id":"https:\/\/www.gossip.it\/news\/rocco-siffredi-paura-essere-come-padre\/#primaryimage"},"thumbnailUrl":"http:\/\/files.gossip.it\/immagini_news\/2016\/08\/1472463534_rocco_siffredi_intervista.jpg","datePublished":"2016-08-28T22:00:00+00:00","dateModified":"2016-08-28T22:00:00+00:00","description":"Rocco Siffredi ha paura di essere come suo padre. Lo ha svelato in un documentario che porta a Venezia 73 (31 agosto - 10 settembre), \"Rocco\" di Thierry","breadcrumb":{"@id":"https:\/\/www.gossip.it\/news\/rocco-siffredi-paura-essere-come-padre\/#breadcrumb"},"inLanguage":"it-IT","potentialAction":[{"@type":"ReadAction","target":["https:\/\/www.gossip.it\/news\/rocco-siffredi-paura-essere-come-padre\/"]}]},{"@type":"ImageObject","inLanguage":"it-IT","@id":"https:\/\/www.gossip.it\/news\/rocco-siffredi-paura-essere-come-padre\/#primaryimage","url":"http:\/\/files.gossip.it\/immagini_news\/2016\/08\/1472463534_rocco_siffredi_intervista.jpg","contentUrl":"http:\/\/files.gossip.it\/immagini_news\/2016\/08\/1472463534_rocco_siffredi_intervista.jpg"},{"@type":"BreadcrumbList","@id":"https:\/\/www.gossip.it\/news\/rocco-siffredi-paura-essere-come-padre\/#breadcrumb","itemListElement":[{"@type":"ListItem","position":1,"name":"Home","item":"https:\/\/www.gossip.it\/"},{"@type":"ListItem","position":2,"name":"Rocco Siffredi, la paura di essere come il padre"}]},{"@type":"WebSite","@id":"https:\/\/www.gossip.it\/#website","url":"https:\/\/www.gossip.it\/","name":"Gossip and VIP News","description":"Quotidiano di cronaca rosa, costume e societ\u00e0","publisher":{"@id":"https:\/\/www.gossip.it\/#organization"},"alternateName":"Gossip and VIP News","potentialAction":[{"@type":"SearchAction","target":{"@type":"EntryPoint","urlTemplate":"https:\/\/www.gossip.it\/?s={search_term_string}"},"query-input":{"@type":"PropertyValueSpecification","valueRequired":true,"valueName":"search_term_string"}}],"inLanguage":"it-IT"},{"@type":"Organization","@id":"https:\/\/www.gossip.it\/#organization","name":"Gossip and VIP News","alternateName":"Gossip News","url":"https:\/\/www.gossip.it\/","logo":{"@type":"ImageObject","inLanguage":"it-IT","@id":"https:\/\/www.gossip.it\/#\/schema\/logo\/image\/","url":"https:\/\/www.gossip.it\/wp-content\/uploads\/2022\/04\/cropped-corna-alta-tiny.png","contentUrl":"https:\/\/www.gossip.it\/wp-content\/uploads\/2022\/04\/cropped-corna-alta-tiny.png","width":512,"height":512,"caption":"Gossip and VIP News"},"image":{"@id":"https:\/\/www.gossip.it\/#\/schema\/logo\/image\/"},"sameAs":["https:\/\/www.facebook.com\/GossipIT","https:\/\/x.com\/gossinews_it","https:\/\/instagram.com\/gossip_it"]},{"@type":"Person","@id":"https:\/\/www.gossip.it\/#\/schema\/person\/488896f75158bff1cc83c6c39d141110","name":"La Redazione","image":{"@type":"ImageObject","inLanguage":"it-IT","@id":"https:\/\/www.gossip.it\/#\/schema\/person\/image\/","url":"https:\/\/secure.gravatar.com\/avatar\/5a5f5c6fa3e6700e4249abdad0263a1e94e927d9e0499b1cb09c1cd29c044d80?s=96&d=mm&r=g","contentUrl":"https:\/\/secure.gravatar.com\/avatar\/5a5f5c6fa3e6700e4249abdad0263a1e94e927d9e0499b1cb09c1cd29c044d80?s=96&d=mm&r=g","caption":"La Redazione"},"sameAs":["https:\/\/www.gossip.it"]}]}},"amp_enabled":true,"_links":{"self":[{"href":"https:\/\/www.gossip.it\/api\/wp\/v2\/posts\/56007","targetHints":{"allow":["GET"]}}],"collection":[{"href":"https:\/\/www.gossip.it\/api\/wp\/v2\/posts"}],"about":[{"href":"https:\/\/www.gossip.it\/api\/wp\/v2\/types\/post"}],"author":[{"embeddable":true,"href":"https:\/\/www.gossip.it\/api\/wp\/v2\/users\/1"}],"replies":[{"embeddable":true,"href":"https:\/\/www.gossip.it\/api\/wp\/v2\/comments?post=56007"}],"version-history":[{"count":0,"href":"https:\/\/www.gossip.it\/api\/wp\/v2\/posts\/56007\/revisions"}],"wp:featuredmedia":[{"embeddable":true,"href":"https:\/\/www.gossip.it\/api\/wp\/v2\/media\/112053"}],"wp:attachment":[{"href":"https:\/\/www.gossip.it\/api\/wp\/v2\/media?parent=56007"}],"wp:term":[{"taxonomy":"category","embeddable":true,"href":"https:\/\/www.gossip.it\/api\/wp\/v2\/categories?post=56007"},{"taxonomy":"post_tag","embeddable":true,"href":"https:\/\/www.gossip.it\/api\/wp\/v2\/tags?post=56007"},{"taxonomy":"vip","embeddable":true,"href":"https:\/\/www.gossip.it\/api\/wp\/v2\/vip?post=56007"}],"curies":[{"name":"wp","href":"https:\/\/api.w.org\/{rel}","templated":true}]}}