{"id":56129,"date":"2016-09-13T00:00:00","date_gmt":"2016-09-12T22:00:00","guid":{"rendered":"https:\/\/www.gossip.it\/senza-categoria\/federica-panicucci-mattino-cinque-morto-papa\/"},"modified":"2016-09-13T00:00:00","modified_gmt":"2016-09-12T22:00:00","slug":"federica-panicucci-mattino-cinque-morto-papa","status":"publish","type":"post","link":"https:\/\/www.gossip.it\/news\/federica-panicucci-mattino-cinque-morto-papa\/","title":{"rendered":"Federica Panicucci assente a Mattino Cinque: \u00e8 morto il pap\u00e0"},"content":{"rendered":"<p><a href=\"\/vip\/federica-panicucci\/\">Federica Panicucci<\/a> stamane \u00e8 stata assente da <a href=\"\/vip\/mattino-cinque\/\">Mattino Cinque<\/a>. La conduttrice, stakanovista e sempre super professionale, \u00e8 stata costretta alla pausa dal grave lutto che l'ha colpita: \u00e8 <strong>morto<\/strong> il suo amatissimo <strong>pap\u00e0<\/strong>. Alla guida della trasmissione di Canale 5 Francesco Vecchi, il giornalista che solo luned\u00ec aveva debuttato nel contenitore, fino allo scorso anno co-condotto da <a href=\"\/vip\/federico-novella\/\">Federico Novella<\/a>.<\/p>\n<figure class=\"caption\"><img decoding=\"async\" alt=\"\" width=\"640\" height=\"336\" src=\"http:\/\/files.gossip.it\/immagini_news\/2016\/09\/1473770806_panicucci_1.jpg\" \/><figcaption>Federica Panicucci stamane assente da Mattino Cinque: \u00e8 morto il pap\u00e0<\/figcaption><\/figure>\n<p>E' <strong>morto<\/strong> il suo adorato <strong>pap\u00e0<\/strong>. Francesco Vecchi ha spiegato ai telespettatori l'assenza di <strong>Federica Panicucci<\/strong> da <strong>Mattino Cinque<\/strong>, annunciando il lutto che l'ha purtroppo colpita. Poco dopo \u00e8 arrivato il breve messaggio della 48enne sul <a href=\"\/vip\/social\/\">social<\/a>. Un post laconico e addolorato. <em>\"Ciao papy adorato. Da oggi mi culler\u00f2 nei tuoi ricordi\"<\/em>, ha scritto.<br \/>Tantissimi i messaggi di cordoglio arrivati a <strong>Federica Panicucci<\/strong> via network: fan, amici e colleghi hanno voluto farle immediatamente sentire il proprio affetto in un momento tanto triste. <em>\"Un abbraccio forte forte a Federica Panicucci\"<\/em>, ha sottolineato <a href=\"\/vip\/antonella-clerici\/\">Antonella Clerici<\/a>, da sempre vicina alla conduttrice.<\/p>\n<figure class=\"caption\"><img decoding=\"async\" alt=\"\" width=\"640\" height=\"150\" src=\"http:\/\/files.gossip.it\/immagini_news\/2016\/09\/1473770844_post_panicucci.jpg\" \/><figcaption>Il post sul social con il quale ha salutato l'amato genitore<\/figcaption><\/figure>\n<p>E'<strong> morto<\/strong> il <strong>pap\u00e0<\/strong> e da oggi per <strong>Federica Panicucci<\/strong> niente avr\u00e0 pi\u00f9 lo stesso sapore. Il suo mondo sar\u00e0 pi\u00f9 sbiadito, come sempre accade dopo una perdita. E' probabile che anche domani la conduttrice si prender\u00e0 uno stop da <strong>Mattino Cinque<\/strong>, il dolore \u00e8 troppo forte per tornare immediatamente in onda. Era legatissima all'uomo che l'ha messa al mondo e di cui ora dovr\u00e0 fare a meno. Il nonno di Sofia, che solo tre giorni fa aveva festeggiato gli 11 anni, e Mattia, 9 anni, i figli avuti da <a href=\"\/vip\/mario-fargetta\/\">Mario Fargetta<\/a>, anche loro fortemente colpiti dalla sua scomparsa.<\/p>\n<figure class=\"caption\"><img decoding=\"async\" alt=\"\" width=\"640\" height=\"136\" src=\"http:\/\/files.gossip.it\/immagini_news\/2016\/09\/1473770877_post_clerici.jpg\" \/><figcaption>Il messaggio di cordoglio di Antonella Clerici, amica della conduttrice<\/figcaption><\/figure>\n<p>\u00a0<\/p>\n","protected":false},"excerpt":{"rendered":"<p>Federica Panicucci stamane \u00e8 stata assente da Mattino Cinque. La conduttrice, stakanovista e sempre super professionale, \u00e8 stata costretta alla pausa dal grave lutto che l'ha colpita: \u00e8 morto il suo amatissimo pap\u00e0. Alla guida della trasmissione di Canale 5 Francesco Vecchi, il giornalista che solo luned\u00ec aveva debuttato nel contenitore, fino allo scorso anno [&hellip;]<\/p>\n","protected":false},"author":1,"featured_media":112175,"comment_status":"closed","ping_status":"closed","sticky":false,"template":"","format":"standard","meta":{"footnotes":""},"categories":[54],"tags":[2098,1992,4790,55204,5473,2323,1913,1923,2097],"vip":[731],"class_list":["post-56129","post","type-post","status-publish","format-standard","has-post-thumbnail","hentry","category-news","tag-canale-5","tag-conduttrice","tag-facebook","tag-francesco-vecchi","tag-mattino-cinque","tag-morto","tag-papa","tag-social","tag-tv","vip-federica_panicucci"],"yoast_head":"<title>Federica Panicucci assente a Mattino Cinque: \u00e8 morto il pap\u00e0 - Gossip.it | News sul Gossip e VIP<\/title>\n<meta name=\"description\" content=\"Federica Panicucci stamane \u00e8 stata assente da Mattino Cinque. La conduttrice, stakanovista e sempre super professionale, \u00e8 stata costretta alla pausa dal\" \/>\n<meta name=\"robots\" content=\"index, follow, max-snippet:-1, max-image-preview:large, max-video-preview:-1\" \/>\n<link rel=\"canonical\" href=\"https:\/\/www.gossip.it\/news\/federica-panicucci-mattino-cinque-morto-papa\/\" \/>\n<meta property=\"og:locale\" content=\"it_IT\" \/>\n<meta property=\"og:type\" content=\"article\" \/>\n<meta property=\"og:title\" content=\"Federica Panicucci assente a Mattino Cinque: \u00e8 morto il pap\u00e0 - Gossip.it | News sul Gossip e VIP\" \/>\n<meta property=\"og:description\" content=\"Federica Panicucci stamane \u00e8 stata assente da Mattino Cinque. La conduttrice, stakanovista e sempre super professionale, \u00e8 stata costretta alla pausa dal\" \/>\n<meta property=\"og:url\" content=\"https:\/\/www.gossip.it\/news\/federica-panicucci-mattino-cinque-morto-papa\/\" \/>\n<meta property=\"og:site_name\" content=\"Gossip.it | News sul Gossip e VIP\" \/>\n<meta property=\"article:publisher\" content=\"https:\/\/www.facebook.com\/GossipIT\" \/>\n<meta property=\"article:published_time\" content=\"2016-09-12T22:00:00+00:00\" \/>\n<meta property=\"og:image\" content=\"http:\/\/files.gossip.it\/immagini_news\/2016\/09\/1473770806_panicucci_1.jpg\" \/>\n<meta name=\"author\" content=\"La Redazione\" \/>\n<meta name=\"twitter:card\" content=\"summary_large_image\" \/>\n<meta name=\"twitter:image\" content=\"http:\/\/files.gossip.it\/immagini_news\/2016\/09\/1473770806_panicucci_1.jpg\" \/>\n<meta name=\"twitter:creator\" content=\"@gossinews_it\" \/>\n<meta name=\"twitter:site\" content=\"@gossinews_it\" \/>\n<meta name=\"twitter:label1\" content=\"Scritto da\" \/>\n\t<meta name=\"twitter:data1\" content=\"La redazione\" \/>\n\t<meta name=\"twitter:label2\" content=\"Tempo di lettura stimato\" \/>\n\t<meta name=\"twitter:data2\" content=\"1 minuto\" \/>","yoast_head_json":{"title":"Federica Panicucci assente a Mattino Cinque: \u00e8 morto il pap\u00e0 - Gossip.it | News sul Gossip e VIP","description":"Federica Panicucci stamane \u00e8 stata assente da Mattino Cinque. La conduttrice, stakanovista e sempre super professionale, \u00e8 stata costretta alla pausa dal","robots":{"index":"index","follow":"follow","max-snippet":"max-snippet:-1","max-image-preview":"max-image-preview:large","max-video-preview":"max-video-preview:-1"},"canonical":"https:\/\/www.gossip.it\/news\/federica-panicucci-mattino-cinque-morto-papa\/","og_locale":"it_IT","og_type":"article","og_title":"Federica Panicucci assente a Mattino Cinque: \u00e8 morto il pap\u00e0 - Gossip.it | News sul Gossip e VIP","og_description":"Federica Panicucci stamane \u00e8 stata assente da Mattino Cinque. La conduttrice, stakanovista e sempre super professionale, \u00e8 stata costretta alla pausa dal","og_url":"https:\/\/www.gossip.it\/news\/federica-panicucci-mattino-cinque-morto-papa\/","og_site_name":"Gossip.it | News sul Gossip e VIP","article_publisher":"https:\/\/www.facebook.com\/GossipIT","article_published_time":"2016-09-12T22:00:00+00:00","og_image":[{"url":"http:\/\/files.gossip.it\/immagini_news\/2016\/09\/1473770806_panicucci_1.jpg"}],"author":"La Redazione","twitter_card":"summary_large_image","twitter_image":"http:\/\/files.gossip.it\/immagini_news\/2016\/09\/1473770806_panicucci_1.jpg","twitter_creator":"@gossinews_it","twitter_site":"@gossinews_it","twitter_misc":{"Scritto da":"La redazione","Tempo di lettura stimato":"1 minuto"},"schema":{"@context":"https:\/\/schema.org","@graph":[{"@type":"Article","@id":"https:\/\/www.gossip.it\/news\/federica-panicucci-mattino-cinque-morto-papa\/#article","isPartOf":{"@id":"https:\/\/www.gossip.it\/news\/federica-panicucci-mattino-cinque-morto-papa\/"},"author":{"name":"La Redazione","@id":"https:\/\/www.gossip.it\/#\/schema\/person\/488896f75158bff1cc83c6c39d141110"},"headline":"Federica Panicucci assente a Mattino Cinque: \u00e8 morto il pap\u00e0","datePublished":"2016-09-12T22:00:00+00:00","dateModified":"2016-09-12T22:00:00+00:00","mainEntityOfPage":{"@id":"https:\/\/www.gossip.it\/news\/federica-panicucci-mattino-cinque-morto-papa\/"},"wordCount":294,"publisher":{"@id":"https:\/\/www.gossip.it\/#organization"},"image":{"@id":"https:\/\/www.gossip.it\/news\/federica-panicucci-mattino-cinque-morto-papa\/#primaryimage"},"thumbnailUrl":"http:\/\/files.gossip.it\/immagini_news\/2016\/09\/1473770806_panicucci_1.jpg","keywords":["canale 5","conduttrice","facebook","francesco vecchi","mattino cinque","morto","pap\u00e0","social","tv"],"articleSection":["News"],"inLanguage":"it-IT"},{"@type":"WebPage","@id":"https:\/\/www.gossip.it\/news\/federica-panicucci-mattino-cinque-morto-papa\/","url":"https:\/\/www.gossip.it\/news\/federica-panicucci-mattino-cinque-morto-papa\/","name":"Federica Panicucci assente a Mattino Cinque: \u00e8 morto il pap\u00e0 - Gossip.it | News sul Gossip e VIP","isPartOf":{"@id":"https:\/\/www.gossip.it\/#website"},"primaryImageOfPage":{"@id":"https:\/\/www.gossip.it\/news\/federica-panicucci-mattino-cinque-morto-papa\/#primaryimage"},"image":{"@id":"https:\/\/www.gossip.it\/news\/federica-panicucci-mattino-cinque-morto-papa\/#primaryimage"},"thumbnailUrl":"http:\/\/files.gossip.it\/immagini_news\/2016\/09\/1473770806_panicucci_1.jpg","datePublished":"2016-09-12T22:00:00+00:00","dateModified":"2016-09-12T22:00:00+00:00","description":"Federica Panicucci stamane \u00e8 stata assente da Mattino Cinque. La conduttrice, stakanovista e sempre super professionale, \u00e8 stata costretta alla pausa dal","breadcrumb":{"@id":"https:\/\/www.gossip.it\/news\/federica-panicucci-mattino-cinque-morto-papa\/#breadcrumb"},"inLanguage":"it-IT","potentialAction":[{"@type":"ReadAction","target":["https:\/\/www.gossip.it\/news\/federica-panicucci-mattino-cinque-morto-papa\/"]}]},{"@type":"ImageObject","inLanguage":"it-IT","@id":"https:\/\/www.gossip.it\/news\/federica-panicucci-mattino-cinque-morto-papa\/#primaryimage","url":"http:\/\/files.gossip.it\/immagini_news\/2016\/09\/1473770806_panicucci_1.jpg","contentUrl":"http:\/\/files.gossip.it\/immagini_news\/2016\/09\/1473770806_panicucci_1.jpg"},{"@type":"BreadcrumbList","@id":"https:\/\/www.gossip.it\/news\/federica-panicucci-mattino-cinque-morto-papa\/#breadcrumb","itemListElement":[{"@type":"ListItem","position":1,"name":"Home","item":"https:\/\/www.gossip.it\/"},{"@type":"ListItem","position":2,"name":"Federica Panicucci assente a Mattino Cinque: \u00e8 morto il pap\u00e0"}]},{"@type":"WebSite","@id":"https:\/\/www.gossip.it\/#website","url":"https:\/\/www.gossip.it\/","name":"Gossip and VIP News","description":"Quotidiano di cronaca rosa, costume e societ\u00e0","publisher":{"@id":"https:\/\/www.gossip.it\/#organization"},"alternateName":"Gossip and VIP News","potentialAction":[{"@type":"SearchAction","target":{"@type":"EntryPoint","urlTemplate":"https:\/\/www.gossip.it\/?s={search_term_string}"},"query-input":{"@type":"PropertyValueSpecification","valueRequired":true,"valueName":"search_term_string"}}],"inLanguage":"it-IT"},{"@type":"Organization","@id":"https:\/\/www.gossip.it\/#organization","name":"Gossip and VIP News","alternateName":"Gossip News","url":"https:\/\/www.gossip.it\/","logo":{"@type":"ImageObject","inLanguage":"it-IT","@id":"https:\/\/www.gossip.it\/#\/schema\/logo\/image\/","url":"https:\/\/www.gossip.it\/wp-content\/uploads\/2022\/04\/cropped-corna-alta-tiny.png","contentUrl":"https:\/\/www.gossip.it\/wp-content\/uploads\/2022\/04\/cropped-corna-alta-tiny.png","width":512,"height":512,"caption":"Gossip and VIP News"},"image":{"@id":"https:\/\/www.gossip.it\/#\/schema\/logo\/image\/"},"sameAs":["https:\/\/www.facebook.com\/GossipIT","https:\/\/x.com\/gossinews_it","https:\/\/instagram.com\/gossip_it"]},{"@type":"Person","@id":"https:\/\/www.gossip.it\/#\/schema\/person\/488896f75158bff1cc83c6c39d141110","name":"La Redazione","image":{"@type":"ImageObject","inLanguage":"it-IT","@id":"https:\/\/www.gossip.it\/#\/schema\/person\/image\/","url":"https:\/\/secure.gravatar.com\/avatar\/5a5f5c6fa3e6700e4249abdad0263a1e94e927d9e0499b1cb09c1cd29c044d80?s=96&d=mm&r=g","contentUrl":"https:\/\/secure.gravatar.com\/avatar\/5a5f5c6fa3e6700e4249abdad0263a1e94e927d9e0499b1cb09c1cd29c044d80?s=96&d=mm&r=g","caption":"La Redazione"},"sameAs":["https:\/\/www.gossip.it"]}]}},"amp_enabled":true,"_links":{"self":[{"href":"https:\/\/www.gossip.it\/api\/wp\/v2\/posts\/56129","targetHints":{"allow":["GET"]}}],"collection":[{"href":"https:\/\/www.gossip.it\/api\/wp\/v2\/posts"}],"about":[{"href":"https:\/\/www.gossip.it\/api\/wp\/v2\/types\/post"}],"author":[{"embeddable":true,"href":"https:\/\/www.gossip.it\/api\/wp\/v2\/users\/1"}],"replies":[{"embeddable":true,"href":"https:\/\/www.gossip.it\/api\/wp\/v2\/comments?post=56129"}],"version-history":[{"count":0,"href":"https:\/\/www.gossip.it\/api\/wp\/v2\/posts\/56129\/revisions"}],"wp:featuredmedia":[{"embeddable":true,"href":"https:\/\/www.gossip.it\/api\/wp\/v2\/media\/112175"}],"wp:attachment":[{"href":"https:\/\/www.gossip.it\/api\/wp\/v2\/media?parent=56129"}],"wp:term":[{"taxonomy":"category","embeddable":true,"href":"https:\/\/www.gossip.it\/api\/wp\/v2\/categories?post=56129"},{"taxonomy":"post_tag","embeddable":true,"href":"https:\/\/www.gossip.it\/api\/wp\/v2\/tags?post=56129"},{"taxonomy":"vip","embeddable":true,"href":"https:\/\/www.gossip.it\/api\/wp\/v2\/vip?post=56129"}],"curies":[{"name":"wp","href":"https:\/\/api.w.org\/{rel}","templated":true}]}}