{"id":56150,"date":"2016-09-15T00:00:00","date_gmt":"2016-09-14T22:00:00","guid":{"rendered":"https:\/\/www.gossip.it\/senza-categoria\/caterina-balivo-look-pink-mora\/"},"modified":"2016-09-15T00:00:00","modified_gmt":"2016-09-14T22:00:00","slug":"caterina-balivo-look-pink-mora","status":"publish","type":"post","link":"https:\/\/www.gossip.it\/news\/caterina-balivo-look-pink-mora\/","title":{"rendered":"Caterina Balivo dice addio al look pink e torna mora"},"content":{"rendered":"<p>Il<strong> look pink<\/strong> di <a href=\"\/vip\/caterina-balivo\/\">Caterina Balivo<\/a> \u00e8 durato veramente poco. La conduttrice ha gi\u00e0 detto addio ai capelli rosa ed \u00e8 tornata <strong>mora<\/strong>.<\/p>\n<figure class=\"caption\"><img decoding=\"async\" alt=\"\" width=\"640\" height=\"676\" src=\"http:\/\/files.gossip.it\/immagini_news\/2016\/09\/1473944196_balivo_2.jpg\" \/><figcaption>Caterina Balivo \u00e8 tornata a sfoggiare il suo solito look<\/figcaption><\/figure>\n<p><em>\"Guarda un po' chi \u00e8 tornata a 'Detto Fatto'<\/em> - scrive divertita <strong>Caterina Balivo<\/strong> accanto a una foto <a href=\"\/vip\/social\/\">social<\/a> scattata in studio - <em>La brunetta forever \u00e8 di nuovo in mezzo a noi\"<\/em>.<br \/><strong>Caterina Balivo <\/strong>la settimana scorsa durante il\u00a0<a href=\"\/vip\/-festival di venezia\/\">Festival di Venezia<\/a> ha sfoggiato il <strong>look pink<\/strong> e si \u00e8 mostrata con i capelli rosa pure al suo esordio con la nuova stagione di \"Detto Fatto\", il contenitore pomeridiano che conduce tutti i giorni su Raidue.\u00a0Ma nel giro di pochi giorni la chioma <strong>pink<\/strong> \u00e8 gi\u00e0 sparita. Caterina \u00e8 tornata al<strong>\u00a0look<\/strong> di sempre, il suo inconfondibile castano scuro. Dopotutto il suo hashtag preferito sul social \u00e8 <em>#brunettaforever<\/em>.<\/p>\n<figure class=\"caption\"><img decoding=\"async\" alt=\"\" width=\"640\" height=\"645\" src=\"http:\/\/files.gossip.it\/immagini_news\/2016\/09\/1473944265_balivo_1.jpg\" \/><figcaption>Caterina Balivo di nuovo mora insieme al figlio Guido Alberto<\/figcaption><\/figure>\n<p><em>\"Finalmente di nuovo <strong>mora<\/strong>\"<\/em>, commenta una fan della presentatrice Rai. Molti fan sono felici che la <strong>Balivo<\/strong> sia tornata alle origini. A qualcuno invece dispiace che abbia gi\u00e0 deciso di dire addio ai capelli rosa:<em> \"Ora che mi stavo abituando hai ricambiato colore. Bellissima\"<\/em>, scrive una <a href=\"\/vip\/follower\/\">follower<\/a>. <em>\"A me piaceva rosaaaaaaa\"<\/em>, le fa eco un'altra.<\/p>\n<figure class=\"caption\"><img decoding=\"async\" alt=\"\" width=\"640\" height=\"702\" src=\"http:\/\/files.gossip.it\/immagini_news\/2016\/09\/1473944645_balivo_3.jpg\" \/><figcaption>La conduttrice con i capelli rosa, ma il look \u00e8 durato poco<\/figcaption><\/figure>\n<p>Insomma <strong>Caterina Balivo<\/strong> \u00e8 tornata <strong>mora<\/strong> e sar\u00e0 brunetta per sempre. Ma i suoi capelli rosa, seppur sfoggiati per poco tempo, non sono stati solo un colpo di vanit\u00e0. Il volto noto della tv ha scelto il <strong>pink<\/strong> per fare un omaggio alle donne, in particolare alle atlete delle Olimpiadi e delle Paralimpiadi di Rio 2016. Ma anche alle tante telespettatrici che ogni giorno la seguono in tv durante \"Detto Fatto\". Ora per\u00f2 il suo <strong>look<\/strong> \u00e8 di nuovo quello di sempre.<\/p>\n","protected":false},"excerpt":{"rendered":"<p>Il look pink di Caterina Balivo \u00e8 durato veramente poco. La conduttrice ha gi\u00e0 detto addio ai capelli rosa ed \u00e8 tornata mora. Caterina Balivo \u00e8 tornata a sfoggiare il suo solito look \"Guarda un po' chi \u00e8 tornata a 'Detto Fatto' - scrive divertita Caterina Balivo accanto a una foto social scattata in studio [&hellip;]<\/p>\n","protected":false},"author":1,"featured_media":112196,"comment_status":"closed","ping_status":"closed","sticky":false,"template":"","format":"standard","meta":{"footnotes":""},"categories":[54],"tags":[2588,1992,9901,2121,55214,9450,6208,2566,1923,6954,2097],"vip":[466],"class_list":["post-56150","post","type-post","status-publish","format-standard","has-post-thumbnail","hentry","category-news","tag-capelli","tag-conduttrice","tag-detto-fatto","tag-instagram","tag-ook","tag-pink","tag-raidue","tag-rosa","tag-social","tag-tinta","tag-tv","vip-caterina_balivo"],"yoast_head":"<title>Caterina Balivo dice addio al look pink e torna mora - Gossip.it | News sul Gossip e VIP<\/title>\n<meta name=\"description\" content=\"Il look pink di Caterina Balivo \u00e8 durato veramente poco. La conduttrice ha gi\u00e0 detto addio ai capelli rosa ed \u00e8 tornata mora.Caterina Balivo \u00e8 tornata a\" \/>\n<meta name=\"robots\" content=\"index, follow, max-snippet:-1, max-image-preview:large, max-video-preview:-1\" \/>\n<link rel=\"canonical\" href=\"https:\/\/www.gossip.it\/news\/caterina-balivo-look-pink-mora\/\" \/>\n<meta property=\"og:locale\" content=\"it_IT\" \/>\n<meta property=\"og:type\" content=\"article\" \/>\n<meta property=\"og:title\" content=\"Caterina Balivo dice addio al look pink e torna mora - Gossip.it | News sul Gossip e VIP\" \/>\n<meta property=\"og:description\" content=\"Il look pink di Caterina Balivo \u00e8 durato veramente poco. La conduttrice ha gi\u00e0 detto addio ai capelli rosa ed \u00e8 tornata mora.Caterina Balivo \u00e8 tornata a\" \/>\n<meta property=\"og:url\" content=\"https:\/\/www.gossip.it\/news\/caterina-balivo-look-pink-mora\/\" \/>\n<meta property=\"og:site_name\" content=\"Gossip.it | News sul Gossip e VIP\" \/>\n<meta property=\"article:publisher\" content=\"https:\/\/www.facebook.com\/GossipIT\" \/>\n<meta property=\"article:published_time\" content=\"2016-09-14T22:00:00+00:00\" \/>\n<meta property=\"og:image\" content=\"http:\/\/files.gossip.it\/immagini_news\/2016\/09\/1473944196_balivo_2.jpg\" \/>\n<meta name=\"author\" content=\"La Redazione\" \/>\n<meta name=\"twitter:card\" content=\"summary_large_image\" \/>\n<meta name=\"twitter:image\" content=\"http:\/\/files.gossip.it\/immagini_news\/2016\/09\/1473944196_balivo_2.jpg\" \/>\n<meta name=\"twitter:creator\" content=\"@gossinews_it\" \/>\n<meta name=\"twitter:site\" content=\"@gossinews_it\" \/>\n<meta name=\"twitter:label1\" content=\"Scritto da\" \/>\n\t<meta name=\"twitter:data1\" content=\"Francesca Romana Domenici\" \/>\n\t<meta name=\"twitter:label2\" content=\"Tempo di lettura stimato\" \/>\n\t<meta name=\"twitter:data2\" content=\"1 minuto\" \/>","yoast_head_json":{"title":"Caterina Balivo dice addio al look pink e torna mora - Gossip.it | News sul Gossip e VIP","description":"Il look pink di Caterina Balivo \u00e8 durato veramente poco. La conduttrice ha gi\u00e0 detto addio ai capelli rosa ed \u00e8 tornata mora.Caterina Balivo \u00e8 tornata a","robots":{"index":"index","follow":"follow","max-snippet":"max-snippet:-1","max-image-preview":"max-image-preview:large","max-video-preview":"max-video-preview:-1"},"canonical":"https:\/\/www.gossip.it\/news\/caterina-balivo-look-pink-mora\/","og_locale":"it_IT","og_type":"article","og_title":"Caterina Balivo dice addio al look pink e torna mora - Gossip.it | News sul Gossip e VIP","og_description":"Il look pink di Caterina Balivo \u00e8 durato veramente poco. La conduttrice ha gi\u00e0 detto addio ai capelli rosa ed \u00e8 tornata mora.Caterina Balivo \u00e8 tornata a","og_url":"https:\/\/www.gossip.it\/news\/caterina-balivo-look-pink-mora\/","og_site_name":"Gossip.it | News sul Gossip e VIP","article_publisher":"https:\/\/www.facebook.com\/GossipIT","article_published_time":"2016-09-14T22:00:00+00:00","og_image":[{"url":"http:\/\/files.gossip.it\/immagini_news\/2016\/09\/1473944196_balivo_2.jpg"}],"author":"La Redazione","twitter_card":"summary_large_image","twitter_image":"http:\/\/files.gossip.it\/immagini_news\/2016\/09\/1473944196_balivo_2.jpg","twitter_creator":"@gossinews_it","twitter_site":"@gossinews_it","twitter_misc":{"Scritto da":"Francesca Romana Domenici","Tempo di lettura stimato":"1 minuto"},"schema":{"@context":"https:\/\/schema.org","@graph":[{"@type":"Article","@id":"https:\/\/www.gossip.it\/news\/caterina-balivo-look-pink-mora\/#article","isPartOf":{"@id":"https:\/\/www.gossip.it\/news\/caterina-balivo-look-pink-mora\/"},"author":{"name":"La Redazione","@id":"https:\/\/www.gossip.it\/#\/schema\/person\/488896f75158bff1cc83c6c39d141110"},"headline":"Caterina Balivo dice addio al look pink e torna mora","datePublished":"2016-09-14T22:00:00+00:00","dateModified":"2016-09-14T22:00:00+00:00","mainEntityOfPage":{"@id":"https:\/\/www.gossip.it\/news\/caterina-balivo-look-pink-mora\/"},"wordCount":300,"publisher":{"@id":"https:\/\/www.gossip.it\/#organization"},"image":{"@id":"https:\/\/www.gossip.it\/news\/caterina-balivo-look-pink-mora\/#primaryimage"},"thumbnailUrl":"http:\/\/files.gossip.it\/immagini_news\/2016\/09\/1473944196_balivo_2.jpg","keywords":["capelli","conduttrice","detto fatto","instagram","ook","pink","raidue","rosa","social","tinta","tv"],"articleSection":["News"],"inLanguage":"it-IT"},{"@type":"WebPage","@id":"https:\/\/www.gossip.it\/news\/caterina-balivo-look-pink-mora\/","url":"https:\/\/www.gossip.it\/news\/caterina-balivo-look-pink-mora\/","name":"Caterina Balivo dice addio al look pink e torna mora - Gossip.it | News sul Gossip e VIP","isPartOf":{"@id":"https:\/\/www.gossip.it\/#website"},"primaryImageOfPage":{"@id":"https:\/\/www.gossip.it\/news\/caterina-balivo-look-pink-mora\/#primaryimage"},"image":{"@id":"https:\/\/www.gossip.it\/news\/caterina-balivo-look-pink-mora\/#primaryimage"},"thumbnailUrl":"http:\/\/files.gossip.it\/immagini_news\/2016\/09\/1473944196_balivo_2.jpg","datePublished":"2016-09-14T22:00:00+00:00","dateModified":"2016-09-14T22:00:00+00:00","description":"Il look pink di Caterina Balivo \u00e8 durato veramente poco. La conduttrice ha gi\u00e0 detto addio ai capelli rosa ed \u00e8 tornata mora.Caterina Balivo \u00e8 tornata a","breadcrumb":{"@id":"https:\/\/www.gossip.it\/news\/caterina-balivo-look-pink-mora\/#breadcrumb"},"inLanguage":"it-IT","potentialAction":[{"@type":"ReadAction","target":["https:\/\/www.gossip.it\/news\/caterina-balivo-look-pink-mora\/"]}]},{"@type":"ImageObject","inLanguage":"it-IT","@id":"https:\/\/www.gossip.it\/news\/caterina-balivo-look-pink-mora\/#primaryimage","url":"http:\/\/files.gossip.it\/immagini_news\/2016\/09\/1473944196_balivo_2.jpg","contentUrl":"http:\/\/files.gossip.it\/immagini_news\/2016\/09\/1473944196_balivo_2.jpg"},{"@type":"BreadcrumbList","@id":"https:\/\/www.gossip.it\/news\/caterina-balivo-look-pink-mora\/#breadcrumb","itemListElement":[{"@type":"ListItem","position":1,"name":"Home","item":"https:\/\/www.gossip.it\/"},{"@type":"ListItem","position":2,"name":"Caterina Balivo dice addio al look pink e torna mora"}]},{"@type":"WebSite","@id":"https:\/\/www.gossip.it\/#website","url":"https:\/\/www.gossip.it\/","name":"Gossip and VIP News","description":"Quotidiano di cronaca rosa, costume e societ\u00e0","publisher":{"@id":"https:\/\/www.gossip.it\/#organization"},"alternateName":"Gossip and VIP News","potentialAction":[{"@type":"SearchAction","target":{"@type":"EntryPoint","urlTemplate":"https:\/\/www.gossip.it\/?s={search_term_string}"},"query-input":{"@type":"PropertyValueSpecification","valueRequired":true,"valueName":"search_term_string"}}],"inLanguage":"it-IT"},{"@type":"Organization","@id":"https:\/\/www.gossip.it\/#organization","name":"Gossip and VIP News","alternateName":"Gossip News","url":"https:\/\/www.gossip.it\/","logo":{"@type":"ImageObject","inLanguage":"it-IT","@id":"https:\/\/www.gossip.it\/#\/schema\/logo\/image\/","url":"https:\/\/www.gossip.it\/wp-content\/uploads\/2022\/04\/cropped-corna-alta-tiny.png","contentUrl":"https:\/\/www.gossip.it\/wp-content\/uploads\/2022\/04\/cropped-corna-alta-tiny.png","width":512,"height":512,"caption":"Gossip and VIP News"},"image":{"@id":"https:\/\/www.gossip.it\/#\/schema\/logo\/image\/"},"sameAs":["https:\/\/www.facebook.com\/GossipIT","https:\/\/x.com\/gossinews_it","https:\/\/instagram.com\/gossip_it"]},{"@type":"Person","@id":"https:\/\/www.gossip.it\/#\/schema\/person\/488896f75158bff1cc83c6c39d141110","name":"La Redazione","image":{"@type":"ImageObject","inLanguage":"it-IT","@id":"https:\/\/www.gossip.it\/#\/schema\/person\/image\/","url":"https:\/\/secure.gravatar.com\/avatar\/5a5f5c6fa3e6700e4249abdad0263a1e94e927d9e0499b1cb09c1cd29c044d80?s=96&d=mm&r=g","contentUrl":"https:\/\/secure.gravatar.com\/avatar\/5a5f5c6fa3e6700e4249abdad0263a1e94e927d9e0499b1cb09c1cd29c044d80?s=96&d=mm&r=g","caption":"La Redazione"},"sameAs":["https:\/\/www.gossip.it"]}]}},"amp_enabled":true,"_links":{"self":[{"href":"https:\/\/www.gossip.it\/api\/wp\/v2\/posts\/56150","targetHints":{"allow":["GET"]}}],"collection":[{"href":"https:\/\/www.gossip.it\/api\/wp\/v2\/posts"}],"about":[{"href":"https:\/\/www.gossip.it\/api\/wp\/v2\/types\/post"}],"author":[{"embeddable":true,"href":"https:\/\/www.gossip.it\/api\/wp\/v2\/users\/1"}],"replies":[{"embeddable":true,"href":"https:\/\/www.gossip.it\/api\/wp\/v2\/comments?post=56150"}],"version-history":[{"count":0,"href":"https:\/\/www.gossip.it\/api\/wp\/v2\/posts\/56150\/revisions"}],"wp:featuredmedia":[{"embeddable":true,"href":"https:\/\/www.gossip.it\/api\/wp\/v2\/media\/112196"}],"wp:attachment":[{"href":"https:\/\/www.gossip.it\/api\/wp\/v2\/media?parent=56150"}],"wp:term":[{"taxonomy":"category","embeddable":true,"href":"https:\/\/www.gossip.it\/api\/wp\/v2\/categories?post=56150"},{"taxonomy":"post_tag","embeddable":true,"href":"https:\/\/www.gossip.it\/api\/wp\/v2\/tags?post=56150"},{"taxonomy":"vip","embeddable":true,"href":"https:\/\/www.gossip.it\/api\/wp\/v2\/vip?post=56150"}],"curies":[{"name":"wp","href":"https:\/\/api.w.org\/{rel}","templated":true}]}}