{"id":56328,"date":"2016-10-07T00:00:00","date_gmt":"2016-10-06T22:00:00","guid":{"rendered":"https:\/\/www.gossip.it\/senza-categoria\/nina-moric-pomeriggio-5-estate\/"},"modified":"2016-10-07T00:00:00","modified_gmt":"2016-10-06T22:00:00","slug":"nina-moric-pomeriggio-5-estate","status":"publish","type":"post","link":"https:\/\/www.gossip.it\/news\/nina-moric-pomeriggio-5-estate\/","title":{"rendered":"Nina Moric a 'Pomeriggio 5': 'Ho avuto un'estate dolorosa. Le nozze? Una bufala'"},"content":{"rendered":"<p><a href=\"\/vip\/nina-moric\/\">Nina Moric<\/a> ai microfoni di \"<a href=\"\/vip\/pomeriggio-5\/\">Pomeriggio 5<\/a>\" finalmente ha raccontato la verit\u00e0 sulla sua<strong> estate <\/strong>turbolenta: \u00e8 stata s\u00ec operata di appendicite, ma non \u00e8 mai sparita. Si \u00e8 nascosta un po', ma solo per affrontare la convalescenza.<strong> Nina<\/strong> ha pure smentito la notiza di questi giorni sull' imminente matrimonio con\u00a0<a href=\"\/vip\/luigi-mario favoloso\/\">Luigi Mario Favoloso<\/a>.\u00a0<\/p>\n<figure class=\"caption\"><img decoding=\"async\" alt=\"\" width=\"640\" height=\"360\" src=\"http:\/\/files.gossip.it\/immagini_news\/2016\/10\/1475834761_nina_moric_1.jpg\" \/><figcaption>Nina Moric, 40 anni, racconta la sua estate turbolenta ai microfoni di 'Pomeriggio 5'<\/figcaption><\/figure>\n<p><strong>Nina Moric<\/strong> e il fidanzato questa <strong>estate <\/strong>hanno catalizzato l'attenzione dei media quando la mamma del ragazzo su\u00a0<a href=\"\/vip\/-facebook \/\">Facebook <\/a>ha lanciato l'allarme affermando che il figlio e la modella croata erano scomparsi. Successivamente l'ex moglie di <a href=\"\/vip\/fabrizio-corona\/\">Fabrizio Corona<\/a>\u00a0ha svelato l'arcano: la suocera componeva un numero di telefono sbagliato, ma ha pubblicato sul social un video in cui era legata su una sedia. Immagini che hanno fatto discutere:<em> \"Questa <strong>estate<\/strong> sono stata nascosta in casa, ho avuto l'appendicite, e non potevo uscire. In senso medico \u00e8 stata un'<strong>estate<\/strong> abbastanza dolorosa\"<\/em>, ha dichiarato la <strong>Moric<\/strong> a \"<strong>Pomeriggio 5<\/strong>\".<\/p>\n<figure class=\"caption\"><img decoding=\"async\" alt=\"\" width=\"640\" height=\"354\" src=\"http:\/\/files.gossip.it\/immagini_news\/2016\/10\/1475834815_nina_moric_2.jpg\" \/><figcaption>La modella croata ha detto di essere stata molto male a causa di un'appendicite\u00a0<\/figcaption><\/figure>\n<p>Insomma, nessuna scomparsa, nessun rapimento, ma il problema di salute, quello s\u00ec, era vero. <strong>Nina<\/strong> \u00e8 stata operata d'urgenza per un'appendicite e a quanto pare la convalescenza \u00e8 stata piuttosto lunga.<\/p>\n<figure class=\"caption\"><img decoding=\"async\" alt=\"\" width=\"640\" height=\"359\" src=\"http:\/\/files.gossip.it\/immagini_news\/2016\/10\/1475834850_nina_moric_3.jpg\" \/><figcaption>Nina ha anche smentito la notizia sull'imminente matrimonio con Luigi Mario Favoloso<\/figcaption><\/figure>\n<p>Nei giorni scorsi \u00e8 trapelata anche la notizia delle nozze con Luigi Mario Favoloso. I dettagli dei preparativi hanno fatto il giro dei media:<em> \"E' una grande bufala<\/em> - ha per\u00f2 detto la <strong>Moric<\/strong> a \"<strong>Pomeriggio 5<\/strong>\" - <em>Assolutamente, sono allergica al matrimonio\"<\/em>. <em>\"Questa per me \u00e8 una minaccia\"<\/em>, ha scherzato. <em>\"Io credo che il matrimonio sia una cosa bellissima<\/em> - ha poi aggiunto - <em>In passato per me non ha funzionato, nonostante questo lo rispetto. Per\u00f2 non credo che sia la mia priorit\u00e0 in questo momento, perch\u00e9 sto bene cos\u00ec. Se ci sar\u00e0, ci sar\u00e0. Ma in questo momento meglio lasciare le cose come stanno\"<\/em>.<\/p>\n","protected":false},"excerpt":{"rendered":"<p>Nina Moric ai microfoni di \"Pomeriggio 5\" finalmente ha raccontato la verit\u00e0 sulla sua estate turbolenta: \u00e8 stata s\u00ec operata di appendicite, ma non \u00e8 mai sparita. Si \u00e8 nascosta un po', ma solo per affrontare la convalescenza. Nina ha pure smentito la notiza di questi giorni sull' imminente matrimonio con\u00a0Luigi Mario Favoloso.\u00a0 Nina Moric, [&hellip;]<\/p>\n","protected":false},"author":1,"featured_media":112374,"comment_status":"closed","ping_status":"closed","sticky":false,"template":"","format":"standard","meta":{"footnotes":""},"categories":[54],"tags":[43826,2102,2622,9029,8734,1950,2216,7988],"vip":[1426],"class_list":["post-56328","post","type-post","status-publish","format-standard","has-post-thumbnail","hentry","category-news","tag-appendicite","tag-dichiarazioni","tag-estate","tag-intervento","tag-luigi-mario-favoloso","tag-matrimonio","tag-nozze","tag-pomeriggio-5","vip-nina_moric"],"yoast_head":"<title>Nina Moric a &#039;Pomeriggio 5&#039;: &#039;Ho avuto un&#039;estate dolorosa. Le nozze? Una bufala&#039; - Gossip.it | News sul Gossip e VIP<\/title>\n<meta name=\"description\" content=\"Nina Moric ai microfoni di &quot;Pomeriggio 5&quot; finalmente ha raccontato la verit\u00e0 sulla sua estate turbolenta: \u00e8 stata s\u00ec operata di appendicite, ma non \u00e8 mai\" \/>\n<meta name=\"robots\" content=\"index, follow, max-snippet:-1, max-image-preview:large, max-video-preview:-1\" \/>\n<link rel=\"canonical\" href=\"https:\/\/www.gossip.it\/news\/nina-moric-pomeriggio-5-estate\/\" \/>\n<meta property=\"og:locale\" content=\"it_IT\" \/>\n<meta property=\"og:type\" content=\"article\" \/>\n<meta property=\"og:title\" content=\"Nina Moric a &#039;Pomeriggio 5&#039;: &#039;Ho avuto un&#039;estate dolorosa. Le nozze? Una bufala&#039; - Gossip.it | News sul Gossip e VIP\" \/>\n<meta property=\"og:description\" content=\"Nina Moric ai microfoni di &quot;Pomeriggio 5&quot; finalmente ha raccontato la verit\u00e0 sulla sua estate turbolenta: \u00e8 stata s\u00ec operata di appendicite, ma non \u00e8 mai\" \/>\n<meta property=\"og:url\" content=\"https:\/\/www.gossip.it\/news\/nina-moric-pomeriggio-5-estate\/\" \/>\n<meta property=\"og:site_name\" content=\"Gossip.it | News sul Gossip e VIP\" \/>\n<meta property=\"article:publisher\" content=\"https:\/\/www.facebook.com\/GossipIT\" \/>\n<meta property=\"article:published_time\" content=\"2016-10-06T22:00:00+00:00\" \/>\n<meta property=\"og:image\" content=\"http:\/\/files.gossip.it\/immagini_news\/2016\/10\/1475834761_nina_moric_1.jpg\" \/>\n<meta name=\"author\" content=\"La Redazione\" \/>\n<meta name=\"twitter:card\" content=\"summary_large_image\" \/>\n<meta name=\"twitter:image\" content=\"http:\/\/files.gossip.it\/immagini_news\/2016\/10\/1475834761_nina_moric_1.jpg\" \/>\n<meta name=\"twitter:creator\" content=\"@gossinews_it\" \/>\n<meta name=\"twitter:site\" content=\"@gossinews_it\" \/>\n<meta name=\"twitter:label1\" content=\"Scritto da\" \/>\n\t<meta name=\"twitter:data1\" content=\"Francesca Romana Domenici\" \/>\n\t<meta name=\"twitter:label2\" content=\"Tempo di lettura stimato\" \/>\n\t<meta name=\"twitter:data2\" content=\"2 minuti\" \/>","yoast_head_json":{"title":"Nina Moric a 'Pomeriggio 5': 'Ho avuto un'estate dolorosa. Le nozze? Una bufala' - Gossip.it | News sul Gossip e VIP","description":"Nina Moric ai microfoni di \"Pomeriggio 5\" finalmente ha raccontato la verit\u00e0 sulla sua estate turbolenta: \u00e8 stata s\u00ec operata di appendicite, ma non \u00e8 mai","robots":{"index":"index","follow":"follow","max-snippet":"max-snippet:-1","max-image-preview":"max-image-preview:large","max-video-preview":"max-video-preview:-1"},"canonical":"https:\/\/www.gossip.it\/news\/nina-moric-pomeriggio-5-estate\/","og_locale":"it_IT","og_type":"article","og_title":"Nina Moric a 'Pomeriggio 5': 'Ho avuto un'estate dolorosa. Le nozze? Una bufala' - Gossip.it | News sul Gossip e VIP","og_description":"Nina Moric ai microfoni di \"Pomeriggio 5\" finalmente ha raccontato la verit\u00e0 sulla sua estate turbolenta: \u00e8 stata s\u00ec operata di appendicite, ma non \u00e8 mai","og_url":"https:\/\/www.gossip.it\/news\/nina-moric-pomeriggio-5-estate\/","og_site_name":"Gossip.it | News sul Gossip e VIP","article_publisher":"https:\/\/www.facebook.com\/GossipIT","article_published_time":"2016-10-06T22:00:00+00:00","og_image":[{"url":"http:\/\/files.gossip.it\/immagini_news\/2016\/10\/1475834761_nina_moric_1.jpg"}],"author":"La Redazione","twitter_card":"summary_large_image","twitter_image":"http:\/\/files.gossip.it\/immagini_news\/2016\/10\/1475834761_nina_moric_1.jpg","twitter_creator":"@gossinews_it","twitter_site":"@gossinews_it","twitter_misc":{"Scritto da":"Francesca Romana Domenici","Tempo di lettura stimato":"2 minuti"},"schema":{"@context":"https:\/\/schema.org","@graph":[{"@type":"Article","@id":"https:\/\/www.gossip.it\/news\/nina-moric-pomeriggio-5-estate\/#article","isPartOf":{"@id":"https:\/\/www.gossip.it\/news\/nina-moric-pomeriggio-5-estate\/"},"author":{"name":"La Redazione","@id":"https:\/\/www.gossip.it\/#\/schema\/person\/488896f75158bff1cc83c6c39d141110"},"headline":"Nina Moric a 'Pomeriggio 5': 'Ho avuto un'estate dolorosa. Le nozze? Una bufala'","datePublished":"2016-10-06T22:00:00+00:00","dateModified":"2016-10-06T22:00:00+00:00","mainEntityOfPage":{"@id":"https:\/\/www.gossip.it\/news\/nina-moric-pomeriggio-5-estate\/"},"wordCount":338,"publisher":{"@id":"https:\/\/www.gossip.it\/#organization"},"image":{"@id":"https:\/\/www.gossip.it\/news\/nina-moric-pomeriggio-5-estate\/#primaryimage"},"thumbnailUrl":"http:\/\/files.gossip.it\/immagini_news\/2016\/10\/1475834761_nina_moric_1.jpg","keywords":["appendicite","dichiarazioni","estate","intervento","luigi mario favoloso","matrimonio","nozze","pomeriggio 5"],"articleSection":["News"],"inLanguage":"it-IT"},{"@type":"WebPage","@id":"https:\/\/www.gossip.it\/news\/nina-moric-pomeriggio-5-estate\/","url":"https:\/\/www.gossip.it\/news\/nina-moric-pomeriggio-5-estate\/","name":"Nina Moric a 'Pomeriggio 5': 'Ho avuto un'estate dolorosa. Le nozze? Una bufala' - Gossip.it | News sul Gossip e VIP","isPartOf":{"@id":"https:\/\/www.gossip.it\/#website"},"primaryImageOfPage":{"@id":"https:\/\/www.gossip.it\/news\/nina-moric-pomeriggio-5-estate\/#primaryimage"},"image":{"@id":"https:\/\/www.gossip.it\/news\/nina-moric-pomeriggio-5-estate\/#primaryimage"},"thumbnailUrl":"http:\/\/files.gossip.it\/immagini_news\/2016\/10\/1475834761_nina_moric_1.jpg","datePublished":"2016-10-06T22:00:00+00:00","dateModified":"2016-10-06T22:00:00+00:00","description":"Nina Moric ai microfoni di \"Pomeriggio 5\" finalmente ha raccontato la verit\u00e0 sulla sua estate turbolenta: \u00e8 stata s\u00ec operata di appendicite, ma non \u00e8 mai","breadcrumb":{"@id":"https:\/\/www.gossip.it\/news\/nina-moric-pomeriggio-5-estate\/#breadcrumb"},"inLanguage":"it-IT","potentialAction":[{"@type":"ReadAction","target":["https:\/\/www.gossip.it\/news\/nina-moric-pomeriggio-5-estate\/"]}]},{"@type":"ImageObject","inLanguage":"it-IT","@id":"https:\/\/www.gossip.it\/news\/nina-moric-pomeriggio-5-estate\/#primaryimage","url":"http:\/\/files.gossip.it\/immagini_news\/2016\/10\/1475834761_nina_moric_1.jpg","contentUrl":"http:\/\/files.gossip.it\/immagini_news\/2016\/10\/1475834761_nina_moric_1.jpg"},{"@type":"BreadcrumbList","@id":"https:\/\/www.gossip.it\/news\/nina-moric-pomeriggio-5-estate\/#breadcrumb","itemListElement":[{"@type":"ListItem","position":1,"name":"Home","item":"https:\/\/www.gossip.it\/"},{"@type":"ListItem","position":2,"name":"Nina Moric a 'Pomeriggio 5': 'Ho avuto un'estate dolorosa. Le nozze? Una bufala'"}]},{"@type":"WebSite","@id":"https:\/\/www.gossip.it\/#website","url":"https:\/\/www.gossip.it\/","name":"Gossip and VIP News","description":"Quotidiano di cronaca rosa, costume e societ\u00e0","publisher":{"@id":"https:\/\/www.gossip.it\/#organization"},"alternateName":"Gossip and VIP News","potentialAction":[{"@type":"SearchAction","target":{"@type":"EntryPoint","urlTemplate":"https:\/\/www.gossip.it\/?s={search_term_string}"},"query-input":{"@type":"PropertyValueSpecification","valueRequired":true,"valueName":"search_term_string"}}],"inLanguage":"it-IT"},{"@type":"Organization","@id":"https:\/\/www.gossip.it\/#organization","name":"Gossip and VIP News","alternateName":"Gossip News","url":"https:\/\/www.gossip.it\/","logo":{"@type":"ImageObject","inLanguage":"it-IT","@id":"https:\/\/www.gossip.it\/#\/schema\/logo\/image\/","url":"https:\/\/www.gossip.it\/wp-content\/uploads\/2022\/04\/cropped-corna-alta-tiny.png","contentUrl":"https:\/\/www.gossip.it\/wp-content\/uploads\/2022\/04\/cropped-corna-alta-tiny.png","width":512,"height":512,"caption":"Gossip and VIP News"},"image":{"@id":"https:\/\/www.gossip.it\/#\/schema\/logo\/image\/"},"sameAs":["https:\/\/www.facebook.com\/GossipIT","https:\/\/x.com\/gossinews_it","https:\/\/instagram.com\/gossip_it"]},{"@type":"Person","@id":"https:\/\/www.gossip.it\/#\/schema\/person\/488896f75158bff1cc83c6c39d141110","name":"La Redazione","image":{"@type":"ImageObject","inLanguage":"it-IT","@id":"https:\/\/www.gossip.it\/#\/schema\/person\/image\/","url":"https:\/\/secure.gravatar.com\/avatar\/5a5f5c6fa3e6700e4249abdad0263a1e94e927d9e0499b1cb09c1cd29c044d80?s=96&d=mm&r=g","contentUrl":"https:\/\/secure.gravatar.com\/avatar\/5a5f5c6fa3e6700e4249abdad0263a1e94e927d9e0499b1cb09c1cd29c044d80?s=96&d=mm&r=g","caption":"La Redazione"},"sameAs":["https:\/\/www.gossip.it"]}]}},"amp_enabled":true,"_links":{"self":[{"href":"https:\/\/www.gossip.it\/api\/wp\/v2\/posts\/56328","targetHints":{"allow":["GET"]}}],"collection":[{"href":"https:\/\/www.gossip.it\/api\/wp\/v2\/posts"}],"about":[{"href":"https:\/\/www.gossip.it\/api\/wp\/v2\/types\/post"}],"author":[{"embeddable":true,"href":"https:\/\/www.gossip.it\/api\/wp\/v2\/users\/1"}],"replies":[{"embeddable":true,"href":"https:\/\/www.gossip.it\/api\/wp\/v2\/comments?post=56328"}],"version-history":[{"count":0,"href":"https:\/\/www.gossip.it\/api\/wp\/v2\/posts\/56328\/revisions"}],"wp:featuredmedia":[{"embeddable":true,"href":"https:\/\/www.gossip.it\/api\/wp\/v2\/media\/112374"}],"wp:attachment":[{"href":"https:\/\/www.gossip.it\/api\/wp\/v2\/media?parent=56328"}],"wp:term":[{"taxonomy":"category","embeddable":true,"href":"https:\/\/www.gossip.it\/api\/wp\/v2\/categories?post=56328"},{"taxonomy":"post_tag","embeddable":true,"href":"https:\/\/www.gossip.it\/api\/wp\/v2\/tags?post=56328"},{"taxonomy":"vip","embeddable":true,"href":"https:\/\/www.gossip.it\/api\/wp\/v2\/vip?post=56328"}],"curies":[{"name":"wp","href":"https:\/\/api.w.org\/{rel}","templated":true}]}}