{"id":56369,"date":"2016-10-12T00:00:00","date_gmt":"2016-10-11T22:00:00","guid":{"rendered":"https:\/\/www.gossip.it\/senza-categoria\/laura-pausini-male-pausa\/"},"modified":"2016-10-12T00:00:00","modified_gmt":"2016-10-11T22:00:00","slug":"laura-pausini-male-pausa","status":"publish","type":"post","link":"https:\/\/www.gossip.it\/news\/laura-pausini-male-pausa\/","title":{"rendered":"Laura Pausini sta male: 'Mi prendo una pausa di 4 o 5 mesi'"},"content":{"rendered":"<p><a href=\"\/vip\/laura-pausini\/\">Laura Pausini<\/a> ha dovuto annullare le prime date del suo tour europeo \"Simili\" a causa di una laringotracheite acuta. La cantante sta <strong>male<\/strong>\u00a0e su Facebook annuncia che si prender\u00e0 una <strong>pausa<\/strong>. Nell'ultimo anno l'interprete de \"La Solitudine\" non si \u00e8 fermata un attimo: i concerti negli stadi italiani, il programma su Raiuno in coppia con l'amica del cuore <a href=\"\/vip\/paola-cortellesi\/\">Paola Cortellesi<\/a>, il talent-show \"La Banda\", dove ha vestito per la seconda volta i panni di giudice... Insomma, la sua agenda \u00e8 fitta di impegni, ma ora <strong>Laura<\/strong> dice basta, si vuole riposare: canceller\u00e0 tutti gli appuntamenti di lavoro da gennaio ai successivi 4 o 5 mesi.<\/p>\n<figure class=\"caption\"><img decoding=\"async\" alt=\"\" width=\"640\" height=\"755\" src=\"http:\/\/files.gossip.it\/immagini_news\/2016\/10\/1476264668_laura_pausini_2.jpg\" \/><figcaption>Laura Pausini ha deciso di prendersi una pausa dal lavoro<\/figcaption><\/figure>\n<p><em>\"Penso che a gennaio mi fermer\u00f2<\/em> - scrive la cantante -<em> Canceller\u00f2 tutti i miei impegni e inizier\u00f2 a riposarmi almeno per 4 o 5 mesi. Se no crollo\"<\/em>. <em>\"Mi sento desolata <\/em>- aggiunge -<em> Mi sto curando da una settimana, sono una molto attenta alla gola, come sapete in tour non parlo fino alle 17 e non esco praticamente mai, sono 'svizzera' cos\u00ec dicono i miei quando lavoro, ma \u00e8 vero sono da sempre molto disciplinata. Per questo quando una settimana fa non stavo bene ho iniziato una cura che per\u00f2 non ha per niente funzionato nonostante fosse molto pesante. Quindi ora devo stare in silenzio per 8 giorni. E' l'unica. Per\u00f2 il dottore mi ha detto che il 15 avr\u00f2 di nuovo la mia voce e non vedo l'ora arrivi quel giorno\"<\/em>.<\/p>\n<figure class=\"caption\"><img decoding=\"async\" alt=\"\" width=\"640\" height=\"751\" src=\"http:\/\/files.gossip.it\/immagini_news\/2016\/10\/1476264709_laura_pausini_1.jpg\" \/><figcaption>Laura Pausini \u00e8 stata colpita da una laringotracheite acuta ma ora sta meglio<\/figcaption><\/figure>\n<p><strong>Laura Pausini<\/strong> \u00e8 <strong>malata<\/strong> ma si sta riprendendo e torner\u00e0 a cantare sabato 15 ottobre a Londra. Il tour europeo prender\u00e0 cos\u00ec il via dalla capitale inglese, per concludersi il 25 con l'ultimo appuntamento a Monaco. Poi, con l'arrivo del nuovo anno, la <strong>Pausini<\/strong> vuole prendersi una <strong>pausa<\/strong> e staccare la spina.<br \/><strong>Laura<\/strong> si \u00e8 anche scusata con i fan per i concerti che ha dovuto annullare: <em>\"Mi dispiace molto<\/em> - ha scritto ancora la star della musica - <em>Sto cercando di fare il possibile per recuperare tutte le date entro la fine di dicembre ma ad oggi non abbiamo trovato i palasport liberi quindi domani si lavora ancora per capire come e cosa fare. Comunque a breve dobbiamo decidere coi promoter locali e se non potr\u00f2 recuperarle per mancanza di venue ovviamente vi informer\u00f2 subito e vi spiegheremo come verranno risarciti i biglietti... mi dispiace tanto\"<\/em>.<\/p>\n","protected":false},"excerpt":{"rendered":"<p>Laura Pausini ha dovuto annullare le prime date del suo tour europeo \"Simili\" a causa di una laringotracheite acuta. La cantante sta male\u00a0e su Facebook annuncia che si prender\u00e0 una pausa. Nell'ultimo anno l'interprete de \"La Solitudine\" non si \u00e8 fermata un attimo: i concerti negli stadi italiani, il programma su Raiuno in coppia con [&hellip;]<\/p>\n","protected":false},"author":1,"featured_media":112415,"comment_status":"closed","ping_status":"closed","sticky":false,"template":"","format":"standard","meta":{"footnotes":""},"categories":[54],"tags":[1981,5189,5154,4790,5886,55322,12822,3945,1923,4100],"vip":[1084],"class_list":["post-56369","post","type-post","status-publish","format-standard","has-post-thumbnail","hentry","category-news","tag-cantante","tag-concerti","tag-europa","tag-facebook","tag-gola","tag-laringotracheite","tag-male","tag-pausa","tag-social","tag-tour","vip-laura_pausini"],"yoast_head":"<title>Laura Pausini sta male: &#039;Mi prendo una pausa di 4 o 5 mesi&#039; - Gossip.it | News sul Gossip e VIP<\/title>\n<meta name=\"description\" content=\"Laura Pausini ha dovuto annullare le prime date del suo tour europeo &quot;Simili&quot; a causa di una laringotracheite acuta. La cantante sta male\u00a0e su Facebook\" \/>\n<meta name=\"robots\" content=\"index, follow, max-snippet:-1, max-image-preview:large, max-video-preview:-1\" \/>\n<link rel=\"canonical\" href=\"https:\/\/www.gossip.it\/news\/laura-pausini-male-pausa\/\" \/>\n<meta property=\"og:locale\" content=\"it_IT\" \/>\n<meta property=\"og:type\" content=\"article\" \/>\n<meta property=\"og:title\" content=\"Laura Pausini sta male: &#039;Mi prendo una pausa di 4 o 5 mesi&#039; - Gossip.it | News sul Gossip e VIP\" \/>\n<meta property=\"og:description\" content=\"Laura Pausini ha dovuto annullare le prime date del suo tour europeo &quot;Simili&quot; a causa di una laringotracheite acuta. La cantante sta male\u00a0e su Facebook\" \/>\n<meta property=\"og:url\" content=\"https:\/\/www.gossip.it\/news\/laura-pausini-male-pausa\/\" \/>\n<meta property=\"og:site_name\" content=\"Gossip.it | News sul Gossip e VIP\" \/>\n<meta property=\"article:publisher\" content=\"https:\/\/www.facebook.com\/GossipIT\" \/>\n<meta property=\"article:published_time\" content=\"2016-10-11T22:00:00+00:00\" \/>\n<meta property=\"og:image\" content=\"http:\/\/files.gossip.it\/immagini_news\/2016\/10\/1476264668_laura_pausini_2.jpg\" \/>\n<meta name=\"author\" content=\"La Redazione\" \/>\n<meta name=\"twitter:card\" content=\"summary_large_image\" \/>\n<meta name=\"twitter:image\" content=\"http:\/\/files.gossip.it\/immagini_news\/2016\/10\/1476264668_laura_pausini_2.jpg\" \/>\n<meta name=\"twitter:creator\" content=\"@gossinews_it\" \/>\n<meta name=\"twitter:site\" content=\"@gossinews_it\" \/>\n<meta name=\"twitter:label1\" content=\"Scritto da\" \/>\n\t<meta name=\"twitter:data1\" content=\"Francesca Romana Domenici\" \/>\n\t<meta name=\"twitter:label2\" content=\"Tempo di lettura stimato\" \/>\n\t<meta name=\"twitter:data2\" content=\"2 minuti\" \/>","yoast_head_json":{"title":"Laura Pausini sta male: 'Mi prendo una pausa di 4 o 5 mesi' - Gossip.it | News sul Gossip e VIP","description":"Laura Pausini ha dovuto annullare le prime date del suo tour europeo \"Simili\" a causa di una laringotracheite acuta. La cantante sta male\u00a0e su Facebook","robots":{"index":"index","follow":"follow","max-snippet":"max-snippet:-1","max-image-preview":"max-image-preview:large","max-video-preview":"max-video-preview:-1"},"canonical":"https:\/\/www.gossip.it\/news\/laura-pausini-male-pausa\/","og_locale":"it_IT","og_type":"article","og_title":"Laura Pausini sta male: 'Mi prendo una pausa di 4 o 5 mesi' - Gossip.it | News sul Gossip e VIP","og_description":"Laura Pausini ha dovuto annullare le prime date del suo tour europeo \"Simili\" a causa di una laringotracheite acuta. La cantante sta male\u00a0e su Facebook","og_url":"https:\/\/www.gossip.it\/news\/laura-pausini-male-pausa\/","og_site_name":"Gossip.it | News sul Gossip e VIP","article_publisher":"https:\/\/www.facebook.com\/GossipIT","article_published_time":"2016-10-11T22:00:00+00:00","og_image":[{"url":"http:\/\/files.gossip.it\/immagini_news\/2016\/10\/1476264668_laura_pausini_2.jpg"}],"author":"La Redazione","twitter_card":"summary_large_image","twitter_image":"http:\/\/files.gossip.it\/immagini_news\/2016\/10\/1476264668_laura_pausini_2.jpg","twitter_creator":"@gossinews_it","twitter_site":"@gossinews_it","twitter_misc":{"Scritto da":"Francesca Romana Domenici","Tempo di lettura stimato":"2 minuti"},"schema":{"@context":"https:\/\/schema.org","@graph":[{"@type":"Article","@id":"https:\/\/www.gossip.it\/news\/laura-pausini-male-pausa\/#article","isPartOf":{"@id":"https:\/\/www.gossip.it\/news\/laura-pausini-male-pausa\/"},"author":{"name":"La Redazione","@id":"https:\/\/www.gossip.it\/#\/schema\/person\/488896f75158bff1cc83c6c39d141110"},"headline":"Laura Pausini sta male: 'Mi prendo una pausa di 4 o 5 mesi'","datePublished":"2016-10-11T22:00:00+00:00","dateModified":"2016-10-11T22:00:00+00:00","mainEntityOfPage":{"@id":"https:\/\/www.gossip.it\/news\/laura-pausini-male-pausa\/"},"wordCount":413,"publisher":{"@id":"https:\/\/www.gossip.it\/#organization"},"image":{"@id":"https:\/\/www.gossip.it\/news\/laura-pausini-male-pausa\/#primaryimage"},"thumbnailUrl":"http:\/\/files.gossip.it\/immagini_news\/2016\/10\/1476264668_laura_pausini_2.jpg","keywords":["cantante","concerti","europa","facebook","gola","laringotracheite","male","pausa","social","tour"],"articleSection":["News"],"inLanguage":"it-IT"},{"@type":"WebPage","@id":"https:\/\/www.gossip.it\/news\/laura-pausini-male-pausa\/","url":"https:\/\/www.gossip.it\/news\/laura-pausini-male-pausa\/","name":"Laura Pausini sta male: 'Mi prendo una pausa di 4 o 5 mesi' - Gossip.it | News sul Gossip e VIP","isPartOf":{"@id":"https:\/\/www.gossip.it\/#website"},"primaryImageOfPage":{"@id":"https:\/\/www.gossip.it\/news\/laura-pausini-male-pausa\/#primaryimage"},"image":{"@id":"https:\/\/www.gossip.it\/news\/laura-pausini-male-pausa\/#primaryimage"},"thumbnailUrl":"http:\/\/files.gossip.it\/immagini_news\/2016\/10\/1476264668_laura_pausini_2.jpg","datePublished":"2016-10-11T22:00:00+00:00","dateModified":"2016-10-11T22:00:00+00:00","description":"Laura Pausini ha dovuto annullare le prime date del suo tour europeo \"Simili\" a causa di una laringotracheite acuta. La cantante sta male\u00a0e su Facebook","breadcrumb":{"@id":"https:\/\/www.gossip.it\/news\/laura-pausini-male-pausa\/#breadcrumb"},"inLanguage":"it-IT","potentialAction":[{"@type":"ReadAction","target":["https:\/\/www.gossip.it\/news\/laura-pausini-male-pausa\/"]}]},{"@type":"ImageObject","inLanguage":"it-IT","@id":"https:\/\/www.gossip.it\/news\/laura-pausini-male-pausa\/#primaryimage","url":"http:\/\/files.gossip.it\/immagini_news\/2016\/10\/1476264668_laura_pausini_2.jpg","contentUrl":"http:\/\/files.gossip.it\/immagini_news\/2016\/10\/1476264668_laura_pausini_2.jpg"},{"@type":"BreadcrumbList","@id":"https:\/\/www.gossip.it\/news\/laura-pausini-male-pausa\/#breadcrumb","itemListElement":[{"@type":"ListItem","position":1,"name":"Home","item":"https:\/\/www.gossip.it\/"},{"@type":"ListItem","position":2,"name":"Laura Pausini sta male: 'Mi prendo una pausa di 4 o 5 mesi'"}]},{"@type":"WebSite","@id":"https:\/\/www.gossip.it\/#website","url":"https:\/\/www.gossip.it\/","name":"Gossip and VIP News","description":"Quotidiano di cronaca rosa, costume e societ\u00e0","publisher":{"@id":"https:\/\/www.gossip.it\/#organization"},"alternateName":"Gossip and VIP News","potentialAction":[{"@type":"SearchAction","target":{"@type":"EntryPoint","urlTemplate":"https:\/\/www.gossip.it\/?s={search_term_string}"},"query-input":{"@type":"PropertyValueSpecification","valueRequired":true,"valueName":"search_term_string"}}],"inLanguage":"it-IT"},{"@type":"Organization","@id":"https:\/\/www.gossip.it\/#organization","name":"Gossip and VIP News","alternateName":"Gossip News","url":"https:\/\/www.gossip.it\/","logo":{"@type":"ImageObject","inLanguage":"it-IT","@id":"https:\/\/www.gossip.it\/#\/schema\/logo\/image\/","url":"https:\/\/www.gossip.it\/wp-content\/uploads\/2022\/04\/cropped-corna-alta-tiny.png","contentUrl":"https:\/\/www.gossip.it\/wp-content\/uploads\/2022\/04\/cropped-corna-alta-tiny.png","width":512,"height":512,"caption":"Gossip and VIP News"},"image":{"@id":"https:\/\/www.gossip.it\/#\/schema\/logo\/image\/"},"sameAs":["https:\/\/www.facebook.com\/GossipIT","https:\/\/x.com\/gossinews_it","https:\/\/instagram.com\/gossip_it"]},{"@type":"Person","@id":"https:\/\/www.gossip.it\/#\/schema\/person\/488896f75158bff1cc83c6c39d141110","name":"La Redazione","image":{"@type":"ImageObject","inLanguage":"it-IT","@id":"https:\/\/www.gossip.it\/#\/schema\/person\/image\/","url":"https:\/\/secure.gravatar.com\/avatar\/5a5f5c6fa3e6700e4249abdad0263a1e94e927d9e0499b1cb09c1cd29c044d80?s=96&d=mm&r=g","contentUrl":"https:\/\/secure.gravatar.com\/avatar\/5a5f5c6fa3e6700e4249abdad0263a1e94e927d9e0499b1cb09c1cd29c044d80?s=96&d=mm&r=g","caption":"La Redazione"},"sameAs":["https:\/\/www.gossip.it"]}]}},"amp_enabled":true,"_links":{"self":[{"href":"https:\/\/www.gossip.it\/api\/wp\/v2\/posts\/56369","targetHints":{"allow":["GET"]}}],"collection":[{"href":"https:\/\/www.gossip.it\/api\/wp\/v2\/posts"}],"about":[{"href":"https:\/\/www.gossip.it\/api\/wp\/v2\/types\/post"}],"author":[{"embeddable":true,"href":"https:\/\/www.gossip.it\/api\/wp\/v2\/users\/1"}],"replies":[{"embeddable":true,"href":"https:\/\/www.gossip.it\/api\/wp\/v2\/comments?post=56369"}],"version-history":[{"count":0,"href":"https:\/\/www.gossip.it\/api\/wp\/v2\/posts\/56369\/revisions"}],"wp:featuredmedia":[{"embeddable":true,"href":"https:\/\/www.gossip.it\/api\/wp\/v2\/media\/112415"}],"wp:attachment":[{"href":"https:\/\/www.gossip.it\/api\/wp\/v2\/media?parent=56369"}],"wp:term":[{"taxonomy":"category","embeddable":true,"href":"https:\/\/www.gossip.it\/api\/wp\/v2\/categories?post=56369"},{"taxonomy":"post_tag","embeddable":true,"href":"https:\/\/www.gossip.it\/api\/wp\/v2\/tags?post=56369"},{"taxonomy":"vip","embeddable":true,"href":"https:\/\/www.gossip.it\/api\/wp\/v2\/vip?post=56369"}],"curies":[{"name":"wp","href":"https:\/\/api.w.org\/{rel}","templated":true}]}}