{"id":56391,"date":"2016-10-14T00:00:00","date_gmt":"2016-10-13T22:00:00","guid":{"rendered":"https:\/\/www.gossip.it\/senza-categoria\/caterina-balivo-detto-fatto-gerry-scotti\/"},"modified":"2016-10-14T00:00:00","modified_gmt":"2016-10-13T22:00:00","slug":"caterina-balivo-detto-fatto-gerry-scotti","status":"publish","type":"post","link":"https:\/\/www.gossip.it\/news\/caterina-balivo-detto-fatto-gerry-scotti\/","title":{"rendered":"Caterina Balivo, un ospite di 'Detto Fatto' non la riconosce: 'Tu chi sei? Io volevo andare da Gerry Scotti!'"},"content":{"rendered":"<p><a href=\"\/vip\/caterina-balivo\/\">Caterina Balivo<\/a> \u00e8 stata suo malgrado protagonista di un \"tragicomico\" siparietto durante \"<a href=\"\/vip\/detto-fatto\/\">Detto Fatto<\/a>\", il contenitore pomeridiano che presenta su Raidue: la signora Annamaria ha partecipato alla rubrica \"Cambio Look\" e per farsi accompagnare dal marito Santo gli ha fatto credere che sarebbero andati negli studi di \"Caduta Libera\" per conoscere <a href=\"\/vip\/gerry-scotti\/\">Gerry Scotti<\/a>.<\/p>\n<figure class=\"caption\"><img decoding=\"async\" alt=\"\" width=\"640\" height=\"364\" src=\"http:\/\/files.gossip.it\/immagini_news\/2016\/10\/1476439375_balivo_3.jpg\" \/><figcaption>L'espressione di Caterina Balivo quando il suo sopite non la riconosce e le dice che avrebbe preferito trovarsi di fronte Gerry Scotti<\/figcaption><\/figure>\n<p>Entrato in studio l'ignaro ospite, stupito, ha chiesto: <em>\"Ma \u00e8 uno scherzo?\"<\/em>. E quando la <strong>Balivo<\/strong> gli ha domandato: <em>\"Lei mi conosce?\"<\/em>. Lui candidamente ha risposto: <em>\"No\"<\/em>. <em>\"Io mi chiamo <strong>Caterina <\/strong><\/em>- ha replicato a quel punto la conduttrice - <em>e lavoro in questo programma, a dire il vero anche da un po' di anni. Ma lei dove pensava di essere oggi pomeriggio?\".<\/em> <em>\"A 'Caduta Libera'. Sono stato tratto in inganno\"<\/em>, ha ribattuto il signor Santo. <em>\"Quindi avrebbe preferito vedere <strong>Gerry Scotti<\/strong>?\"<\/em>, ha chiesto la padrona di casa di \"<strong>Detto Fatto<\/strong>\". E la risposta l'ha lasciata di stucco: <em>\"Certo! Sono venuto per quello e adesso vedo che la trasmissione \u00e8 diversa\"<\/em>, ha dichiarato, infatti, l'uomo tra l'ilarit\u00e0 generale. Poi si \u00e8 giustificato affermando di non guardare il programma di Raidue perch\u00e9 di solito il pomeriggio lavora.<\/p>\n<figure class=\"caption\"><img decoding=\"async\" alt=\"\" width=\"640\" height=\"404\" src=\"http:\/\/files.gossip.it\/immagini_news\/2016\/10\/1476439442_balivo_1.jpg\" \/><figcaption>Caterina Balivo a 'Detto Fatto' con la signora Annamaria e il marito Santo<\/figcaption><\/figure>\n<figure class=\"caption\"><img decoding=\"async\" alt=\"\" width=\"640\" height=\"378\" src=\"http:\/\/files.gossip.it\/immagini_news\/2016\/10\/1476439479_balivo_2.jpg\" \/><figcaption>L'uomo pensava di entrare negli studi di 'Caduta Libera' invece si \u00e8 ritrovato in quelli di 'Detto Fatto'<\/figcaption><\/figure>\n<p><strong>Caterina<\/strong>\u00a0si \u00e8 messa a ridere e pure sul <a href=\"\/vip\/social\/\">social<\/a> della trasmissione si \u00e8 ironizzato sull'accaduto: <em>\"Ma siamo sicuri di essere a '<strong>Detto Fatto<\/strong>'?<\/em> - si legge in un post pubblicato su <a href=\"\/vip\/twitter\/\">Twitter<\/a> - <em>Confusione al 'Cambio Look' con effetto sorpresa!\"<\/em>. Cose che capitano, sopratutto se tua moglie e i tuoi figli per portarti in tv ti fanno credere che andrai a conoscere il tuo presentatore preferito. Il signor Santo, invece, non ha incontrato <strong>Gerry Scotti<\/strong> e si \u00e8 dovuto accontentare della <strong>Balivo<\/strong>.<\/p>\n<figure class=\"caption\"><img decoding=\"async\" alt=\"\" width=\"640\" height=\"359\" src=\"http:\/\/files.gossip.it\/immagini_news\/2016\/10\/1476439539_balivo_4.jpg\" \/><figcaption>Caterina ha preso bene la cosa e si \u00e8 fatta una bella risata<\/figcaption><\/figure>\n<p>Chiss\u00e0 che dopo questa gaffe il simpatico conduttore Mediaset non decida di invitarlo nella sua trasmissione.<\/p>\n","protected":false},"excerpt":{"rendered":"<p>Caterina Balivo \u00e8 stata suo malgrado protagonista di un \"tragicomico\" siparietto durante \"Detto Fatto\", il contenitore pomeridiano che presenta su Raidue: la signora Annamaria ha partecipato alla rubrica \"Cambio Look\" e per farsi accompagnare dal marito Santo gli ha fatto credere che sarebbero andati negli studi di \"Caduta Libera\" per conoscere Gerry Scotti. L'espressione di [&hellip;]<\/p>\n","protected":false},"author":1,"featured_media":112437,"comment_status":"closed","ping_status":"closed","sticky":false,"template":"","format":"standard","meta":{"footnotes":""},"categories":[54],"tags":[55338,2098,1992,9901,2827,7056,2291,2802,6208,2097],"vip":[466],"class_list":["post-56391","post","type-post","status-publish","format-standard","has-post-thumbnail","hentry","category-news","tag-caduta-libera","tag-canale-5","tag-conduttrice","tag-detto-fatto","tag-gaffe","tag-gerry-scotti","tag-mediaset","tag-ospite","tag-raidue","tag-tv","vip-caterina_balivo"],"yoast_head":"<title>Caterina Balivo, un ospite di &#039;Detto Fatto&#039; non la riconosce: &#039;Tu chi sei? Io volevo andare da Gerry Scotti!&#039; - Gossip.it | News sul Gossip e VIP<\/title>\n<meta name=\"description\" content=\"Caterina Balivo \u00e8 stata suo malgrado protagonista di un &quot;tragicomico&quot; siparietto durante &quot;Detto Fatto&quot;, il contenitore pomeridiano che presenta su Raidue:\" \/>\n<meta name=\"robots\" content=\"index, follow, max-snippet:-1, max-image-preview:large, max-video-preview:-1\" \/>\n<link rel=\"canonical\" href=\"https:\/\/www.gossip.it\/news\/caterina-balivo-detto-fatto-gerry-scotti\/\" \/>\n<meta property=\"og:locale\" content=\"it_IT\" \/>\n<meta property=\"og:type\" content=\"article\" \/>\n<meta property=\"og:title\" content=\"Caterina Balivo, un ospite di &#039;Detto Fatto&#039; non la riconosce: &#039;Tu chi sei? Io volevo andare da Gerry Scotti!&#039; - Gossip.it | News sul Gossip e VIP\" \/>\n<meta property=\"og:description\" content=\"Caterina Balivo \u00e8 stata suo malgrado protagonista di un &quot;tragicomico&quot; siparietto durante &quot;Detto Fatto&quot;, il contenitore pomeridiano che presenta su Raidue:\" \/>\n<meta property=\"og:url\" content=\"https:\/\/www.gossip.it\/news\/caterina-balivo-detto-fatto-gerry-scotti\/\" \/>\n<meta property=\"og:site_name\" content=\"Gossip.it | News sul Gossip e VIP\" \/>\n<meta property=\"article:publisher\" content=\"https:\/\/www.facebook.com\/GossipIT\" \/>\n<meta property=\"article:published_time\" content=\"2016-10-13T22:00:00+00:00\" \/>\n<meta property=\"og:image\" content=\"http:\/\/files.gossip.it\/immagini_news\/2016\/10\/1476439375_balivo_3.jpg\" \/>\n<meta name=\"author\" content=\"La Redazione\" \/>\n<meta name=\"twitter:card\" content=\"summary_large_image\" \/>\n<meta name=\"twitter:image\" content=\"http:\/\/files.gossip.it\/immagini_news\/2016\/10\/1476439375_balivo_3.jpg\" \/>\n<meta name=\"twitter:creator\" content=\"@gossinews_it\" \/>\n<meta name=\"twitter:site\" content=\"@gossinews_it\" \/>\n<meta name=\"twitter:label1\" content=\"Scritto da\" \/>\n\t<meta name=\"twitter:data1\" content=\"Francesca Romana Domenici\" \/>\n\t<meta name=\"twitter:label2\" content=\"Tempo di lettura stimato\" \/>\n\t<meta name=\"twitter:data2\" content=\"2 minuti\" \/>","yoast_head_json":{"title":"Caterina Balivo, un ospite di 'Detto Fatto' non la riconosce: 'Tu chi sei? Io volevo andare da Gerry Scotti!' - Gossip.it | News sul Gossip e VIP","description":"Caterina Balivo \u00e8 stata suo malgrado protagonista di un \"tragicomico\" siparietto durante \"Detto Fatto\", il contenitore pomeridiano che presenta su Raidue:","robots":{"index":"index","follow":"follow","max-snippet":"max-snippet:-1","max-image-preview":"max-image-preview:large","max-video-preview":"max-video-preview:-1"},"canonical":"https:\/\/www.gossip.it\/news\/caterina-balivo-detto-fatto-gerry-scotti\/","og_locale":"it_IT","og_type":"article","og_title":"Caterina Balivo, un ospite di 'Detto Fatto' non la riconosce: 'Tu chi sei? Io volevo andare da Gerry Scotti!' - Gossip.it | News sul Gossip e VIP","og_description":"Caterina Balivo \u00e8 stata suo malgrado protagonista di un \"tragicomico\" siparietto durante \"Detto Fatto\", il contenitore pomeridiano che presenta su Raidue:","og_url":"https:\/\/www.gossip.it\/news\/caterina-balivo-detto-fatto-gerry-scotti\/","og_site_name":"Gossip.it | News sul Gossip e VIP","article_publisher":"https:\/\/www.facebook.com\/GossipIT","article_published_time":"2016-10-13T22:00:00+00:00","og_image":[{"url":"http:\/\/files.gossip.it\/immagini_news\/2016\/10\/1476439375_balivo_3.jpg"}],"author":"La Redazione","twitter_card":"summary_large_image","twitter_image":"http:\/\/files.gossip.it\/immagini_news\/2016\/10\/1476439375_balivo_3.jpg","twitter_creator":"@gossinews_it","twitter_site":"@gossinews_it","twitter_misc":{"Scritto da":"Francesca Romana Domenici","Tempo di lettura stimato":"2 minuti"},"schema":{"@context":"https:\/\/schema.org","@graph":[{"@type":"Article","@id":"https:\/\/www.gossip.it\/news\/caterina-balivo-detto-fatto-gerry-scotti\/#article","isPartOf":{"@id":"https:\/\/www.gossip.it\/news\/caterina-balivo-detto-fatto-gerry-scotti\/"},"author":{"name":"La Redazione","@id":"https:\/\/www.gossip.it\/#\/schema\/person\/488896f75158bff1cc83c6c39d141110"},"headline":"Caterina Balivo, un ospite di 'Detto Fatto' non la riconosce: 'Tu chi sei? Io volevo andare da Gerry Scotti!'","datePublished":"2016-10-13T22:00:00+00:00","dateModified":"2016-10-13T22:00:00+00:00","mainEntityOfPage":{"@id":"https:\/\/www.gossip.it\/news\/caterina-balivo-detto-fatto-gerry-scotti\/"},"wordCount":371,"publisher":{"@id":"https:\/\/www.gossip.it\/#organization"},"image":{"@id":"https:\/\/www.gossip.it\/news\/caterina-balivo-detto-fatto-gerry-scotti\/#primaryimage"},"thumbnailUrl":"http:\/\/files.gossip.it\/immagini_news\/2016\/10\/1476439375_balivo_3.jpg","keywords":["caduta libera","canale 5","conduttrice","detto fatto","gaffe","gerry scotti","mediaset","ospite","raidue","tv"],"articleSection":["News"],"inLanguage":"it-IT"},{"@type":"WebPage","@id":"https:\/\/www.gossip.it\/news\/caterina-balivo-detto-fatto-gerry-scotti\/","url":"https:\/\/www.gossip.it\/news\/caterina-balivo-detto-fatto-gerry-scotti\/","name":"Caterina Balivo, un ospite di 'Detto Fatto' non la riconosce: 'Tu chi sei? Io volevo andare da Gerry Scotti!' - Gossip.it | News sul Gossip e VIP","isPartOf":{"@id":"https:\/\/www.gossip.it\/#website"},"primaryImageOfPage":{"@id":"https:\/\/www.gossip.it\/news\/caterina-balivo-detto-fatto-gerry-scotti\/#primaryimage"},"image":{"@id":"https:\/\/www.gossip.it\/news\/caterina-balivo-detto-fatto-gerry-scotti\/#primaryimage"},"thumbnailUrl":"http:\/\/files.gossip.it\/immagini_news\/2016\/10\/1476439375_balivo_3.jpg","datePublished":"2016-10-13T22:00:00+00:00","dateModified":"2016-10-13T22:00:00+00:00","description":"Caterina Balivo \u00e8 stata suo malgrado protagonista di un \"tragicomico\" siparietto durante \"Detto Fatto\", il contenitore pomeridiano che presenta su Raidue:","breadcrumb":{"@id":"https:\/\/www.gossip.it\/news\/caterina-balivo-detto-fatto-gerry-scotti\/#breadcrumb"},"inLanguage":"it-IT","potentialAction":[{"@type":"ReadAction","target":["https:\/\/www.gossip.it\/news\/caterina-balivo-detto-fatto-gerry-scotti\/"]}]},{"@type":"ImageObject","inLanguage":"it-IT","@id":"https:\/\/www.gossip.it\/news\/caterina-balivo-detto-fatto-gerry-scotti\/#primaryimage","url":"http:\/\/files.gossip.it\/immagini_news\/2016\/10\/1476439375_balivo_3.jpg","contentUrl":"http:\/\/files.gossip.it\/immagini_news\/2016\/10\/1476439375_balivo_3.jpg"},{"@type":"BreadcrumbList","@id":"https:\/\/www.gossip.it\/news\/caterina-balivo-detto-fatto-gerry-scotti\/#breadcrumb","itemListElement":[{"@type":"ListItem","position":1,"name":"Home","item":"https:\/\/www.gossip.it\/"},{"@type":"ListItem","position":2,"name":"Caterina Balivo, un ospite di 'Detto Fatto' non la riconosce: 'Tu chi sei? Io volevo andare da Gerry Scotti!'"}]},{"@type":"WebSite","@id":"https:\/\/www.gossip.it\/#website","url":"https:\/\/www.gossip.it\/","name":"Gossip and VIP News","description":"Quotidiano di cronaca rosa, costume e societ\u00e0","publisher":{"@id":"https:\/\/www.gossip.it\/#organization"},"alternateName":"Gossip and VIP News","potentialAction":[{"@type":"SearchAction","target":{"@type":"EntryPoint","urlTemplate":"https:\/\/www.gossip.it\/?s={search_term_string}"},"query-input":{"@type":"PropertyValueSpecification","valueRequired":true,"valueName":"search_term_string"}}],"inLanguage":"it-IT"},{"@type":"Organization","@id":"https:\/\/www.gossip.it\/#organization","name":"Gossip and VIP News","alternateName":"Gossip News","url":"https:\/\/www.gossip.it\/","logo":{"@type":"ImageObject","inLanguage":"it-IT","@id":"https:\/\/www.gossip.it\/#\/schema\/logo\/image\/","url":"https:\/\/www.gossip.it\/wp-content\/uploads\/2022\/04\/cropped-corna-alta-tiny.png","contentUrl":"https:\/\/www.gossip.it\/wp-content\/uploads\/2022\/04\/cropped-corna-alta-tiny.png","width":512,"height":512,"caption":"Gossip and VIP News"},"image":{"@id":"https:\/\/www.gossip.it\/#\/schema\/logo\/image\/"},"sameAs":["https:\/\/www.facebook.com\/GossipIT","https:\/\/x.com\/gossinews_it","https:\/\/instagram.com\/gossip_it"]},{"@type":"Person","@id":"https:\/\/www.gossip.it\/#\/schema\/person\/488896f75158bff1cc83c6c39d141110","name":"La Redazione","image":{"@type":"ImageObject","inLanguage":"it-IT","@id":"https:\/\/www.gossip.it\/#\/schema\/person\/image\/","url":"https:\/\/secure.gravatar.com\/avatar\/5a5f5c6fa3e6700e4249abdad0263a1e94e927d9e0499b1cb09c1cd29c044d80?s=96&d=mm&r=g","contentUrl":"https:\/\/secure.gravatar.com\/avatar\/5a5f5c6fa3e6700e4249abdad0263a1e94e927d9e0499b1cb09c1cd29c044d80?s=96&d=mm&r=g","caption":"La Redazione"},"sameAs":["https:\/\/www.gossip.it"]}]}},"amp_enabled":true,"_links":{"self":[{"href":"https:\/\/www.gossip.it\/api\/wp\/v2\/posts\/56391","targetHints":{"allow":["GET"]}}],"collection":[{"href":"https:\/\/www.gossip.it\/api\/wp\/v2\/posts"}],"about":[{"href":"https:\/\/www.gossip.it\/api\/wp\/v2\/types\/post"}],"author":[{"embeddable":true,"href":"https:\/\/www.gossip.it\/api\/wp\/v2\/users\/1"}],"replies":[{"embeddable":true,"href":"https:\/\/www.gossip.it\/api\/wp\/v2\/comments?post=56391"}],"version-history":[{"count":0,"href":"https:\/\/www.gossip.it\/api\/wp\/v2\/posts\/56391\/revisions"}],"wp:featuredmedia":[{"embeddable":true,"href":"https:\/\/www.gossip.it\/api\/wp\/v2\/media\/112437"}],"wp:attachment":[{"href":"https:\/\/www.gossip.it\/api\/wp\/v2\/media?parent=56391"}],"wp:term":[{"taxonomy":"category","embeddable":true,"href":"https:\/\/www.gossip.it\/api\/wp\/v2\/categories?post=56391"},{"taxonomy":"post_tag","embeddable":true,"href":"https:\/\/www.gossip.it\/api\/wp\/v2\/tags?post=56391"},{"taxonomy":"vip","embeddable":true,"href":"https:\/\/www.gossip.it\/api\/wp\/v2\/vip?post=56391"}],"curies":[{"name":"wp","href":"https:\/\/api.w.org\/{rel}","templated":true}]}}