{"id":56435,"date":"2016-10-20T00:00:00","date_gmt":"2016-10-19T22:00:00","guid":{"rendered":"https:\/\/www.gossip.it\/senza-categoria\/andrea-iannone-belen-bella-persona\/"},"modified":"2016-10-20T00:00:00","modified_gmt":"2016-10-19T22:00:00","slug":"andrea-iannone-belen-bella-persona","status":"publish","type":"post","link":"https:\/\/www.gossip.it\/news\/andrea-iannone-belen-bella-persona\/","title":{"rendered":"Andrea Iannone: 'Belen \u00e8 una bella persona'. Con lei fa sul serio"},"content":{"rendered":"<p><a href=\"\/vip\/andrea-iannone\/\">Andrea Iannone<\/a> su <em>Sportweek<\/em>, che gli dedica la cover, racconta tutto si s\u00e9, spiega ai curiosi soprattutto come ha conosciuto <a href=\"\/vip\/belen\/\">Belen<\/a>, <em>\"una <strong>bella persona<\/strong>\"<\/em>, parole sue.<br \/><em>\"Una sera qualche mese fa stavo uscendo dalla palestra, mi ha chiamato un amico dicendomi: \u201cSono in questo ristorante,\u00a0vieni a fare un salto qui, non ci vediamo da tanto\u201d. Ho risposto che sarei passato ma tornando subito a casa, per guardarmi un film in pace. Sono arrivato ed era a cena con <strong>Belen<\/strong>, il fratello di lei e alcune amiche. L\u2019ho conosciuta l\u00ec\"<\/em>, spiega il pilota 27enne della Ducati.<\/p>\n<figure class=\"caption\"><img decoding=\"async\" alt=\"\" width=\"640\" height=\"817\" src=\"http:\/\/files.gossip.it\/immagini_news\/2016\/10\/1476953923_iannone_1.jpg\" \/><figcaption>Andrea Iannone, 27 anni, a Sportweek racconta come ha conosciuto Belen Rodriguez<\/figcaption><\/figure>\n<p>Si sono incontrati il 14 aprile scorso e stanno insieme da qualche mese. <strong>Andrea Iannone<\/strong> e <a href=\"\/vip\/belen-rodriguez\/\">Belen Rodriguez<\/a> fanno sul serio. L'argentina lo ha stupito, \u00e8 una <strong>bella persona<\/strong>, non ha dubbi nel sottolinearlo.\u00a0<br \/><em>\"Qualche giorno dopo ho incontrato di nuovo Jeremias<\/em> (il fratello della <a href=\"\/vip\/showgirl\/\">showgirl<\/a> ndr) <em>ed \u00e8 nato un bel rapporto: \u00e8 un ragazzo vero e buono. Ogni tanto ci si vedeva per un\u00a0aperitivo e capitava ci fosse anche <strong>Belen<\/strong><\/em> - continua <strong>Andrea Iannone<\/strong> - <em>una cosa nata cos\u00ec, se dovessi spiegare come non lo so. Io uscivo da un legame molto lungo, finito nel gennaio scorso. Fino ai 19 anni potevo fidanzarmi e non\u00a0l\u2019ho mai voluto fare, non so perch\u00e9. Oggi penso di aver conosciuto una <strong>bella persona<\/strong> che, al contrario di ci\u00f2 che crede la gente, \u00e8 piena di valori e soprattutto di una semplicit\u00e0 imbarazzante, incredibile\"<\/em>.<\/p>\n<figure class=\"caption\"><img decoding=\"async\" alt=\"\" width=\"640\" height=\"802\" src=\"http:\/\/files.gossip.it\/immagini_news\/2016\/10\/1476953960_belen_2.jpg\" \/><figcaption>E' fidanzato con la showgirl 32enne da qualche mese<\/figcaption><\/figure>\n<p><strong>Belen<\/strong> lo ha conquistato completamente, con la 32enne <strong>Andrea Iannone<\/strong> vuole un futuro: <em>\"In lei rivedo molto di me anche a livello caratteriale. In questo momento \u00e8 una storia molto bella. Credo di essermi divertito tanto, ma tanto in passato: mi sono tolto tutte le soddisfazioni \u201cpeggiori\u201d che mi giravano per la testa. Perch\u00e9 se le vivi te le togli dalla mente, se le reprimi ti ritrovi a 50 anni a fare le cazzate che dovevi fare a 15 o 20. Io sono arrivato a 27 e sotto quest\u2019aspetto posso garantire che non temo nessuno, ma veramente... E sento la necessit\u00e0, nata negli ultimi due o tre anni, di condividere tutto con la mia donna. Sono proiettato verso qualcosa che abbia un senso: il tempo per le cose senza senso per me \u00e8 finito\"<\/em>.<\/p>\n<figure class=\"caption\"><img decoding=\"async\" alt=\"\" width=\"640\" height=\"797\" src=\"http:\/\/files.gossip.it\/immagini_news\/2016\/10\/1476953993_belen_iannone_3.jpg\" \/><figcaption>I due recentemente hanno trascorso un romantico weekend in montagna<\/figcaption><\/figure>\n<p>Andrea \u00e8 molto sicuro di s\u00e9. Viene da una famiglia benestante in cui il lavoro ha regalato stabilit\u00e0. <em>\"Sono uno che ha fatto tantissime cazzate. Ma anche uno che in quinta elementare, appena usciva da scuola al pomeriggio, correva in garage a montare e smontare la minimoto, lavando tutti i pezzi con la benzina. A 10 anni, per dire della passione che avevo. E' stato un periodo molto bello. Non sono mai stato\u00a0bocciato per\u00f2 studiare non mi piaceva. Mi sono diplomato perito meccanico in una superiore privata a Pescara frequentata dai calciatori... Ma quando i miei genitori andavano a parlare con i professori mi dispiaceva un po\u2019\"<\/em>, ammette. E aggiunge: <em>\"Da bambino per me esistevano solo le moto: ero un invasato, era la mia priorit\u00e0 di vita. Anche se la scoperta\u00a0delle donne \u00e8 arrivata presto: all\u2019autoerotismo molto precoce mi ha spinto in colonia un tale Luca, di un paesino vicino a Vasto, e poi ho perso la verginit\u00e0 a 12 anni. Da piccolo l\u2019eroe era <\/em><a href=\"\/vip\/valentino-rossi\/\">Valentino Rossi<\/a><em> che iniziava a vincere in 125, per come correva e per le sue gag dopo l\u2019arrivo. Era vicino\u00a0a noi, gente come Doohan la vedevo adulta e lontana. E in\u00a0un\u2019altra vita vorrei essere Steve McQueen. Ma faccio ancora in tempo: un giorno posso diventare attore, ho molti amici nel cinema, non si sa mai\"<\/em>.\u00a0<br \/>Non crede di essere arrivato, Iannone vuole sempre di pi\u00f9: <em>\"Non ho mai pensato che sarei arrivato in alto. Non l\u2019ho capito\u00a0ancora adesso. L\u2019amore e la vittoria se le cerchi non arrivano, succede quando meno te l\u2019aspetti. Se vuoi trovare per forza la donna della tua vita non accadr\u00e0 mai. Se corri con l\u2019ossessione di arrivar primo non ci riesci: l\u2019ansia ti consuma, ti tortura, ti fa stare male\"<\/em>. Ma con la forza e la caparbiet\u00e0 di un centauro ha trovato l'amore di <strong>Belen<\/strong>.<\/p>\n<p>\u00a0<\/p>\n<p>\u00a0<\/p>\n","protected":false},"excerpt":{"rendered":"<p>Andrea Iannone su Sportweek, che gli dedica la cover, racconta tutto si s\u00e9, spiega ai curiosi soprattutto come ha conosciuto Belen, \"una bella persona\", parole sue.\"Una sera qualche mese fa stavo uscendo dalla palestra, mi ha chiamato un amico dicendomi: \u201cSono in questo ristorante,\u00a0vieni a fare un salto qui, non ci vediamo da tanto\u201d. Ho [&hellip;]<\/p>\n","protected":false},"author":1,"featured_media":112481,"comment_status":"closed","ping_status":"closed","sticky":false,"template":"","format":"standard","meta":{"footnotes":""},"categories":[54],"tags":[10372,2299,55364,2102,2121,2103,2282,1916,1967,1923,10482],"vip":[396],"class_list":["post-56435","post","type-post","status-publish","format-standard","has-post-thumbnail","hentry","category-news","tag-andrea-iannone","tag-belen","tag-bella-persona","tag-dichiarazioni","tag-instagram","tag-intervista","tag-motogp","tag-pilota","tag-showgirl","tag-social","tag-sportweek","vip-belen_rodriguez"],"yoast_head":"<title>Andrea Iannone: &#039;Belen \u00e8 una bella persona&#039;. Con lei fa sul serio - Gossip.it | News sul Gossip e VIP<\/title>\n<meta name=\"description\" content=\"Andrea Iannone su Sportweek, che gli dedica la cover, racconta tutto si s\u00e9, spiega ai curiosi soprattutto come ha conosciuto Belen, &quot;una bella persona&quot;,\" \/>\n<meta name=\"robots\" content=\"index, follow, max-snippet:-1, max-image-preview:large, max-video-preview:-1\" \/>\n<link rel=\"canonical\" href=\"https:\/\/www.gossip.it\/news\/andrea-iannone-belen-bella-persona\/\" \/>\n<meta property=\"og:locale\" content=\"it_IT\" \/>\n<meta property=\"og:type\" content=\"article\" \/>\n<meta property=\"og:title\" content=\"Andrea Iannone: &#039;Belen \u00e8 una bella persona&#039;. Con lei fa sul serio - Gossip.it | News sul Gossip e VIP\" \/>\n<meta property=\"og:description\" content=\"Andrea Iannone su Sportweek, che gli dedica la cover, racconta tutto si s\u00e9, spiega ai curiosi soprattutto come ha conosciuto Belen, &quot;una bella persona&quot;,\" \/>\n<meta property=\"og:url\" content=\"https:\/\/www.gossip.it\/news\/andrea-iannone-belen-bella-persona\/\" \/>\n<meta property=\"og:site_name\" content=\"Gossip.it | News sul Gossip e VIP\" \/>\n<meta property=\"article:publisher\" content=\"https:\/\/www.facebook.com\/GossipIT\" \/>\n<meta property=\"article:published_time\" content=\"2016-10-19T22:00:00+00:00\" \/>\n<meta property=\"og:image\" content=\"http:\/\/files.gossip.it\/immagini_news\/2016\/10\/1476953923_iannone_1.jpg\" \/>\n<meta name=\"author\" content=\"La Redazione\" \/>\n<meta name=\"twitter:card\" content=\"summary_large_image\" \/>\n<meta name=\"twitter:image\" content=\"http:\/\/files.gossip.it\/immagini_news\/2016\/10\/1476953923_iannone_1.jpg\" \/>\n<meta name=\"twitter:creator\" content=\"@gossinews_it\" \/>\n<meta name=\"twitter:site\" content=\"@gossinews_it\" \/>\n<meta name=\"twitter:label1\" content=\"Scritto da\" \/>\n\t<meta name=\"twitter:data1\" content=\"Annamaria Capozzi\" \/>\n\t<meta name=\"twitter:label2\" content=\"Tempo di lettura stimato\" \/>\n\t<meta name=\"twitter:data2\" content=\"4 minuti\" \/>","yoast_head_json":{"title":"Andrea Iannone: 'Belen \u00e8 una bella persona'. Con lei fa sul serio - Gossip.it | News sul Gossip e VIP","description":"Andrea Iannone su Sportweek, che gli dedica la cover, racconta tutto si s\u00e9, spiega ai curiosi soprattutto come ha conosciuto Belen, \"una bella persona\",","robots":{"index":"index","follow":"follow","max-snippet":"max-snippet:-1","max-image-preview":"max-image-preview:large","max-video-preview":"max-video-preview:-1"},"canonical":"https:\/\/www.gossip.it\/news\/andrea-iannone-belen-bella-persona\/","og_locale":"it_IT","og_type":"article","og_title":"Andrea Iannone: 'Belen \u00e8 una bella persona'. Con lei fa sul serio - Gossip.it | News sul Gossip e VIP","og_description":"Andrea Iannone su Sportweek, che gli dedica la cover, racconta tutto si s\u00e9, spiega ai curiosi soprattutto come ha conosciuto Belen, \"una bella persona\",","og_url":"https:\/\/www.gossip.it\/news\/andrea-iannone-belen-bella-persona\/","og_site_name":"Gossip.it | News sul Gossip e VIP","article_publisher":"https:\/\/www.facebook.com\/GossipIT","article_published_time":"2016-10-19T22:00:00+00:00","og_image":[{"url":"http:\/\/files.gossip.it\/immagini_news\/2016\/10\/1476953923_iannone_1.jpg"}],"author":"La Redazione","twitter_card":"summary_large_image","twitter_image":"http:\/\/files.gossip.it\/immagini_news\/2016\/10\/1476953923_iannone_1.jpg","twitter_creator":"@gossinews_it","twitter_site":"@gossinews_it","twitter_misc":{"Scritto da":"Annamaria Capozzi","Tempo di lettura stimato":"4 minuti"},"schema":{"@context":"https:\/\/schema.org","@graph":[{"@type":"Article","@id":"https:\/\/www.gossip.it\/news\/andrea-iannone-belen-bella-persona\/#article","isPartOf":{"@id":"https:\/\/www.gossip.it\/news\/andrea-iannone-belen-bella-persona\/"},"author":{"name":"La Redazione","@id":"https:\/\/www.gossip.it\/#\/schema\/person\/488896f75158bff1cc83c6c39d141110"},"headline":"Andrea Iannone: 'Belen \u00e8 una bella persona'. Con lei fa sul serio","datePublished":"2016-10-19T22:00:00+00:00","dateModified":"2016-10-19T22:00:00+00:00","mainEntityOfPage":{"@id":"https:\/\/www.gossip.it\/news\/andrea-iannone-belen-bella-persona\/"},"wordCount":720,"publisher":{"@id":"https:\/\/www.gossip.it\/#organization"},"image":{"@id":"https:\/\/www.gossip.it\/news\/andrea-iannone-belen-bella-persona\/#primaryimage"},"thumbnailUrl":"http:\/\/files.gossip.it\/immagini_news\/2016\/10\/1476953923_iannone_1.jpg","keywords":["andrea iannone","belen","bella persona","dichiarazioni","instagram","intervista","motogp","pilota","showgirl","social","sportweek"],"articleSection":["News"],"inLanguage":"it-IT"},{"@type":"WebPage","@id":"https:\/\/www.gossip.it\/news\/andrea-iannone-belen-bella-persona\/","url":"https:\/\/www.gossip.it\/news\/andrea-iannone-belen-bella-persona\/","name":"Andrea Iannone: 'Belen \u00e8 una bella persona'. Con lei fa sul serio - Gossip.it | News sul Gossip e VIP","isPartOf":{"@id":"https:\/\/www.gossip.it\/#website"},"primaryImageOfPage":{"@id":"https:\/\/www.gossip.it\/news\/andrea-iannone-belen-bella-persona\/#primaryimage"},"image":{"@id":"https:\/\/www.gossip.it\/news\/andrea-iannone-belen-bella-persona\/#primaryimage"},"thumbnailUrl":"http:\/\/files.gossip.it\/immagini_news\/2016\/10\/1476953923_iannone_1.jpg","datePublished":"2016-10-19T22:00:00+00:00","dateModified":"2016-10-19T22:00:00+00:00","description":"Andrea Iannone su Sportweek, che gli dedica la cover, racconta tutto si s\u00e9, spiega ai curiosi soprattutto come ha conosciuto Belen, \"una bella persona\",","breadcrumb":{"@id":"https:\/\/www.gossip.it\/news\/andrea-iannone-belen-bella-persona\/#breadcrumb"},"inLanguage":"it-IT","potentialAction":[{"@type":"ReadAction","target":["https:\/\/www.gossip.it\/news\/andrea-iannone-belen-bella-persona\/"]}]},{"@type":"ImageObject","inLanguage":"it-IT","@id":"https:\/\/www.gossip.it\/news\/andrea-iannone-belen-bella-persona\/#primaryimage","url":"http:\/\/files.gossip.it\/immagini_news\/2016\/10\/1476953923_iannone_1.jpg","contentUrl":"http:\/\/files.gossip.it\/immagini_news\/2016\/10\/1476953923_iannone_1.jpg"},{"@type":"BreadcrumbList","@id":"https:\/\/www.gossip.it\/news\/andrea-iannone-belen-bella-persona\/#breadcrumb","itemListElement":[{"@type":"ListItem","position":1,"name":"Home","item":"https:\/\/www.gossip.it\/"},{"@type":"ListItem","position":2,"name":"Andrea Iannone: 'Belen \u00e8 una bella persona'. Con lei fa sul serio"}]},{"@type":"WebSite","@id":"https:\/\/www.gossip.it\/#website","url":"https:\/\/www.gossip.it\/","name":"Gossip and VIP News","description":"Quotidiano di cronaca rosa, costume e societ\u00e0","publisher":{"@id":"https:\/\/www.gossip.it\/#organization"},"alternateName":"Gossip and VIP News","potentialAction":[{"@type":"SearchAction","target":{"@type":"EntryPoint","urlTemplate":"https:\/\/www.gossip.it\/?s={search_term_string}"},"query-input":{"@type":"PropertyValueSpecification","valueRequired":true,"valueName":"search_term_string"}}],"inLanguage":"it-IT"},{"@type":"Organization","@id":"https:\/\/www.gossip.it\/#organization","name":"Gossip and VIP News","alternateName":"Gossip News","url":"https:\/\/www.gossip.it\/","logo":{"@type":"ImageObject","inLanguage":"it-IT","@id":"https:\/\/www.gossip.it\/#\/schema\/logo\/image\/","url":"https:\/\/www.gossip.it\/wp-content\/uploads\/2022\/04\/cropped-corna-alta-tiny.png","contentUrl":"https:\/\/www.gossip.it\/wp-content\/uploads\/2022\/04\/cropped-corna-alta-tiny.png","width":512,"height":512,"caption":"Gossip and VIP News"},"image":{"@id":"https:\/\/www.gossip.it\/#\/schema\/logo\/image\/"},"sameAs":["https:\/\/www.facebook.com\/GossipIT","https:\/\/x.com\/gossinews_it","https:\/\/instagram.com\/gossip_it"]},{"@type":"Person","@id":"https:\/\/www.gossip.it\/#\/schema\/person\/488896f75158bff1cc83c6c39d141110","name":"La Redazione","image":{"@type":"ImageObject","inLanguage":"it-IT","@id":"https:\/\/www.gossip.it\/#\/schema\/person\/image\/","url":"https:\/\/secure.gravatar.com\/avatar\/5a5f5c6fa3e6700e4249abdad0263a1e94e927d9e0499b1cb09c1cd29c044d80?s=96&d=mm&r=g","contentUrl":"https:\/\/secure.gravatar.com\/avatar\/5a5f5c6fa3e6700e4249abdad0263a1e94e927d9e0499b1cb09c1cd29c044d80?s=96&d=mm&r=g","caption":"La Redazione"},"sameAs":["https:\/\/www.gossip.it"]}]}},"amp_enabled":true,"_links":{"self":[{"href":"https:\/\/www.gossip.it\/api\/wp\/v2\/posts\/56435","targetHints":{"allow":["GET"]}}],"collection":[{"href":"https:\/\/www.gossip.it\/api\/wp\/v2\/posts"}],"about":[{"href":"https:\/\/www.gossip.it\/api\/wp\/v2\/types\/post"}],"author":[{"embeddable":true,"href":"https:\/\/www.gossip.it\/api\/wp\/v2\/users\/1"}],"replies":[{"embeddable":true,"href":"https:\/\/www.gossip.it\/api\/wp\/v2\/comments?post=56435"}],"version-history":[{"count":0,"href":"https:\/\/www.gossip.it\/api\/wp\/v2\/posts\/56435\/revisions"}],"wp:featuredmedia":[{"embeddable":true,"href":"https:\/\/www.gossip.it\/api\/wp\/v2\/media\/112481"}],"wp:attachment":[{"href":"https:\/\/www.gossip.it\/api\/wp\/v2\/media?parent=56435"}],"wp:term":[{"taxonomy":"category","embeddable":true,"href":"https:\/\/www.gossip.it\/api\/wp\/v2\/categories?post=56435"},{"taxonomy":"post_tag","embeddable":true,"href":"https:\/\/www.gossip.it\/api\/wp\/v2\/tags?post=56435"},{"taxonomy":"vip","embeddable":true,"href":"https:\/\/www.gossip.it\/api\/wp\/v2\/vip?post=56435"}],"curies":[{"name":"wp","href":"https:\/\/api.w.org\/{rel}","templated":true}]}}