{"id":56447,"date":"2016-10-21T00:00:00","date_gmt":"2016-10-20T22:00:00","guid":{"rendered":"https:\/\/www.gossip.it\/senza-categoria\/pancione-flora-canto\/"},"modified":"2016-10-21T00:00:00","modified_gmt":"2016-10-20T22:00:00","slug":"pancione-flora-canto","status":"publish","type":"post","link":"https:\/\/www.gossip.it\/news\/pancione-flora-canto\/","title":{"rendered":"Flora Canto, bellissima in rosso con il pancione"},"content":{"rendered":"<p><a href=\"\/vip\/flora-canto\/\">Flora Canto<\/a> ha scelto un vestito rosso fuoco per accompagnare <a href=\"\/vip\/enrico-brignano\/\">Enrico Brignano<\/a> al Gala dinner Telethon, organizzato durante la <a href=\"\/vip\/festa-del cinema di roma\/\">Festa del Cinema di Roma<\/a>. La futura mammina, 33 anni, ha sfoggiato le forme premaman. Il <strong>pancione<\/strong> cresce ma lei \u00e8 sempre in forma smagliante.<\/p>\n<figure class=\"caption\"><img decoding=\"async\" alt=\"\" width=\"640\" height=\"632\" src=\"http:\/\/files.gossip.it\/immagini_news\/2016\/10\/1477049591_flora_canto_pancione.jpg\" \/><figcaption>Flora Canto, bellissima in rosso con il pancione<\/figcaption><\/figure>\n<p><strong>Flora<\/strong> ha pubblicato un <a href=\"\/vip\/selfie\/\">selfie<\/a> sul suo profilo <a href=\"\/vip\/social\/\">social<\/a> per mostrare la mise. In red la bella mora sta davvero bene. Il rosso le dona come anche il <strong>pancione<\/strong>.<br \/>La <strong>Canto<\/strong> dar\u00e0 presto una figlia a Brignano che diventer\u00e0 per la prima volta padre a 50 anni. La bimba si chiamer\u00e0 Martina e il parto \u00e8 previsto per l'inizio del 2017:<em> \"Un figlio pu\u00f2 allungarti la vita\"<\/em>, ha dichiarato non molto tempo fa a<em> Vanity Fair<\/em> Enrico: <em>\"Fare figli oggi, in Italia, \u00e8 coraggioso <\/em>- ha detto invece al settimanale <em>Chi <\/em>- <em>Se penso al futuro, tremo. Ma se penso che tra pochi mesi stringer\u00f2 la mia creatura tra le braccia, il mio cuore esplode di gioia\"<\/em>.<br \/>In attesa di Martina, il nome lo ha scelto il futuro pap\u00e0, <strong>Flora Canto <\/strong>si gode questo momento speciale accanto al famoso compagno. Raggiante, la dolce attesa, se possibile, la rende ancora pi\u00f9 bella. E nonostante il<strong> pancione<\/strong>, non rinucia alle uscite mondane.<br \/>La conduttrice, ex tronista di \"<a href=\"\/vip\/uomini-e donne\/\">Uomini e Donne<\/a>\", ora \u00e8 focalizzata sulla gravidanza e non pensa alle nozze con il comico romano. I fiori d'arancio possono aspettare. L'attenzione \u00e8 tutta sulla figlia in arrivo, una bimba voluta e che i due futuri genitori non vedono l'ora di tenere fra le braccia, per riempirla di coccole e tanto amore.<\/p>\n<p>\u00a0<\/p>\n","protected":false},"excerpt":{"rendered":"<p>Flora Canto ha scelto un vestito rosso fuoco per accompagnare Enrico Brignano al Gala dinner Telethon, organizzato durante la Festa del Cinema di Roma. La futura mammina, 33 anni, ha sfoggiato le forme premaman. Il pancione cresce ma lei \u00e8 sempre in forma smagliante. Flora Canto, bellissima in rosso con il pancione Flora ha pubblicato [&hellip;]<\/p>\n","protected":false},"author":1,"featured_media":112493,"comment_status":"closed","ping_status":"closed","sticky":false,"template":"","format":"standard","meta":{"footnotes":""},"categories":[54],"tags":[2137,2956,1992,25564,1905,10723,2181,1970,3705,4812,8226],"vip":[675],"class_list":["post-56447","post","type-post","status-publish","format-standard","has-post-thumbnail","hentry","category-news","tag-attore","tag-comico","tag-conduttrice","tag-festa-del-cinema-di-roma","tag-figlia","tag-flora-canto","tag-gravidanza","tag-look","tag-martina","tag-pancione","tag-telethon","vip-enrico_brignano"],"yoast_head":"<title>Flora Canto, bellissima in rosso con il pancione - Gossip.it | News sul Gossip e VIP<\/title>\n<meta name=\"description\" content=\"Flora Canto ha scelto un vestito rosso fuoco per accompagnare Enrico Brignano al Gala dinner Telethon, organizzato durante la Festa del Cinema di Roma. La\" \/>\n<meta name=\"robots\" content=\"index, follow, max-snippet:-1, max-image-preview:large, max-video-preview:-1\" \/>\n<link rel=\"canonical\" href=\"https:\/\/www.gossip.it\/news\/pancione-flora-canto\/\" \/>\n<meta property=\"og:locale\" content=\"it_IT\" \/>\n<meta property=\"og:type\" content=\"article\" \/>\n<meta property=\"og:title\" content=\"Flora Canto, bellissima in rosso con il pancione - Gossip.it | News sul Gossip e VIP\" \/>\n<meta property=\"og:description\" content=\"Flora Canto ha scelto un vestito rosso fuoco per accompagnare Enrico Brignano al Gala dinner Telethon, organizzato durante la Festa del Cinema di Roma. La\" \/>\n<meta property=\"og:url\" content=\"https:\/\/www.gossip.it\/news\/pancione-flora-canto\/\" \/>\n<meta property=\"og:site_name\" content=\"Gossip.it | News sul Gossip e VIP\" \/>\n<meta property=\"article:publisher\" content=\"https:\/\/www.facebook.com\/GossipIT\" \/>\n<meta property=\"article:published_time\" content=\"2016-10-20T22:00:00+00:00\" \/>\n<meta property=\"og:image\" content=\"http:\/\/files.gossip.it\/immagini_news\/2016\/10\/1477049591_flora_canto_pancione.jpg\" \/>\n<meta name=\"author\" content=\"La Redazione\" \/>\n<meta name=\"twitter:card\" content=\"summary_large_image\" \/>\n<meta name=\"twitter:image\" content=\"http:\/\/files.gossip.it\/immagini_news\/2016\/10\/1477049591_flora_canto_pancione.jpg\" \/>\n<meta name=\"twitter:creator\" content=\"@gossinews_it\" \/>\n<meta name=\"twitter:site\" content=\"@gossinews_it\" \/>\n<meta name=\"twitter:label1\" content=\"Scritto da\" \/>\n\t<meta name=\"twitter:data1\" content=\"Francesca Romana Domenici\" \/>\n\t<meta name=\"twitter:label2\" content=\"Tempo di lettura stimato\" \/>\n\t<meta name=\"twitter:data2\" content=\"1 minuto\" \/>","yoast_head_json":{"title":"Flora Canto, bellissima in rosso con il pancione - Gossip.it | News sul Gossip e VIP","description":"Flora Canto ha scelto un vestito rosso fuoco per accompagnare Enrico Brignano al Gala dinner Telethon, organizzato durante la Festa del Cinema di Roma. La","robots":{"index":"index","follow":"follow","max-snippet":"max-snippet:-1","max-image-preview":"max-image-preview:large","max-video-preview":"max-video-preview:-1"},"canonical":"https:\/\/www.gossip.it\/news\/pancione-flora-canto\/","og_locale":"it_IT","og_type":"article","og_title":"Flora Canto, bellissima in rosso con il pancione - Gossip.it | News sul Gossip e VIP","og_description":"Flora Canto ha scelto un vestito rosso fuoco per accompagnare Enrico Brignano al Gala dinner Telethon, organizzato durante la Festa del Cinema di Roma. La","og_url":"https:\/\/www.gossip.it\/news\/pancione-flora-canto\/","og_site_name":"Gossip.it | News sul Gossip e VIP","article_publisher":"https:\/\/www.facebook.com\/GossipIT","article_published_time":"2016-10-20T22:00:00+00:00","og_image":[{"url":"http:\/\/files.gossip.it\/immagini_news\/2016\/10\/1477049591_flora_canto_pancione.jpg"}],"author":"La Redazione","twitter_card":"summary_large_image","twitter_image":"http:\/\/files.gossip.it\/immagini_news\/2016\/10\/1477049591_flora_canto_pancione.jpg","twitter_creator":"@gossinews_it","twitter_site":"@gossinews_it","twitter_misc":{"Scritto da":"Francesca Romana Domenici","Tempo di lettura stimato":"1 minuto"},"schema":{"@context":"https:\/\/schema.org","@graph":[{"@type":"Article","@id":"https:\/\/www.gossip.it\/news\/pancione-flora-canto\/#article","isPartOf":{"@id":"https:\/\/www.gossip.it\/news\/pancione-flora-canto\/"},"author":{"name":"La Redazione","@id":"https:\/\/www.gossip.it\/#\/schema\/person\/488896f75158bff1cc83c6c39d141110"},"headline":"Flora Canto, bellissima in rosso con il pancione","datePublished":"2016-10-20T22:00:00+00:00","dateModified":"2016-10-20T22:00:00+00:00","mainEntityOfPage":{"@id":"https:\/\/www.gossip.it\/news\/pancione-flora-canto\/"},"wordCount":274,"publisher":{"@id":"https:\/\/www.gossip.it\/#organization"},"image":{"@id":"https:\/\/www.gossip.it\/news\/pancione-flora-canto\/#primaryimage"},"thumbnailUrl":"http:\/\/files.gossip.it\/immagini_news\/2016\/10\/1477049591_flora_canto_pancione.jpg","keywords":["attore","comico","conduttrice","festa del cinema di roma","figlia","flora canto","gravidanza","look","martina","pancione","telethon"],"articleSection":["News"],"inLanguage":"it-IT"},{"@type":"WebPage","@id":"https:\/\/www.gossip.it\/news\/pancione-flora-canto\/","url":"https:\/\/www.gossip.it\/news\/pancione-flora-canto\/","name":"Flora Canto, bellissima in rosso con il pancione - Gossip.it | News sul Gossip e VIP","isPartOf":{"@id":"https:\/\/www.gossip.it\/#website"},"primaryImageOfPage":{"@id":"https:\/\/www.gossip.it\/news\/pancione-flora-canto\/#primaryimage"},"image":{"@id":"https:\/\/www.gossip.it\/news\/pancione-flora-canto\/#primaryimage"},"thumbnailUrl":"http:\/\/files.gossip.it\/immagini_news\/2016\/10\/1477049591_flora_canto_pancione.jpg","datePublished":"2016-10-20T22:00:00+00:00","dateModified":"2016-10-20T22:00:00+00:00","description":"Flora Canto ha scelto un vestito rosso fuoco per accompagnare Enrico Brignano al Gala dinner Telethon, organizzato durante la Festa del Cinema di Roma. La","breadcrumb":{"@id":"https:\/\/www.gossip.it\/news\/pancione-flora-canto\/#breadcrumb"},"inLanguage":"it-IT","potentialAction":[{"@type":"ReadAction","target":["https:\/\/www.gossip.it\/news\/pancione-flora-canto\/"]}]},{"@type":"ImageObject","inLanguage":"it-IT","@id":"https:\/\/www.gossip.it\/news\/pancione-flora-canto\/#primaryimage","url":"http:\/\/files.gossip.it\/immagini_news\/2016\/10\/1477049591_flora_canto_pancione.jpg","contentUrl":"http:\/\/files.gossip.it\/immagini_news\/2016\/10\/1477049591_flora_canto_pancione.jpg"},{"@type":"BreadcrumbList","@id":"https:\/\/www.gossip.it\/news\/pancione-flora-canto\/#breadcrumb","itemListElement":[{"@type":"ListItem","position":1,"name":"Home","item":"https:\/\/www.gossip.it\/"},{"@type":"ListItem","position":2,"name":"Flora Canto, bellissima in rosso con il pancione"}]},{"@type":"WebSite","@id":"https:\/\/www.gossip.it\/#website","url":"https:\/\/www.gossip.it\/","name":"Gossip and VIP News","description":"Quotidiano di cronaca rosa, costume e societ\u00e0","publisher":{"@id":"https:\/\/www.gossip.it\/#organization"},"alternateName":"Gossip and VIP News","potentialAction":[{"@type":"SearchAction","target":{"@type":"EntryPoint","urlTemplate":"https:\/\/www.gossip.it\/?s={search_term_string}"},"query-input":{"@type":"PropertyValueSpecification","valueRequired":true,"valueName":"search_term_string"}}],"inLanguage":"it-IT"},{"@type":"Organization","@id":"https:\/\/www.gossip.it\/#organization","name":"Gossip and VIP News","alternateName":"Gossip News","url":"https:\/\/www.gossip.it\/","logo":{"@type":"ImageObject","inLanguage":"it-IT","@id":"https:\/\/www.gossip.it\/#\/schema\/logo\/image\/","url":"https:\/\/www.gossip.it\/wp-content\/uploads\/2022\/04\/cropped-corna-alta-tiny.png","contentUrl":"https:\/\/www.gossip.it\/wp-content\/uploads\/2022\/04\/cropped-corna-alta-tiny.png","width":512,"height":512,"caption":"Gossip and VIP News"},"image":{"@id":"https:\/\/www.gossip.it\/#\/schema\/logo\/image\/"},"sameAs":["https:\/\/www.facebook.com\/GossipIT","https:\/\/x.com\/gossinews_it","https:\/\/instagram.com\/gossip_it"]},{"@type":"Person","@id":"https:\/\/www.gossip.it\/#\/schema\/person\/488896f75158bff1cc83c6c39d141110","name":"La Redazione","image":{"@type":"ImageObject","inLanguage":"it-IT","@id":"https:\/\/www.gossip.it\/#\/schema\/person\/image\/","url":"https:\/\/secure.gravatar.com\/avatar\/5a5f5c6fa3e6700e4249abdad0263a1e94e927d9e0499b1cb09c1cd29c044d80?s=96&d=mm&r=g","contentUrl":"https:\/\/secure.gravatar.com\/avatar\/5a5f5c6fa3e6700e4249abdad0263a1e94e927d9e0499b1cb09c1cd29c044d80?s=96&d=mm&r=g","caption":"La Redazione"},"sameAs":["https:\/\/www.gossip.it"]}]}},"amp_enabled":true,"_links":{"self":[{"href":"https:\/\/www.gossip.it\/api\/wp\/v2\/posts\/56447","targetHints":{"allow":["GET"]}}],"collection":[{"href":"https:\/\/www.gossip.it\/api\/wp\/v2\/posts"}],"about":[{"href":"https:\/\/www.gossip.it\/api\/wp\/v2\/types\/post"}],"author":[{"embeddable":true,"href":"https:\/\/www.gossip.it\/api\/wp\/v2\/users\/1"}],"replies":[{"embeddable":true,"href":"https:\/\/www.gossip.it\/api\/wp\/v2\/comments?post=56447"}],"version-history":[{"count":0,"href":"https:\/\/www.gossip.it\/api\/wp\/v2\/posts\/56447\/revisions"}],"wp:featuredmedia":[{"embeddable":true,"href":"https:\/\/www.gossip.it\/api\/wp\/v2\/media\/112493"}],"wp:attachment":[{"href":"https:\/\/www.gossip.it\/api\/wp\/v2\/media?parent=56447"}],"wp:term":[{"taxonomy":"category","embeddable":true,"href":"https:\/\/www.gossip.it\/api\/wp\/v2\/categories?post=56447"},{"taxonomy":"post_tag","embeddable":true,"href":"https:\/\/www.gossip.it\/api\/wp\/v2\/tags?post=56447"},{"taxonomy":"vip","embeddable":true,"href":"https:\/\/www.gossip.it\/api\/wp\/v2\/vip?post=56447"}],"curies":[{"name":"wp","href":"https:\/\/api.w.org\/{rel}","templated":true}]}}