{"id":56545,"date":"2016-11-04T00:00:00","date_gmt":"2016-11-03T23:00:00","guid":{"rendered":"https:\/\/www.gossip.it\/senza-categoria\/uma-thurman-natale-parigi\/"},"modified":"2016-11-04T00:00:00","modified_gmt":"2016-11-03T23:00:00","slug":"uma-thurman-natale-parigi","status":"publish","type":"post","link":"https:\/\/www.gossip.it\/news\/uma-thurman-natale-parigi\/","title":{"rendered":"Uma Thurman, a Parigi \u00e8 gi\u00e0 Natale"},"content":{"rendered":"<p>E' gi\u00e0 <strong>Natale<\/strong> per <a href=\"\/vip\/uma-thurman\/\">Uma Thurman<\/a> che \u00e8 stata scelta come madrina d'eccezione per l'inaugurazione della vetrina natalizia del grande magazzino Printemps di <strong>Parigi<\/strong>.\u00a0<\/p>\n<figure class=\"caption\"><img decoding=\"async\" alt=\"\" src=\"http:\/\/files.gossip.it\/immagini_news\/2016\/11\/1478264914_uma_thurman.jpg\" \/><figcaption>Uma Thurman a Parigi per presentare le decorazioni natalizie dei grandi magazzini Printemps<\/figcaption><\/figure>\n<p><strong>Uma Thurman<\/strong> ha posato davanti alle decorazioni di<strong> Natale<\/strong> cinta da un elegante outfit nero con giacchina a doppio petto senza maniche, gonna lunga e scarpe con il tacco.<br \/>L'attrice 46enne \u00e8 apparsa in forma di fronte ai flash dei fotografi accorsi per immortalare l'evento.<br \/><strong>Uma<\/strong> \u00e8 arrivata a <strong>Parigi<\/strong> dopo poche settimane dalla notizia sulla battaglia legale con\u00a0<a href=\"\/vip\/arpaud-busson\/\">Arpaud Busson<\/a>. Per lei l'ex fidanzato \u00e8 un padre assente mentre il finanziere\u00a0vorrebbe impedirle di vedere la figlia Luna. Il ricco uomo d'affari francese avrebbe presentato i documenti in tribunale per chiedere al giudice di proibire alla star hollywoodiana di portare la bimba di quattro anni in Europa durante le riprese del suo prossimo film.<br \/>Secondo<em>TMZ<\/em>, Arpaud ha richiesto che la figlia rimanga a New York. L'attrice ha altri due eredi dall'ex marito\u00a0<a href=\"\/vip\/ethan-hawke\/\">Ethan Hawke<\/a>.<\/p>\n<p><strong>Uma<\/strong> e Arpad nei prossimi mesi si dovranno presentare in tribunale per l'udienza sull'affidamento di Luna. Il mese scorso \u00e8 stata riportata la notizia secondo cui la <strong>Thurman<\/strong> avrebbe chiesto di annullare l'accordo sui giorni di visita dell'ex fidanzato alla figlia. L'attrice vorrebbe crescere la bimba insieme a Busson ma pare sia diventato piuttosto estenuante per lei organizzare viaggi con tata al seguito tra Londra e le Bahamas dove vive il finanziere.<br \/>A casa della star di \"Kill Bill\" il clima, a quanto pare, non \u00e8 dei pi\u00f9 sereni ma lei a <strong>Parigi<\/strong> \u00e8 apparsa sorridente e felice di dare il via al periodo di <strong>Natale<\/strong> nella citt\u00e0 pi\u00f9 bella del mondo.<\/p>\n","protected":false},"excerpt":{"rendered":"<p>E' gi\u00e0 Natale per Uma Thurman che \u00e8 stata scelta come madrina d'eccezione per l'inaugurazione della vetrina natalizia del grande magazzino Printemps di Parigi.\u00a0 Uma Thurman a Parigi per presentare le decorazioni natalizie dei grandi magazzini Printemps Uma Thurman ha posato davanti alle decorazioni di Natale cinta da un elegante outfit nero con giacchina a [&hellip;]<\/p>\n","protected":false},"author":1,"featured_media":112591,"comment_status":"closed","ping_status":"closed","sticky":false,"template":"","format":"standard","meta":{"footnotes":""},"categories":[54],"tags":[23132,1983,48697,55410,2465,4694,8061],"vip":[],"class_list":["post-56545","post","type-post","status-publish","format-standard","has-post-thumbnail","hentry","category-news","tag-arpad-busson","tag-attrice","tag-battaglia-legale","tag-custodia-figlia","tag-natale","tag-parigi","tag-uma-thurman"],"yoast_head":"<title>Uma Thurman, a Parigi \u00e8 gi\u00e0 Natale - Gossip.it | News sul Gossip e VIP<\/title>\n<meta name=\"description\" content=\"E&#039; gi\u00e0 Natale per Uma Thurman che \u00e8 stata scelta come madrina d&#039;eccezione per l&#039;inaugurazione della vetrina natalizia del grande magazzino Printemps di\" \/>\n<meta name=\"robots\" content=\"index, follow, max-snippet:-1, max-image-preview:large, max-video-preview:-1\" \/>\n<link rel=\"canonical\" href=\"https:\/\/www.gossip.it\/news\/uma-thurman-natale-parigi\/\" \/>\n<meta property=\"og:locale\" content=\"it_IT\" \/>\n<meta property=\"og:type\" content=\"article\" \/>\n<meta property=\"og:title\" content=\"Uma Thurman, a Parigi \u00e8 gi\u00e0 Natale - Gossip.it | News sul Gossip e VIP\" \/>\n<meta property=\"og:description\" content=\"E&#039; gi\u00e0 Natale per Uma Thurman che \u00e8 stata scelta come madrina d&#039;eccezione per l&#039;inaugurazione della vetrina natalizia del grande magazzino Printemps di\" \/>\n<meta property=\"og:url\" content=\"https:\/\/www.gossip.it\/news\/uma-thurman-natale-parigi\/\" \/>\n<meta property=\"og:site_name\" content=\"Gossip.it | News sul Gossip e VIP\" \/>\n<meta property=\"article:publisher\" content=\"https:\/\/www.facebook.com\/GossipIT\" \/>\n<meta property=\"article:published_time\" content=\"2016-11-03T23:00:00+00:00\" \/>\n<meta property=\"og:image\" content=\"http:\/\/files.gossip.it\/immagini_news\/2016\/11\/1478264914_uma_thurman.jpg\" \/>\n<meta name=\"author\" content=\"La Redazione\" \/>\n<meta name=\"twitter:card\" content=\"summary_large_image\" \/>\n<meta name=\"twitter:image\" content=\"http:\/\/files.gossip.it\/immagini_news\/2016\/11\/1478264914_uma_thurman.jpg\" \/>\n<meta name=\"twitter:creator\" content=\"@gossinews_it\" \/>\n<meta name=\"twitter:site\" content=\"@gossinews_it\" \/>\n<meta name=\"twitter:label1\" content=\"Scritto da\" \/>\n\t<meta name=\"twitter:data1\" content=\"Francesca Romana Domenici\" \/>\n\t<meta name=\"twitter:label2\" content=\"Tempo di lettura stimato\" \/>\n\t<meta name=\"twitter:data2\" content=\"1 minuto\" \/>","yoast_head_json":{"title":"Uma Thurman, a Parigi \u00e8 gi\u00e0 Natale - Gossip.it | News sul Gossip e VIP","description":"E' gi\u00e0 Natale per Uma Thurman che \u00e8 stata scelta come madrina d'eccezione per l'inaugurazione della vetrina natalizia del grande magazzino Printemps di","robots":{"index":"index","follow":"follow","max-snippet":"max-snippet:-1","max-image-preview":"max-image-preview:large","max-video-preview":"max-video-preview:-1"},"canonical":"https:\/\/www.gossip.it\/news\/uma-thurman-natale-parigi\/","og_locale":"it_IT","og_type":"article","og_title":"Uma Thurman, a Parigi \u00e8 gi\u00e0 Natale - Gossip.it | News sul Gossip e VIP","og_description":"E' gi\u00e0 Natale per Uma Thurman che \u00e8 stata scelta come madrina d'eccezione per l'inaugurazione della vetrina natalizia del grande magazzino Printemps di","og_url":"https:\/\/www.gossip.it\/news\/uma-thurman-natale-parigi\/","og_site_name":"Gossip.it | News sul Gossip e VIP","article_publisher":"https:\/\/www.facebook.com\/GossipIT","article_published_time":"2016-11-03T23:00:00+00:00","og_image":[{"url":"http:\/\/files.gossip.it\/immagini_news\/2016\/11\/1478264914_uma_thurman.jpg"}],"author":"La Redazione","twitter_card":"summary_large_image","twitter_image":"http:\/\/files.gossip.it\/immagini_news\/2016\/11\/1478264914_uma_thurman.jpg","twitter_creator":"@gossinews_it","twitter_site":"@gossinews_it","twitter_misc":{"Scritto da":"Francesca Romana Domenici","Tempo di lettura stimato":"1 minuto"},"schema":{"@context":"https:\/\/schema.org","@graph":[{"@type":"Article","@id":"https:\/\/www.gossip.it\/news\/uma-thurman-natale-parigi\/#article","isPartOf":{"@id":"https:\/\/www.gossip.it\/news\/uma-thurman-natale-parigi\/"},"author":{"name":"La Redazione","@id":"https:\/\/www.gossip.it\/#\/schema\/person\/488896f75158bff1cc83c6c39d141110"},"headline":"Uma Thurman, a Parigi \u00e8 gi\u00e0 Natale","datePublished":"2016-11-03T23:00:00+00:00","dateModified":"2016-11-03T23:00:00+00:00","mainEntityOfPage":{"@id":"https:\/\/www.gossip.it\/news\/uma-thurman-natale-parigi\/"},"wordCount":296,"publisher":{"@id":"https:\/\/www.gossip.it\/#organization"},"image":{"@id":"https:\/\/www.gossip.it\/news\/uma-thurman-natale-parigi\/#primaryimage"},"thumbnailUrl":"http:\/\/files.gossip.it\/immagini_news\/2016\/11\/1478264914_uma_thurman.jpg","keywords":["arpad busson","attrice","battaglia legale","custodia figlia","natale","parigi","uma thurman"],"articleSection":["News"],"inLanguage":"it-IT"},{"@type":"WebPage","@id":"https:\/\/www.gossip.it\/news\/uma-thurman-natale-parigi\/","url":"https:\/\/www.gossip.it\/news\/uma-thurman-natale-parigi\/","name":"Uma Thurman, a Parigi \u00e8 gi\u00e0 Natale - Gossip.it | News sul Gossip e VIP","isPartOf":{"@id":"https:\/\/www.gossip.it\/#website"},"primaryImageOfPage":{"@id":"https:\/\/www.gossip.it\/news\/uma-thurman-natale-parigi\/#primaryimage"},"image":{"@id":"https:\/\/www.gossip.it\/news\/uma-thurman-natale-parigi\/#primaryimage"},"thumbnailUrl":"http:\/\/files.gossip.it\/immagini_news\/2016\/11\/1478264914_uma_thurman.jpg","datePublished":"2016-11-03T23:00:00+00:00","dateModified":"2016-11-03T23:00:00+00:00","description":"E' gi\u00e0 Natale per Uma Thurman che \u00e8 stata scelta come madrina d'eccezione per l'inaugurazione della vetrina natalizia del grande magazzino Printemps di","breadcrumb":{"@id":"https:\/\/www.gossip.it\/news\/uma-thurman-natale-parigi\/#breadcrumb"},"inLanguage":"it-IT","potentialAction":[{"@type":"ReadAction","target":["https:\/\/www.gossip.it\/news\/uma-thurman-natale-parigi\/"]}]},{"@type":"ImageObject","inLanguage":"it-IT","@id":"https:\/\/www.gossip.it\/news\/uma-thurman-natale-parigi\/#primaryimage","url":"http:\/\/files.gossip.it\/immagini_news\/2016\/11\/1478264914_uma_thurman.jpg","contentUrl":"http:\/\/files.gossip.it\/immagini_news\/2016\/11\/1478264914_uma_thurman.jpg"},{"@type":"BreadcrumbList","@id":"https:\/\/www.gossip.it\/news\/uma-thurman-natale-parigi\/#breadcrumb","itemListElement":[{"@type":"ListItem","position":1,"name":"Home","item":"https:\/\/www.gossip.it\/"},{"@type":"ListItem","position":2,"name":"Uma Thurman, a Parigi \u00e8 gi\u00e0 Natale"}]},{"@type":"WebSite","@id":"https:\/\/www.gossip.it\/#website","url":"https:\/\/www.gossip.it\/","name":"Gossip and VIP News","description":"Quotidiano di cronaca rosa, costume e societ\u00e0","publisher":{"@id":"https:\/\/www.gossip.it\/#organization"},"alternateName":"Gossip and VIP News","potentialAction":[{"@type":"SearchAction","target":{"@type":"EntryPoint","urlTemplate":"https:\/\/www.gossip.it\/?s={search_term_string}"},"query-input":{"@type":"PropertyValueSpecification","valueRequired":true,"valueName":"search_term_string"}}],"inLanguage":"it-IT"},{"@type":"Organization","@id":"https:\/\/www.gossip.it\/#organization","name":"Gossip and VIP News","alternateName":"Gossip News","url":"https:\/\/www.gossip.it\/","logo":{"@type":"ImageObject","inLanguage":"it-IT","@id":"https:\/\/www.gossip.it\/#\/schema\/logo\/image\/","url":"https:\/\/www.gossip.it\/wp-content\/uploads\/2022\/04\/cropped-corna-alta-tiny.png","contentUrl":"https:\/\/www.gossip.it\/wp-content\/uploads\/2022\/04\/cropped-corna-alta-tiny.png","width":512,"height":512,"caption":"Gossip and VIP News"},"image":{"@id":"https:\/\/www.gossip.it\/#\/schema\/logo\/image\/"},"sameAs":["https:\/\/www.facebook.com\/GossipIT","https:\/\/x.com\/gossinews_it","https:\/\/instagram.com\/gossip_it"]},{"@type":"Person","@id":"https:\/\/www.gossip.it\/#\/schema\/person\/488896f75158bff1cc83c6c39d141110","name":"La Redazione","image":{"@type":"ImageObject","inLanguage":"it-IT","@id":"https:\/\/www.gossip.it\/#\/schema\/person\/image\/","url":"https:\/\/secure.gravatar.com\/avatar\/5a5f5c6fa3e6700e4249abdad0263a1e94e927d9e0499b1cb09c1cd29c044d80?s=96&d=mm&r=g","contentUrl":"https:\/\/secure.gravatar.com\/avatar\/5a5f5c6fa3e6700e4249abdad0263a1e94e927d9e0499b1cb09c1cd29c044d80?s=96&d=mm&r=g","caption":"La Redazione"},"sameAs":["https:\/\/www.gossip.it"]}]}},"amp_enabled":true,"_links":{"self":[{"href":"https:\/\/www.gossip.it\/api\/wp\/v2\/posts\/56545","targetHints":{"allow":["GET"]}}],"collection":[{"href":"https:\/\/www.gossip.it\/api\/wp\/v2\/posts"}],"about":[{"href":"https:\/\/www.gossip.it\/api\/wp\/v2\/types\/post"}],"author":[{"embeddable":true,"href":"https:\/\/www.gossip.it\/api\/wp\/v2\/users\/1"}],"replies":[{"embeddable":true,"href":"https:\/\/www.gossip.it\/api\/wp\/v2\/comments?post=56545"}],"version-history":[{"count":0,"href":"https:\/\/www.gossip.it\/api\/wp\/v2\/posts\/56545\/revisions"}],"wp:featuredmedia":[{"embeddable":true,"href":"https:\/\/www.gossip.it\/api\/wp\/v2\/media\/112591"}],"wp:attachment":[{"href":"https:\/\/www.gossip.it\/api\/wp\/v2\/media?parent=56545"}],"wp:term":[{"taxonomy":"category","embeddable":true,"href":"https:\/\/www.gossip.it\/api\/wp\/v2\/categories?post=56545"},{"taxonomy":"post_tag","embeddable":true,"href":"https:\/\/www.gossip.it\/api\/wp\/v2\/tags?post=56545"},{"taxonomy":"vip","embeddable":true,"href":"https:\/\/www.gossip.it\/api\/wp\/v2\/vip?post=56545"}],"curies":[{"name":"wp","href":"https:\/\/api.w.org\/{rel}","templated":true}]}}