{"id":56589,"date":"2016-11-10T00:00:00","date_gmt":"2016-11-09T23:00:00","guid":{"rendered":"https:\/\/www.gossip.it\/senza-categoria\/victoria-beckham-oriente\/"},"modified":"2016-11-10T00:00:00","modified_gmt":"2016-11-09T23:00:00","slug":"victoria-beckham-oriente","status":"publish","type":"post","link":"https:\/\/www.gossip.it\/news\/victoria-beckham-oriente\/","title":{"rendered":"Victoria Beckham, regina di stile in Oriente"},"content":{"rendered":"<p><a href=\"\/vip\/victoria-beckham\/\">Victoria Beckham<\/a> ormai in Cina \u00e8 di casa. L'<strong>Oriente<\/strong> ama la sua moda e lei ama l'<strong>Oriente<\/strong>. L'ex <a href=\"\/vip\/spice\/\">Spice<\/a> ha cos\u00ec partecipato al Global Shopping Festival Gala a Shenzhen.<\/p>\n<figure class=\"caption\"><img decoding=\"async\" alt=\"\" src=\"http:\/\/files.gossip.it\/immagini_news\/2016\/11\/1478779083_beckham_1.jpg\" \/><figcaption>Victoria Beckham con Jack Ma al Global Shopping Festival Gala<\/figcaption><\/figure>\n<p>Per l'occasione <strong>Victoria<\/strong> ha scelto di indossare un completo a righe bianche e nere che le cadeva morbido sul corpo longilineo. I capelli raccolti lasciavano scoperto il viso perfettamente truccato. Come al solito la signora <strong>Beckham<\/strong> ha sfoggiato un look impeccabile e glamour.<br \/>In Cina la stilista si trova a suo agio, anzi \u00e8 proprio felice, visto quanto \u00e8 apprezzata come stilista. Ogni volta che arriva ad Hong Kong viene accolta da una folla di fan in festa.<\/p>\n<figure class=\"caption\"><img decoding=\"async\" alt=\"\" width=\"640\" height=\"792\" src=\"http:\/\/files.gossip.it\/immagini_news\/2016\/11\/1478779282_beckham_2.jpg\" \/><figcaption>La stilista con la cantante Coco Lee e la modella Patty Hou<\/figcaption><\/figure>\n<p>Al Global Shopping Festival Gala <strong>Victoria<\/strong> ha posato per una foto ricordo insieme all'imprenditore Jack Ma. In un altro scatto invece si trova in compagnia della cantante Coco Lee e della modella Patty Hou che indossano rigorosamente delle creazioni della sua ultima collezione.<\/p>\n<figure class=\"caption\"><img decoding=\"async\" alt=\"\" width=\"640\" height=\"771\" src=\"http:\/\/files.gossip.it\/immagini_news\/2016\/11\/1478779751_beckham_4.jpg\" \/><figcaption>Victoria e David ricevono un premio durante la serata<\/figcaption><\/figure>\n<p><strong>Victoria<\/strong> non \u00e8 volata da sola in <strong>Oriente<\/strong>, con lei anche il marito <a href=\"\/vip\/david-beckham\/\">David Beckham<\/a> che ha presenziato all'evento fashion insieme al campione dei Lakers Kobe Bryant.<br \/>Vic di recente ha annunciato il lancio di una linea di abbigliamento limited edition dedicata ai bambini. La collezione, ispirata dalla piccola <a href=\"\/vip\/harper-seven\/\">Harper Seven<\/a>, l'ultimagenita di 5 anni della stilista, arriver\u00e0 nei Target Store ad aprile 2017.<\/p>\n<figure class=\"caption\"><img decoding=\"async\" alt=\"\" width=\"640\" height=\"596\" src=\"http:\/\/files.gossip.it\/immagini_news\/2016\/11\/1478779362_beckham_3.jpg\" \/><figcaption>David Beckham all'evento con il campione di basket\u00a0Kobe Bryant<\/figcaption><\/figure>\n<p><em>\"La linea <strong>Victoria<\/strong>, <strong>Victoria Beckham<\/strong> \u00e8 nata quando ero incinta di Harper, nel 2011 e dal suo debutto si \u00e8 evoluta in una collezione lifestyle a tutti gli effetti, che affianca la main collection di pret \u00e0 porter <\/em>- ha spiegato in un comunicato stampa la stessa Victoria - <em>Ora che sia la collezione che mia figlia hanno compiuto 5 anni di vita, ho sentito che era il momento perfetto per dare una svolta al mio lavoro e creare capi dai prezzi pi\u00f9 accessibili, celebrando queste tappe importanti con la mia prima collezione childrenswear. Lavorare con Target \u00e8 stato entusiasmante: questa partnership ci permette di condividere l\u2019essenza di Victoria, Victoria Beckham con un numero di persone mai immaginato prima\"<\/em>.<\/p>\n<p>\u00a0<\/p>\n","protected":false},"excerpt":{"rendered":"<p>Victoria Beckham ormai in Cina \u00e8 di casa. L'Oriente ama la sua moda e lei ama l'Oriente. L'ex Spice ha cos\u00ec partecipato al Global Shopping Festival Gala a Shenzhen. Victoria Beckham con Jack Ma al Global Shopping Festival Gala Per l'occasione Victoria ha scelto di indossare un completo a righe bianche e nere che le [&hellip;]<\/p>\n","protected":false},"author":1,"featured_media":112635,"comment_status":"closed","ping_status":"closed","sticky":false,"template":"","format":"standard","meta":{"footnotes":""},"categories":[54],"tags":[6692,55433,4190,9947,55434],"vip":[573,1825],"class_list":["post-56589","post","type-post","status-publish","format-standard","has-post-thumbnail","hentry","category-news","tag-cina","tag-moda-stilista","tag-oriente","tag-spice-girls","tag-tmall-11-11-global-shopping-festival-gala","vip-david_beckham","vip-victoria_beckham"],"yoast_head":"<title>Victoria Beckham, regina di stile in Oriente - Gossip.it | News sul Gossip e VIP<\/title>\n<meta name=\"description\" content=\"Victoria Beckham ormai in Cina \u00e8 di casa. L&#039;Oriente ama la sua moda e lei ama l&#039;Oriente. L&#039;ex Spice ha cos\u00ec partecipato al Global Shopping Festival Gala a\" \/>\n<meta name=\"robots\" content=\"index, follow, max-snippet:-1, max-image-preview:large, max-video-preview:-1\" \/>\n<link rel=\"canonical\" href=\"https:\/\/www.gossip.it\/news\/victoria-beckham-oriente\/\" \/>\n<meta property=\"og:locale\" content=\"it_IT\" \/>\n<meta property=\"og:type\" content=\"article\" \/>\n<meta property=\"og:title\" content=\"Victoria Beckham, regina di stile in Oriente - Gossip.it | News sul Gossip e VIP\" \/>\n<meta property=\"og:description\" content=\"Victoria Beckham ormai in Cina \u00e8 di casa. L&#039;Oriente ama la sua moda e lei ama l&#039;Oriente. L&#039;ex Spice ha cos\u00ec partecipato al Global Shopping Festival Gala a\" \/>\n<meta property=\"og:url\" content=\"https:\/\/www.gossip.it\/news\/victoria-beckham-oriente\/\" \/>\n<meta property=\"og:site_name\" content=\"Gossip.it | News sul Gossip e VIP\" \/>\n<meta property=\"article:publisher\" content=\"https:\/\/www.facebook.com\/GossipIT\" \/>\n<meta property=\"article:published_time\" content=\"2016-11-09T23:00:00+00:00\" \/>\n<meta property=\"og:image\" content=\"http:\/\/files.gossip.it\/immagini_news\/2016\/11\/1478779083_beckham_1.jpg\" \/>\n<meta name=\"author\" content=\"La Redazione\" \/>\n<meta name=\"twitter:card\" content=\"summary_large_image\" \/>\n<meta name=\"twitter:image\" content=\"http:\/\/files.gossip.it\/immagini_news\/2016\/11\/1478779083_beckham_1.jpg\" \/>\n<meta name=\"twitter:creator\" content=\"@gossinews_it\" \/>\n<meta name=\"twitter:site\" content=\"@gossinews_it\" \/>\n<meta name=\"twitter:label1\" content=\"Scritto da\" \/>\n\t<meta name=\"twitter:data1\" content=\"Francesca Romana Domenici\" \/>\n\t<meta name=\"twitter:label2\" content=\"Tempo di lettura stimato\" \/>\n\t<meta name=\"twitter:data2\" content=\"2 minuti\" \/>","yoast_head_json":{"title":"Victoria Beckham, regina di stile in Oriente - Gossip.it | News sul Gossip e VIP","description":"Victoria Beckham ormai in Cina \u00e8 di casa. L'Oriente ama la sua moda e lei ama l'Oriente. L'ex Spice ha cos\u00ec partecipato al Global Shopping Festival Gala a","robots":{"index":"index","follow":"follow","max-snippet":"max-snippet:-1","max-image-preview":"max-image-preview:large","max-video-preview":"max-video-preview:-1"},"canonical":"https:\/\/www.gossip.it\/news\/victoria-beckham-oriente\/","og_locale":"it_IT","og_type":"article","og_title":"Victoria Beckham, regina di stile in Oriente - Gossip.it | News sul Gossip e VIP","og_description":"Victoria Beckham ormai in Cina \u00e8 di casa. L'Oriente ama la sua moda e lei ama l'Oriente. L'ex Spice ha cos\u00ec partecipato al Global Shopping Festival Gala a","og_url":"https:\/\/www.gossip.it\/news\/victoria-beckham-oriente\/","og_site_name":"Gossip.it | News sul Gossip e VIP","article_publisher":"https:\/\/www.facebook.com\/GossipIT","article_published_time":"2016-11-09T23:00:00+00:00","og_image":[{"url":"http:\/\/files.gossip.it\/immagini_news\/2016\/11\/1478779083_beckham_1.jpg"}],"author":"La Redazione","twitter_card":"summary_large_image","twitter_image":"http:\/\/files.gossip.it\/immagini_news\/2016\/11\/1478779083_beckham_1.jpg","twitter_creator":"@gossinews_it","twitter_site":"@gossinews_it","twitter_misc":{"Scritto da":"Francesca Romana Domenici","Tempo di lettura stimato":"2 minuti"},"schema":{"@context":"https:\/\/schema.org","@graph":[{"@type":"Article","@id":"https:\/\/www.gossip.it\/news\/victoria-beckham-oriente\/#article","isPartOf":{"@id":"https:\/\/www.gossip.it\/news\/victoria-beckham-oriente\/"},"author":{"name":"La Redazione","@id":"https:\/\/www.gossip.it\/#\/schema\/person\/488896f75158bff1cc83c6c39d141110"},"headline":"Victoria Beckham, regina di stile in Oriente","datePublished":"2016-11-09T23:00:00+00:00","dateModified":"2016-11-09T23:00:00+00:00","mainEntityOfPage":{"@id":"https:\/\/www.gossip.it\/news\/victoria-beckham-oriente\/"},"wordCount":378,"publisher":{"@id":"https:\/\/www.gossip.it\/#organization"},"image":{"@id":"https:\/\/www.gossip.it\/news\/victoria-beckham-oriente\/#primaryimage"},"thumbnailUrl":"http:\/\/files.gossip.it\/immagini_news\/2016\/11\/1478779083_beckham_1.jpg","keywords":["cina","moda stilista","oriente","spice girls","tmall 11 11 global shopping festival gala"],"articleSection":["News"],"inLanguage":"it-IT"},{"@type":"WebPage","@id":"https:\/\/www.gossip.it\/news\/victoria-beckham-oriente\/","url":"https:\/\/www.gossip.it\/news\/victoria-beckham-oriente\/","name":"Victoria Beckham, regina di stile in Oriente - Gossip.it | News sul Gossip e VIP","isPartOf":{"@id":"https:\/\/www.gossip.it\/#website"},"primaryImageOfPage":{"@id":"https:\/\/www.gossip.it\/news\/victoria-beckham-oriente\/#primaryimage"},"image":{"@id":"https:\/\/www.gossip.it\/news\/victoria-beckham-oriente\/#primaryimage"},"thumbnailUrl":"http:\/\/files.gossip.it\/immagini_news\/2016\/11\/1478779083_beckham_1.jpg","datePublished":"2016-11-09T23:00:00+00:00","dateModified":"2016-11-09T23:00:00+00:00","description":"Victoria Beckham ormai in Cina \u00e8 di casa. L'Oriente ama la sua moda e lei ama l'Oriente. L'ex Spice ha cos\u00ec partecipato al Global Shopping Festival Gala a","breadcrumb":{"@id":"https:\/\/www.gossip.it\/news\/victoria-beckham-oriente\/#breadcrumb"},"inLanguage":"it-IT","potentialAction":[{"@type":"ReadAction","target":["https:\/\/www.gossip.it\/news\/victoria-beckham-oriente\/"]}]},{"@type":"ImageObject","inLanguage":"it-IT","@id":"https:\/\/www.gossip.it\/news\/victoria-beckham-oriente\/#primaryimage","url":"http:\/\/files.gossip.it\/immagini_news\/2016\/11\/1478779083_beckham_1.jpg","contentUrl":"http:\/\/files.gossip.it\/immagini_news\/2016\/11\/1478779083_beckham_1.jpg"},{"@type":"BreadcrumbList","@id":"https:\/\/www.gossip.it\/news\/victoria-beckham-oriente\/#breadcrumb","itemListElement":[{"@type":"ListItem","position":1,"name":"Home","item":"https:\/\/www.gossip.it\/"},{"@type":"ListItem","position":2,"name":"Victoria Beckham, regina di stile in Oriente"}]},{"@type":"WebSite","@id":"https:\/\/www.gossip.it\/#website","url":"https:\/\/www.gossip.it\/","name":"Gossip and VIP News","description":"Quotidiano di cronaca rosa, costume e societ\u00e0","publisher":{"@id":"https:\/\/www.gossip.it\/#organization"},"alternateName":"Gossip and VIP News","potentialAction":[{"@type":"SearchAction","target":{"@type":"EntryPoint","urlTemplate":"https:\/\/www.gossip.it\/?s={search_term_string}"},"query-input":{"@type":"PropertyValueSpecification","valueRequired":true,"valueName":"search_term_string"}}],"inLanguage":"it-IT"},{"@type":"Organization","@id":"https:\/\/www.gossip.it\/#organization","name":"Gossip and VIP News","alternateName":"Gossip News","url":"https:\/\/www.gossip.it\/","logo":{"@type":"ImageObject","inLanguage":"it-IT","@id":"https:\/\/www.gossip.it\/#\/schema\/logo\/image\/","url":"https:\/\/www.gossip.it\/wp-content\/uploads\/2022\/04\/cropped-corna-alta-tiny.png","contentUrl":"https:\/\/www.gossip.it\/wp-content\/uploads\/2022\/04\/cropped-corna-alta-tiny.png","width":512,"height":512,"caption":"Gossip and VIP News"},"image":{"@id":"https:\/\/www.gossip.it\/#\/schema\/logo\/image\/"},"sameAs":["https:\/\/www.facebook.com\/GossipIT","https:\/\/x.com\/gossinews_it","https:\/\/instagram.com\/gossip_it"]},{"@type":"Person","@id":"https:\/\/www.gossip.it\/#\/schema\/person\/488896f75158bff1cc83c6c39d141110","name":"La Redazione","image":{"@type":"ImageObject","inLanguage":"it-IT","@id":"https:\/\/www.gossip.it\/#\/schema\/person\/image\/","url":"https:\/\/secure.gravatar.com\/avatar\/5a5f5c6fa3e6700e4249abdad0263a1e94e927d9e0499b1cb09c1cd29c044d80?s=96&d=mm&r=g","contentUrl":"https:\/\/secure.gravatar.com\/avatar\/5a5f5c6fa3e6700e4249abdad0263a1e94e927d9e0499b1cb09c1cd29c044d80?s=96&d=mm&r=g","caption":"La Redazione"},"sameAs":["https:\/\/www.gossip.it"]}]}},"amp_enabled":true,"_links":{"self":[{"href":"https:\/\/www.gossip.it\/api\/wp\/v2\/posts\/56589","targetHints":{"allow":["GET"]}}],"collection":[{"href":"https:\/\/www.gossip.it\/api\/wp\/v2\/posts"}],"about":[{"href":"https:\/\/www.gossip.it\/api\/wp\/v2\/types\/post"}],"author":[{"embeddable":true,"href":"https:\/\/www.gossip.it\/api\/wp\/v2\/users\/1"}],"replies":[{"embeddable":true,"href":"https:\/\/www.gossip.it\/api\/wp\/v2\/comments?post=56589"}],"version-history":[{"count":0,"href":"https:\/\/www.gossip.it\/api\/wp\/v2\/posts\/56589\/revisions"}],"wp:featuredmedia":[{"embeddable":true,"href":"https:\/\/www.gossip.it\/api\/wp\/v2\/media\/112635"}],"wp:attachment":[{"href":"https:\/\/www.gossip.it\/api\/wp\/v2\/media?parent=56589"}],"wp:term":[{"taxonomy":"category","embeddable":true,"href":"https:\/\/www.gossip.it\/api\/wp\/v2\/categories?post=56589"},{"taxonomy":"post_tag","embeddable":true,"href":"https:\/\/www.gossip.it\/api\/wp\/v2\/tags?post=56589"},{"taxonomy":"vip","embeddable":true,"href":"https:\/\/www.gossip.it\/api\/wp\/v2\/vip?post=56589"}],"curies":[{"name":"wp","href":"https:\/\/api.w.org\/{rel}","templated":true}]}}