{"id":56631,"date":"2016-11-16T00:00:00","date_gmt":"2016-11-15T23:00:00","guid":{"rendered":"https:\/\/www.gossip.it\/senza-categoria\/andrea-damante-opinionista-uomini-e-donne\/"},"modified":"2016-11-16T00:00:00","modified_gmt":"2016-11-15T23:00:00","slug":"andrea-damante-opinionista-uomini-e-donne","status":"publish","type":"post","link":"https:\/\/www.gossip.it\/news\/andrea-damante-opinionista-uomini-e-donne\/","title":{"rendered":"Andrea Damante, nuovo opinionista di 'Pomeriggio 5'"},"content":{"rendered":"<p><a href=\"\/vip\/giulia-de lellis\/\">Giulia De Lellis<\/a> e\u00a0<a href=\"\/vip\/-andrea damante\/\">Andrea Damante<\/a>\u00a0sono stati ospiti, per la prima volta insieme, di \"<strong>Pomeriggio 5<\/strong>\". <a href=\"\/vip\/barbara-d'urso\/\">Barbara D'Urso<\/a>, durante la puntata,\u00a0ha annunciato che l'ex tronista di \"<a href=\"\/vip\/uomini-e donne\/\">Uomini e Donne<\/a>\", proprio come la sua fidanzata, \u00e8 stato arruolato dalla trasmissione pomeridiana come <strong>opinionista<\/strong>.<\/p>\n<figure class=\"caption\"><img decoding=\"async\" alt=\"\" src=\"http:\/\/files.gossip.it\/immagini_news\/2016\/11\/1479293113_de_mellis_1.jpg\" \/><figcaption>Giula De Lellis e Andrea Damante per la prima volta insieme nel salotto di 'Pomeriggio 5'<\/figcaption><\/figure>\n<p>Barbara D'Urso solo pochi giorni fa aveva promosso <strong>Giulia De Lellis<\/strong> affidandole il ruolo di <strong>opinionista<\/strong> di \"<strong>Pomeriggio 5<\/strong>\". Ora pure <strong>Andrea Damante<\/strong> \u00e8 stato \"assunto\" dalla conduttrice Mediaset.<br \/>La coppia, durante la puntata di marted\u00ec 15 novembre, \u00e8 stata pure protagonista di un piccolo screzio a causa di un litigio avuto in mattinata. La prima ad accorgersi che qualcosa non andava \u00e8 stata <a href=\"\/vip\/carmelita\/\">Carmelita<\/a> che a <strong>Damante<\/strong> ha chiesto: <em>\"Hai fatto arrabbiare <strong>Giulia<\/strong>? Se sei stato acido chiedile scusa!\"<\/em>.<\/p>\n<figure class=\"caption\"><img decoding=\"async\" alt=\"\" src=\"http:\/\/files.gossip.it\/immagini_news\/2016\/11\/1479293939_de_mellis_2.jpg\" \/><figcaption>La coppia intervistata da Barbara D'Urso ha parlato pure delle nozze<\/figcaption><\/figure>\n<figure class=\"caption\"><img decoding=\"async\" alt=\"\" src=\"http:\/\/files.gossip.it\/immagini_news\/2016\/11\/1479294016_de_mellis_3.jpg\" \/><figcaption>I Damellis si vogliono sposare a maggio: 'E' il mese in cui \u00e8 nato il nostro amore'<\/figcaption><\/figure>\n<p><em>\"In verit\u00e0 lei \u00e8 un po' stanca <\/em>- ha risposto <strong>Andrea<\/strong> nel salotto di \"<strong>Pomeriggio 5<\/strong>\" - <em>\u00e8 un po' esaurita in questi giorni\"<\/em>. L'ex concorrente del \"<a href=\"\/vip\/grande-freatello vip\/\">Grande Freatello Vip<\/a>\" ha detto che la dolce met\u00e0 la mattina \u00e8 intrattabile. La <strong>De Lellis<\/strong>, piccata, ha risposto: <em>\"Sono le sei del pomeriggio, questa scusa non regge\"<\/em>. <em>\"Poi, s\u00ec, io la mattina sono particolare, ma solo i primi dieci minuti<\/em> - ha aggiunto -<em> lui per\u00f2 mi fa arrabbiare sempre. La verit\u00e0 \u00e8 che non \u00e8 facile essere la sua fidanzata, il discorso \u00e8 questo, per\u00f2 lui ce la mette tutta\"<\/em>.<\/p>\n<figure class=\"caption\"><img decoding=\"async\" alt=\"\" src=\"http:\/\/files.gossip.it\/immagini_news\/2016\/11\/1479294111_de_mellis_4.jpg\" \/><figcaption>Giula e Andrea in camerino con Barbara D'Urso<\/figcaption><\/figure>\n<p>La ragazza non ha nascosto che spesso l'atteggiamento del fidanzato un po' la infastidisce: <em>\"Io gli ho chiesto tre favori prima di entrare nella Casa del 'Grande Fratello Vip'<\/em> - ha raccontato la <strong>De Lellis<\/strong> - <em>non far entrare nessuna donna nel suo letto e questo l'ha fatto; poi di non dormire in mutande e infine di non fare la doccia con il costumino a slip che non sarebbe stato carino, ma questa non l'ha seguita\"<\/em>.<br \/><strong>Giulia<\/strong> e <strong>Andrea<\/strong>, soprannominati i Damellis, screzi a parte, pensano alle nozze. Si vogliono\u00a0sposare a maggio: <em>\"Il mese in cui \u00e8 nato il nostro amore\"<\/em>.<\/p>\n","protected":false},"excerpt":{"rendered":"<p>Giulia De Lellis e\u00a0Andrea Damante\u00a0sono stati ospiti, per la prima volta insieme, di \"Pomeriggio 5\". Barbara D'Urso, durante la puntata,\u00a0ha annunciato che l'ex tronista di \"Uomini e Donne\", proprio come la sua fidanzata, \u00e8 stato arruolato dalla trasmissione pomeridiana come opinionista. Giula De Lellis e Andrea Damante per la prima volta insieme nel salotto di [&hellip;]<\/p>\n","protected":false},"author":1,"featured_media":112677,"comment_status":"closed","ping_status":"closed","sticky":false,"template":"","format":"standard","meta":{"footnotes":""},"categories":[54],"tags":[10593,2126,4118,10592,1875,1950,2216,6274,7988,2113,2115],"vip":[383],"class_list":["post-56631","post","type-post","status-publish","format-standard","has-post-thumbnail","hentry","category-news","tag-andrea-damante","tag-gf-vip","tag-gieffino","tag-giulia-de-lellis","tag-grande-fratello-vip","tag-matrimonio","tag-nozze","tag-opinionista","tag-pomeriggio-5","tag-tronista","tag-uomini-e-donne","vip-barbara_durso"],"yoast_head":"<title>Andrea Damante, nuovo opinionista di &#039;Pomeriggio 5&#039; - Gossip.it | News sul Gossip e VIP<\/title>\n<meta name=\"description\" content=\"Giulia De Lellis e\u00a0Andrea Damante\u00a0sono stati ospiti, per la prima volta insieme, di &quot;Pomeriggio 5&quot;. Barbara D&#039;Urso, durante la puntata,\u00a0ha annunciato che\" \/>\n<meta name=\"robots\" content=\"index, follow, max-snippet:-1, max-image-preview:large, max-video-preview:-1\" \/>\n<link rel=\"canonical\" href=\"https:\/\/www.gossip.it\/news\/andrea-damante-opinionista-uomini-e-donne\/\" \/>\n<meta property=\"og:locale\" content=\"it_IT\" \/>\n<meta property=\"og:type\" content=\"article\" \/>\n<meta property=\"og:title\" content=\"Andrea Damante, nuovo opinionista di &#039;Pomeriggio 5&#039; - Gossip.it | News sul Gossip e VIP\" \/>\n<meta property=\"og:description\" content=\"Giulia De Lellis e\u00a0Andrea Damante\u00a0sono stati ospiti, per la prima volta insieme, di &quot;Pomeriggio 5&quot;. Barbara D&#039;Urso, durante la puntata,\u00a0ha annunciato che\" \/>\n<meta property=\"og:url\" content=\"https:\/\/www.gossip.it\/news\/andrea-damante-opinionista-uomini-e-donne\/\" \/>\n<meta property=\"og:site_name\" content=\"Gossip.it | News sul Gossip e VIP\" \/>\n<meta property=\"article:publisher\" content=\"https:\/\/www.facebook.com\/GossipIT\" \/>\n<meta property=\"article:published_time\" content=\"2016-11-15T23:00:00+00:00\" \/>\n<meta property=\"og:image\" content=\"http:\/\/files.gossip.it\/immagini_news\/2016\/11\/1479293113_de_mellis_1.jpg\" \/>\n<meta name=\"author\" content=\"La Redazione\" \/>\n<meta name=\"twitter:card\" content=\"summary_large_image\" \/>\n<meta name=\"twitter:image\" content=\"http:\/\/files.gossip.it\/immagini_news\/2016\/11\/1479293113_de_mellis_1.jpg\" \/>\n<meta name=\"twitter:creator\" content=\"@gossinews_it\" \/>\n<meta name=\"twitter:site\" content=\"@gossinews_it\" \/>\n<meta name=\"twitter:label1\" content=\"Scritto da\" \/>\n\t<meta name=\"twitter:data1\" content=\"Francesca Romana Domenici\" \/>\n\t<meta name=\"twitter:label2\" content=\"Tempo di lettura stimato\" \/>\n\t<meta name=\"twitter:data2\" content=\"2 minuti\" \/>","yoast_head_json":{"title":"Andrea Damante, nuovo opinionista di 'Pomeriggio 5' - Gossip.it | News sul Gossip e VIP","description":"Giulia De Lellis e\u00a0Andrea Damante\u00a0sono stati ospiti, per la prima volta insieme, di \"Pomeriggio 5\". Barbara D'Urso, durante la puntata,\u00a0ha annunciato che","robots":{"index":"index","follow":"follow","max-snippet":"max-snippet:-1","max-image-preview":"max-image-preview:large","max-video-preview":"max-video-preview:-1"},"canonical":"https:\/\/www.gossip.it\/news\/andrea-damante-opinionista-uomini-e-donne\/","og_locale":"it_IT","og_type":"article","og_title":"Andrea Damante, nuovo opinionista di 'Pomeriggio 5' - Gossip.it | News sul Gossip e VIP","og_description":"Giulia De Lellis e\u00a0Andrea Damante\u00a0sono stati ospiti, per la prima volta insieme, di \"Pomeriggio 5\". Barbara D'Urso, durante la puntata,\u00a0ha annunciato che","og_url":"https:\/\/www.gossip.it\/news\/andrea-damante-opinionista-uomini-e-donne\/","og_site_name":"Gossip.it | News sul Gossip e VIP","article_publisher":"https:\/\/www.facebook.com\/GossipIT","article_published_time":"2016-11-15T23:00:00+00:00","og_image":[{"url":"http:\/\/files.gossip.it\/immagini_news\/2016\/11\/1479293113_de_mellis_1.jpg"}],"author":"La Redazione","twitter_card":"summary_large_image","twitter_image":"http:\/\/files.gossip.it\/immagini_news\/2016\/11\/1479293113_de_mellis_1.jpg","twitter_creator":"@gossinews_it","twitter_site":"@gossinews_it","twitter_misc":{"Scritto da":"Francesca Romana Domenici","Tempo di lettura stimato":"2 minuti"},"schema":{"@context":"https:\/\/schema.org","@graph":[{"@type":"Article","@id":"https:\/\/www.gossip.it\/news\/andrea-damante-opinionista-uomini-e-donne\/#article","isPartOf":{"@id":"https:\/\/www.gossip.it\/news\/andrea-damante-opinionista-uomini-e-donne\/"},"author":{"name":"La Redazione","@id":"https:\/\/www.gossip.it\/#\/schema\/person\/488896f75158bff1cc83c6c39d141110"},"headline":"Andrea Damante, nuovo opinionista di 'Pomeriggio 5'","datePublished":"2016-11-15T23:00:00+00:00","dateModified":"2016-11-15T23:00:00+00:00","mainEntityOfPage":{"@id":"https:\/\/www.gossip.it\/news\/andrea-damante-opinionista-uomini-e-donne\/"},"wordCount":375,"publisher":{"@id":"https:\/\/www.gossip.it\/#organization"},"image":{"@id":"https:\/\/www.gossip.it\/news\/andrea-damante-opinionista-uomini-e-donne\/#primaryimage"},"thumbnailUrl":"http:\/\/files.gossip.it\/immagini_news\/2016\/11\/1479293113_de_mellis_1.jpg","keywords":["andrea damante","gf vip","gieffino","giulia de lellis","grande fratello vip","matrimonio","nozze","opinionista","pomeriggio 5","tronista","uomini e donne"],"articleSection":["News"],"inLanguage":"it-IT"},{"@type":"WebPage","@id":"https:\/\/www.gossip.it\/news\/andrea-damante-opinionista-uomini-e-donne\/","url":"https:\/\/www.gossip.it\/news\/andrea-damante-opinionista-uomini-e-donne\/","name":"Andrea Damante, nuovo opinionista di 'Pomeriggio 5' - Gossip.it | News sul Gossip e VIP","isPartOf":{"@id":"https:\/\/www.gossip.it\/#website"},"primaryImageOfPage":{"@id":"https:\/\/www.gossip.it\/news\/andrea-damante-opinionista-uomini-e-donne\/#primaryimage"},"image":{"@id":"https:\/\/www.gossip.it\/news\/andrea-damante-opinionista-uomini-e-donne\/#primaryimage"},"thumbnailUrl":"http:\/\/files.gossip.it\/immagini_news\/2016\/11\/1479293113_de_mellis_1.jpg","datePublished":"2016-11-15T23:00:00+00:00","dateModified":"2016-11-15T23:00:00+00:00","description":"Giulia De Lellis e\u00a0Andrea Damante\u00a0sono stati ospiti, per la prima volta insieme, di \"Pomeriggio 5\". Barbara D'Urso, durante la puntata,\u00a0ha annunciato che","breadcrumb":{"@id":"https:\/\/www.gossip.it\/news\/andrea-damante-opinionista-uomini-e-donne\/#breadcrumb"},"inLanguage":"it-IT","potentialAction":[{"@type":"ReadAction","target":["https:\/\/www.gossip.it\/news\/andrea-damante-opinionista-uomini-e-donne\/"]}]},{"@type":"ImageObject","inLanguage":"it-IT","@id":"https:\/\/www.gossip.it\/news\/andrea-damante-opinionista-uomini-e-donne\/#primaryimage","url":"http:\/\/files.gossip.it\/immagini_news\/2016\/11\/1479293113_de_mellis_1.jpg","contentUrl":"http:\/\/files.gossip.it\/immagini_news\/2016\/11\/1479293113_de_mellis_1.jpg"},{"@type":"BreadcrumbList","@id":"https:\/\/www.gossip.it\/news\/andrea-damante-opinionista-uomini-e-donne\/#breadcrumb","itemListElement":[{"@type":"ListItem","position":1,"name":"Home","item":"https:\/\/www.gossip.it\/"},{"@type":"ListItem","position":2,"name":"Andrea Damante, nuovo opinionista di 'Pomeriggio 5'"}]},{"@type":"WebSite","@id":"https:\/\/www.gossip.it\/#website","url":"https:\/\/www.gossip.it\/","name":"Gossip and VIP News","description":"Quotidiano di cronaca rosa, costume e societ\u00e0","publisher":{"@id":"https:\/\/www.gossip.it\/#organization"},"alternateName":"Gossip and VIP News","potentialAction":[{"@type":"SearchAction","target":{"@type":"EntryPoint","urlTemplate":"https:\/\/www.gossip.it\/?s={search_term_string}"},"query-input":{"@type":"PropertyValueSpecification","valueRequired":true,"valueName":"search_term_string"}}],"inLanguage":"it-IT"},{"@type":"Organization","@id":"https:\/\/www.gossip.it\/#organization","name":"Gossip and VIP News","alternateName":"Gossip News","url":"https:\/\/www.gossip.it\/","logo":{"@type":"ImageObject","inLanguage":"it-IT","@id":"https:\/\/www.gossip.it\/#\/schema\/logo\/image\/","url":"https:\/\/www.gossip.it\/wp-content\/uploads\/2022\/04\/cropped-corna-alta-tiny.png","contentUrl":"https:\/\/www.gossip.it\/wp-content\/uploads\/2022\/04\/cropped-corna-alta-tiny.png","width":512,"height":512,"caption":"Gossip and VIP News"},"image":{"@id":"https:\/\/www.gossip.it\/#\/schema\/logo\/image\/"},"sameAs":["https:\/\/www.facebook.com\/GossipIT","https:\/\/x.com\/gossinews_it","https:\/\/instagram.com\/gossip_it"]},{"@type":"Person","@id":"https:\/\/www.gossip.it\/#\/schema\/person\/488896f75158bff1cc83c6c39d141110","name":"La Redazione","image":{"@type":"ImageObject","inLanguage":"it-IT","@id":"https:\/\/www.gossip.it\/#\/schema\/person\/image\/","url":"https:\/\/secure.gravatar.com\/avatar\/5a5f5c6fa3e6700e4249abdad0263a1e94e927d9e0499b1cb09c1cd29c044d80?s=96&d=mm&r=g","contentUrl":"https:\/\/secure.gravatar.com\/avatar\/5a5f5c6fa3e6700e4249abdad0263a1e94e927d9e0499b1cb09c1cd29c044d80?s=96&d=mm&r=g","caption":"La Redazione"},"sameAs":["https:\/\/www.gossip.it"]}]}},"amp_enabled":true,"_links":{"self":[{"href":"https:\/\/www.gossip.it\/api\/wp\/v2\/posts\/56631","targetHints":{"allow":["GET"]}}],"collection":[{"href":"https:\/\/www.gossip.it\/api\/wp\/v2\/posts"}],"about":[{"href":"https:\/\/www.gossip.it\/api\/wp\/v2\/types\/post"}],"author":[{"embeddable":true,"href":"https:\/\/www.gossip.it\/api\/wp\/v2\/users\/1"}],"replies":[{"embeddable":true,"href":"https:\/\/www.gossip.it\/api\/wp\/v2\/comments?post=56631"}],"version-history":[{"count":0,"href":"https:\/\/www.gossip.it\/api\/wp\/v2\/posts\/56631\/revisions"}],"wp:featuredmedia":[{"embeddable":true,"href":"https:\/\/www.gossip.it\/api\/wp\/v2\/media\/112677"}],"wp:attachment":[{"href":"https:\/\/www.gossip.it\/api\/wp\/v2\/media?parent=56631"}],"wp:term":[{"taxonomy":"category","embeddable":true,"href":"https:\/\/www.gossip.it\/api\/wp\/v2\/categories?post=56631"},{"taxonomy":"post_tag","embeddable":true,"href":"https:\/\/www.gossip.it\/api\/wp\/v2\/tags?post=56631"},{"taxonomy":"vip","embeddable":true,"href":"https:\/\/www.gossip.it\/api\/wp\/v2\/vip?post=56631"}],"curies":[{"name":"wp","href":"https:\/\/api.w.org\/{rel}","templated":true}]}}