{"id":56698,"date":"2016-11-24T00:00:00","date_gmt":"2016-11-23T23:00:00","guid":{"rendered":"https:\/\/www.gossip.it\/senza-categoria\/mercedesz-henger-sergio-arcuri-famiglia\/"},"modified":"2016-11-24T00:00:00","modified_gmt":"2016-11-23T23:00:00","slug":"mercedesz-henger-sergio-arcuri-famiglia","status":"publish","type":"post","link":"https:\/\/www.gossip.it\/news\/mercedesz-henger-sergio-arcuri-famiglia\/","title":{"rendered":"Mercedesz Henger: 'Sergio Arcuri parla di famiglia, vedremo'"},"content":{"rendered":"<p><a href=\"\/vip\/mercedesz-henger\/\">Mercedesz Henger<\/a> \u00e8 innamorata e felice. <a href=\"\/vip\/sergio-arcuri\/\">Sergio Arcuri<\/a> per lei \u00e8 l'uomo giusto, nonostante i 17 anni di et\u00e0 che li separano all'anagrafe. Il fratello di <a href=\"\/vip\/manuela-arcuri\/\">Manuela Arcuri<\/a> parla gi\u00e0 di <strong>famiglia<\/strong>, vuole un beb\u00e8 dalla bionda, ma la figlia di <a href=\"\/vip\/eva-henger\/\">Eva Henger<\/a> non fa programmi, come ha chiarito a <em>Diva e Donna<\/em>.<\/p>\n<figure class=\"caption\"><img decoding=\"async\" alt=\"\" width=\"640\" height=\"800\" src=\"http:\/\/files.gossip.it\/immagini_news\/2016\/11\/1479987495_mercedesz-henger.JPG\" \/><figcaption>Mercedesz Henger svela: 'Sergio Arcuri parla gi\u00e0 di famiglia'<\/figcaption><\/figure>\n<p><em>\"Stiamo bene insieme. Qualche volta lui guarda avanti, parla di <strong>famiglia<\/strong>. Vedremo. Io non faccio programmi\"<\/em>, ha detto <strong>Mercedesz Henger<\/strong> parlando del suo rapporto con <strong>Sergio Arcuri<\/strong> al settimanale. E ha aggiunto: <em>\"Ma sia chiaro, nessuno potr\u00e0 rimpiazzare mio pap\u00e0: mi manca\"<\/em>. <a href=\"\/vip\/riccardo-schicchi\/\">Riccardo Schicchi<\/a> con la sua morte ha lasciato un vuoto incolmabile nel cuore della 25enne.<\/p>\n<p><strong>Sergio Arcuri<\/strong> in questo momento la riempie di attenzioni e di gioia. Parla pure di <strong>famiglia<\/strong>. <strong>Mercedesz Henger<\/strong> frena la voglia del 41enne, \u00e8 ancora molto giovane e il loro rapporto \u00e8 solo all'inizio.<\/p>\n<figure class=\"caption\"><img decoding=\"async\" alt=\"\" width=\"640\" height=\"640\" src=\"http:\/\/files.gossip.it\/immagini_news\/2016\/11\/1479987528_mercedesz-henger-sergio-arcuri.JPG\" \/><figcaption>La 25enne a fine estate si \u00e8 fidanzata con il 41enne: i due si dicono molto innamorati<\/figcaption><\/figure>\n<p>Sono tutti contenti per loro. L'ex <a href=\"\/vip\/naufraga\/\">naufraga<\/a> dell'<a href=\"\/vip\/isola-11\/\">Isola 11<\/a> ha regalato alla cognata Manuela per il compleanno un piccolo pensiero che \u00e8 stato molto gradito dall'<a href=\"\/vip\/attrice\/\">attrice<\/a>. Regna l'armonia. <em>\"L'opinione di mia mamma \u00e8 l'unica che conta per me; anche suo marito Massimiliano <\/em>(<a href=\"\/vip\/caroletti\/\">Caroletti<\/a> ndr)<em>, che di solito non si pronuncia, mi ha detto che \u00e8 molto felice per me. Per il resto \u00e8 tutta la vita che imparo a fregarmene dei pregiudizi\"<\/em>, ha sottolineato infine Mercedesz.<\/p>\n<p>\u00a0<\/p>\n<p>\u00a0<\/p>\n","protected":false},"excerpt":{"rendered":"<p>Mercedesz Henger \u00e8 innamorata e felice. Sergio Arcuri per lei \u00e8 l'uomo giusto, nonostante i 17 anni di et\u00e0 che li separano all'anagrafe. Il fratello di Manuela Arcuri parla gi\u00e0 di famiglia, vuole un beb\u00e8 dalla bionda, ma la figlia di Eva Henger non fa programmi, come ha chiarito a Diva e Donna. Mercedesz Henger [&hellip;]<\/p>\n","protected":false},"author":1,"featured_media":112744,"comment_status":"closed","ping_status":"closed","sticky":false,"template":"","format":"standard","meta":{"footnotes":""},"categories":[54],"tags":[2102,5136,1908,2103,4516,10262,1997,4444,12820],"vip":[699,1186,1673],"class_list":["post-56698","post","type-post","status-publish","format-standard","has-post-thumbnail","hentry","category-news","tag-dichiarazioni","tag-diva-e-donna","tag-famiglia","tag-intervista","tag-massimiliano-caroletti","tag-mercedesz-henger","tag-modella","tag-naufraga","tag-riccardo-schicchi","vip-eva_henger","vip-manuela_arcuri","vip-sergio_arcuri"],"yoast_head":"<title>Mercedesz Henger: &#039;Sergio Arcuri parla di famiglia, vedremo&#039; - Gossip.it | News sul Gossip e VIP<\/title>\n<meta name=\"description\" content=\"Mercedesz Henger \u00e8 innamorata e felice. Sergio Arcuri per lei \u00e8 l&#039;uomo giusto, nonostante i 17 anni di et\u00e0 che li separano all&#039;anagrafe. Il fratello di\" \/>\n<meta name=\"robots\" content=\"index, follow, max-snippet:-1, max-image-preview:large, max-video-preview:-1\" \/>\n<link rel=\"canonical\" href=\"https:\/\/www.gossip.it\/news\/mercedesz-henger-sergio-arcuri-famiglia\/\" \/>\n<meta property=\"og:locale\" content=\"it_IT\" \/>\n<meta property=\"og:type\" content=\"article\" \/>\n<meta property=\"og:title\" content=\"Mercedesz Henger: &#039;Sergio Arcuri parla di famiglia, vedremo&#039; - Gossip.it | News sul Gossip e VIP\" \/>\n<meta property=\"og:description\" content=\"Mercedesz Henger \u00e8 innamorata e felice. Sergio Arcuri per lei \u00e8 l&#039;uomo giusto, nonostante i 17 anni di et\u00e0 che li separano all&#039;anagrafe. Il fratello di\" \/>\n<meta property=\"og:url\" content=\"https:\/\/www.gossip.it\/news\/mercedesz-henger-sergio-arcuri-famiglia\/\" \/>\n<meta property=\"og:site_name\" content=\"Gossip.it | News sul Gossip e VIP\" \/>\n<meta property=\"article:publisher\" content=\"https:\/\/www.facebook.com\/GossipIT\" \/>\n<meta property=\"article:published_time\" content=\"2016-11-23T23:00:00+00:00\" \/>\n<meta property=\"og:image\" content=\"http:\/\/files.gossip.it\/immagini_news\/2016\/11\/1479987495_mercedesz-henger.JPG\" \/>\n<meta name=\"author\" content=\"La Redazione\" \/>\n<meta name=\"twitter:card\" content=\"summary_large_image\" \/>\n<meta name=\"twitter:image\" content=\"http:\/\/files.gossip.it\/immagini_news\/2016\/11\/1479987495_mercedesz-henger.JPG\" \/>\n<meta name=\"twitter:creator\" content=\"@gossinews_it\" \/>\n<meta name=\"twitter:site\" content=\"@gossinews_it\" \/>\n<meta name=\"twitter:label1\" content=\"Scritto da\" \/>\n\t<meta name=\"twitter:data1\" content=\"Annamaria Capozzi\" \/>\n\t<meta name=\"twitter:label2\" content=\"Tempo di lettura stimato\" \/>\n\t<meta name=\"twitter:data2\" content=\"1 minuto\" \/>","yoast_head_json":{"title":"Mercedesz Henger: 'Sergio Arcuri parla di famiglia, vedremo' - Gossip.it | News sul Gossip e VIP","description":"Mercedesz Henger \u00e8 innamorata e felice. Sergio Arcuri per lei \u00e8 l'uomo giusto, nonostante i 17 anni di et\u00e0 che li separano all'anagrafe. Il fratello di","robots":{"index":"index","follow":"follow","max-snippet":"max-snippet:-1","max-image-preview":"max-image-preview:large","max-video-preview":"max-video-preview:-1"},"canonical":"https:\/\/www.gossip.it\/news\/mercedesz-henger-sergio-arcuri-famiglia\/","og_locale":"it_IT","og_type":"article","og_title":"Mercedesz Henger: 'Sergio Arcuri parla di famiglia, vedremo' - Gossip.it | News sul Gossip e VIP","og_description":"Mercedesz Henger \u00e8 innamorata e felice. Sergio Arcuri per lei \u00e8 l'uomo giusto, nonostante i 17 anni di et\u00e0 che li separano all'anagrafe. Il fratello di","og_url":"https:\/\/www.gossip.it\/news\/mercedesz-henger-sergio-arcuri-famiglia\/","og_site_name":"Gossip.it | News sul Gossip e VIP","article_publisher":"https:\/\/www.facebook.com\/GossipIT","article_published_time":"2016-11-23T23:00:00+00:00","og_image":[{"url":"http:\/\/files.gossip.it\/immagini_news\/2016\/11\/1479987495_mercedesz-henger.JPG"}],"author":"La Redazione","twitter_card":"summary_large_image","twitter_image":"http:\/\/files.gossip.it\/immagini_news\/2016\/11\/1479987495_mercedesz-henger.JPG","twitter_creator":"@gossinews_it","twitter_site":"@gossinews_it","twitter_misc":{"Scritto da":"Annamaria Capozzi","Tempo di lettura stimato":"1 minuto"},"schema":{"@context":"https:\/\/schema.org","@graph":[{"@type":"Article","@id":"https:\/\/www.gossip.it\/news\/mercedesz-henger-sergio-arcuri-famiglia\/#article","isPartOf":{"@id":"https:\/\/www.gossip.it\/news\/mercedesz-henger-sergio-arcuri-famiglia\/"},"author":{"name":"La Redazione","@id":"https:\/\/www.gossip.it\/#\/schema\/person\/488896f75158bff1cc83c6c39d141110"},"headline":"Mercedesz Henger: 'Sergio Arcuri parla di famiglia, vedremo'","datePublished":"2016-11-23T23:00:00+00:00","dateModified":"2016-11-23T23:00:00+00:00","mainEntityOfPage":{"@id":"https:\/\/www.gossip.it\/news\/mercedesz-henger-sergio-arcuri-famiglia\/"},"wordCount":252,"publisher":{"@id":"https:\/\/www.gossip.it\/#organization"},"image":{"@id":"https:\/\/www.gossip.it\/news\/mercedesz-henger-sergio-arcuri-famiglia\/#primaryimage"},"thumbnailUrl":"http:\/\/files.gossip.it\/immagini_news\/2016\/11\/1479987495_mercedesz-henger.JPG","keywords":["dichiarazioni","diva e donna","famiglia","intervista","massimiliano caroletti","mercedesz henger","modella","naufraga","riccardo schicchi"],"articleSection":["News"],"inLanguage":"it-IT"},{"@type":"WebPage","@id":"https:\/\/www.gossip.it\/news\/mercedesz-henger-sergio-arcuri-famiglia\/","url":"https:\/\/www.gossip.it\/news\/mercedesz-henger-sergio-arcuri-famiglia\/","name":"Mercedesz Henger: 'Sergio Arcuri parla di famiglia, vedremo' - Gossip.it | News sul Gossip e VIP","isPartOf":{"@id":"https:\/\/www.gossip.it\/#website"},"primaryImageOfPage":{"@id":"https:\/\/www.gossip.it\/news\/mercedesz-henger-sergio-arcuri-famiglia\/#primaryimage"},"image":{"@id":"https:\/\/www.gossip.it\/news\/mercedesz-henger-sergio-arcuri-famiglia\/#primaryimage"},"thumbnailUrl":"http:\/\/files.gossip.it\/immagini_news\/2016\/11\/1479987495_mercedesz-henger.JPG","datePublished":"2016-11-23T23:00:00+00:00","dateModified":"2016-11-23T23:00:00+00:00","description":"Mercedesz Henger \u00e8 innamorata e felice. Sergio Arcuri per lei \u00e8 l'uomo giusto, nonostante i 17 anni di et\u00e0 che li separano all'anagrafe. Il fratello di","breadcrumb":{"@id":"https:\/\/www.gossip.it\/news\/mercedesz-henger-sergio-arcuri-famiglia\/#breadcrumb"},"inLanguage":"it-IT","potentialAction":[{"@type":"ReadAction","target":["https:\/\/www.gossip.it\/news\/mercedesz-henger-sergio-arcuri-famiglia\/"]}]},{"@type":"ImageObject","inLanguage":"it-IT","@id":"https:\/\/www.gossip.it\/news\/mercedesz-henger-sergio-arcuri-famiglia\/#primaryimage","url":"http:\/\/files.gossip.it\/immagini_news\/2016\/11\/1479987495_mercedesz-henger.JPG","contentUrl":"http:\/\/files.gossip.it\/immagini_news\/2016\/11\/1479987495_mercedesz-henger.JPG"},{"@type":"BreadcrumbList","@id":"https:\/\/www.gossip.it\/news\/mercedesz-henger-sergio-arcuri-famiglia\/#breadcrumb","itemListElement":[{"@type":"ListItem","position":1,"name":"Home","item":"https:\/\/www.gossip.it\/"},{"@type":"ListItem","position":2,"name":"Mercedesz Henger: 'Sergio Arcuri parla di famiglia, vedremo'"}]},{"@type":"WebSite","@id":"https:\/\/www.gossip.it\/#website","url":"https:\/\/www.gossip.it\/","name":"Gossip and VIP News","description":"Quotidiano di cronaca rosa, costume e societ\u00e0","publisher":{"@id":"https:\/\/www.gossip.it\/#organization"},"alternateName":"Gossip and VIP News","potentialAction":[{"@type":"SearchAction","target":{"@type":"EntryPoint","urlTemplate":"https:\/\/www.gossip.it\/?s={search_term_string}"},"query-input":{"@type":"PropertyValueSpecification","valueRequired":true,"valueName":"search_term_string"}}],"inLanguage":"it-IT"},{"@type":"Organization","@id":"https:\/\/www.gossip.it\/#organization","name":"Gossip and VIP News","alternateName":"Gossip News","url":"https:\/\/www.gossip.it\/","logo":{"@type":"ImageObject","inLanguage":"it-IT","@id":"https:\/\/www.gossip.it\/#\/schema\/logo\/image\/","url":"https:\/\/www.gossip.it\/wp-content\/uploads\/2022\/04\/cropped-corna-alta-tiny.png","contentUrl":"https:\/\/www.gossip.it\/wp-content\/uploads\/2022\/04\/cropped-corna-alta-tiny.png","width":512,"height":512,"caption":"Gossip and VIP News"},"image":{"@id":"https:\/\/www.gossip.it\/#\/schema\/logo\/image\/"},"sameAs":["https:\/\/www.facebook.com\/GossipIT","https:\/\/x.com\/gossinews_it","https:\/\/instagram.com\/gossip_it"]},{"@type":"Person","@id":"https:\/\/www.gossip.it\/#\/schema\/person\/488896f75158bff1cc83c6c39d141110","name":"La Redazione","image":{"@type":"ImageObject","inLanguage":"it-IT","@id":"https:\/\/www.gossip.it\/#\/schema\/person\/image\/","url":"https:\/\/secure.gravatar.com\/avatar\/5a5f5c6fa3e6700e4249abdad0263a1e94e927d9e0499b1cb09c1cd29c044d80?s=96&d=mm&r=g","contentUrl":"https:\/\/secure.gravatar.com\/avatar\/5a5f5c6fa3e6700e4249abdad0263a1e94e927d9e0499b1cb09c1cd29c044d80?s=96&d=mm&r=g","caption":"La Redazione"},"sameAs":["https:\/\/www.gossip.it"]}]}},"amp_enabled":true,"_links":{"self":[{"href":"https:\/\/www.gossip.it\/api\/wp\/v2\/posts\/56698","targetHints":{"allow":["GET"]}}],"collection":[{"href":"https:\/\/www.gossip.it\/api\/wp\/v2\/posts"}],"about":[{"href":"https:\/\/www.gossip.it\/api\/wp\/v2\/types\/post"}],"author":[{"embeddable":true,"href":"https:\/\/www.gossip.it\/api\/wp\/v2\/users\/1"}],"replies":[{"embeddable":true,"href":"https:\/\/www.gossip.it\/api\/wp\/v2\/comments?post=56698"}],"version-history":[{"count":0,"href":"https:\/\/www.gossip.it\/api\/wp\/v2\/posts\/56698\/revisions"}],"wp:featuredmedia":[{"embeddable":true,"href":"https:\/\/www.gossip.it\/api\/wp\/v2\/media\/112744"}],"wp:attachment":[{"href":"https:\/\/www.gossip.it\/api\/wp\/v2\/media?parent=56698"}],"wp:term":[{"taxonomy":"category","embeddable":true,"href":"https:\/\/www.gossip.it\/api\/wp\/v2\/categories?post=56698"},{"taxonomy":"post_tag","embeddable":true,"href":"https:\/\/www.gossip.it\/api\/wp\/v2\/tags?post=56698"},{"taxonomy":"vip","embeddable":true,"href":"https:\/\/www.gossip.it\/api\/wp\/v2\/vip?post=56698"}],"curies":[{"name":"wp","href":"https:\/\/api.w.org\/{rel}","templated":true}]}}