{"id":56717,"date":"2016-11-28T00:00:00","date_gmt":"2016-11-27T23:00:00","guid":{"rendered":"https:\/\/www.gossip.it\/senza-categoria\/laura-freddi-leonardo-d-amico-bagaglino\/"},"modified":"2016-11-28T00:00:00","modified_gmt":"2016-11-27T23:00:00","slug":"laura-freddi-leonardo-d-amico-bagaglino","status":"publish","type":"post","link":"https:\/\/www.gossip.it\/news\/laura-freddi-leonardo-d-amico-bagaglino\/","title":{"rendered":"Laura Freddi e Leonardo D'Amico alla prima di Pingitore al Bagaglino"},"content":{"rendered":"<p><a href=\"\/vip\/laura-freddi\/\">Laura Freddi<\/a> alla prima a Roma, al <strong>Bagaglino<\/strong>, del nuovo show di <a href=\"\/vip\/pier-francesco pingitore\/\">Pier Francesco Pingitore<\/a> \u00e8 arrivata stretta, stretta al suo compagno, <a href=\"\/vip\/leonardo-d'amico\/\">Leonardo D'Amico<\/a>, il fisioterapista della Nazionale di beach volley che le ha letteralmente rapito il cuore.<\/p>\n<figure class=\"caption\"><img decoding=\"async\" alt=\"\" width=\"640\" height=\"896\" src=\"http:\/\/files.gossip.it\/immagini_news\/2016\/11\/1480333354_freddi_1.jpg\" \/><figcaption>Laura Freddi e Leonardo D'Amico al Bagaglino a Roma<\/figcaption><\/figure>\n<p>Coccole, sorrisi e abbracci per <strong>Laura Freddi<\/strong> e <strong>Leonardo D'Amico<\/strong>, entusiasti della serata. La coppia ha approfittato della prima al <strong>Bagaglino<\/strong> di <em>\"Magnamose tutto\"<\/em> per tuffarsi nella <a href=\"\/vip\/mondanit\u00e0\/\">mondanit\u00e0<\/a> capitolina con tanti altri vip.<\/p>\n<p>La prima dello show di Pingitore al <strong>Bagaglino<\/strong> \u00e8 stata un successo. <strong>Laura Freddi<\/strong> e <strong>Leonardo D'Amico<\/strong>, entusiasti, hanno applaudito calorosamente <a href=\"\/vip\/valeria-marini\/\">Valeria Marini<\/a> e <a href=\"\/vip\/pamela-prati\/\">Pamela Prati<\/a>, prime donne sul palco insieme, come pure tutti gli altri protagonisti dello spettacolo esilarante, pieno zeppo di satira e balletti.<\/p>\n<figure class=\"caption\"><img decoding=\"async\" alt=\"\" width=\"640\" height=\"823\" src=\"http:\/\/files.gossip.it\/immagini_news\/2016\/11\/1480333390_freddi_2.jpg\" \/><figcaption>La coppia mondana per la prima di 'Magnamose tutto' di Pier Francesco Pingitore<\/figcaption><\/figure>\n<p>L'ex ragazza di \"<a href=\"\/vip\/non-\u00e8 la rai\/\">Non \u00e8 la Rai<\/a>\", dopo il <a href=\"\/vip\/gf-vip\/\">GF Vip<\/a>, \u00e8 tornata alla sua vita fuori dalla Casa. Vorrebbe continuare a fare <a href=\"\/vip\/tv\/\">tv<\/a>, con i <a href=\"\/vip\/reality\/\">reality<\/a> invece basta. <em>\"Non lo rifarei pi\u00f9, non sono tagliata per i reality ma sono contenta di avere scelto il \u201cpadre\u201d di tutti per capirlo\u201d<\/em>, ha detto intervistata di recente.<\/p>\n<figure class=\"caption\"><img decoding=\"async\" alt=\"\" width=\"640\" height=\"844\" src=\"http:\/\/files.gossip.it\/immagini_news\/2016\/11\/1480333438_fredddi_3.jpg\" \/><figcaption>La 44enne e il compagno sono sembrati molto affiatati<\/figcaption><\/figure>\n<p>Vuole un figlio, ne sente fortemente la mancanza, come rivelato pi\u00f9 volte. E non si sente cos\u00ec scontata, al punto da essere stata ignorata nella puntata speciale del <a href=\"\/vip\/grande-fratello vip\/\">Grande Fratello Vip<\/a>: <em>\"In realt\u00e0 mi chiedo, ancora oggi, come mai abbiano voluto chiudere un\u2019annata boom, in termini di ascolti, con una puntata registrata dove in realt\u00e0 si \u00e8 fatto un riassunto. In molti mi hanno chiesto dove fossi e se ci fossi, quindi, se se ne sono accorti vuol dire che si \u00e8 sentita la mia mancanza, quindi meglio cos\u00ec\u201d<\/em>.\u00a0<\/p>\n<p>Insieme a Leonardo va avanti a modo suo, a 44 anni si sente in pace con se stessa: a lei i litigi stupidi e le polemiche inutili non sono mai interessate.<\/p>\n<figure class=\"caption\"><img decoding=\"async\" alt=\"\" width=\"640\" height=\"927\" src=\"http:\/\/files.gossip.it\/immagini_news\/2016\/11\/1480333469_freddi_4.jpg\" \/><figcaption>Laura, dopo il GF Vip, vorrebbe tornare a fare tv<\/figcaption><\/figure>\n<p>\u00a0<\/p>\n","protected":false},"excerpt":{"rendered":"<p>Laura Freddi alla prima a Roma, al Bagaglino, del nuovo show di Pier Francesco Pingitore \u00e8 arrivata stretta, stretta al suo compagno, Leonardo D'Amico, il fisioterapista della Nazionale di beach volley che le ha letteralmente rapito il cuore. Laura Freddi e Leonardo D'Amico al Bagaglino a Roma Coccole, sorrisi e abbracci per Laura Freddi e [&hellip;]<\/p>\n","protected":false},"author":1,"featured_media":112763,"comment_status":"closed","ping_status":"closed","sticky":false,"template":"","format":"standard","meta":{"footnotes":""},"categories":[54],"tags":[2453,2126,1875,55515,55511,10569,1879,1967],"vip":[1080,1449,1807],"class_list":["post-56717","post","type-post","status-publish","format-standard","has-post-thumbnail","hentry","category-news","tag-bagaglino","tag-gf-vip","tag-grande-fratello-vip","tag-leonardo-damico","tag-magnamose-tutto","tag-pier-francesco-pingitore","tag-roma","tag-showgirl","vip-laura_freddi","vip-pamela_prati","vip-valeria_marini"],"yoast_head":"<title>Laura Freddi e Leonardo D&#039;Amico alla prima di Pingitore al Bagaglino - Gossip.it | News sul Gossip e VIP<\/title>\n<meta name=\"description\" content=\"Laura Freddi alla prima a Roma, al Bagaglino, del nuovo show di Pier Francesco Pingitore \u00e8 arrivata stretta, stretta al suo compagno, Leonardo D&#039;Amico, il\" \/>\n<meta name=\"robots\" content=\"index, follow, max-snippet:-1, max-image-preview:large, max-video-preview:-1\" \/>\n<link rel=\"canonical\" href=\"https:\/\/www.gossip.it\/news\/laura-freddi-leonardo-d-amico-bagaglino\/\" \/>\n<meta property=\"og:locale\" content=\"it_IT\" \/>\n<meta property=\"og:type\" content=\"article\" \/>\n<meta property=\"og:title\" content=\"Laura Freddi e Leonardo D&#039;Amico alla prima di Pingitore al Bagaglino - Gossip.it | News sul Gossip e VIP\" \/>\n<meta property=\"og:description\" content=\"Laura Freddi alla prima a Roma, al Bagaglino, del nuovo show di Pier Francesco Pingitore \u00e8 arrivata stretta, stretta al suo compagno, Leonardo D&#039;Amico, il\" \/>\n<meta property=\"og:url\" content=\"https:\/\/www.gossip.it\/news\/laura-freddi-leonardo-d-amico-bagaglino\/\" \/>\n<meta property=\"og:site_name\" content=\"Gossip.it | News sul Gossip e VIP\" \/>\n<meta property=\"article:publisher\" content=\"https:\/\/www.facebook.com\/GossipIT\" \/>\n<meta property=\"article:published_time\" content=\"2016-11-27T23:00:00+00:00\" \/>\n<meta property=\"og:image\" content=\"http:\/\/files.gossip.it\/immagini_news\/2016\/11\/1480333354_freddi_1.jpg\" \/>\n<meta name=\"author\" content=\"La Redazione\" \/>\n<meta name=\"twitter:card\" content=\"summary_large_image\" \/>\n<meta name=\"twitter:image\" content=\"http:\/\/files.gossip.it\/immagini_news\/2016\/11\/1480333354_freddi_1.jpg\" \/>\n<meta name=\"twitter:creator\" content=\"@gossinews_it\" \/>\n<meta name=\"twitter:site\" content=\"@gossinews_it\" \/>\n<meta name=\"twitter:label1\" content=\"Scritto da\" \/>\n\t<meta name=\"twitter:data1\" content=\"Annamaria Capozzi\" \/>\n\t<meta name=\"twitter:label2\" content=\"Tempo di lettura stimato\" \/>\n\t<meta name=\"twitter:data2\" content=\"2 minuti\" \/>","yoast_head_json":{"title":"Laura Freddi e Leonardo D'Amico alla prima di Pingitore al Bagaglino - Gossip.it | News sul Gossip e VIP","description":"Laura Freddi alla prima a Roma, al Bagaglino, del nuovo show di Pier Francesco Pingitore \u00e8 arrivata stretta, stretta al suo compagno, Leonardo D'Amico, il","robots":{"index":"index","follow":"follow","max-snippet":"max-snippet:-1","max-image-preview":"max-image-preview:large","max-video-preview":"max-video-preview:-1"},"canonical":"https:\/\/www.gossip.it\/news\/laura-freddi-leonardo-d-amico-bagaglino\/","og_locale":"it_IT","og_type":"article","og_title":"Laura Freddi e Leonardo D'Amico alla prima di Pingitore al Bagaglino - Gossip.it | News sul Gossip e VIP","og_description":"Laura Freddi alla prima a Roma, al Bagaglino, del nuovo show di Pier Francesco Pingitore \u00e8 arrivata stretta, stretta al suo compagno, Leonardo D'Amico, il","og_url":"https:\/\/www.gossip.it\/news\/laura-freddi-leonardo-d-amico-bagaglino\/","og_site_name":"Gossip.it | News sul Gossip e VIP","article_publisher":"https:\/\/www.facebook.com\/GossipIT","article_published_time":"2016-11-27T23:00:00+00:00","og_image":[{"url":"http:\/\/files.gossip.it\/immagini_news\/2016\/11\/1480333354_freddi_1.jpg"}],"author":"La Redazione","twitter_card":"summary_large_image","twitter_image":"http:\/\/files.gossip.it\/immagini_news\/2016\/11\/1480333354_freddi_1.jpg","twitter_creator":"@gossinews_it","twitter_site":"@gossinews_it","twitter_misc":{"Scritto da":"Annamaria Capozzi","Tempo di lettura stimato":"2 minuti"},"schema":{"@context":"https:\/\/schema.org","@graph":[{"@type":"Article","@id":"https:\/\/www.gossip.it\/news\/laura-freddi-leonardo-d-amico-bagaglino\/#article","isPartOf":{"@id":"https:\/\/www.gossip.it\/news\/laura-freddi-leonardo-d-amico-bagaglino\/"},"author":{"name":"La Redazione","@id":"https:\/\/www.gossip.it\/#\/schema\/person\/488896f75158bff1cc83c6c39d141110"},"headline":"Laura Freddi e Leonardo D'Amico alla prima di Pingitore al Bagaglino","datePublished":"2016-11-27T23:00:00+00:00","dateModified":"2016-11-27T23:00:00+00:00","mainEntityOfPage":{"@id":"https:\/\/www.gossip.it\/news\/laura-freddi-leonardo-d-amico-bagaglino\/"},"wordCount":345,"publisher":{"@id":"https:\/\/www.gossip.it\/#organization"},"image":{"@id":"https:\/\/www.gossip.it\/news\/laura-freddi-leonardo-d-amico-bagaglino\/#primaryimage"},"thumbnailUrl":"http:\/\/files.gossip.it\/immagini_news\/2016\/11\/1480333354_freddi_1.jpg","keywords":["bagaglino","gf vip","grande fratello vip","leonardo d'amico","magnamose tutto","pier francesco pingitore","roma","showgirl"],"articleSection":["News"],"inLanguage":"it-IT"},{"@type":"WebPage","@id":"https:\/\/www.gossip.it\/news\/laura-freddi-leonardo-d-amico-bagaglino\/","url":"https:\/\/www.gossip.it\/news\/laura-freddi-leonardo-d-amico-bagaglino\/","name":"Laura Freddi e Leonardo D'Amico alla prima di Pingitore al Bagaglino - Gossip.it | News sul Gossip e VIP","isPartOf":{"@id":"https:\/\/www.gossip.it\/#website"},"primaryImageOfPage":{"@id":"https:\/\/www.gossip.it\/news\/laura-freddi-leonardo-d-amico-bagaglino\/#primaryimage"},"image":{"@id":"https:\/\/www.gossip.it\/news\/laura-freddi-leonardo-d-amico-bagaglino\/#primaryimage"},"thumbnailUrl":"http:\/\/files.gossip.it\/immagini_news\/2016\/11\/1480333354_freddi_1.jpg","datePublished":"2016-11-27T23:00:00+00:00","dateModified":"2016-11-27T23:00:00+00:00","description":"Laura Freddi alla prima a Roma, al Bagaglino, del nuovo show di Pier Francesco Pingitore \u00e8 arrivata stretta, stretta al suo compagno, Leonardo D'Amico, il","breadcrumb":{"@id":"https:\/\/www.gossip.it\/news\/laura-freddi-leonardo-d-amico-bagaglino\/#breadcrumb"},"inLanguage":"it-IT","potentialAction":[{"@type":"ReadAction","target":["https:\/\/www.gossip.it\/news\/laura-freddi-leonardo-d-amico-bagaglino\/"]}]},{"@type":"ImageObject","inLanguage":"it-IT","@id":"https:\/\/www.gossip.it\/news\/laura-freddi-leonardo-d-amico-bagaglino\/#primaryimage","url":"http:\/\/files.gossip.it\/immagini_news\/2016\/11\/1480333354_freddi_1.jpg","contentUrl":"http:\/\/files.gossip.it\/immagini_news\/2016\/11\/1480333354_freddi_1.jpg"},{"@type":"BreadcrumbList","@id":"https:\/\/www.gossip.it\/news\/laura-freddi-leonardo-d-amico-bagaglino\/#breadcrumb","itemListElement":[{"@type":"ListItem","position":1,"name":"Home","item":"https:\/\/www.gossip.it\/"},{"@type":"ListItem","position":2,"name":"Laura Freddi e Leonardo D'Amico alla prima di Pingitore al Bagaglino"}]},{"@type":"WebSite","@id":"https:\/\/www.gossip.it\/#website","url":"https:\/\/www.gossip.it\/","name":"Gossip and VIP News","description":"Quotidiano di cronaca rosa, costume e societ\u00e0","publisher":{"@id":"https:\/\/www.gossip.it\/#organization"},"alternateName":"Gossip and VIP News","potentialAction":[{"@type":"SearchAction","target":{"@type":"EntryPoint","urlTemplate":"https:\/\/www.gossip.it\/?s={search_term_string}"},"query-input":{"@type":"PropertyValueSpecification","valueRequired":true,"valueName":"search_term_string"}}],"inLanguage":"it-IT"},{"@type":"Organization","@id":"https:\/\/www.gossip.it\/#organization","name":"Gossip and VIP News","alternateName":"Gossip News","url":"https:\/\/www.gossip.it\/","logo":{"@type":"ImageObject","inLanguage":"it-IT","@id":"https:\/\/www.gossip.it\/#\/schema\/logo\/image\/","url":"https:\/\/www.gossip.it\/wp-content\/uploads\/2022\/04\/cropped-corna-alta-tiny.png","contentUrl":"https:\/\/www.gossip.it\/wp-content\/uploads\/2022\/04\/cropped-corna-alta-tiny.png","width":512,"height":512,"caption":"Gossip and VIP News"},"image":{"@id":"https:\/\/www.gossip.it\/#\/schema\/logo\/image\/"},"sameAs":["https:\/\/www.facebook.com\/GossipIT","https:\/\/x.com\/gossinews_it","https:\/\/instagram.com\/gossip_it"]},{"@type":"Person","@id":"https:\/\/www.gossip.it\/#\/schema\/person\/488896f75158bff1cc83c6c39d141110","name":"La Redazione","image":{"@type":"ImageObject","inLanguage":"it-IT","@id":"https:\/\/www.gossip.it\/#\/schema\/person\/image\/","url":"https:\/\/secure.gravatar.com\/avatar\/5a5f5c6fa3e6700e4249abdad0263a1e94e927d9e0499b1cb09c1cd29c044d80?s=96&d=mm&r=g","contentUrl":"https:\/\/secure.gravatar.com\/avatar\/5a5f5c6fa3e6700e4249abdad0263a1e94e927d9e0499b1cb09c1cd29c044d80?s=96&d=mm&r=g","caption":"La Redazione"},"sameAs":["https:\/\/www.gossip.it"]}]}},"amp_enabled":true,"_links":{"self":[{"href":"https:\/\/www.gossip.it\/api\/wp\/v2\/posts\/56717","targetHints":{"allow":["GET"]}}],"collection":[{"href":"https:\/\/www.gossip.it\/api\/wp\/v2\/posts"}],"about":[{"href":"https:\/\/www.gossip.it\/api\/wp\/v2\/types\/post"}],"author":[{"embeddable":true,"href":"https:\/\/www.gossip.it\/api\/wp\/v2\/users\/1"}],"replies":[{"embeddable":true,"href":"https:\/\/www.gossip.it\/api\/wp\/v2\/comments?post=56717"}],"version-history":[{"count":0,"href":"https:\/\/www.gossip.it\/api\/wp\/v2\/posts\/56717\/revisions"}],"wp:featuredmedia":[{"embeddable":true,"href":"https:\/\/www.gossip.it\/api\/wp\/v2\/media\/112763"}],"wp:attachment":[{"href":"https:\/\/www.gossip.it\/api\/wp\/v2\/media?parent=56717"}],"wp:term":[{"taxonomy":"category","embeddable":true,"href":"https:\/\/www.gossip.it\/api\/wp\/v2\/categories?post=56717"},{"taxonomy":"post_tag","embeddable":true,"href":"https:\/\/www.gossip.it\/api\/wp\/v2\/tags?post=56717"},{"taxonomy":"vip","embeddable":true,"href":"https:\/\/www.gossip.it\/api\/wp\/v2\/vip?post=56717"}],"curies":[{"name":"wp","href":"https:\/\/api.w.org\/{rel}","templated":true}]}}