{"id":56883,"date":"2016-12-19T00:00:00","date_gmt":"2016-12-18T23:00:00","guid":{"rendered":"https:\/\/www.gossip.it\/senza-categoria\/chiara-ferragni-papa-francesco\/"},"modified":"2016-12-19T00:00:00","modified_gmt":"2016-12-18T23:00:00","slug":"chiara-ferragni-papa-francesco","status":"publish","type":"post","link":"https:\/\/www.gossip.it\/news\/chiara-ferragni-papa-francesco\/","title":{"rendered":"Chiara Ferragni: 'Fantastico, sono pi\u00f9 seguita di Papa Francesco'"},"content":{"rendered":"<p><a href=\"\/vip\/chiara-ferragni\/\">Chiara Ferragni<\/a> sul <a href=\"\/vip\/social\/\">social<\/a> \u00e8 pi\u00f9 seguita di <strong>Papa Francesco<\/strong>. La 29enne nel 2016 di prende la medaglia d'oro: \u00e8 il suo il top account dell'anno.<\/p>\n<figure class=\"caption\"><img decoding=\"async\" alt=\"\" width=\"640\" height=\"794\" src=\"http:\/\/files.gossip.it\/immagini_news\/2016\/12\/1482151707_ferragni_1.jpg\" \/><figcaption>Chiara Ferragni sul social \u00e8 pi\u00f9 seguita di Papa Francesco<\/figcaption><\/figure>\n<p><em>'It girl'<\/em> con i fiocchi, la faschion blogger \u00e8 l'influencer che eccelle. <strong>Chiara Ferragni<\/strong> batte <strong>Papa Francesco<\/strong> con i suoi 7,4 milioni di follower. Pi\u00f9 popolare del Pontefice, tutto quel che tocca diventa oro. La classifica diffusa da Facebook parla chiaro.<\/p>\n<p>Icona di stile, <strong>Chiara Ferragni<\/strong> \u00e8 molto imitata. Ora, poi, che \u00e8 la fidanzata di <a href=\"\/vip\/fedez\/\">Fedez<\/a> (e con lui trascorre i suoi <em>'giorni italiani'<\/em>), spopola. I riflettori sono ancor pi\u00f9 puntati su di lei, almeno qui in Italia.<\/p>\n<figure class=\"caption\"><img decoding=\"async\" alt=\"\" width=\"640\" height=\"474\" src=\"http:\/\/files.gossip.it\/immagini_news\/2016\/12\/1482151752_ferragni_3.jpg\" \/><figcaption>La fashion blogger si diverte con il fidanzato, Fedez<\/figcaption><\/figure>\n<p>Regina di Instagram, intervistata da <em>D<\/em> di <em>Repubblica<\/em>, dice: <em>\"Vivo tra Milano e Los Angeles e sono pi\u00f9 seguita di <strong>Papa Francesco<\/strong>, ma non mi sento un cervello in fuga. E' fantastico essere la persona pi\u00f9 seguita su Instagram in Italia\u201d<\/em>. Poi, ancora una volta, parla di tv e spiega: \u00a0<em>\u201cNon ho mai fatto televisione perch\u00e8 non era il mio sogno pi\u00f9 grande\u201d<\/em>.\u00a0<\/p>\n<p>Il primo posto \u00e8 tutto di Chiara. Al secondo c'\u00e8 <a href=\"\/vip\/gianluca-vacchi\/\">Gianluca Vacchi<\/a> con 6,6 milioni di fan; al terzo posto, c' \u00e8 un altro fashion blogger, ora mentore a \"<a href=\"\/vip\/selfie\/\">Selfie<\/a>\", <a href=\"\/vip\/mariano-di vaio\/\">Mariano Di Vaio<\/a> con 5,1 milioni di follower.<\/p>\n<figure class=\"caption\"><img decoding=\"async\" alt=\"\" width=\"640\" height=\"521\" src=\"http:\/\/files.gossip.it\/immagini_news\/2016\/12\/1482151770_ferragni_2.jpg\" \/><figcaption>Una domenica piena di coccole<\/figcaption><\/figure>\n<p>La classifica prosegue poi con <a href=\"\/vip\/belen-rodriguez\/\">Belen Rodriguez<\/a> (4,8 mln), <a href=\"\/vip\/mario-balotelli\/\">Mario Balotelli<\/a> (4,6 mln), <a href=\"\/vip\/valentino-rossi\/\">Valentino Rossi<\/a> (3,6 mln), <strong>Papa Francesco<\/strong> (3,4 mln) e, a chiudere la top 10 sono Fedez (2,7 mln), <a href=\"\/vip\/el-sharaawy\/\">El Sharaawy<\/a> (2,7 mln) e <a href=\"\/vip\/alessia-marcuzzi\/\">Alessia Marcuzzi<\/a> (2,6 mln).<\/p>\n<p>\u00a0<\/p>\n<p>\u00a0<\/p>\n","protected":false},"excerpt":{"rendered":"<p>Chiara Ferragni sul social \u00e8 pi\u00f9 seguita di Papa Francesco. La 29enne nel 2016 di prende la medaglia d'oro: \u00e8 il suo il top account dell'anno. Chiara Ferragni sul social \u00e8 pi\u00f9 seguita di Papa Francesco 'It girl' con i fiocchi, la faschion blogger \u00e8 l'influencer che eccelle. Chiara Ferragni batte Papa Francesco con i [&hellip;]<\/p>\n","protected":false},"author":1,"featured_media":112929,"comment_status":"closed","ping_status":"closed","sticky":false,"template":"","format":"standard","meta":{"footnotes":""},"categories":[54],"tags":[8823,7313,6035,2121,41808,5463,1923],"vip":[481],"class_list":["post-56883","post","type-post","status-publish","format-standard","has-post-thumbnail","hentry","category-news","tag-blogger","tag-fashion-blogger","tag-fedez","tag-instagram","tag-papa-francesco","tag-rapper","tag-social","vip-chiara_ferragni"],"yoast_head":"<title>Chiara Ferragni: &#039;Fantastico, sono pi\u00f9 seguita di Papa Francesco&#039; - Gossip.it | News sul Gossip e VIP<\/title>\n<meta name=\"description\" content=\"Chiara Ferragni sul social \u00e8 pi\u00f9 seguita di Papa Francesco. La 29enne nel 2016 di prende la medaglia d&#039;oro: \u00e8 il suo il top account dell&#039;anno.Chiara\" \/>\n<meta name=\"robots\" content=\"index, follow, max-snippet:-1, max-image-preview:large, max-video-preview:-1\" \/>\n<link rel=\"canonical\" href=\"https:\/\/www.gossip.it\/news\/chiara-ferragni-papa-francesco\/\" \/>\n<meta property=\"og:locale\" content=\"it_IT\" \/>\n<meta property=\"og:type\" content=\"article\" \/>\n<meta property=\"og:title\" content=\"Chiara Ferragni: &#039;Fantastico, sono pi\u00f9 seguita di Papa Francesco&#039; - Gossip.it | News sul Gossip e VIP\" \/>\n<meta property=\"og:description\" content=\"Chiara Ferragni sul social \u00e8 pi\u00f9 seguita di Papa Francesco. La 29enne nel 2016 di prende la medaglia d&#039;oro: \u00e8 il suo il top account dell&#039;anno.Chiara\" \/>\n<meta property=\"og:url\" content=\"https:\/\/www.gossip.it\/news\/chiara-ferragni-papa-francesco\/\" \/>\n<meta property=\"og:site_name\" content=\"Gossip.it | News sul Gossip e VIP\" \/>\n<meta property=\"article:publisher\" content=\"https:\/\/www.facebook.com\/GossipIT\" \/>\n<meta property=\"article:published_time\" content=\"2016-12-18T23:00:00+00:00\" \/>\n<meta property=\"og:image\" content=\"http:\/\/files.gossip.it\/immagini_news\/2016\/12\/1482151707_ferragni_1.jpg\" \/>\n<meta name=\"author\" content=\"La Redazione\" \/>\n<meta name=\"twitter:card\" content=\"summary_large_image\" \/>\n<meta name=\"twitter:image\" content=\"http:\/\/files.gossip.it\/immagini_news\/2016\/12\/1482151707_ferragni_1.jpg\" \/>\n<meta name=\"twitter:creator\" content=\"@gossinews_it\" \/>\n<meta name=\"twitter:site\" content=\"@gossinews_it\" \/>\n<meta name=\"twitter:label1\" content=\"Scritto da\" \/>\n\t<meta name=\"twitter:data1\" content=\"Annamaria Capozzi\" \/>\n\t<meta name=\"twitter:label2\" content=\"Tempo di lettura stimato\" \/>\n\t<meta name=\"twitter:data2\" content=\"1 minuto\" \/>","yoast_head_json":{"title":"Chiara Ferragni: 'Fantastico, sono pi\u00f9 seguita di Papa Francesco' - Gossip.it | News sul Gossip e VIP","description":"Chiara Ferragni sul social \u00e8 pi\u00f9 seguita di Papa Francesco. La 29enne nel 2016 di prende la medaglia d'oro: \u00e8 il suo il top account dell'anno.Chiara","robots":{"index":"index","follow":"follow","max-snippet":"max-snippet:-1","max-image-preview":"max-image-preview:large","max-video-preview":"max-video-preview:-1"},"canonical":"https:\/\/www.gossip.it\/news\/chiara-ferragni-papa-francesco\/","og_locale":"it_IT","og_type":"article","og_title":"Chiara Ferragni: 'Fantastico, sono pi\u00f9 seguita di Papa Francesco' - Gossip.it | News sul Gossip e VIP","og_description":"Chiara Ferragni sul social \u00e8 pi\u00f9 seguita di Papa Francesco. La 29enne nel 2016 di prende la medaglia d'oro: \u00e8 il suo il top account dell'anno.Chiara","og_url":"https:\/\/www.gossip.it\/news\/chiara-ferragni-papa-francesco\/","og_site_name":"Gossip.it | News sul Gossip e VIP","article_publisher":"https:\/\/www.facebook.com\/GossipIT","article_published_time":"2016-12-18T23:00:00+00:00","og_image":[{"url":"http:\/\/files.gossip.it\/immagini_news\/2016\/12\/1482151707_ferragni_1.jpg"}],"author":"La Redazione","twitter_card":"summary_large_image","twitter_image":"http:\/\/files.gossip.it\/immagini_news\/2016\/12\/1482151707_ferragni_1.jpg","twitter_creator":"@gossinews_it","twitter_site":"@gossinews_it","twitter_misc":{"Scritto da":"Annamaria Capozzi","Tempo di lettura stimato":"1 minuto"},"schema":{"@context":"https:\/\/schema.org","@graph":[{"@type":"Article","@id":"https:\/\/www.gossip.it\/news\/chiara-ferragni-papa-francesco\/#article","isPartOf":{"@id":"https:\/\/www.gossip.it\/news\/chiara-ferragni-papa-francesco\/"},"author":{"name":"La Redazione","@id":"https:\/\/www.gossip.it\/#\/schema\/person\/488896f75158bff1cc83c6c39d141110"},"headline":"Chiara Ferragni: 'Fantastico, sono pi\u00f9 seguita di Papa Francesco'","datePublished":"2016-12-18T23:00:00+00:00","dateModified":"2016-12-18T23:00:00+00:00","mainEntityOfPage":{"@id":"https:\/\/www.gossip.it\/news\/chiara-ferragni-papa-francesco\/"},"wordCount":262,"publisher":{"@id":"https:\/\/www.gossip.it\/#organization"},"image":{"@id":"https:\/\/www.gossip.it\/news\/chiara-ferragni-papa-francesco\/#primaryimage"},"thumbnailUrl":"http:\/\/files.gossip.it\/immagini_news\/2016\/12\/1482151707_ferragni_1.jpg","keywords":["blogger","fashion blogger","fedez","instagram","papa francesco","rapper","social"],"articleSection":["News"],"inLanguage":"it-IT"},{"@type":"WebPage","@id":"https:\/\/www.gossip.it\/news\/chiara-ferragni-papa-francesco\/","url":"https:\/\/www.gossip.it\/news\/chiara-ferragni-papa-francesco\/","name":"Chiara Ferragni: 'Fantastico, sono pi\u00f9 seguita di Papa Francesco' - Gossip.it | News sul Gossip e VIP","isPartOf":{"@id":"https:\/\/www.gossip.it\/#website"},"primaryImageOfPage":{"@id":"https:\/\/www.gossip.it\/news\/chiara-ferragni-papa-francesco\/#primaryimage"},"image":{"@id":"https:\/\/www.gossip.it\/news\/chiara-ferragni-papa-francesco\/#primaryimage"},"thumbnailUrl":"http:\/\/files.gossip.it\/immagini_news\/2016\/12\/1482151707_ferragni_1.jpg","datePublished":"2016-12-18T23:00:00+00:00","dateModified":"2016-12-18T23:00:00+00:00","description":"Chiara Ferragni sul social \u00e8 pi\u00f9 seguita di Papa Francesco. La 29enne nel 2016 di prende la medaglia d'oro: \u00e8 il suo il top account dell'anno.Chiara","breadcrumb":{"@id":"https:\/\/www.gossip.it\/news\/chiara-ferragni-papa-francesco\/#breadcrumb"},"inLanguage":"it-IT","potentialAction":[{"@type":"ReadAction","target":["https:\/\/www.gossip.it\/news\/chiara-ferragni-papa-francesco\/"]}]},{"@type":"ImageObject","inLanguage":"it-IT","@id":"https:\/\/www.gossip.it\/news\/chiara-ferragni-papa-francesco\/#primaryimage","url":"http:\/\/files.gossip.it\/immagini_news\/2016\/12\/1482151707_ferragni_1.jpg","contentUrl":"http:\/\/files.gossip.it\/immagini_news\/2016\/12\/1482151707_ferragni_1.jpg"},{"@type":"BreadcrumbList","@id":"https:\/\/www.gossip.it\/news\/chiara-ferragni-papa-francesco\/#breadcrumb","itemListElement":[{"@type":"ListItem","position":1,"name":"Home","item":"https:\/\/www.gossip.it\/"},{"@type":"ListItem","position":2,"name":"Chiara Ferragni: 'Fantastico, sono pi\u00f9 seguita di Papa Francesco'"}]},{"@type":"WebSite","@id":"https:\/\/www.gossip.it\/#website","url":"https:\/\/www.gossip.it\/","name":"Gossip and VIP News","description":"Quotidiano di cronaca rosa, costume e societ\u00e0","publisher":{"@id":"https:\/\/www.gossip.it\/#organization"},"alternateName":"Gossip and VIP News","potentialAction":[{"@type":"SearchAction","target":{"@type":"EntryPoint","urlTemplate":"https:\/\/www.gossip.it\/?s={search_term_string}"},"query-input":{"@type":"PropertyValueSpecification","valueRequired":true,"valueName":"search_term_string"}}],"inLanguage":"it-IT"},{"@type":"Organization","@id":"https:\/\/www.gossip.it\/#organization","name":"Gossip and VIP News","alternateName":"Gossip News","url":"https:\/\/www.gossip.it\/","logo":{"@type":"ImageObject","inLanguage":"it-IT","@id":"https:\/\/www.gossip.it\/#\/schema\/logo\/image\/","url":"https:\/\/www.gossip.it\/wp-content\/uploads\/2022\/04\/cropped-corna-alta-tiny.png","contentUrl":"https:\/\/www.gossip.it\/wp-content\/uploads\/2022\/04\/cropped-corna-alta-tiny.png","width":512,"height":512,"caption":"Gossip and VIP News"},"image":{"@id":"https:\/\/www.gossip.it\/#\/schema\/logo\/image\/"},"sameAs":["https:\/\/www.facebook.com\/GossipIT","https:\/\/x.com\/gossinews_it","https:\/\/instagram.com\/gossip_it"]},{"@type":"Person","@id":"https:\/\/www.gossip.it\/#\/schema\/person\/488896f75158bff1cc83c6c39d141110","name":"La Redazione","image":{"@type":"ImageObject","inLanguage":"it-IT","@id":"https:\/\/www.gossip.it\/#\/schema\/person\/image\/","url":"https:\/\/secure.gravatar.com\/avatar\/5a5f5c6fa3e6700e4249abdad0263a1e94e927d9e0499b1cb09c1cd29c044d80?s=96&d=mm&r=g","contentUrl":"https:\/\/secure.gravatar.com\/avatar\/5a5f5c6fa3e6700e4249abdad0263a1e94e927d9e0499b1cb09c1cd29c044d80?s=96&d=mm&r=g","caption":"La Redazione"},"sameAs":["https:\/\/www.gossip.it"]}]}},"amp_enabled":true,"_links":{"self":[{"href":"https:\/\/www.gossip.it\/api\/wp\/v2\/posts\/56883","targetHints":{"allow":["GET"]}}],"collection":[{"href":"https:\/\/www.gossip.it\/api\/wp\/v2\/posts"}],"about":[{"href":"https:\/\/www.gossip.it\/api\/wp\/v2\/types\/post"}],"author":[{"embeddable":true,"href":"https:\/\/www.gossip.it\/api\/wp\/v2\/users\/1"}],"replies":[{"embeddable":true,"href":"https:\/\/www.gossip.it\/api\/wp\/v2\/comments?post=56883"}],"version-history":[{"count":0,"href":"https:\/\/www.gossip.it\/api\/wp\/v2\/posts\/56883\/revisions"}],"wp:featuredmedia":[{"embeddable":true,"href":"https:\/\/www.gossip.it\/api\/wp\/v2\/media\/112929"}],"wp:attachment":[{"href":"https:\/\/www.gossip.it\/api\/wp\/v2\/media?parent=56883"}],"wp:term":[{"taxonomy":"category","embeddable":true,"href":"https:\/\/www.gossip.it\/api\/wp\/v2\/categories?post=56883"},{"taxonomy":"post_tag","embeddable":true,"href":"https:\/\/www.gossip.it\/api\/wp\/v2\/tags?post=56883"},{"taxonomy":"vip","embeddable":true,"href":"https:\/\/www.gossip.it\/api\/wp\/v2\/vip?post=56883"}],"curies":[{"name":"wp","href":"https:\/\/api.w.org\/{rel}","templated":true}]}}