{"id":56903,"date":"2016-12-21T00:00:00","date_gmt":"2016-12-20T23:00:00","guid":{"rendered":"https:\/\/www.gossip.it\/senza-categoria\/andrea-iannone-belen-futuro\/"},"modified":"2016-12-21T00:00:00","modified_gmt":"2016-12-20T23:00:00","slug":"andrea-iannone-belen-futuro","status":"publish","type":"post","link":"https:\/\/www.gossip.it\/news\/andrea-iannone-belen-futuro\/","title":{"rendered":"Andrea Iannone: 'Belen? Vedremo che ne sar\u00e0 di noi in futuro'"},"content":{"rendered":"<p><a href=\"\/vip\/andrea-iannone\/\">Andrea Iannone<\/a>, intervistato dalla <em>Gazzetta dello Sport<\/em>, non parla solo di moto, immancabilmente arrivano per il pilota 27enne di Vasto le domande su <a href=\"\/vip\/belen\/\">Belen<\/a> e il <strong>futuro<\/strong> in coppia con l'argentina.<\/p>\n<figure class=\"caption\"><img decoding=\"async\" alt=\"\" width=\"640\" height=\"793\" src=\"http:\/\/files.gossip.it\/immagini_news\/2016\/12\/1482317230_andrea_iannone_1.jpg\" \/><figcaption>Andrea Iannone, 27 anni, alla Gazzetta dello Sport parla della fidanzata Belen Rodriguez<\/figcaption><\/figure>\n<p><em>\"Se ne leggono tante e non ne parlo volentieri. Posso dire solo che crescendo mi rendo conto che ci sono anche altri motivi per cui vale la pena vivere oltre alla moto. Sui programmi con <strong>Belen<\/strong> vedremo, vedremo che ne sar\u00e0 di noi in <strong>futuro<\/strong>\"<\/em>, dice<strong> Andrea Iannone<\/strong>.<\/p>\n<p>E' sibillino e non si sbilancia il centauro. <strong>Belen<\/strong> \u00e8 la sua donna, ora vivono l'attimo, in <strong>futuro<\/strong> si vedr\u00e0. Intanto, almeno stando a quel che spiffera <em>Chi<\/em>, i due dovrebbero godersi a breve una bella vacanza in coppia alle Maldive. Dopo <a href=\"\/vip\/fabrizio-corona\/\">Fabrizio Corona<\/a> e <a href=\"\/vip\/stefano-de martino\/\">Stefano De Martino<\/a> la <a href=\"\/vip\/showgirl\/\">showgirl<\/a> va nell'atollo dei sogni, il suo <em>'luogo del delitto' <\/em>preferito, anche con il nuovo fidanzato.<\/p>\n<p><strong>Andrea Iannone<\/strong> \u00e8 riservato, non ama stare al centro del gossip, anche se da quando \u00e8 legato alla Rodriguez ci rimane stabilmente. <em>\"Di diverso c\u2019\u00e8 che prima la gente mi giudicava per ci\u00f2 che facevo in pista, adesso c\u2019\u00e8 chi commenta e qualcuno anche che esprime giudizi su cose private. La cosa pi\u00f9 importante \u00e8 essere sempre te stesso e io di certo sono sempre lo stesso Andrea. Il che non \u00e8 sempre positivo, nel senso che faccio anche cose sbagliate: ma sono uno vero. Per me conta l\u2019amore e le situazioni esterne non lo influenzano. Per me conta la parola data, l\u2019onest\u00e0. la trasparenza: sono il mio abc\"<\/em>, spiega al quotidiano.<\/p>\n<figure class=\"caption\"><img decoding=\"async\" alt=\"\" width=\"640\" height=\"695\" src=\"http:\/\/files.gossip.it\/immagini_news\/2016\/12\/1482317264_belen_rodriguez_2.jpg\" \/><figcaption>Il futuro con la showgirl \u00e8 tutto da scoprire. 'Vedremo', dice sibillino il pilota<\/figcaption><\/figure>\n<p>Ha detto addio alla Ducati, ora ha iniziato la sua nuova avventura in Suzuki e spera che il prossimo MotoGP sia ricco di successi. Ha anche coronato il suo sogno da imprenditore. Ha recentemente inaugurato il Ventinove Sushi Bar nel suo paese natale in societ\u00e0 con il fratello. L'obiettivo \u00e8 realizzare una rete franchising in tutta Europa. Il ragazzo pensa in grande.<\/p>\n<p>\u00a0<\/p>\n<p>\u00a0<\/p>\n","protected":false},"excerpt":{"rendered":"<p>Andrea Iannone, intervistato dalla Gazzetta dello Sport, non parla solo di moto, immancabilmente arrivano per il pilota 27enne di Vasto le domande su Belen e il futuro in coppia con l'argentina. Andrea Iannone, 27 anni, alla Gazzetta dello Sport parla della fidanzata Belen Rodriguez \"Se ne leggono tante e non ne parlo volentieri. Posso dire [&hellip;]<\/p>\n","protected":false},"author":1,"featured_media":112949,"comment_status":"closed","ping_status":"closed","sticky":false,"template":"","format":"standard","meta":{"footnotes":""},"categories":[54],"tags":[10372,2299,2102,6428,3823,2854,17968,2121,2103,2282,1916,1967,1923,11543],"vip":[396],"class_list":["post-56903","post","type-post","status-publish","format-standard","has-post-thumbnail","hentry","category-news","tag-andrea-iannone","tag-belen","tag-dichiarazioni","tag-ducati","tag-fidanzati","tag-futuro","tag-gazzetta-dello-sport","tag-instagram","tag-intervista","tag-motogp","tag-pilota","tag-showgirl","tag-social","tag-suzuki","vip-belen_rodriguez"],"yoast_head":"<title>Andrea Iannone: &#039;Belen? Vedremo che ne sar\u00e0 di noi in futuro&#039; - Gossip.it | News sul Gossip e VIP<\/title>\n<meta name=\"description\" content=\"Andrea Iannone, intervistato dalla Gazzetta dello Sport, non parla solo di moto, immancabilmente arrivano per il pilota 27enne di Vasto le domande su\" \/>\n<meta name=\"robots\" content=\"index, follow, max-snippet:-1, max-image-preview:large, max-video-preview:-1\" \/>\n<link rel=\"canonical\" href=\"https:\/\/www.gossip.it\/news\/andrea-iannone-belen-futuro\/\" \/>\n<meta property=\"og:locale\" content=\"it_IT\" \/>\n<meta property=\"og:type\" content=\"article\" \/>\n<meta property=\"og:title\" content=\"Andrea Iannone: &#039;Belen? Vedremo che ne sar\u00e0 di noi in futuro&#039; - Gossip.it | News sul Gossip e VIP\" \/>\n<meta property=\"og:description\" content=\"Andrea Iannone, intervistato dalla Gazzetta dello Sport, non parla solo di moto, immancabilmente arrivano per il pilota 27enne di Vasto le domande su\" \/>\n<meta property=\"og:url\" content=\"https:\/\/www.gossip.it\/news\/andrea-iannone-belen-futuro\/\" \/>\n<meta property=\"og:site_name\" content=\"Gossip.it | News sul Gossip e VIP\" \/>\n<meta property=\"article:publisher\" content=\"https:\/\/www.facebook.com\/GossipIT\" \/>\n<meta property=\"article:published_time\" content=\"2016-12-20T23:00:00+00:00\" \/>\n<meta property=\"og:image\" content=\"http:\/\/files.gossip.it\/immagini_news\/2016\/12\/1482317230_andrea_iannone_1.jpg\" \/>\n<meta name=\"author\" content=\"La Redazione\" \/>\n<meta name=\"twitter:card\" content=\"summary_large_image\" \/>\n<meta name=\"twitter:image\" content=\"http:\/\/files.gossip.it\/immagini_news\/2016\/12\/1482317230_andrea_iannone_1.jpg\" \/>\n<meta name=\"twitter:creator\" content=\"@gossinews_it\" \/>\n<meta name=\"twitter:site\" content=\"@gossinews_it\" \/>\n<meta name=\"twitter:label1\" content=\"Scritto da\" \/>\n\t<meta name=\"twitter:data1\" content=\"Annamaria Capozzi\" \/>\n\t<meta name=\"twitter:label2\" content=\"Tempo di lettura stimato\" \/>\n\t<meta name=\"twitter:data2\" content=\"2 minuti\" \/>","yoast_head_json":{"title":"Andrea Iannone: 'Belen? Vedremo che ne sar\u00e0 di noi in futuro' - Gossip.it | News sul Gossip e VIP","description":"Andrea Iannone, intervistato dalla Gazzetta dello Sport, non parla solo di moto, immancabilmente arrivano per il pilota 27enne di Vasto le domande su","robots":{"index":"index","follow":"follow","max-snippet":"max-snippet:-1","max-image-preview":"max-image-preview:large","max-video-preview":"max-video-preview:-1"},"canonical":"https:\/\/www.gossip.it\/news\/andrea-iannone-belen-futuro\/","og_locale":"it_IT","og_type":"article","og_title":"Andrea Iannone: 'Belen? Vedremo che ne sar\u00e0 di noi in futuro' - Gossip.it | News sul Gossip e VIP","og_description":"Andrea Iannone, intervistato dalla Gazzetta dello Sport, non parla solo di moto, immancabilmente arrivano per il pilota 27enne di Vasto le domande su","og_url":"https:\/\/www.gossip.it\/news\/andrea-iannone-belen-futuro\/","og_site_name":"Gossip.it | News sul Gossip e VIP","article_publisher":"https:\/\/www.facebook.com\/GossipIT","article_published_time":"2016-12-20T23:00:00+00:00","og_image":[{"url":"http:\/\/files.gossip.it\/immagini_news\/2016\/12\/1482317230_andrea_iannone_1.jpg"}],"author":"La Redazione","twitter_card":"summary_large_image","twitter_image":"http:\/\/files.gossip.it\/immagini_news\/2016\/12\/1482317230_andrea_iannone_1.jpg","twitter_creator":"@gossinews_it","twitter_site":"@gossinews_it","twitter_misc":{"Scritto da":"Annamaria Capozzi","Tempo di lettura stimato":"2 minuti"},"schema":{"@context":"https:\/\/schema.org","@graph":[{"@type":"Article","@id":"https:\/\/www.gossip.it\/news\/andrea-iannone-belen-futuro\/#article","isPartOf":{"@id":"https:\/\/www.gossip.it\/news\/andrea-iannone-belen-futuro\/"},"author":{"name":"La Redazione","@id":"https:\/\/www.gossip.it\/#\/schema\/person\/488896f75158bff1cc83c6c39d141110"},"headline":"Andrea Iannone: 'Belen? Vedremo che ne sar\u00e0 di noi in futuro'","datePublished":"2016-12-20T23:00:00+00:00","dateModified":"2016-12-20T23:00:00+00:00","mainEntityOfPage":{"@id":"https:\/\/www.gossip.it\/news\/andrea-iannone-belen-futuro\/"},"wordCount":354,"publisher":{"@id":"https:\/\/www.gossip.it\/#organization"},"image":{"@id":"https:\/\/www.gossip.it\/news\/andrea-iannone-belen-futuro\/#primaryimage"},"thumbnailUrl":"http:\/\/files.gossip.it\/immagini_news\/2016\/12\/1482317230_andrea_iannone_1.jpg","keywords":["andrea iannone","belen","dichiarazioni","ducati","fidanzati","futuro","Gazzetta dello Sport","instagram","intervista","motogp","pilota","showgirl","social","suzuki"],"articleSection":["News"],"inLanguage":"it-IT"},{"@type":"WebPage","@id":"https:\/\/www.gossip.it\/news\/andrea-iannone-belen-futuro\/","url":"https:\/\/www.gossip.it\/news\/andrea-iannone-belen-futuro\/","name":"Andrea Iannone: 'Belen? Vedremo che ne sar\u00e0 di noi in futuro' - Gossip.it | News sul Gossip e VIP","isPartOf":{"@id":"https:\/\/www.gossip.it\/#website"},"primaryImageOfPage":{"@id":"https:\/\/www.gossip.it\/news\/andrea-iannone-belen-futuro\/#primaryimage"},"image":{"@id":"https:\/\/www.gossip.it\/news\/andrea-iannone-belen-futuro\/#primaryimage"},"thumbnailUrl":"http:\/\/files.gossip.it\/immagini_news\/2016\/12\/1482317230_andrea_iannone_1.jpg","datePublished":"2016-12-20T23:00:00+00:00","dateModified":"2016-12-20T23:00:00+00:00","description":"Andrea Iannone, intervistato dalla Gazzetta dello Sport, non parla solo di moto, immancabilmente arrivano per il pilota 27enne di Vasto le domande su","breadcrumb":{"@id":"https:\/\/www.gossip.it\/news\/andrea-iannone-belen-futuro\/#breadcrumb"},"inLanguage":"it-IT","potentialAction":[{"@type":"ReadAction","target":["https:\/\/www.gossip.it\/news\/andrea-iannone-belen-futuro\/"]}]},{"@type":"ImageObject","inLanguage":"it-IT","@id":"https:\/\/www.gossip.it\/news\/andrea-iannone-belen-futuro\/#primaryimage","url":"http:\/\/files.gossip.it\/immagini_news\/2016\/12\/1482317230_andrea_iannone_1.jpg","contentUrl":"http:\/\/files.gossip.it\/immagini_news\/2016\/12\/1482317230_andrea_iannone_1.jpg"},{"@type":"BreadcrumbList","@id":"https:\/\/www.gossip.it\/news\/andrea-iannone-belen-futuro\/#breadcrumb","itemListElement":[{"@type":"ListItem","position":1,"name":"Home","item":"https:\/\/www.gossip.it\/"},{"@type":"ListItem","position":2,"name":"Andrea Iannone: 'Belen? Vedremo che ne sar\u00e0 di noi in futuro'"}]},{"@type":"WebSite","@id":"https:\/\/www.gossip.it\/#website","url":"https:\/\/www.gossip.it\/","name":"Gossip and VIP News","description":"Quotidiano di cronaca rosa, costume e societ\u00e0","publisher":{"@id":"https:\/\/www.gossip.it\/#organization"},"alternateName":"Gossip and VIP News","potentialAction":[{"@type":"SearchAction","target":{"@type":"EntryPoint","urlTemplate":"https:\/\/www.gossip.it\/?s={search_term_string}"},"query-input":{"@type":"PropertyValueSpecification","valueRequired":true,"valueName":"search_term_string"}}],"inLanguage":"it-IT"},{"@type":"Organization","@id":"https:\/\/www.gossip.it\/#organization","name":"Gossip and VIP News","alternateName":"Gossip News","url":"https:\/\/www.gossip.it\/","logo":{"@type":"ImageObject","inLanguage":"it-IT","@id":"https:\/\/www.gossip.it\/#\/schema\/logo\/image\/","url":"https:\/\/www.gossip.it\/wp-content\/uploads\/2022\/04\/cropped-corna-alta-tiny.png","contentUrl":"https:\/\/www.gossip.it\/wp-content\/uploads\/2022\/04\/cropped-corna-alta-tiny.png","width":512,"height":512,"caption":"Gossip and VIP News"},"image":{"@id":"https:\/\/www.gossip.it\/#\/schema\/logo\/image\/"},"sameAs":["https:\/\/www.facebook.com\/GossipIT","https:\/\/x.com\/gossinews_it","https:\/\/instagram.com\/gossip_it"]},{"@type":"Person","@id":"https:\/\/www.gossip.it\/#\/schema\/person\/488896f75158bff1cc83c6c39d141110","name":"La Redazione","image":{"@type":"ImageObject","inLanguage":"it-IT","@id":"https:\/\/www.gossip.it\/#\/schema\/person\/image\/","url":"https:\/\/secure.gravatar.com\/avatar\/5a5f5c6fa3e6700e4249abdad0263a1e94e927d9e0499b1cb09c1cd29c044d80?s=96&d=mm&r=g","contentUrl":"https:\/\/secure.gravatar.com\/avatar\/5a5f5c6fa3e6700e4249abdad0263a1e94e927d9e0499b1cb09c1cd29c044d80?s=96&d=mm&r=g","caption":"La Redazione"},"sameAs":["https:\/\/www.gossip.it"]}]}},"amp_enabled":true,"_links":{"self":[{"href":"https:\/\/www.gossip.it\/api\/wp\/v2\/posts\/56903","targetHints":{"allow":["GET"]}}],"collection":[{"href":"https:\/\/www.gossip.it\/api\/wp\/v2\/posts"}],"about":[{"href":"https:\/\/www.gossip.it\/api\/wp\/v2\/types\/post"}],"author":[{"embeddable":true,"href":"https:\/\/www.gossip.it\/api\/wp\/v2\/users\/1"}],"replies":[{"embeddable":true,"href":"https:\/\/www.gossip.it\/api\/wp\/v2\/comments?post=56903"}],"version-history":[{"count":0,"href":"https:\/\/www.gossip.it\/api\/wp\/v2\/posts\/56903\/revisions"}],"wp:featuredmedia":[{"embeddable":true,"href":"https:\/\/www.gossip.it\/api\/wp\/v2\/media\/112949"}],"wp:attachment":[{"href":"https:\/\/www.gossip.it\/api\/wp\/v2\/media?parent=56903"}],"wp:term":[{"taxonomy":"category","embeddable":true,"href":"https:\/\/www.gossip.it\/api\/wp\/v2\/categories?post=56903"},{"taxonomy":"post_tag","embeddable":true,"href":"https:\/\/www.gossip.it\/api\/wp\/v2\/tags?post=56903"},{"taxonomy":"vip","embeddable":true,"href":"https:\/\/www.gossip.it\/api\/wp\/v2\/vip?post=56903"}],"curies":[{"name":"wp","href":"https:\/\/api.w.org\/{rel}","templated":true}]}}