{"id":56932,"date":"2016-12-27T00:00:00","date_gmt":"2016-12-26T23:00:00","guid":{"rendered":"https:\/\/www.gossip.it\/senza-categoria\/lorella-cuccarini-orticaria-raffaella-carra-dodi-battaglia\/"},"modified":"2016-12-27T00:00:00","modified_gmt":"2016-12-26T23:00:00","slug":"lorella-cuccarini-orticaria-raffaella-carra-dodi-battaglia","status":"publish","type":"post","link":"https:\/\/www.gossip.it\/news\/lorella-cuccarini-orticaria-raffaella-carra-dodi-battaglia\/","title":{"rendered":"Lorella Cuccarini, l'orticaria per 'colpa' di Raffaella Carr\u00e0 e Dodi Battaglia"},"content":{"rendered":"<p><a href=\"\/vip\/lorella-cuccarini\/\">Lorella Cuccarini<\/a> nella sua vita ha avuto due attacchi d'<strong>orticaria<\/strong>, uno a causa di <a href=\"\/vip\/raffaella-carr\u00e0\/\">Raffaella Carr\u00e0<\/a> e l'altro per <em>'colpa'<\/em> di <a href=\"\/vip\/dodi-battaglia\/\">Dodi Battaglia<\/a> dei <a href=\"\/vip\/pooh\/\">Pooh<\/a>. La bionda 51enne lo ha raccontato ospite da <a href=\"\/vip\/pippo-baudo\/\">Pippo Baudo<\/a> a <em>Domenica In<\/em>.<\/p>\n<figure class=\"caption\"><img decoding=\"async\" alt=\"\" width=\"640\" height=\"366\" src=\"http:\/\/files.gossip.it\/immagini_news\/2016\/12\/1482838189_lorella_cuccarini_1.jpg\" \/><figcaption>Lorella Cuccarini ospite a Domenica In<\/figcaption><\/figure>\n<p>Tra i tanti aneddoti della sua vita e lunghissima carriera, <strong>Lorella Cuccarini<\/strong> ha svelato i suoi attacchi di <strong>orticaria<\/strong> di cui sono stati responsabili loro malgrado <strong>Raffaella Carr\u00e0<\/strong> e <strong>Dodi Battaglia<\/strong>.\u00a0<br \/><em>\"A 13 anni, ho fatto la ballerina per <strong>Raffaella Carr\u00e0<\/strong>, nel programma \u2018Ma che sera'. Tornai a casa e per la grandissima emozione di incontrare Raffaella, che per me era un personaggio irraggiungibile, mi \u00e8 preso un attacco di <strong>orticaria<\/strong>. Mi sono riempita di bolle<\/em><em style=\"line-height: 1.6em;\">\"<\/em><span style=\"line-height: 1.6em;\">, ha raccontato la <\/span><a href=\"\/vip\/showgirl\/\">showgirl<\/a><span style=\"line-height: 1.6em;\">.<\/span><\/p>\n<p><em>\"Mi \u00e8 successo due volte nella vita. Una volta con Raffaella e una volta con Dodi dei Pooh. Ero innamorata di <strong>Dodi Battaglia<\/strong>. Lo andai a trovare anche a un suo concerto. Grazie a un programma che facemmo insieme, ebbi l'opportunit\u00e0 di cantare una canzone con loro e io non riuscivo a crederci\",<\/em><span style=\"line-height: 1.6em;\">\u00a0ha continuato.<\/span><\/p>\n<figure class=\"caption\"><img decoding=\"async\" alt=\"\" width=\"640\" height=\"362\" src=\"http:\/\/files.gossip.it\/immagini_news\/2016\/12\/1482838238_lorella_cuccarini_2.jpg\" \/><figcaption>La 51enne ha raccontato come ballare con la Carr\u00e0 e incontrare Dodi dei Pooh le abbia scatenato l'orticaria<\/figcaption><\/figure>\n<p><strong>Orticaria<\/strong> a parte, <strong>Lorella Cuccarini <\/strong>a <em>Domenica In<\/em> ha parlato di quanto la danza sia stata importante per lei: <em>\"All'epoca al Prenestino, oltre alle nostre case, c'\u00e8 la campagna. Una volta si viveva molto per strada. Probabilmente, se non ci fosse stata la palestra, quel sudore, quella voglia, quel sogno che avevo, su quella strada potevo fare una brutta fine come altri miei coetanei\"<\/em>.<\/p>\n<p><em>\"Con mio padre, a distanza di tempo, ho avuto finalmente un rapporto risolto. Quando \u00e8 mancata mamma \u00e8 prevalso il desiderio di recuperare un rapporto che c'era stato poco quando eravamo pi\u00f9 piccoli. Quando risolvi con te tanti contrasti \u00e8 il momento di parlarne. Pap\u00e0 \u00e8 sempre stato un uomo di pochissime parole, lo abbiamo compreso noi figli e lo abbiamo ritrovato negli ultimi anni della sua vita. Ci siamo lasciati senza nessun risentimento. Col passare del tempo sono riuscita a comprenderlo, quando conosci la storia di un uomo che non ha conosciuto la mamma che \u00e8 morta del suo parto... lui ha vissuto un'esperienza nella sua vita per cui nessuno gli ha insegnato ad amare. L'ho perdonato, qualunque cosa sia successa era comunque il mio pap\u00e0\"<\/em>, ha poi detto rivelando molto dei rapporto con i genitori.<\/p>\n<figure class=\"caption\"><img decoding=\"async\" alt=\"\" width=\"640\" height=\"383\" src=\"http:\/\/files.gossip.it\/immagini_news\/2016\/12\/1482838288_lorella_cuccarini_3.jpg\" \/><figcaption>La showgirl con Pippo Baudo a ripercorso i momenti importanti della sua vita privata e professionale<\/figcaption><\/figure>\n<p>Sulle <a href=\"\/vip\/nozze\/\">nozze<\/a> con <a href=\"\/vip\/silvio-testi\/\">Silvio Testi<\/a> ha spiegato: <em>\"Abbiamo organizzato il nostro <\/em><a href=\"\/vip\/matrimonio\/\">matrimonio<\/a><em> come se fosse una mia festa di compleanno, c'erano pochissime persone, alcuni parenti non sono neanche venuti perch\u00e9 - sapendo che era solo il mio compleanno - avevano altri impegni e ci sono rimasti male perch\u00e9 non sono venuti al matrimonio. Dopo si \u00e8 saputo tutto, ma per viverlo solo noi e non dare in pasto la notizia ai giornali abbiamo deciso cos\u00ec\"<\/em>.<\/p>\n<p>Dall'unione sono nati quattro figli. Giovanni, uno dei suoi ragazzi, \u00e8 gelosissimo della mamma: <em>\"Quando ho interpretato una strega con spacco spaventoso, nel musical Rapunzel, \u00e8 arrivato a teatro con un paio di amici che avranno fatto degli apprezzamenti. Mi ha detto che quello spacco potevo chiuderlo. Poi se n'\u00e8 fatto una ragione, mi ha fatto una ramanzina che neanche mio marito...\"<\/em>.<\/p>\n<p><strong>Lorella Cuccarini<\/strong> ha anche raccontato quello che giudica il momento pi\u00f9 duro della sua esistenza: <em>\"Ho vissuto un periodo cominciato con la morte di mamma, la tiroide ha cominciato a dare problemi, l'operazione... Ho ritrovato allora un equilibrio. Tutto \u00e8 coinciso con un momento televisivamente difficile. Quel periodo l\u00ec, che \u00e8 durato 3-4 anni, \u00e8 stato di grande crescita per me, per riposizionare le cose importanti della mia vita. A volte il tanto successo ti mette nelle condizioni che le cose ti siano dovute. Ogni tanto lo sberlone nella vita fa bene, ti rimette in ordine. All'epoca l'ho vissuto con anche un po' di rabbia e rassegnazione, oggi dico che \u00e8 stato un periodo benedetto senza il quale oggi non sarei ci\u00f2 che sono. Sono felice di averlo vissuto\"<\/em>.<\/p>\n<p>Immancabile anche un messaggio per <a href=\"\/vip\/heather-parisi\/\">Heather Parisi<\/a>. Dopo \"<a href=\"\/vip\/nemicamatissima\/\">Nemicamatissima<\/a>\" l'americana ha avuto a che dire sullo show condotto con la collega. <em>\"Io sono rimasta ferma all'abbraccio che ci siamo date alla fine del programma. Pensavo che fosse finito tutto l\u00ec, con un po' di difficolt\u00e0. S\u00ec, il rapporto \u00e8 stato un pochino difficile, un po' faticoso. Nel montaggio finale, in effetti, si sono sentiti alcuni tagli, perch\u00e9 sono cambiati i blocchi, per\u00f2 era un problema tecnico, non di contenuti. Lo squilibrio tra la mia presenza e quella di Heather c'era dall'inizio, perch\u00e9 \u00e8 stata una sua scelta. Cosa auguro a Heather per Natale? Di fare pace con se stessa. E' una donna molto fragile, le sono stata vicina. E' una donna che va trattata con cura, diciamo\"<\/em>, ha sottolineato.<\/p>\n<p>\u00a0<\/p>\n","protected":false},"excerpt":{"rendered":"<p>Lorella Cuccarini nella sua vita ha avuto due attacchi d'orticaria, uno a causa di Raffaella Carr\u00e0 e l'altro per 'colpa' di Dodi Battaglia dei Pooh. La bionda 51enne lo ha raccontato ospite da Pippo Baudo a Domenica In. Lorella Cuccarini ospite a Domenica In Tra i tanti aneddoti della sua vita e lunghissima carriera, Lorella [&hellip;]<\/p>\n","protected":false},"author":1,"featured_media":112978,"comment_status":"closed","ping_status":"closed","sticky":false,"template":"","format":"standard","meta":{"footnotes":""},"categories":[54],"tags":[2102,14056,4135,10603,2103,55638,1967,2097],"vip":[1122,1521,1533],"class_list":["post-56932","post","type-post","status-publish","format-standard","has-post-thumbnail","hentry","category-news","tag-dichiarazioni","tag-dodi-battaglia","tag-domenica-in","tag-heather-parisi","tag-intervista","tag-orticaria","tag-showgirl","tag-tv","vip-lorella_cuccarini","vip-pippo_baudo","vip-raffaella_carra"],"yoast_head":"<title>Lorella Cuccarini, l&#039;orticaria per &#039;colpa&#039; di Raffaella Carr\u00e0 e Dodi Battaglia - Gossip.it | News sul Gossip e VIP<\/title>\n<meta name=\"description\" content=\"Lorella Cuccarini nella sua vita ha avuto due attacchi d&#039;orticaria, uno a causa di Raffaella Carr\u00e0 e l&#039;altro per &#039;colpa&#039; di Dodi Battaglia dei Pooh. La\" \/>\n<meta name=\"robots\" content=\"index, follow, max-snippet:-1, max-image-preview:large, max-video-preview:-1\" \/>\n<link rel=\"canonical\" href=\"https:\/\/www.gossip.it\/news\/lorella-cuccarini-orticaria-raffaella-carra-dodi-battaglia\/\" \/>\n<meta property=\"og:locale\" content=\"it_IT\" \/>\n<meta property=\"og:type\" content=\"article\" \/>\n<meta property=\"og:title\" content=\"Lorella Cuccarini, l&#039;orticaria per &#039;colpa&#039; di Raffaella Carr\u00e0 e Dodi Battaglia - Gossip.it | News sul Gossip e VIP\" \/>\n<meta property=\"og:description\" content=\"Lorella Cuccarini nella sua vita ha avuto due attacchi d&#039;orticaria, uno a causa di Raffaella Carr\u00e0 e l&#039;altro per &#039;colpa&#039; di Dodi Battaglia dei Pooh. La\" \/>\n<meta property=\"og:url\" content=\"https:\/\/www.gossip.it\/news\/lorella-cuccarini-orticaria-raffaella-carra-dodi-battaglia\/\" \/>\n<meta property=\"og:site_name\" content=\"Gossip.it | News sul Gossip e VIP\" \/>\n<meta property=\"article:publisher\" content=\"https:\/\/www.facebook.com\/GossipIT\" \/>\n<meta property=\"article:published_time\" content=\"2016-12-26T23:00:00+00:00\" \/>\n<meta property=\"og:image\" content=\"http:\/\/files.gossip.it\/immagini_news\/2016\/12\/1482838189_lorella_cuccarini_1.jpg\" \/>\n<meta name=\"author\" content=\"La Redazione\" \/>\n<meta name=\"twitter:card\" content=\"summary_large_image\" \/>\n<meta name=\"twitter:image\" content=\"http:\/\/files.gossip.it\/immagini_news\/2016\/12\/1482838189_lorella_cuccarini_1.jpg\" \/>\n<meta name=\"twitter:creator\" content=\"@gossinews_it\" \/>\n<meta name=\"twitter:site\" content=\"@gossinews_it\" \/>\n<meta name=\"twitter:label1\" content=\"Scritto da\" \/>\n\t<meta name=\"twitter:data1\" content=\"Annamaria Capozzi\" \/>\n\t<meta name=\"twitter:label2\" content=\"Tempo di lettura stimato\" \/>\n\t<meta name=\"twitter:data2\" content=\"4 minuti\" \/>","yoast_head_json":{"title":"Lorella Cuccarini, l'orticaria per 'colpa' di Raffaella Carr\u00e0 e Dodi Battaglia - Gossip.it | News sul Gossip e VIP","description":"Lorella Cuccarini nella sua vita ha avuto due attacchi d'orticaria, uno a causa di Raffaella Carr\u00e0 e l'altro per 'colpa' di Dodi Battaglia dei Pooh. La","robots":{"index":"index","follow":"follow","max-snippet":"max-snippet:-1","max-image-preview":"max-image-preview:large","max-video-preview":"max-video-preview:-1"},"canonical":"https:\/\/www.gossip.it\/news\/lorella-cuccarini-orticaria-raffaella-carra-dodi-battaglia\/","og_locale":"it_IT","og_type":"article","og_title":"Lorella Cuccarini, l'orticaria per 'colpa' di Raffaella Carr\u00e0 e Dodi Battaglia - Gossip.it | News sul Gossip e VIP","og_description":"Lorella Cuccarini nella sua vita ha avuto due attacchi d'orticaria, uno a causa di Raffaella Carr\u00e0 e l'altro per 'colpa' di Dodi Battaglia dei Pooh. La","og_url":"https:\/\/www.gossip.it\/news\/lorella-cuccarini-orticaria-raffaella-carra-dodi-battaglia\/","og_site_name":"Gossip.it | News sul Gossip e VIP","article_publisher":"https:\/\/www.facebook.com\/GossipIT","article_published_time":"2016-12-26T23:00:00+00:00","og_image":[{"url":"http:\/\/files.gossip.it\/immagini_news\/2016\/12\/1482838189_lorella_cuccarini_1.jpg"}],"author":"La Redazione","twitter_card":"summary_large_image","twitter_image":"http:\/\/files.gossip.it\/immagini_news\/2016\/12\/1482838189_lorella_cuccarini_1.jpg","twitter_creator":"@gossinews_it","twitter_site":"@gossinews_it","twitter_misc":{"Scritto da":"Annamaria Capozzi","Tempo di lettura stimato":"4 minuti"},"schema":{"@context":"https:\/\/schema.org","@graph":[{"@type":"Article","@id":"https:\/\/www.gossip.it\/news\/lorella-cuccarini-orticaria-raffaella-carra-dodi-battaglia\/#article","isPartOf":{"@id":"https:\/\/www.gossip.it\/news\/lorella-cuccarini-orticaria-raffaella-carra-dodi-battaglia\/"},"author":{"name":"La Redazione","@id":"https:\/\/www.gossip.it\/#\/schema\/person\/488896f75158bff1cc83c6c39d141110"},"headline":"Lorella Cuccarini, l'orticaria per 'colpa' di Raffaella Carr\u00e0 e Dodi Battaglia","datePublished":"2016-12-26T23:00:00+00:00","dateModified":"2016-12-26T23:00:00+00:00","mainEntityOfPage":{"@id":"https:\/\/www.gossip.it\/news\/lorella-cuccarini-orticaria-raffaella-carra-dodi-battaglia\/"},"wordCount":821,"publisher":{"@id":"https:\/\/www.gossip.it\/#organization"},"image":{"@id":"https:\/\/www.gossip.it\/news\/lorella-cuccarini-orticaria-raffaella-carra-dodi-battaglia\/#primaryimage"},"thumbnailUrl":"http:\/\/files.gossip.it\/immagini_news\/2016\/12\/1482838189_lorella_cuccarini_1.jpg","keywords":["dichiarazioni","dodi battaglia","domenica in","heather parisi","intervista","orticaria","showgirl","tv"],"articleSection":["News"],"inLanguage":"it-IT"},{"@type":"WebPage","@id":"https:\/\/www.gossip.it\/news\/lorella-cuccarini-orticaria-raffaella-carra-dodi-battaglia\/","url":"https:\/\/www.gossip.it\/news\/lorella-cuccarini-orticaria-raffaella-carra-dodi-battaglia\/","name":"Lorella Cuccarini, l'orticaria per 'colpa' di Raffaella Carr\u00e0 e Dodi Battaglia - Gossip.it | News sul Gossip e VIP","isPartOf":{"@id":"https:\/\/www.gossip.it\/#website"},"primaryImageOfPage":{"@id":"https:\/\/www.gossip.it\/news\/lorella-cuccarini-orticaria-raffaella-carra-dodi-battaglia\/#primaryimage"},"image":{"@id":"https:\/\/www.gossip.it\/news\/lorella-cuccarini-orticaria-raffaella-carra-dodi-battaglia\/#primaryimage"},"thumbnailUrl":"http:\/\/files.gossip.it\/immagini_news\/2016\/12\/1482838189_lorella_cuccarini_1.jpg","datePublished":"2016-12-26T23:00:00+00:00","dateModified":"2016-12-26T23:00:00+00:00","description":"Lorella Cuccarini nella sua vita ha avuto due attacchi d'orticaria, uno a causa di Raffaella Carr\u00e0 e l'altro per 'colpa' di Dodi Battaglia dei Pooh. La","breadcrumb":{"@id":"https:\/\/www.gossip.it\/news\/lorella-cuccarini-orticaria-raffaella-carra-dodi-battaglia\/#breadcrumb"},"inLanguage":"it-IT","potentialAction":[{"@type":"ReadAction","target":["https:\/\/www.gossip.it\/news\/lorella-cuccarini-orticaria-raffaella-carra-dodi-battaglia\/"]}]},{"@type":"ImageObject","inLanguage":"it-IT","@id":"https:\/\/www.gossip.it\/news\/lorella-cuccarini-orticaria-raffaella-carra-dodi-battaglia\/#primaryimage","url":"http:\/\/files.gossip.it\/immagini_news\/2016\/12\/1482838189_lorella_cuccarini_1.jpg","contentUrl":"http:\/\/files.gossip.it\/immagini_news\/2016\/12\/1482838189_lorella_cuccarini_1.jpg"},{"@type":"BreadcrumbList","@id":"https:\/\/www.gossip.it\/news\/lorella-cuccarini-orticaria-raffaella-carra-dodi-battaglia\/#breadcrumb","itemListElement":[{"@type":"ListItem","position":1,"name":"Home","item":"https:\/\/www.gossip.it\/"},{"@type":"ListItem","position":2,"name":"Lorella Cuccarini, l'orticaria per 'colpa' di Raffaella Carr\u00e0 e Dodi Battaglia"}]},{"@type":"WebSite","@id":"https:\/\/www.gossip.it\/#website","url":"https:\/\/www.gossip.it\/","name":"Gossip and VIP News","description":"Quotidiano di cronaca rosa, costume e societ\u00e0","publisher":{"@id":"https:\/\/www.gossip.it\/#organization"},"alternateName":"Gossip and VIP News","potentialAction":[{"@type":"SearchAction","target":{"@type":"EntryPoint","urlTemplate":"https:\/\/www.gossip.it\/?s={search_term_string}"},"query-input":{"@type":"PropertyValueSpecification","valueRequired":true,"valueName":"search_term_string"}}],"inLanguage":"it-IT"},{"@type":"Organization","@id":"https:\/\/www.gossip.it\/#organization","name":"Gossip and VIP News","alternateName":"Gossip News","url":"https:\/\/www.gossip.it\/","logo":{"@type":"ImageObject","inLanguage":"it-IT","@id":"https:\/\/www.gossip.it\/#\/schema\/logo\/image\/","url":"https:\/\/www.gossip.it\/wp-content\/uploads\/2022\/04\/cropped-corna-alta-tiny.png","contentUrl":"https:\/\/www.gossip.it\/wp-content\/uploads\/2022\/04\/cropped-corna-alta-tiny.png","width":512,"height":512,"caption":"Gossip and VIP News"},"image":{"@id":"https:\/\/www.gossip.it\/#\/schema\/logo\/image\/"},"sameAs":["https:\/\/www.facebook.com\/GossipIT","https:\/\/x.com\/gossinews_it","https:\/\/instagram.com\/gossip_it"]},{"@type":"Person","@id":"https:\/\/www.gossip.it\/#\/schema\/person\/488896f75158bff1cc83c6c39d141110","name":"La Redazione","image":{"@type":"ImageObject","inLanguage":"it-IT","@id":"https:\/\/www.gossip.it\/#\/schema\/person\/image\/","url":"https:\/\/secure.gravatar.com\/avatar\/5a5f5c6fa3e6700e4249abdad0263a1e94e927d9e0499b1cb09c1cd29c044d80?s=96&d=mm&r=g","contentUrl":"https:\/\/secure.gravatar.com\/avatar\/5a5f5c6fa3e6700e4249abdad0263a1e94e927d9e0499b1cb09c1cd29c044d80?s=96&d=mm&r=g","caption":"La Redazione"},"sameAs":["https:\/\/www.gossip.it"]}]}},"amp_enabled":true,"_links":{"self":[{"href":"https:\/\/www.gossip.it\/api\/wp\/v2\/posts\/56932","targetHints":{"allow":["GET"]}}],"collection":[{"href":"https:\/\/www.gossip.it\/api\/wp\/v2\/posts"}],"about":[{"href":"https:\/\/www.gossip.it\/api\/wp\/v2\/types\/post"}],"author":[{"embeddable":true,"href":"https:\/\/www.gossip.it\/api\/wp\/v2\/users\/1"}],"replies":[{"embeddable":true,"href":"https:\/\/www.gossip.it\/api\/wp\/v2\/comments?post=56932"}],"version-history":[{"count":0,"href":"https:\/\/www.gossip.it\/api\/wp\/v2\/posts\/56932\/revisions"}],"wp:featuredmedia":[{"embeddable":true,"href":"https:\/\/www.gossip.it\/api\/wp\/v2\/media\/112978"}],"wp:attachment":[{"href":"https:\/\/www.gossip.it\/api\/wp\/v2\/media?parent=56932"}],"wp:term":[{"taxonomy":"category","embeddable":true,"href":"https:\/\/www.gossip.it\/api\/wp\/v2\/categories?post=56932"},{"taxonomy":"post_tag","embeddable":true,"href":"https:\/\/www.gossip.it\/api\/wp\/v2\/tags?post=56932"},{"taxonomy":"vip","embeddable":true,"href":"https:\/\/www.gossip.it\/api\/wp\/v2\/vip?post=56932"}],"curies":[{"name":"wp","href":"https:\/\/api.w.org\/{rel}","templated":true}]}}