{"id":57014,"date":"2017-01-05T00:00:00","date_gmt":"2017-01-04T23:00:00","guid":{"rendered":"https:\/\/www.gossip.it\/senza-categoria\/jonathan-rhys-meyers-papa\/"},"modified":"2017-01-05T00:00:00","modified_gmt":"2017-01-04T23:00:00","slug":"jonathan-rhys-meyers-papa","status":"publish","type":"post","link":"https:\/\/www.gossip.it\/news\/jonathan-rhys-meyers-papa\/","title":{"rendered":"Jonathan Rhys-Meyers, pap\u00e0 per la prima volta: \u00e8 nato Wolf!"},"content":{"rendered":"<p><a href=\"\/vip\/jonathan-rhys-meyers\/\">Jonathan Rhys-Meyers<\/a>, 39 anni, \u00e8 diventato <strong>pap\u00e0<\/strong>. La compagna Mara Lane, come riporta <em>E!News<\/em>, ha dato alla luce il loro primo figlio. Il fiocco per l'attore \u00e8 celeste e il bimbo si chiama Wolf Rhys-Meyers.<\/p>\n<figure class=\"caption\"><img decoding=\"async\" alt=\"\" width=\"640\" height=\"586\" src=\"http:\/\/files.gossip.it\/immagini_news\/2017\/01\/1483622957_mayers_2.jpg\" \/><figcaption>Jonathan Rhys Meyers \u00e8 diventato pap\u00e0 a 39 anni<\/figcaption><\/figure>\n<p>Il parto sarebbe avvenuto lo scorso 15 dicembre ma la notizia \u00e8 trapelata solo nelle ultime ore. <strong>Jonathan Rhys-Meyers<\/strong> \u00e8 per la prima volta<strong> pap\u00e0<\/strong> e ha scelto di chiamare Wolf, Lupo, il suo primo erede.<br \/>La compagna dell'attore Mara Lane a dicembre ha ufficializzato la notizia della gravidanza postato sul social un paio di scatti con il pancione. Accanto a una foto premaman si legge:<em> \"Il pi\u00f9 bel regalo di sempre\"<\/em>.<\/p>\n<figure class=\"caption\"><img decoding=\"async\" alt=\"\" src=\"http:\/\/files.gossip.it\/immagini_news\/2017\/01\/1483622999_mayers.jpg\" \/><figcaption>L'attore insieme alla compagna Mara Lane, sposata pare in gran segreto<\/figcaption><\/figure>\n<p>Il protagonista di \"Match Point\" e \"Sognando Beckham\" \u00e8 diventato <strong>pap\u00e0<\/strong> ma non ha ancora rilasciato alcuna dichiarazione pubblica in merito. Non possiede nemmeno una pagina social sui cui esternare tutta la sua gioia.<br \/><strong>Joanthan Rhys-Meyers<\/strong> e Mara Lane sono legati dal 2014. La coppia potrebbe essersi sposata in gran segreto.\u00a0 Mara ha cambiato il nome del suo profilo Instagram aggiungendo il cognome del compagno, mentre l'attore di recente si \u00e8 presentato in pubblico sfoggiando un anello all'anulare sinistro che aveva tutto il sapore di una fede nuziale.<br \/><strong>Jonathan<\/strong> per\u00f2 non ama stare sotto i riflettori pi\u00f9 del necessario e difende a spada tratta la sua privacy. O almeno ci prova...<\/p>\n<figure class=\"caption\"><img decoding=\"async\" alt=\"\" width=\"640\" height=\"658\" src=\"http:\/\/files.gossip.it\/immagini_news\/2017\/01\/1483623067_mayers_1.jpg\" \/><figcaption>Mara 3 settimane fa ha pubblicato sul social questa foto con il pancione agli sgoccioli<\/figcaption><\/figure>\n<p>Nel maggio del 2015 i paparazzi lo hanno fotografato mentre era completamente ubriaco. L'attore ha chiesto pubblicamente scusa postando un lungo post sul profilo Instagram della dolce met\u00e0: <em>\"Mara e io vi siamo grati per il vostro sostegno e per la gentilezza che ci avete riservato in questo periodo<\/em> - ha fatto sapere ai fan - <em>Mi scuso per aver avuto una piccola ricaduta e spero che le persone non pensino troppo male di me\"<\/em>. Le cose da allora devono essere nettamente migliorate visto che con la compagna hanno deciso di mettere su famiglia e <strong>Jonathan <\/strong>ora riveste il suo ruolo pi\u00f9 bello, quello di <strong>pap\u00e0<\/strong>.<\/p>\n","protected":false},"excerpt":{"rendered":"<p>Jonathan Rhys-Meyers, 39 anni, \u00e8 diventato pap\u00e0. La compagna Mara Lane, come riporta E!News, ha dato alla luce il loro primo figlio. Il fiocco per l'attore \u00e8 celeste e il bimbo si chiama Wolf Rhys-Meyers. Jonathan Rhys Meyers \u00e8 diventato pap\u00e0 a 39 anni Il parto sarebbe avvenuto lo scorso 15 dicembre ma la notizia [&hellip;]<\/p>\n","protected":false},"author":1,"featured_media":113060,"comment_status":"closed","ping_status":"closed","sticky":false,"template":"","format":"standard","meta":{"footnotes":""},"categories":[54],"tags":[2137,1942,2181,2728,5862,52418,1950,1913,55685],"vip":[],"class_list":["post-57014","post","type-post","status-publish","format-standard","has-post-thumbnail","hentry","category-news","tag-attore","tag-figlio","tag-gravidanza","tag-hollywood","tag-jonathan-rhys-meyers","tag-mara-lane","tag-matrimonio","tag-papa","tag-wolf"],"yoast_head":"<title>Jonathan Rhys-Meyers, pap\u00e0 per la prima volta: \u00e8 nato Wolf! - Gossip.it | News sul Gossip e VIP<\/title>\n<meta name=\"description\" content=\"Jonathan Rhys-Meyers, 39 anni, \u00e8 diventato pap\u00e0. La compagna Mara Lane, come riporta E!News, ha dato alla luce il loro primo figlio. Il fiocco per\" \/>\n<meta name=\"robots\" content=\"index, follow, max-snippet:-1, max-image-preview:large, max-video-preview:-1\" \/>\n<link rel=\"canonical\" href=\"https:\/\/www.gossip.it\/news\/jonathan-rhys-meyers-papa\/\" \/>\n<meta property=\"og:locale\" content=\"it_IT\" \/>\n<meta property=\"og:type\" content=\"article\" \/>\n<meta property=\"og:title\" content=\"Jonathan Rhys-Meyers, pap\u00e0 per la prima volta: \u00e8 nato Wolf! - Gossip.it | News sul Gossip e VIP\" \/>\n<meta property=\"og:description\" content=\"Jonathan Rhys-Meyers, 39 anni, \u00e8 diventato pap\u00e0. La compagna Mara Lane, come riporta E!News, ha dato alla luce il loro primo figlio. Il fiocco per\" \/>\n<meta property=\"og:url\" content=\"https:\/\/www.gossip.it\/news\/jonathan-rhys-meyers-papa\/\" \/>\n<meta property=\"og:site_name\" content=\"Gossip.it | News sul Gossip e VIP\" \/>\n<meta property=\"article:publisher\" content=\"https:\/\/www.facebook.com\/GossipIT\" \/>\n<meta property=\"article:published_time\" content=\"2017-01-04T23:00:00+00:00\" \/>\n<meta property=\"og:image\" content=\"http:\/\/files.gossip.it\/immagini_news\/2017\/01\/1483622957_mayers_2.jpg\" \/>\n<meta name=\"author\" content=\"La Redazione\" \/>\n<meta name=\"twitter:card\" content=\"summary_large_image\" \/>\n<meta name=\"twitter:image\" content=\"http:\/\/files.gossip.it\/immagini_news\/2017\/01\/1483622957_mayers_2.jpg\" \/>\n<meta name=\"twitter:creator\" content=\"@gossinews_it\" \/>\n<meta name=\"twitter:site\" content=\"@gossinews_it\" \/>\n<meta name=\"twitter:label1\" content=\"Scritto da\" \/>\n\t<meta name=\"twitter:data1\" content=\"Francesca Romana Domenici\" \/>\n\t<meta name=\"twitter:label2\" content=\"Tempo di lettura stimato\" \/>\n\t<meta name=\"twitter:data2\" content=\"2 minuti\" \/>","yoast_head_json":{"title":"Jonathan Rhys-Meyers, pap\u00e0 per la prima volta: \u00e8 nato Wolf! - Gossip.it | News sul Gossip e VIP","description":"Jonathan Rhys-Meyers, 39 anni, \u00e8 diventato pap\u00e0. La compagna Mara Lane, come riporta E!News, ha dato alla luce il loro primo figlio. Il fiocco per","robots":{"index":"index","follow":"follow","max-snippet":"max-snippet:-1","max-image-preview":"max-image-preview:large","max-video-preview":"max-video-preview:-1"},"canonical":"https:\/\/www.gossip.it\/news\/jonathan-rhys-meyers-papa\/","og_locale":"it_IT","og_type":"article","og_title":"Jonathan Rhys-Meyers, pap\u00e0 per la prima volta: \u00e8 nato Wolf! - Gossip.it | News sul Gossip e VIP","og_description":"Jonathan Rhys-Meyers, 39 anni, \u00e8 diventato pap\u00e0. La compagna Mara Lane, come riporta E!News, ha dato alla luce il loro primo figlio. Il fiocco per","og_url":"https:\/\/www.gossip.it\/news\/jonathan-rhys-meyers-papa\/","og_site_name":"Gossip.it | News sul Gossip e VIP","article_publisher":"https:\/\/www.facebook.com\/GossipIT","article_published_time":"2017-01-04T23:00:00+00:00","og_image":[{"url":"http:\/\/files.gossip.it\/immagini_news\/2017\/01\/1483622957_mayers_2.jpg"}],"author":"La Redazione","twitter_card":"summary_large_image","twitter_image":"http:\/\/files.gossip.it\/immagini_news\/2017\/01\/1483622957_mayers_2.jpg","twitter_creator":"@gossinews_it","twitter_site":"@gossinews_it","twitter_misc":{"Scritto da":"Francesca Romana Domenici","Tempo di lettura stimato":"2 minuti"},"schema":{"@context":"https:\/\/schema.org","@graph":[{"@type":"Article","@id":"https:\/\/www.gossip.it\/news\/jonathan-rhys-meyers-papa\/#article","isPartOf":{"@id":"https:\/\/www.gossip.it\/news\/jonathan-rhys-meyers-papa\/"},"author":{"name":"La Redazione","@id":"https:\/\/www.gossip.it\/#\/schema\/person\/488896f75158bff1cc83c6c39d141110"},"headline":"Jonathan Rhys-Meyers, pap\u00e0 per la prima volta: \u00e8 nato Wolf!","datePublished":"2017-01-04T23:00:00+00:00","dateModified":"2017-01-04T23:00:00+00:00","mainEntityOfPage":{"@id":"https:\/\/www.gossip.it\/news\/jonathan-rhys-meyers-papa\/"},"wordCount":362,"publisher":{"@id":"https:\/\/www.gossip.it\/#organization"},"image":{"@id":"https:\/\/www.gossip.it\/news\/jonathan-rhys-meyers-papa\/#primaryimage"},"thumbnailUrl":"http:\/\/files.gossip.it\/immagini_news\/2017\/01\/1483622957_mayers_2.jpg","keywords":["attore","figlio","gravidanza","hollywood","jonathan rhys meyers","mara lane","matrimonio","pap\u00e0","wolf"],"articleSection":["News"],"inLanguage":"it-IT"},{"@type":"WebPage","@id":"https:\/\/www.gossip.it\/news\/jonathan-rhys-meyers-papa\/","url":"https:\/\/www.gossip.it\/news\/jonathan-rhys-meyers-papa\/","name":"Jonathan Rhys-Meyers, pap\u00e0 per la prima volta: \u00e8 nato Wolf! - Gossip.it | News sul Gossip e VIP","isPartOf":{"@id":"https:\/\/www.gossip.it\/#website"},"primaryImageOfPage":{"@id":"https:\/\/www.gossip.it\/news\/jonathan-rhys-meyers-papa\/#primaryimage"},"image":{"@id":"https:\/\/www.gossip.it\/news\/jonathan-rhys-meyers-papa\/#primaryimage"},"thumbnailUrl":"http:\/\/files.gossip.it\/immagini_news\/2017\/01\/1483622957_mayers_2.jpg","datePublished":"2017-01-04T23:00:00+00:00","dateModified":"2017-01-04T23:00:00+00:00","description":"Jonathan Rhys-Meyers, 39 anni, \u00e8 diventato pap\u00e0. La compagna Mara Lane, come riporta E!News, ha dato alla luce il loro primo figlio. Il fiocco per","breadcrumb":{"@id":"https:\/\/www.gossip.it\/news\/jonathan-rhys-meyers-papa\/#breadcrumb"},"inLanguage":"it-IT","potentialAction":[{"@type":"ReadAction","target":["https:\/\/www.gossip.it\/news\/jonathan-rhys-meyers-papa\/"]}]},{"@type":"ImageObject","inLanguage":"it-IT","@id":"https:\/\/www.gossip.it\/news\/jonathan-rhys-meyers-papa\/#primaryimage","url":"http:\/\/files.gossip.it\/immagini_news\/2017\/01\/1483622957_mayers_2.jpg","contentUrl":"http:\/\/files.gossip.it\/immagini_news\/2017\/01\/1483622957_mayers_2.jpg"},{"@type":"BreadcrumbList","@id":"https:\/\/www.gossip.it\/news\/jonathan-rhys-meyers-papa\/#breadcrumb","itemListElement":[{"@type":"ListItem","position":1,"name":"Home","item":"https:\/\/www.gossip.it\/"},{"@type":"ListItem","position":2,"name":"Jonathan Rhys-Meyers, pap\u00e0 per la prima volta: \u00e8 nato Wolf!"}]},{"@type":"WebSite","@id":"https:\/\/www.gossip.it\/#website","url":"https:\/\/www.gossip.it\/","name":"Gossip and VIP News","description":"Quotidiano di cronaca rosa, costume e societ\u00e0","publisher":{"@id":"https:\/\/www.gossip.it\/#organization"},"alternateName":"Gossip and VIP News","potentialAction":[{"@type":"SearchAction","target":{"@type":"EntryPoint","urlTemplate":"https:\/\/www.gossip.it\/?s={search_term_string}"},"query-input":{"@type":"PropertyValueSpecification","valueRequired":true,"valueName":"search_term_string"}}],"inLanguage":"it-IT"},{"@type":"Organization","@id":"https:\/\/www.gossip.it\/#organization","name":"Gossip and VIP News","alternateName":"Gossip News","url":"https:\/\/www.gossip.it\/","logo":{"@type":"ImageObject","inLanguage":"it-IT","@id":"https:\/\/www.gossip.it\/#\/schema\/logo\/image\/","url":"https:\/\/www.gossip.it\/wp-content\/uploads\/2022\/04\/cropped-corna-alta-tiny.png","contentUrl":"https:\/\/www.gossip.it\/wp-content\/uploads\/2022\/04\/cropped-corna-alta-tiny.png","width":512,"height":512,"caption":"Gossip and VIP News"},"image":{"@id":"https:\/\/www.gossip.it\/#\/schema\/logo\/image\/"},"sameAs":["https:\/\/www.facebook.com\/GossipIT","https:\/\/x.com\/gossinews_it","https:\/\/instagram.com\/gossip_it"]},{"@type":"Person","@id":"https:\/\/www.gossip.it\/#\/schema\/person\/488896f75158bff1cc83c6c39d141110","name":"La Redazione","image":{"@type":"ImageObject","inLanguage":"it-IT","@id":"https:\/\/www.gossip.it\/#\/schema\/person\/image\/","url":"https:\/\/secure.gravatar.com\/avatar\/5a5f5c6fa3e6700e4249abdad0263a1e94e927d9e0499b1cb09c1cd29c044d80?s=96&d=mm&r=g","contentUrl":"https:\/\/secure.gravatar.com\/avatar\/5a5f5c6fa3e6700e4249abdad0263a1e94e927d9e0499b1cb09c1cd29c044d80?s=96&d=mm&r=g","caption":"La Redazione"},"sameAs":["https:\/\/www.gossip.it"]}]}},"amp_enabled":true,"_links":{"self":[{"href":"https:\/\/www.gossip.it\/api\/wp\/v2\/posts\/57014","targetHints":{"allow":["GET"]}}],"collection":[{"href":"https:\/\/www.gossip.it\/api\/wp\/v2\/posts"}],"about":[{"href":"https:\/\/www.gossip.it\/api\/wp\/v2\/types\/post"}],"author":[{"embeddable":true,"href":"https:\/\/www.gossip.it\/api\/wp\/v2\/users\/1"}],"replies":[{"embeddable":true,"href":"https:\/\/www.gossip.it\/api\/wp\/v2\/comments?post=57014"}],"version-history":[{"count":0,"href":"https:\/\/www.gossip.it\/api\/wp\/v2\/posts\/57014\/revisions"}],"wp:featuredmedia":[{"embeddable":true,"href":"https:\/\/www.gossip.it\/api\/wp\/v2\/media\/113060"}],"wp:attachment":[{"href":"https:\/\/www.gossip.it\/api\/wp\/v2\/media?parent=57014"}],"wp:term":[{"taxonomy":"category","embeddable":true,"href":"https:\/\/www.gossip.it\/api\/wp\/v2\/categories?post=57014"},{"taxonomy":"post_tag","embeddable":true,"href":"https:\/\/www.gossip.it\/api\/wp\/v2\/tags?post=57014"},{"taxonomy":"vip","embeddable":true,"href":"https:\/\/www.gossip.it\/api\/wp\/v2\/vip?post=57014"}],"curies":[{"name":"wp","href":"https:\/\/api.w.org\/{rel}","templated":true}]}}