{"id":57087,"date":"2017-01-16T00:00:00","date_gmt":"2017-01-15T23:00:00","guid":{"rendered":"https:\/\/www.gossip.it\/senza-categoria\/vladimir-luxuria-isola-12-chirurgo\/"},"modified":"2017-01-16T00:00:00","modified_gmt":"2017-01-15T23:00:00","slug":"vladimir-luxuria-isola-12-chirurgo","status":"publish","type":"post","link":"https:\/\/www.gossip.it\/news\/vladimir-luxuria-isola-12-chirurgo\/","title":{"rendered":"Vladimir Luxuria parla dell'Isola 12 e rivela: 'Il mio aspetto? Tutto merito del chirurgo!'"},"content":{"rendered":"<p><a href=\"\/vip\/vladimir-luxuria\/\">Vladimir Luxuria<\/a>, 51 anni,\u00a0il 30 gennaio torner\u00e0 in tv come nuova opinionista dell'\"<a href=\"\/vip\/isola-12\/\">Isola 12<\/a>\". Intervistata da Alessio Poeta per <em>Gay.it<\/em>, ha raccontato come si sta preparando a questa nuova avventura televisiva e ha anche rivelato di essere ricorsa al<strong> chirurgo<\/strong> estetico. Vlady ogni tanto cede al fascino delle punturine ma niente di pi\u00f9. Insomma, non fa nulla di particolarmente invasivo per mantenere giovane il suo aspetto.<\/p>\n<figure class=\"caption\"><img decoding=\"async\" alt=\"\" width=\"640\" height=\"652\" src=\"http:\/\/files.gossip.it\/immagini_news\/2017\/01\/1484576166_vladimir_luxuria_1.jpg\" \/><figcaption>Vladimir Luxuria ha rivelato di ricorrere al chirurgo estetico per fare qualche punturina<\/figcaption><\/figure>\n<p><em>\"Sono davvero felice di tornare a lavorare con Alessia, dopo l\u2019esperienza al Grande Fratello e sono ancor pi\u00f9 felice di tornare a farlo nel contesto dell\u2019Isola dei Famosi che io conosco molto bene\"<\/em>, ha dichiarato <strong>Vladimir<\/strong>.<br \/>Nel 2008 <strong>Luxuria<\/strong> ha vinto il reality. Successivamente ha anche rivestito il ruolo di inviata nell'edizione presentata da <a href=\"\/vip\/nicola-savino\/\">Nicola Savino<\/a>. Condurla non la spaventerebbe ma, ha sottolineato, <em>\"Alessia \u00e8 una grande professionista oltre che una splendida persona e va benissimo cos\u00ec. Le sue due Isole son state un successo e anche questa non sar\u00e0 da meno. Ne sono certa\"<\/em>.<\/p>\n<p>Naturalmente <strong>Vladimir<\/strong> far\u00e0 del suo meglio per non deludere le aspettative e non sar\u00e0 un compito facile:<em> \"In fondo<\/em> - ha detto - <em>vengo dopo due opinionisti importanti come <a href=\"\/vip\/mara-venier\/\">Mara Venier<\/a> e <a href=\"\/vip\/alfonso-signorini\/\">Alfonso Signorini<\/a>\"<\/em>.<br \/><strong>Luxuria<\/strong> sta anche pensando al look che sfogger\u00e0 durante l'\"<strong>Isola 12<\/strong>\":<em> \"Voglio un qualcosa di nuovo, ma che metta anche in risalto la mia fisicit\u00e0. Per il trucco, invece, punter\u00f2 a qualcosa di molto glamour\"<\/em>, ha rivelato.<\/p>\n<figure class=\"caption\"><img decoding=\"async\" alt=\"\" width=\"640\" height=\"642\" src=\"http:\/\/files.gossip.it\/immagini_news\/2017\/01\/1484576227_vladimir_luxuria_2.jpg\" \/><figcaption>Vlady si sta preparando a rivestire il ruolo di opinionista della nuova edizione dell'Isola dei Famosi<\/figcaption><\/figure>\n<p><strong>Vladimir<\/strong> ha poi assicurato che la nuova edizione del reality oser\u00e0 molto di pi\u00f9 rispetto al passato e che ci saranno tantissime novit\u00e0. Sul cast per\u00f2 non si \u00e8 sbilanciata:<em> \"Credo che ci siano delle trattative importanti in corso che si stanno chiudendo in queste ultime ore. Non credo ci sia nessuna strategia alle spalle: finch\u00e9 l\u2019ultimo naufrago non firma, il cast non esce, ma questo \u00e8 un mio pensiero che, magari, \u00e8 anche infondato\"<\/em>. Alla domanda se parteciper\u00e0 qualche esponente del mondo LGBT invece ha risposto: <em>\"E chi pu\u00f2 dirlo? E poi, scusami: non basto io come esponente?\"<\/em>.<\/p>\n<p>Infine <strong>Luxuria<\/strong> ha dichiarato che il merito del suo aspetto giovane \u00e8 di Andrea. Una nuova fiamma? <em>\"Macch\u00e9: il mio <strong>chirurgo<\/strong>! Niente d\u2019invasivo, solo punturine e tanta voglia di vivere. Si pu\u00f2 invecchiare con dignit\u00e0\"<\/em>, ha risposto con la sua solita ironia.<\/p>\n","protected":false},"excerpt":{"rendered":"<p>Vladimir Luxuria, 51 anni,\u00a0il 30 gennaio torner\u00e0 in tv come nuova opinionista dell'\"Isola 12\". Intervistata da Alessio Poeta per Gay.it, ha raccontato come si sta preparando a questa nuova avventura televisiva e ha anche rivelato di essere ricorsa al chirurgo estetico. Vlady ogni tanto cede al fascino delle punturine ma niente di pi\u00f9. Insomma, non [&hellip;]<\/p>\n","protected":false},"author":1,"featured_media":113133,"comment_status":"closed","ping_status":"closed","sticky":false,"template":"","format":"standard","meta":{"footnotes":""},"categories":[54],"tags":[7352,7287,2102,2103,10649,11704,1934,2232],"vip":[],"class_list":["post-57087","post","type-post","status-publish","format-standard","has-post-thumbnail","hentry","category-news","tag-chirurgo","tag-chirurgo-estetico","tag-dichiarazioni","tag-intervista","tag-isola-12","tag-punturine","tag-reality","tag-vladimir-luxuria"],"yoast_head":"<title>Vladimir Luxuria parla dell&#039;Isola 12 e rivela: &#039;Il mio aspetto? Tutto merito del chirurgo!&#039; - Gossip.it | News sul Gossip e VIP<\/title>\n<meta name=\"description\" content=\"Vladimir Luxuria, 51 anni,\u00a0il 30 gennaio torner\u00e0 in tv come nuova opinionista dell&#039;&quot;Isola 12&quot;. Intervistata da Alessio Poeta per Gay.it, ha raccontato\" \/>\n<meta name=\"robots\" content=\"index, follow, max-snippet:-1, max-image-preview:large, max-video-preview:-1\" \/>\n<link rel=\"canonical\" href=\"https:\/\/www.gossip.it\/news\/vladimir-luxuria-isola-12-chirurgo\/\" \/>\n<meta property=\"og:locale\" content=\"it_IT\" \/>\n<meta property=\"og:type\" content=\"article\" \/>\n<meta property=\"og:title\" content=\"Vladimir Luxuria parla dell&#039;Isola 12 e rivela: &#039;Il mio aspetto? Tutto merito del chirurgo!&#039; - Gossip.it | News sul Gossip e VIP\" \/>\n<meta property=\"og:description\" content=\"Vladimir Luxuria, 51 anni,\u00a0il 30 gennaio torner\u00e0 in tv come nuova opinionista dell&#039;&quot;Isola 12&quot;. Intervistata da Alessio Poeta per Gay.it, ha raccontato\" \/>\n<meta property=\"og:url\" content=\"https:\/\/www.gossip.it\/news\/vladimir-luxuria-isola-12-chirurgo\/\" \/>\n<meta property=\"og:site_name\" content=\"Gossip.it | News sul Gossip e VIP\" \/>\n<meta property=\"article:publisher\" content=\"https:\/\/www.facebook.com\/GossipIT\" \/>\n<meta property=\"article:published_time\" content=\"2017-01-15T23:00:00+00:00\" \/>\n<meta property=\"og:image\" content=\"http:\/\/files.gossip.it\/immagini_news\/2017\/01\/1484576166_vladimir_luxuria_1.jpg\" \/>\n<meta name=\"author\" content=\"La Redazione\" \/>\n<meta name=\"twitter:card\" content=\"summary_large_image\" \/>\n<meta name=\"twitter:image\" content=\"http:\/\/files.gossip.it\/immagini_news\/2017\/01\/1484576166_vladimir_luxuria_1.jpg\" \/>\n<meta name=\"twitter:creator\" content=\"@gossinews_it\" \/>\n<meta name=\"twitter:site\" content=\"@gossinews_it\" \/>\n<meta name=\"twitter:label1\" content=\"Scritto da\" \/>\n\t<meta name=\"twitter:data1\" content=\"Francesca Romana Domenici\" \/>\n\t<meta name=\"twitter:label2\" content=\"Tempo di lettura stimato\" \/>\n\t<meta name=\"twitter:data2\" content=\"2 minuti\" \/>","yoast_head_json":{"title":"Vladimir Luxuria parla dell'Isola 12 e rivela: 'Il mio aspetto? Tutto merito del chirurgo!' - Gossip.it | News sul Gossip e VIP","description":"Vladimir Luxuria, 51 anni,\u00a0il 30 gennaio torner\u00e0 in tv come nuova opinionista dell'\"Isola 12\". Intervistata da Alessio Poeta per Gay.it, ha raccontato","robots":{"index":"index","follow":"follow","max-snippet":"max-snippet:-1","max-image-preview":"max-image-preview:large","max-video-preview":"max-video-preview:-1"},"canonical":"https:\/\/www.gossip.it\/news\/vladimir-luxuria-isola-12-chirurgo\/","og_locale":"it_IT","og_type":"article","og_title":"Vladimir Luxuria parla dell'Isola 12 e rivela: 'Il mio aspetto? Tutto merito del chirurgo!' - Gossip.it | News sul Gossip e VIP","og_description":"Vladimir Luxuria, 51 anni,\u00a0il 30 gennaio torner\u00e0 in tv come nuova opinionista dell'\"Isola 12\". Intervistata da Alessio Poeta per Gay.it, ha raccontato","og_url":"https:\/\/www.gossip.it\/news\/vladimir-luxuria-isola-12-chirurgo\/","og_site_name":"Gossip.it | News sul Gossip e VIP","article_publisher":"https:\/\/www.facebook.com\/GossipIT","article_published_time":"2017-01-15T23:00:00+00:00","og_image":[{"url":"http:\/\/files.gossip.it\/immagini_news\/2017\/01\/1484576166_vladimir_luxuria_1.jpg"}],"author":"La Redazione","twitter_card":"summary_large_image","twitter_image":"http:\/\/files.gossip.it\/immagini_news\/2017\/01\/1484576166_vladimir_luxuria_1.jpg","twitter_creator":"@gossinews_it","twitter_site":"@gossinews_it","twitter_misc":{"Scritto da":"Francesca Romana Domenici","Tempo di lettura stimato":"2 minuti"},"schema":{"@context":"https:\/\/schema.org","@graph":[{"@type":"Article","@id":"https:\/\/www.gossip.it\/news\/vladimir-luxuria-isola-12-chirurgo\/#article","isPartOf":{"@id":"https:\/\/www.gossip.it\/news\/vladimir-luxuria-isola-12-chirurgo\/"},"author":{"name":"La Redazione","@id":"https:\/\/www.gossip.it\/#\/schema\/person\/488896f75158bff1cc83c6c39d141110"},"headline":"Vladimir Luxuria parla dell'Isola 12 e rivela: 'Il mio aspetto? Tutto merito del chirurgo!'","datePublished":"2017-01-15T23:00:00+00:00","dateModified":"2017-01-15T23:00:00+00:00","mainEntityOfPage":{"@id":"https:\/\/www.gossip.it\/news\/vladimir-luxuria-isola-12-chirurgo\/"},"wordCount":416,"publisher":{"@id":"https:\/\/www.gossip.it\/#organization"},"image":{"@id":"https:\/\/www.gossip.it\/news\/vladimir-luxuria-isola-12-chirurgo\/#primaryimage"},"thumbnailUrl":"http:\/\/files.gossip.it\/immagini_news\/2017\/01\/1484576166_vladimir_luxuria_1.jpg","keywords":["chirurgo","chirurgo estetico","dichiarazioni","intervista","isola 12","punturine","reality","vladimir luxuria"],"articleSection":["News"],"inLanguage":"it-IT"},{"@type":"WebPage","@id":"https:\/\/www.gossip.it\/news\/vladimir-luxuria-isola-12-chirurgo\/","url":"https:\/\/www.gossip.it\/news\/vladimir-luxuria-isola-12-chirurgo\/","name":"Vladimir Luxuria parla dell'Isola 12 e rivela: 'Il mio aspetto? Tutto merito del chirurgo!' - Gossip.it | News sul Gossip e VIP","isPartOf":{"@id":"https:\/\/www.gossip.it\/#website"},"primaryImageOfPage":{"@id":"https:\/\/www.gossip.it\/news\/vladimir-luxuria-isola-12-chirurgo\/#primaryimage"},"image":{"@id":"https:\/\/www.gossip.it\/news\/vladimir-luxuria-isola-12-chirurgo\/#primaryimage"},"thumbnailUrl":"http:\/\/files.gossip.it\/immagini_news\/2017\/01\/1484576166_vladimir_luxuria_1.jpg","datePublished":"2017-01-15T23:00:00+00:00","dateModified":"2017-01-15T23:00:00+00:00","description":"Vladimir Luxuria, 51 anni,\u00a0il 30 gennaio torner\u00e0 in tv come nuova opinionista dell'\"Isola 12\". Intervistata da Alessio Poeta per Gay.it, ha raccontato","breadcrumb":{"@id":"https:\/\/www.gossip.it\/news\/vladimir-luxuria-isola-12-chirurgo\/#breadcrumb"},"inLanguage":"it-IT","potentialAction":[{"@type":"ReadAction","target":["https:\/\/www.gossip.it\/news\/vladimir-luxuria-isola-12-chirurgo\/"]}]},{"@type":"ImageObject","inLanguage":"it-IT","@id":"https:\/\/www.gossip.it\/news\/vladimir-luxuria-isola-12-chirurgo\/#primaryimage","url":"http:\/\/files.gossip.it\/immagini_news\/2017\/01\/1484576166_vladimir_luxuria_1.jpg","contentUrl":"http:\/\/files.gossip.it\/immagini_news\/2017\/01\/1484576166_vladimir_luxuria_1.jpg"},{"@type":"BreadcrumbList","@id":"https:\/\/www.gossip.it\/news\/vladimir-luxuria-isola-12-chirurgo\/#breadcrumb","itemListElement":[{"@type":"ListItem","position":1,"name":"Home","item":"https:\/\/www.gossip.it\/"},{"@type":"ListItem","position":2,"name":"Vladimir Luxuria parla dell'Isola 12 e rivela: 'Il mio aspetto? Tutto merito del chirurgo!'"}]},{"@type":"WebSite","@id":"https:\/\/www.gossip.it\/#website","url":"https:\/\/www.gossip.it\/","name":"Gossip and VIP News","description":"Quotidiano di cronaca rosa, costume e societ\u00e0","publisher":{"@id":"https:\/\/www.gossip.it\/#organization"},"alternateName":"Gossip and VIP News","potentialAction":[{"@type":"SearchAction","target":{"@type":"EntryPoint","urlTemplate":"https:\/\/www.gossip.it\/?s={search_term_string}"},"query-input":{"@type":"PropertyValueSpecification","valueRequired":true,"valueName":"search_term_string"}}],"inLanguage":"it-IT"},{"@type":"Organization","@id":"https:\/\/www.gossip.it\/#organization","name":"Gossip and VIP News","alternateName":"Gossip News","url":"https:\/\/www.gossip.it\/","logo":{"@type":"ImageObject","inLanguage":"it-IT","@id":"https:\/\/www.gossip.it\/#\/schema\/logo\/image\/","url":"https:\/\/www.gossip.it\/wp-content\/uploads\/2022\/04\/cropped-corna-alta-tiny.png","contentUrl":"https:\/\/www.gossip.it\/wp-content\/uploads\/2022\/04\/cropped-corna-alta-tiny.png","width":512,"height":512,"caption":"Gossip and VIP News"},"image":{"@id":"https:\/\/www.gossip.it\/#\/schema\/logo\/image\/"},"sameAs":["https:\/\/www.facebook.com\/GossipIT","https:\/\/x.com\/gossinews_it","https:\/\/instagram.com\/gossip_it"]},{"@type":"Person","@id":"https:\/\/www.gossip.it\/#\/schema\/person\/488896f75158bff1cc83c6c39d141110","name":"La Redazione","image":{"@type":"ImageObject","inLanguage":"it-IT","@id":"https:\/\/www.gossip.it\/#\/schema\/person\/image\/","url":"https:\/\/secure.gravatar.com\/avatar\/5a5f5c6fa3e6700e4249abdad0263a1e94e927d9e0499b1cb09c1cd29c044d80?s=96&d=mm&r=g","contentUrl":"https:\/\/secure.gravatar.com\/avatar\/5a5f5c6fa3e6700e4249abdad0263a1e94e927d9e0499b1cb09c1cd29c044d80?s=96&d=mm&r=g","caption":"La Redazione"},"sameAs":["https:\/\/www.gossip.it"]}]}},"amp_enabled":true,"_links":{"self":[{"href":"https:\/\/www.gossip.it\/api\/wp\/v2\/posts\/57087","targetHints":{"allow":["GET"]}}],"collection":[{"href":"https:\/\/www.gossip.it\/api\/wp\/v2\/posts"}],"about":[{"href":"https:\/\/www.gossip.it\/api\/wp\/v2\/types\/post"}],"author":[{"embeddable":true,"href":"https:\/\/www.gossip.it\/api\/wp\/v2\/users\/1"}],"replies":[{"embeddable":true,"href":"https:\/\/www.gossip.it\/api\/wp\/v2\/comments?post=57087"}],"version-history":[{"count":0,"href":"https:\/\/www.gossip.it\/api\/wp\/v2\/posts\/57087\/revisions"}],"wp:featuredmedia":[{"embeddable":true,"href":"https:\/\/www.gossip.it\/api\/wp\/v2\/media\/113133"}],"wp:attachment":[{"href":"https:\/\/www.gossip.it\/api\/wp\/v2\/media?parent=57087"}],"wp:term":[{"taxonomy":"category","embeddable":true,"href":"https:\/\/www.gossip.it\/api\/wp\/v2\/categories?post=57087"},{"taxonomy":"post_tag","embeddable":true,"href":"https:\/\/www.gossip.it\/api\/wp\/v2\/tags?post=57087"},{"taxonomy":"vip","embeddable":true,"href":"https:\/\/www.gossip.it\/api\/wp\/v2\/vip?post=57087"}],"curies":[{"name":"wp","href":"https:\/\/api.w.org\/{rel}","templated":true}]}}