{"id":57090,"date":"2017-01-16T00:00:00","date_gmt":"2017-01-15T23:00:00","guid":{"rendered":"https:\/\/www.gossip.it\/senza-categoria\/paris-hilton-settimana-della-moda-milano\/"},"modified":"2017-01-16T00:00:00","modified_gmt":"2017-01-15T23:00:00","slug":"paris-hilton-settimana-della-moda-milano","status":"publish","type":"post","link":"https:\/\/www.gossip.it\/news\/paris-hilton-settimana-della-moda-milano\/","title":{"rendered":"Paris Hilton a Milano per la Settimana della Moda: foto"},"content":{"rendered":"<p><a href=\"\/vip\/paris-hilton\/\">Paris Hilton<\/a> \u00e8 volata a<strong> Milano<\/strong> per la <strong>Settimana della Moda<\/strong>. La bionda ereditiera, cinta da un elegante abito nero, si \u00e8 lasciata immortalare dai flash dei fotografi sulla passerella di Plein Sport.<\/p>\n<figure class=\"caption\"><img decoding=\"async\" alt=\"\" src=\"http:\/\/files.gossip.it\/immagini_news\/2017\/01\/1484579147_paris_hilton_milano.jpg\" \/><figcaption>Paris Hilton durante la sflilata di Plein Sport a Milano<\/figcaption><\/figure>\n<p><strong>Paris<\/strong> a <strong>Milano <\/strong>ha anche partecipato alla sfilata di Moschino insieme all'amica <a href=\"\/vip\/sofia-richie\/\">Sofia Richie<\/a>, figlia di <a href=\"\/vip\/lionel\/\">Lionel<\/a> e sorella della sua ex<em> best friend<\/em> <a href=\"\/vip\/nicole-richie\/\">Nicole<\/a>.<br \/>La <strong>Hilton<\/strong> solo un paio di giorni fa si stava godendo il sole e il mare del Messico a Tulum. Ma il richiamo del fashion \u00e8 stato pi\u00f9 forte delle giornate trascorse in pieno relax a lasciarsi cullare tra le onde del mare e cos\u00ec ha preso il suo jet privato ed \u00e8 atterrata a<strong> Milano<\/strong> per godersi la <strong>Settimana della Moda<\/strong>. Una <a href=\"\/vip\/fashion-week\/\">Fashion Week<\/a> dove sicuramente la sua presenza non \u00e8 passata inosservata.<\/p>\n<figure class=\"caption\"><img decoding=\"async\" alt=\"\" src=\"http:\/\/files.gossip.it\/immagini_news\/2017\/01\/1484579197_paris_hilton_milano2.jpg\" \/><figcaption>L'ereditiera da Moschino con l'amica Sofia Richie, la figlia di Lionel<\/figcaption><\/figure>\n<p>La <strong>Hilton<\/strong> trasforma in oro tutto quello che tocca: dopo i reality show e gli scandali da party-girl, si \u00e8 dedicata con successo alla musica. Di recente ha anche volato in tutto il mondo per partecipare a serate ed eventi glamour in veste di deejay. Ricca di famiglia, da anni sulla cresta dell'onda, ha saputo costruire un impero multimilionario tutto suo e a quasi 36 anni, li compir\u00e0 il prossimo febbraio, ormai non la ferma pi\u00f9 nessuno.<\/p>\n<p>Di recente <strong>Paris<\/strong> ha visto anche naufragare la sua relazione con Thomas Gross. Donna indipendente, per\u00f2, non ha paura di vivere senza un uomo accanto: <em>\"Amo essere single<\/em> - ha dichiarato - <em>Prima non riuscivo a stare sola. Avevo sempre bisogno di un fidanzato. Ora mi sento indipendente e sono cos\u00ec felice di me stessa. Non ho bisogno che nessuno convalidi la mia felicit\u00e0\"<\/em>. E a <strong>Milano<\/strong>\u00a0per la<strong> Settimana della Moda <\/strong>ha sicuramente brillato di luce propria.<\/p>\n","protected":false},"excerpt":{"rendered":"<p>Paris Hilton \u00e8 volata a Milano per la Settimana della Moda. La bionda ereditiera, cinta da un elegante abito nero, si \u00e8 lasciata immortalare dai flash dei fotografi sulla passerella di Plein Sport. Paris Hilton durante la sflilata di Plein Sport a Milano Paris a Milano ha anche partecipato alla sfilata di Moschino insieme all'amica [&hellip;]<\/p>\n","protected":false},"author":1,"featured_media":113136,"comment_status":"closed","ping_status":"closed","sticky":false,"template":"","format":"standard","meta":{"footnotes":""},"categories":[54],"tags":[4438,5419,1979,55714,55713,6311,1923,55715],"vip":[1481],"class_list":["post-57090","post","type-post","status-publish","format-standard","has-post-thumbnail","hentry","category-news","tag-ereditiera","tag-fashion-week","tag-milano","tag-moschini","tag-plein-sport","tag-settimana-della-moda","tag-social","tag-sofia-richie","vip-paris_hilton"],"yoast_head":"<title>Paris Hilton a Milano per la Settimana della Moda: foto - Gossip.it | News sul Gossip e VIP<\/title>\n<meta name=\"description\" content=\"Paris Hilton \u00e8 volata a Milano per la Settimana della Moda. La bionda ereditiera, cinta da un elegante abito nero, si \u00e8 lasciata immortalare dai flash dei\" \/>\n<meta name=\"robots\" content=\"index, follow, max-snippet:-1, max-image-preview:large, max-video-preview:-1\" \/>\n<link rel=\"canonical\" href=\"https:\/\/www.gossip.it\/news\/paris-hilton-settimana-della-moda-milano\/\" \/>\n<meta property=\"og:locale\" content=\"it_IT\" \/>\n<meta property=\"og:type\" content=\"article\" \/>\n<meta property=\"og:title\" content=\"Paris Hilton a Milano per la Settimana della Moda: foto - Gossip.it | News sul Gossip e VIP\" \/>\n<meta property=\"og:description\" content=\"Paris Hilton \u00e8 volata a Milano per la Settimana della Moda. La bionda ereditiera, cinta da un elegante abito nero, si \u00e8 lasciata immortalare dai flash dei\" \/>\n<meta property=\"og:url\" content=\"https:\/\/www.gossip.it\/news\/paris-hilton-settimana-della-moda-milano\/\" \/>\n<meta property=\"og:site_name\" content=\"Gossip.it | News sul Gossip e VIP\" \/>\n<meta property=\"article:publisher\" content=\"https:\/\/www.facebook.com\/GossipIT\" \/>\n<meta property=\"article:published_time\" content=\"2017-01-15T23:00:00+00:00\" \/>\n<meta property=\"og:image\" content=\"http:\/\/files.gossip.it\/immagini_news\/2017\/01\/1484579147_paris_hilton_milano.jpg\" \/>\n<meta name=\"author\" content=\"La Redazione\" \/>\n<meta name=\"twitter:card\" content=\"summary_large_image\" \/>\n<meta name=\"twitter:image\" content=\"http:\/\/files.gossip.it\/immagini_news\/2017\/01\/1484579147_paris_hilton_milano.jpg\" \/>\n<meta name=\"twitter:creator\" content=\"@gossinews_it\" \/>\n<meta name=\"twitter:site\" content=\"@gossinews_it\" \/>\n<meta name=\"twitter:label1\" content=\"Scritto da\" \/>\n\t<meta name=\"twitter:data1\" content=\"Francesca Romana Domenici\" \/>\n\t<meta name=\"twitter:label2\" content=\"Tempo di lettura stimato\" \/>\n\t<meta name=\"twitter:data2\" content=\"1 minuto\" \/>","yoast_head_json":{"title":"Paris Hilton a Milano per la Settimana della Moda: foto - Gossip.it | News sul Gossip e VIP","description":"Paris Hilton \u00e8 volata a Milano per la Settimana della Moda. La bionda ereditiera, cinta da un elegante abito nero, si \u00e8 lasciata immortalare dai flash dei","robots":{"index":"index","follow":"follow","max-snippet":"max-snippet:-1","max-image-preview":"max-image-preview:large","max-video-preview":"max-video-preview:-1"},"canonical":"https:\/\/www.gossip.it\/news\/paris-hilton-settimana-della-moda-milano\/","og_locale":"it_IT","og_type":"article","og_title":"Paris Hilton a Milano per la Settimana della Moda: foto - Gossip.it | News sul Gossip e VIP","og_description":"Paris Hilton \u00e8 volata a Milano per la Settimana della Moda. La bionda ereditiera, cinta da un elegante abito nero, si \u00e8 lasciata immortalare dai flash dei","og_url":"https:\/\/www.gossip.it\/news\/paris-hilton-settimana-della-moda-milano\/","og_site_name":"Gossip.it | News sul Gossip e VIP","article_publisher":"https:\/\/www.facebook.com\/GossipIT","article_published_time":"2017-01-15T23:00:00+00:00","og_image":[{"url":"http:\/\/files.gossip.it\/immagini_news\/2017\/01\/1484579147_paris_hilton_milano.jpg"}],"author":"La Redazione","twitter_card":"summary_large_image","twitter_image":"http:\/\/files.gossip.it\/immagini_news\/2017\/01\/1484579147_paris_hilton_milano.jpg","twitter_creator":"@gossinews_it","twitter_site":"@gossinews_it","twitter_misc":{"Scritto da":"Francesca Romana Domenici","Tempo di lettura stimato":"1 minuto"},"schema":{"@context":"https:\/\/schema.org","@graph":[{"@type":"Article","@id":"https:\/\/www.gossip.it\/news\/paris-hilton-settimana-della-moda-milano\/#article","isPartOf":{"@id":"https:\/\/www.gossip.it\/news\/paris-hilton-settimana-della-moda-milano\/"},"author":{"name":"La Redazione","@id":"https:\/\/www.gossip.it\/#\/schema\/person\/488896f75158bff1cc83c6c39d141110"},"headline":"Paris Hilton a Milano per la Settimana della Moda: foto","datePublished":"2017-01-15T23:00:00+00:00","dateModified":"2017-01-15T23:00:00+00:00","mainEntityOfPage":{"@id":"https:\/\/www.gossip.it\/news\/paris-hilton-settimana-della-moda-milano\/"},"wordCount":315,"publisher":{"@id":"https:\/\/www.gossip.it\/#organization"},"image":{"@id":"https:\/\/www.gossip.it\/news\/paris-hilton-settimana-della-moda-milano\/#primaryimage"},"thumbnailUrl":"http:\/\/files.gossip.it\/immagini_news\/2017\/01\/1484579147_paris_hilton_milano.jpg","keywords":["ereditiera","fashion week","milano","moschini","plein sport","settimana della moda","social","sofia richie"],"articleSection":["News"],"inLanguage":"it-IT"},{"@type":"WebPage","@id":"https:\/\/www.gossip.it\/news\/paris-hilton-settimana-della-moda-milano\/","url":"https:\/\/www.gossip.it\/news\/paris-hilton-settimana-della-moda-milano\/","name":"Paris Hilton a Milano per la Settimana della Moda: foto - Gossip.it | News sul Gossip e VIP","isPartOf":{"@id":"https:\/\/www.gossip.it\/#website"},"primaryImageOfPage":{"@id":"https:\/\/www.gossip.it\/news\/paris-hilton-settimana-della-moda-milano\/#primaryimage"},"image":{"@id":"https:\/\/www.gossip.it\/news\/paris-hilton-settimana-della-moda-milano\/#primaryimage"},"thumbnailUrl":"http:\/\/files.gossip.it\/immagini_news\/2017\/01\/1484579147_paris_hilton_milano.jpg","datePublished":"2017-01-15T23:00:00+00:00","dateModified":"2017-01-15T23:00:00+00:00","description":"Paris Hilton \u00e8 volata a Milano per la Settimana della Moda. La bionda ereditiera, cinta da un elegante abito nero, si \u00e8 lasciata immortalare dai flash dei","breadcrumb":{"@id":"https:\/\/www.gossip.it\/news\/paris-hilton-settimana-della-moda-milano\/#breadcrumb"},"inLanguage":"it-IT","potentialAction":[{"@type":"ReadAction","target":["https:\/\/www.gossip.it\/news\/paris-hilton-settimana-della-moda-milano\/"]}]},{"@type":"ImageObject","inLanguage":"it-IT","@id":"https:\/\/www.gossip.it\/news\/paris-hilton-settimana-della-moda-milano\/#primaryimage","url":"http:\/\/files.gossip.it\/immagini_news\/2017\/01\/1484579147_paris_hilton_milano.jpg","contentUrl":"http:\/\/files.gossip.it\/immagini_news\/2017\/01\/1484579147_paris_hilton_milano.jpg"},{"@type":"BreadcrumbList","@id":"https:\/\/www.gossip.it\/news\/paris-hilton-settimana-della-moda-milano\/#breadcrumb","itemListElement":[{"@type":"ListItem","position":1,"name":"Home","item":"https:\/\/www.gossip.it\/"},{"@type":"ListItem","position":2,"name":"Paris Hilton a Milano per la Settimana della Moda: foto"}]},{"@type":"WebSite","@id":"https:\/\/www.gossip.it\/#website","url":"https:\/\/www.gossip.it\/","name":"Gossip and VIP News","description":"Quotidiano di cronaca rosa, costume e societ\u00e0","publisher":{"@id":"https:\/\/www.gossip.it\/#organization"},"alternateName":"Gossip and VIP News","potentialAction":[{"@type":"SearchAction","target":{"@type":"EntryPoint","urlTemplate":"https:\/\/www.gossip.it\/?s={search_term_string}"},"query-input":{"@type":"PropertyValueSpecification","valueRequired":true,"valueName":"search_term_string"}}],"inLanguage":"it-IT"},{"@type":"Organization","@id":"https:\/\/www.gossip.it\/#organization","name":"Gossip and VIP News","alternateName":"Gossip News","url":"https:\/\/www.gossip.it\/","logo":{"@type":"ImageObject","inLanguage":"it-IT","@id":"https:\/\/www.gossip.it\/#\/schema\/logo\/image\/","url":"https:\/\/www.gossip.it\/wp-content\/uploads\/2022\/04\/cropped-corna-alta-tiny.png","contentUrl":"https:\/\/www.gossip.it\/wp-content\/uploads\/2022\/04\/cropped-corna-alta-tiny.png","width":512,"height":512,"caption":"Gossip and VIP News"},"image":{"@id":"https:\/\/www.gossip.it\/#\/schema\/logo\/image\/"},"sameAs":["https:\/\/www.facebook.com\/GossipIT","https:\/\/x.com\/gossinews_it","https:\/\/instagram.com\/gossip_it"]},{"@type":"Person","@id":"https:\/\/www.gossip.it\/#\/schema\/person\/488896f75158bff1cc83c6c39d141110","name":"La Redazione","image":{"@type":"ImageObject","inLanguage":"it-IT","@id":"https:\/\/www.gossip.it\/#\/schema\/person\/image\/","url":"https:\/\/secure.gravatar.com\/avatar\/5a5f5c6fa3e6700e4249abdad0263a1e94e927d9e0499b1cb09c1cd29c044d80?s=96&d=mm&r=g","contentUrl":"https:\/\/secure.gravatar.com\/avatar\/5a5f5c6fa3e6700e4249abdad0263a1e94e927d9e0499b1cb09c1cd29c044d80?s=96&d=mm&r=g","caption":"La Redazione"},"sameAs":["https:\/\/www.gossip.it"]}]}},"amp_enabled":true,"_links":{"self":[{"href":"https:\/\/www.gossip.it\/api\/wp\/v2\/posts\/57090","targetHints":{"allow":["GET"]}}],"collection":[{"href":"https:\/\/www.gossip.it\/api\/wp\/v2\/posts"}],"about":[{"href":"https:\/\/www.gossip.it\/api\/wp\/v2\/types\/post"}],"author":[{"embeddable":true,"href":"https:\/\/www.gossip.it\/api\/wp\/v2\/users\/1"}],"replies":[{"embeddable":true,"href":"https:\/\/www.gossip.it\/api\/wp\/v2\/comments?post=57090"}],"version-history":[{"count":0,"href":"https:\/\/www.gossip.it\/api\/wp\/v2\/posts\/57090\/revisions"}],"wp:featuredmedia":[{"embeddable":true,"href":"https:\/\/www.gossip.it\/api\/wp\/v2\/media\/113136"}],"wp:attachment":[{"href":"https:\/\/www.gossip.it\/api\/wp\/v2\/media?parent=57090"}],"wp:term":[{"taxonomy":"category","embeddable":true,"href":"https:\/\/www.gossip.it\/api\/wp\/v2\/categories?post=57090"},{"taxonomy":"post_tag","embeddable":true,"href":"https:\/\/www.gossip.it\/api\/wp\/v2\/tags?post=57090"},{"taxonomy":"vip","embeddable":true,"href":"https:\/\/www.gossip.it\/api\/wp\/v2\/vip?post=57090"}],"curies":[{"name":"wp","href":"https:\/\/api.w.org\/{rel}","templated":true}]}}