{"id":57140,"date":"2017-01-20T00:00:00","date_gmt":"2017-01-19T23:00:00","guid":{"rendered":"https:\/\/www.gossip.it\/senza-categoria\/laura-pausini-video-colpevole\/"},"modified":"2017-01-20T00:00:00","modified_gmt":"2017-01-19T23:00:00","slug":"laura-pausini-video-colpevole","status":"publish","type":"post","link":"https:\/\/www.gossip.it\/news\/laura-pausini-video-colpevole\/","title":{"rendered":"Laura Pausini si fa la barba nel video di 'Colpevole': guarda"},"content":{"rendered":"<p><a href=\"\/vip\/laura-pausini\/\">Laura Pausini<\/a> nel <strong>video<\/strong> di \"<strong>Colpevole<\/strong>\", brano tratto dal suo album \"Simili\", \u00a0indossa una parucca bionda si fa la barba. La cantante in questi giorni sta festeggiando la sua nomination ai prossimi Grammy Awards e ha deciso cos\u00ec di fare un regalo ai fan.<\/p>\n<figure class=\"caption\"><img decoding=\"async\" alt=\"\" width=\"640\" height=\"353\" src=\"http:\/\/files.gossip.it\/immagini_news\/2017\/01\/1484910862_pausini_1.jpg\" \/><figcaption>Laura Pausni nel video di Colpevole rende omaggio a Virna Lisi<\/figcaption><\/figure>\n<p><strong>Laura<\/strong> sta pubblicando tutti i <strong>video<\/strong> dei brani che compongono il suo ultimo disco. Nelle ultime ore \u00e8 cos\u00ec arrivato online su YouTube \"<strong>Colpevole<\/strong>\". Nel <strong>video Laura<\/strong>\u00a0rende omaggio a <a href=\"\/vip\/david-bowie\/\">David Bowie<\/a>. La canzone \u00e8 stata scritta dalla <strong>Pausini<\/strong> insieme a Nicol\u00f2 Gagliardi e Daniel Vuletic ed \u00e8 dedicata a chi si nasconde dietro una maschera perch\u00e9 ha paura di rivelare il proprio carattere.\u00a0<\/p>\n<figure class=\"caption\"><img decoding=\"async\" alt=\"\" width=\"640\" height=\"358\" src=\"http:\/\/files.gossip.it\/immagini_news\/2017\/01\/1484910975_pausini_3.jpg\" \/><figcaption>Il video \u00e8 stato girato nel 2015 ma \u00e8 uscito solo ora in occasione della nomination della cantante ai Grammy Awards<\/figcaption><\/figure>\n<p>Il <strong>video <\/strong>di \"<strong>Colpevole<\/strong>\" \u00e8 stato diretto dagli Sugarkane, Leandro Emede e Nicol\u00f2 Cerioni: <em>\"Colpevole<\/em> - ha spiegato<strong> Laura Pausini<\/strong> su <a href=\"\/vip\/facebook\/\">Facebook<\/a> -<em> \u00e8 una canzone arrabbiata e con i registi abbiamo pensato di ispirarci a tre figure molto diverse tra loro: ad una foto bellissima di Virna Lisi che si fa la barba, ad una versione del famoso look di Bowie e poi una Barbie nel ghiaccio. Non voglio paragonarmi a nessuno di questi personaggi, sono solo ispirazioni artistiche che mi hanno aiutata a raccontare la mia canzone\"<\/em>.<\/p>\n<figure class=\"caption\"><img decoding=\"async\" alt=\"\" width=\"640\" height=\"349\" src=\"http:\/\/files.gossip.it\/immagini_news\/2017\/01\/1484911030_pausini_2.jpg\" \/><figcaption>Laura ricorda anche David Bowie<\/figcaption><\/figure>\n<p>Naturalmente i fan sono entusiasti: <em>\"<strong>Laura<\/strong><\/em><strong> <\/strong>- scrive alla <strong>Pausini <\/strong>un ammiratore - <em>finalmente \u00e8 uscito il video di '<strong>Colpevole<\/strong>', la mia canzone... ho aspettato questo momento dal 6 novembre 2015! Grazie per averci regalato questa meraviglia, l'ascolto tutti i giorni e spesso ripenso a chi mi ha fatto male e mi ha preso in giro. E' uno dei motivi per cui non torno indietro. Il video poi, \u00e8 una bomba! Grazie perch\u00e9 questa canzone esprime quei sentimenti che \u00e8 difficile tirare fuori a parole\"<\/em>. Laura risponde al fan: <em>\"Allora la dedico a te e a chi ti ha fatto star male\"<\/em>. <em>\"Anzi, non a chi ti ha fatto star male ahahahah\"<\/em>, si corregge la cantante.\u00a0<\/p>\n","protected":false},"excerpt":{"rendered":"<p>Laura Pausini nel video di \"Colpevole\", brano tratto dal suo album \"Simili\", \u00a0indossa una parucca bionda si fa la barba. La cantante in questi giorni sta festeggiando la sua nomination ai prossimi Grammy Awards e ha deciso cos\u00ec di fare un regalo ai fan. Laura Pausni nel video di Colpevole rende omaggio a Virna Lisi [&hellip;]<\/p>\n","protected":false},"author":1,"featured_media":113186,"comment_status":"closed","ping_status":"closed","sticky":false,"template":"","format":"standard","meta":{"footnotes":""},"categories":[54],"tags":[1981,1924,45000,10037,2431,11581,1923,1867],"vip":[1084,1841],"class_list":["post-57140","post","type-post","status-publish","format-standard","has-post-thumbnail","hentry","category-news","tag-cantante","tag-canzone","tag-colpevole","tag-david-bowie","tag-disco","tag-simili","tag-social","tag-video","vip-laura_pausini","vip-virna_lisi"],"yoast_head":"<title>Laura Pausini si fa la barba nel video di &#039;Colpevole&#039;: guarda - Gossip.it | News sul Gossip e VIP<\/title>\n<meta name=\"description\" content=\"Laura Pausini nel video di &quot;Colpevole&quot;, brano tratto dal suo album &quot;Simili&quot;, \u00a0indossa una parucca bionda si fa la barba. La cantante in questi giorni sta\" \/>\n<meta name=\"robots\" content=\"index, follow, max-snippet:-1, max-image-preview:large, max-video-preview:-1\" \/>\n<link rel=\"canonical\" href=\"https:\/\/www.gossip.it\/news\/laura-pausini-video-colpevole\/\" \/>\n<meta property=\"og:locale\" content=\"it_IT\" \/>\n<meta property=\"og:type\" content=\"article\" \/>\n<meta property=\"og:title\" content=\"Laura Pausini si fa la barba nel video di &#039;Colpevole&#039;: guarda - Gossip.it | News sul Gossip e VIP\" \/>\n<meta property=\"og:description\" content=\"Laura Pausini nel video di &quot;Colpevole&quot;, brano tratto dal suo album &quot;Simili&quot;, \u00a0indossa una parucca bionda si fa la barba. La cantante in questi giorni sta\" \/>\n<meta property=\"og:url\" content=\"https:\/\/www.gossip.it\/news\/laura-pausini-video-colpevole\/\" \/>\n<meta property=\"og:site_name\" content=\"Gossip.it | News sul Gossip e VIP\" \/>\n<meta property=\"article:publisher\" content=\"https:\/\/www.facebook.com\/GossipIT\" \/>\n<meta property=\"article:published_time\" content=\"2017-01-19T23:00:00+00:00\" \/>\n<meta property=\"og:image\" content=\"http:\/\/files.gossip.it\/immagini_news\/2017\/01\/1484910862_pausini_1.jpg\" \/>\n<meta name=\"author\" content=\"La Redazione\" \/>\n<meta name=\"twitter:card\" content=\"summary_large_image\" \/>\n<meta name=\"twitter:image\" content=\"http:\/\/files.gossip.it\/immagini_news\/2017\/01\/1484910862_pausini_1.jpg\" \/>\n<meta name=\"twitter:creator\" content=\"@gossinews_it\" \/>\n<meta name=\"twitter:site\" content=\"@gossinews_it\" \/>\n<meta name=\"twitter:label1\" content=\"Scritto da\" \/>\n\t<meta name=\"twitter:data1\" content=\"Francesca Romana Domenici\" \/>\n\t<meta name=\"twitter:label2\" content=\"Tempo di lettura stimato\" \/>\n\t<meta name=\"twitter:data2\" content=\"2 minuti\" \/>","yoast_head_json":{"title":"Laura Pausini si fa la barba nel video di 'Colpevole': guarda - Gossip.it | News sul Gossip e VIP","description":"Laura Pausini nel video di \"Colpevole\", brano tratto dal suo album \"Simili\", \u00a0indossa una parucca bionda si fa la barba. La cantante in questi giorni sta","robots":{"index":"index","follow":"follow","max-snippet":"max-snippet:-1","max-image-preview":"max-image-preview:large","max-video-preview":"max-video-preview:-1"},"canonical":"https:\/\/www.gossip.it\/news\/laura-pausini-video-colpevole\/","og_locale":"it_IT","og_type":"article","og_title":"Laura Pausini si fa la barba nel video di 'Colpevole': guarda - Gossip.it | News sul Gossip e VIP","og_description":"Laura Pausini nel video di \"Colpevole\", brano tratto dal suo album \"Simili\", \u00a0indossa una parucca bionda si fa la barba. La cantante in questi giorni sta","og_url":"https:\/\/www.gossip.it\/news\/laura-pausini-video-colpevole\/","og_site_name":"Gossip.it | News sul Gossip e VIP","article_publisher":"https:\/\/www.facebook.com\/GossipIT","article_published_time":"2017-01-19T23:00:00+00:00","og_image":[{"url":"http:\/\/files.gossip.it\/immagini_news\/2017\/01\/1484910862_pausini_1.jpg"}],"author":"La Redazione","twitter_card":"summary_large_image","twitter_image":"http:\/\/files.gossip.it\/immagini_news\/2017\/01\/1484910862_pausini_1.jpg","twitter_creator":"@gossinews_it","twitter_site":"@gossinews_it","twitter_misc":{"Scritto da":"Francesca Romana Domenici","Tempo di lettura stimato":"2 minuti"},"schema":{"@context":"https:\/\/schema.org","@graph":[{"@type":"Article","@id":"https:\/\/www.gossip.it\/news\/laura-pausini-video-colpevole\/#article","isPartOf":{"@id":"https:\/\/www.gossip.it\/news\/laura-pausini-video-colpevole\/"},"author":{"name":"La Redazione","@id":"https:\/\/www.gossip.it\/#\/schema\/person\/488896f75158bff1cc83c6c39d141110"},"headline":"Laura Pausini si fa la barba nel video di 'Colpevole': guarda","datePublished":"2017-01-19T23:00:00+00:00","dateModified":"2017-01-19T23:00:00+00:00","mainEntityOfPage":{"@id":"https:\/\/www.gossip.it\/news\/laura-pausini-video-colpevole\/"},"wordCount":349,"publisher":{"@id":"https:\/\/www.gossip.it\/#organization"},"image":{"@id":"https:\/\/www.gossip.it\/news\/laura-pausini-video-colpevole\/#primaryimage"},"thumbnailUrl":"http:\/\/files.gossip.it\/immagini_news\/2017\/01\/1484910862_pausini_1.jpg","keywords":["cantante","canzone","colpevole","david bowie","disco","simili","social","video"],"articleSection":["News"],"inLanguage":"it-IT"},{"@type":"WebPage","@id":"https:\/\/www.gossip.it\/news\/laura-pausini-video-colpevole\/","url":"https:\/\/www.gossip.it\/news\/laura-pausini-video-colpevole\/","name":"Laura Pausini si fa la barba nel video di 'Colpevole': guarda - Gossip.it | News sul Gossip e VIP","isPartOf":{"@id":"https:\/\/www.gossip.it\/#website"},"primaryImageOfPage":{"@id":"https:\/\/www.gossip.it\/news\/laura-pausini-video-colpevole\/#primaryimage"},"image":{"@id":"https:\/\/www.gossip.it\/news\/laura-pausini-video-colpevole\/#primaryimage"},"thumbnailUrl":"http:\/\/files.gossip.it\/immagini_news\/2017\/01\/1484910862_pausini_1.jpg","datePublished":"2017-01-19T23:00:00+00:00","dateModified":"2017-01-19T23:00:00+00:00","description":"Laura Pausini nel video di \"Colpevole\", brano tratto dal suo album \"Simili\", \u00a0indossa una parucca bionda si fa la barba. La cantante in questi giorni sta","breadcrumb":{"@id":"https:\/\/www.gossip.it\/news\/laura-pausini-video-colpevole\/#breadcrumb"},"inLanguage":"it-IT","potentialAction":[{"@type":"ReadAction","target":["https:\/\/www.gossip.it\/news\/laura-pausini-video-colpevole\/"]}]},{"@type":"ImageObject","inLanguage":"it-IT","@id":"https:\/\/www.gossip.it\/news\/laura-pausini-video-colpevole\/#primaryimage","url":"http:\/\/files.gossip.it\/immagini_news\/2017\/01\/1484910862_pausini_1.jpg","contentUrl":"http:\/\/files.gossip.it\/immagini_news\/2017\/01\/1484910862_pausini_1.jpg"},{"@type":"BreadcrumbList","@id":"https:\/\/www.gossip.it\/news\/laura-pausini-video-colpevole\/#breadcrumb","itemListElement":[{"@type":"ListItem","position":1,"name":"Home","item":"https:\/\/www.gossip.it\/"},{"@type":"ListItem","position":2,"name":"Laura Pausini si fa la barba nel video di 'Colpevole': guarda"}]},{"@type":"WebSite","@id":"https:\/\/www.gossip.it\/#website","url":"https:\/\/www.gossip.it\/","name":"Gossip and VIP News","description":"Quotidiano di cronaca rosa, costume e societ\u00e0","publisher":{"@id":"https:\/\/www.gossip.it\/#organization"},"alternateName":"Gossip and VIP News","potentialAction":[{"@type":"SearchAction","target":{"@type":"EntryPoint","urlTemplate":"https:\/\/www.gossip.it\/?s={search_term_string}"},"query-input":{"@type":"PropertyValueSpecification","valueRequired":true,"valueName":"search_term_string"}}],"inLanguage":"it-IT"},{"@type":"Organization","@id":"https:\/\/www.gossip.it\/#organization","name":"Gossip and VIP News","alternateName":"Gossip News","url":"https:\/\/www.gossip.it\/","logo":{"@type":"ImageObject","inLanguage":"it-IT","@id":"https:\/\/www.gossip.it\/#\/schema\/logo\/image\/","url":"https:\/\/www.gossip.it\/wp-content\/uploads\/2022\/04\/cropped-corna-alta-tiny.png","contentUrl":"https:\/\/www.gossip.it\/wp-content\/uploads\/2022\/04\/cropped-corna-alta-tiny.png","width":512,"height":512,"caption":"Gossip and VIP News"},"image":{"@id":"https:\/\/www.gossip.it\/#\/schema\/logo\/image\/"},"sameAs":["https:\/\/www.facebook.com\/GossipIT","https:\/\/x.com\/gossinews_it","https:\/\/instagram.com\/gossip_it"]},{"@type":"Person","@id":"https:\/\/www.gossip.it\/#\/schema\/person\/488896f75158bff1cc83c6c39d141110","name":"La Redazione","image":{"@type":"ImageObject","inLanguage":"it-IT","@id":"https:\/\/www.gossip.it\/#\/schema\/person\/image\/","url":"https:\/\/secure.gravatar.com\/avatar\/5a5f5c6fa3e6700e4249abdad0263a1e94e927d9e0499b1cb09c1cd29c044d80?s=96&d=mm&r=g","contentUrl":"https:\/\/secure.gravatar.com\/avatar\/5a5f5c6fa3e6700e4249abdad0263a1e94e927d9e0499b1cb09c1cd29c044d80?s=96&d=mm&r=g","caption":"La Redazione"},"sameAs":["https:\/\/www.gossip.it"]}]}},"amp_enabled":true,"_links":{"self":[{"href":"https:\/\/www.gossip.it\/api\/wp\/v2\/posts\/57140","targetHints":{"allow":["GET"]}}],"collection":[{"href":"https:\/\/www.gossip.it\/api\/wp\/v2\/posts"}],"about":[{"href":"https:\/\/www.gossip.it\/api\/wp\/v2\/types\/post"}],"author":[{"embeddable":true,"href":"https:\/\/www.gossip.it\/api\/wp\/v2\/users\/1"}],"replies":[{"embeddable":true,"href":"https:\/\/www.gossip.it\/api\/wp\/v2\/comments?post=57140"}],"version-history":[{"count":0,"href":"https:\/\/www.gossip.it\/api\/wp\/v2\/posts\/57140\/revisions"}],"wp:featuredmedia":[{"embeddable":true,"href":"https:\/\/www.gossip.it\/api\/wp\/v2\/media\/113186"}],"wp:attachment":[{"href":"https:\/\/www.gossip.it\/api\/wp\/v2\/media?parent=57140"}],"wp:term":[{"taxonomy":"category","embeddable":true,"href":"https:\/\/www.gossip.it\/api\/wp\/v2\/categories?post=57140"},{"taxonomy":"post_tag","embeddable":true,"href":"https:\/\/www.gossip.it\/api\/wp\/v2\/tags?post=57140"},{"taxonomy":"vip","embeddable":true,"href":"https:\/\/www.gossip.it\/api\/wp\/v2\/vip?post=57140"}],"curies":[{"name":"wp","href":"https:\/\/api.w.org\/{rel}","templated":true}]}}