{"id":57163,"date":"2017-01-24T00:00:00","date_gmt":"2017-01-23T23:00:00","guid":{"rendered":"https:\/\/www.gossip.it\/senza-categoria\/victoria-beckham-parigi-fashion-week\/"},"modified":"2017-01-24T00:00:00","modified_gmt":"2017-01-23T23:00:00","slug":"victoria-beckham-parigi-fashion-week","status":"publish","type":"post","link":"https:\/\/www.gossip.it\/news\/victoria-beckham-parigi-fashion-week\/","title":{"rendered":"Victoria Beckham a Parigi per la Fashion Week: foto"},"content":{"rendered":"<p><a href=\"\/vip\/victoria-beckham\/\">Victoria Beckham<\/a>, 42 anni, \u00e8 arrivata a <strong>Parigi<\/strong> per la <strong>Fashion Week<\/strong>. L'ex Spice ha sfidato il freddo indossando semplicemente una camicia di seta celeste con pantaloni color cachi. Niente soprabito, giacca o cappotto. La stilista ha lasciato tutti a bocca aperta con la sua mise \"ultra-leggera\" in una fredda giornata di gennaio.<\/p>\n<figure class=\"caption\"><img decoding=\"async\" alt=\"\" src=\"http:\/\/files.gossip.it\/immagini_news\/2017\/01\/1485257922_vic_beckham_1.jpg\" \/><figcaption>Victoria Beckham a Parigi per la Fashion Week<\/figcaption><\/figure>\n<p><strong>Victoria<\/strong> indossava un paio di grandi occhiali da sole che le coprivano lo sguardo. I capelli erano legati. Ha scelto la comodit\u00e0 per presenziare agli aventi<strong> fashion<\/strong> di <strong>Parigi<\/strong>. Sul social la <strong>Beckham<\/strong> ha postato alcuni scatti della giornata: in uno coccola un tenero cagnolino bianco con cappottino, in un altro invece fa il segno di vittoria con le dita. <em>\"2 diventa 1. Baci VB #girlpower\"<\/em>, si legge accanto alla foto.<\/p>\n<figure class=\"caption\"><img decoding=\"async\" alt=\"\" src=\"http:\/\/files.gossip.it\/immagini_news\/2017\/01\/1485258021_vic_beckham_2.jpg\" \/><figcaption>Victoria con un simpatico cagnolino<\/figcaption><\/figure>\n<p><strong>Victoria<\/strong>\u00a0\u00e8 rimasta solo poche ore a <strong>Parigi<\/strong>. La <strong>Beckham<\/strong> ha gi\u00e0 salutato la capitale francese. Per lei essere alla<strong> Fashion Week<\/strong>, anche se per poco, \u00e8 stato molto importante. Ormai \u00e8 da anni nel mondo della moda e la sua carriera da stilista \u00e8 sempre pi\u00f9 in ascesa. Le sue creazioni riscuotono un buon successo e sembra aver trovato la strada giusta, l'habitat naturale, la professione che pi\u00f9 di ogni altra la fa sentire realizzata. In passato non ha nascosto che quando era una Spice Girl non era a suo agio. Cantare e muoversi su un palco non era nelle sue corde. Lo ha scoperto con gli anni, non subito, ma da quando ha deciso di dedicarsi al <strong>fashion <\/strong>non ha pi\u00f9 mollato.\u00a0<\/p>\n<figure class=\"caption\"><img decoding=\"async\" alt=\"\" src=\"http:\/\/files.gossip.it\/immagini_news\/2017\/01\/1485258082_vic_beckham_3.jpg\" \/><figcaption>La stilista \u00e8 rimasta in Francia solo per poco ed \u00e8 gi\u00e0 ripartita<\/figcaption><\/figure>\n<p>Ma moda \u00e8 la sua passione e per questo motivo <strong>Victoria<\/strong> non si \u00e8 riunita alle sue x colleghe (<a href=\"\/vip\/mel-b\/\">Mel B<\/a>, <a href=\"\/vip\/emma-bunton\/\">Emma Bunton<\/a> e <a href=\"\/vip\/geri-halliwell\/\">Geri Halliwell<\/a>) che alcuni mesi fa hanno deciso di riportare in auge il gruppo musicale. Stando alle ultime notizie, Vic gli avrebbe messo anche i bastoni tra la ruote: avrebbe chiesto che non vengano eseguiti sul palco i vecchi brani dalla band tutta al femminile.<\/p>\n","protected":false},"excerpt":{"rendered":"<p>Victoria Beckham, 42 anni, \u00e8 arrivata a Parigi per la Fashion Week. L'ex Spice ha sfidato il freddo indossando semplicemente una camicia di seta celeste con pantaloni color cachi. Niente soprabito, giacca o cappotto. La stilista ha lasciato tutti a bocca aperta con la sua mise \"ultra-leggera\" in una fredda giornata di gennaio. Victoria Beckham [&hellip;]<\/p>\n","protected":false},"author":1,"featured_media":113209,"comment_status":"closed","ping_status":"closed","sticky":false,"template":"","format":"standard","meta":{"footnotes":""},"categories":[54],"tags":[5419,10087,1970,3099,4694,6311,9947,2360],"vip":[1825],"class_list":["post-57163","post","type-post","status-publish","format-standard","has-post-thumbnail","hentry","category-news","tag-fashion-week","tag-freddo","tag-look","tag-moda","tag-parigi","tag-settimana-della-moda","tag-spice-girls","tag-stilista","vip-victoria_beckham"],"yoast_head":"<title>Victoria Beckham a Parigi per la Fashion Week: foto - Gossip.it | News sul Gossip e VIP<\/title>\n<meta name=\"description\" content=\"Victoria Beckham, 42 anni, \u00e8 arrivata a Parigi per la Fashion Week. L&#039;ex Spice ha sfidato il freddo indossando semplicemente una camicia di seta celeste\" \/>\n<meta name=\"robots\" content=\"index, follow, max-snippet:-1, max-image-preview:large, max-video-preview:-1\" \/>\n<link rel=\"canonical\" href=\"https:\/\/www.gossip.it\/news\/victoria-beckham-parigi-fashion-week\/\" \/>\n<meta property=\"og:locale\" content=\"it_IT\" \/>\n<meta property=\"og:type\" content=\"article\" \/>\n<meta property=\"og:title\" content=\"Victoria Beckham a Parigi per la Fashion Week: foto - Gossip.it | News sul Gossip e VIP\" \/>\n<meta property=\"og:description\" content=\"Victoria Beckham, 42 anni, \u00e8 arrivata a Parigi per la Fashion Week. L&#039;ex Spice ha sfidato il freddo indossando semplicemente una camicia di seta celeste\" \/>\n<meta property=\"og:url\" content=\"https:\/\/www.gossip.it\/news\/victoria-beckham-parigi-fashion-week\/\" \/>\n<meta property=\"og:site_name\" content=\"Gossip.it | News sul Gossip e VIP\" \/>\n<meta property=\"article:publisher\" content=\"https:\/\/www.facebook.com\/GossipIT\" \/>\n<meta property=\"article:published_time\" content=\"2017-01-23T23:00:00+00:00\" \/>\n<meta property=\"og:image\" content=\"http:\/\/files.gossip.it\/immagini_news\/2017\/01\/1485257922_vic_beckham_1.jpg\" \/>\n<meta name=\"author\" content=\"La Redazione\" \/>\n<meta name=\"twitter:card\" content=\"summary_large_image\" \/>\n<meta name=\"twitter:image\" content=\"http:\/\/files.gossip.it\/immagini_news\/2017\/01\/1485257922_vic_beckham_1.jpg\" \/>\n<meta name=\"twitter:creator\" content=\"@gossinews_it\" \/>\n<meta name=\"twitter:site\" content=\"@gossinews_it\" \/>\n<meta name=\"twitter:label1\" content=\"Scritto da\" \/>\n\t<meta name=\"twitter:data1\" content=\"Francesca Romana Domenici\" \/>\n\t<meta name=\"twitter:label2\" content=\"Tempo di lettura stimato\" \/>\n\t<meta name=\"twitter:data2\" content=\"2 minuti\" \/>","yoast_head_json":{"title":"Victoria Beckham a Parigi per la Fashion Week: foto - Gossip.it | News sul Gossip e VIP","description":"Victoria Beckham, 42 anni, \u00e8 arrivata a Parigi per la Fashion Week. L'ex Spice ha sfidato il freddo indossando semplicemente una camicia di seta celeste","robots":{"index":"index","follow":"follow","max-snippet":"max-snippet:-1","max-image-preview":"max-image-preview:large","max-video-preview":"max-video-preview:-1"},"canonical":"https:\/\/www.gossip.it\/news\/victoria-beckham-parigi-fashion-week\/","og_locale":"it_IT","og_type":"article","og_title":"Victoria Beckham a Parigi per la Fashion Week: foto - Gossip.it | News sul Gossip e VIP","og_description":"Victoria Beckham, 42 anni, \u00e8 arrivata a Parigi per la Fashion Week. L'ex Spice ha sfidato il freddo indossando semplicemente una camicia di seta celeste","og_url":"https:\/\/www.gossip.it\/news\/victoria-beckham-parigi-fashion-week\/","og_site_name":"Gossip.it | News sul Gossip e VIP","article_publisher":"https:\/\/www.facebook.com\/GossipIT","article_published_time":"2017-01-23T23:00:00+00:00","og_image":[{"url":"http:\/\/files.gossip.it\/immagini_news\/2017\/01\/1485257922_vic_beckham_1.jpg"}],"author":"La Redazione","twitter_card":"summary_large_image","twitter_image":"http:\/\/files.gossip.it\/immagini_news\/2017\/01\/1485257922_vic_beckham_1.jpg","twitter_creator":"@gossinews_it","twitter_site":"@gossinews_it","twitter_misc":{"Scritto da":"Francesca Romana Domenici","Tempo di lettura stimato":"2 minuti"},"schema":{"@context":"https:\/\/schema.org","@graph":[{"@type":"Article","@id":"https:\/\/www.gossip.it\/news\/victoria-beckham-parigi-fashion-week\/#article","isPartOf":{"@id":"https:\/\/www.gossip.it\/news\/victoria-beckham-parigi-fashion-week\/"},"author":{"name":"La Redazione","@id":"https:\/\/www.gossip.it\/#\/schema\/person\/488896f75158bff1cc83c6c39d141110"},"headline":"Victoria Beckham a Parigi per la Fashion Week: foto","datePublished":"2017-01-23T23:00:00+00:00","dateModified":"2017-01-23T23:00:00+00:00","mainEntityOfPage":{"@id":"https:\/\/www.gossip.it\/news\/victoria-beckham-parigi-fashion-week\/"},"wordCount":342,"publisher":{"@id":"https:\/\/www.gossip.it\/#organization"},"image":{"@id":"https:\/\/www.gossip.it\/news\/victoria-beckham-parigi-fashion-week\/#primaryimage"},"thumbnailUrl":"http:\/\/files.gossip.it\/immagini_news\/2017\/01\/1485257922_vic_beckham_1.jpg","keywords":["fashion week","freddo","look","moda","parigi","settimana della moda","spice girls","stilista"],"articleSection":["News"],"inLanguage":"it-IT"},{"@type":"WebPage","@id":"https:\/\/www.gossip.it\/news\/victoria-beckham-parigi-fashion-week\/","url":"https:\/\/www.gossip.it\/news\/victoria-beckham-parigi-fashion-week\/","name":"Victoria Beckham a Parigi per la Fashion Week: foto - Gossip.it | News sul Gossip e VIP","isPartOf":{"@id":"https:\/\/www.gossip.it\/#website"},"primaryImageOfPage":{"@id":"https:\/\/www.gossip.it\/news\/victoria-beckham-parigi-fashion-week\/#primaryimage"},"image":{"@id":"https:\/\/www.gossip.it\/news\/victoria-beckham-parigi-fashion-week\/#primaryimage"},"thumbnailUrl":"http:\/\/files.gossip.it\/immagini_news\/2017\/01\/1485257922_vic_beckham_1.jpg","datePublished":"2017-01-23T23:00:00+00:00","dateModified":"2017-01-23T23:00:00+00:00","description":"Victoria Beckham, 42 anni, \u00e8 arrivata a Parigi per la Fashion Week. L'ex Spice ha sfidato il freddo indossando semplicemente una camicia di seta celeste","breadcrumb":{"@id":"https:\/\/www.gossip.it\/news\/victoria-beckham-parigi-fashion-week\/#breadcrumb"},"inLanguage":"it-IT","potentialAction":[{"@type":"ReadAction","target":["https:\/\/www.gossip.it\/news\/victoria-beckham-parigi-fashion-week\/"]}]},{"@type":"ImageObject","inLanguage":"it-IT","@id":"https:\/\/www.gossip.it\/news\/victoria-beckham-parigi-fashion-week\/#primaryimage","url":"http:\/\/files.gossip.it\/immagini_news\/2017\/01\/1485257922_vic_beckham_1.jpg","contentUrl":"http:\/\/files.gossip.it\/immagini_news\/2017\/01\/1485257922_vic_beckham_1.jpg"},{"@type":"BreadcrumbList","@id":"https:\/\/www.gossip.it\/news\/victoria-beckham-parigi-fashion-week\/#breadcrumb","itemListElement":[{"@type":"ListItem","position":1,"name":"Home","item":"https:\/\/www.gossip.it\/"},{"@type":"ListItem","position":2,"name":"Victoria Beckham a Parigi per la Fashion Week: foto"}]},{"@type":"WebSite","@id":"https:\/\/www.gossip.it\/#website","url":"https:\/\/www.gossip.it\/","name":"Gossip and VIP News","description":"Quotidiano di cronaca rosa, costume e societ\u00e0","publisher":{"@id":"https:\/\/www.gossip.it\/#organization"},"alternateName":"Gossip and VIP News","potentialAction":[{"@type":"SearchAction","target":{"@type":"EntryPoint","urlTemplate":"https:\/\/www.gossip.it\/?s={search_term_string}"},"query-input":{"@type":"PropertyValueSpecification","valueRequired":true,"valueName":"search_term_string"}}],"inLanguage":"it-IT"},{"@type":"Organization","@id":"https:\/\/www.gossip.it\/#organization","name":"Gossip and VIP News","alternateName":"Gossip News","url":"https:\/\/www.gossip.it\/","logo":{"@type":"ImageObject","inLanguage":"it-IT","@id":"https:\/\/www.gossip.it\/#\/schema\/logo\/image\/","url":"https:\/\/www.gossip.it\/wp-content\/uploads\/2022\/04\/cropped-corna-alta-tiny.png","contentUrl":"https:\/\/www.gossip.it\/wp-content\/uploads\/2022\/04\/cropped-corna-alta-tiny.png","width":512,"height":512,"caption":"Gossip and VIP News"},"image":{"@id":"https:\/\/www.gossip.it\/#\/schema\/logo\/image\/"},"sameAs":["https:\/\/www.facebook.com\/GossipIT","https:\/\/x.com\/gossinews_it","https:\/\/instagram.com\/gossip_it"]},{"@type":"Person","@id":"https:\/\/www.gossip.it\/#\/schema\/person\/488896f75158bff1cc83c6c39d141110","name":"La Redazione","image":{"@type":"ImageObject","inLanguage":"it-IT","@id":"https:\/\/www.gossip.it\/#\/schema\/person\/image\/","url":"https:\/\/secure.gravatar.com\/avatar\/5a5f5c6fa3e6700e4249abdad0263a1e94e927d9e0499b1cb09c1cd29c044d80?s=96&d=mm&r=g","contentUrl":"https:\/\/secure.gravatar.com\/avatar\/5a5f5c6fa3e6700e4249abdad0263a1e94e927d9e0499b1cb09c1cd29c044d80?s=96&d=mm&r=g","caption":"La Redazione"},"sameAs":["https:\/\/www.gossip.it"]}]}},"amp_enabled":true,"_links":{"self":[{"href":"https:\/\/www.gossip.it\/api\/wp\/v2\/posts\/57163","targetHints":{"allow":["GET"]}}],"collection":[{"href":"https:\/\/www.gossip.it\/api\/wp\/v2\/posts"}],"about":[{"href":"https:\/\/www.gossip.it\/api\/wp\/v2\/types\/post"}],"author":[{"embeddable":true,"href":"https:\/\/www.gossip.it\/api\/wp\/v2\/users\/1"}],"replies":[{"embeddable":true,"href":"https:\/\/www.gossip.it\/api\/wp\/v2\/comments?post=57163"}],"version-history":[{"count":0,"href":"https:\/\/www.gossip.it\/api\/wp\/v2\/posts\/57163\/revisions"}],"wp:featuredmedia":[{"embeddable":true,"href":"https:\/\/www.gossip.it\/api\/wp\/v2\/media\/113209"}],"wp:attachment":[{"href":"https:\/\/www.gossip.it\/api\/wp\/v2\/media?parent=57163"}],"wp:term":[{"taxonomy":"category","embeddable":true,"href":"https:\/\/www.gossip.it\/api\/wp\/v2\/categories?post=57163"},{"taxonomy":"post_tag","embeddable":true,"href":"https:\/\/www.gossip.it\/api\/wp\/v2\/tags?post=57163"},{"taxonomy":"vip","embeddable":true,"href":"https:\/\/www.gossip.it\/api\/wp\/v2\/vip?post=57163"}],"curies":[{"name":"wp","href":"https:\/\/api.w.org\/{rel}","templated":true}]}}