{"id":57193,"date":"2017-01-26T00:00:00","date_gmt":"2017-01-25T23:00:00","guid":{"rendered":"https:\/\/www.gossip.it\/senza-categoria\/sanremo-2017-annabelle-belmondo\/"},"modified":"2017-01-26T00:00:00","modified_gmt":"2017-01-25T23:00:00","slug":"sanremo-2017-annabelle-belmondo","status":"publish","type":"post","link":"https:\/\/www.gossip.it\/news\/sanremo-2017-annabelle-belmondo\/","title":{"rendered":"Sanremo 2017, Annabelle Belmondo conferma: 'Sar\u00f2 al festival'"},"content":{"rendered":"<p>A <a href=\"\/vip\/sanremo-2017\/\">Sanremo 2017<\/a>, nonostante la smentita sul <a href=\"\/vip\/social\/\">social<\/a> di <a href=\"\/vip\/giancarlo-leone\/\">Giancarlo Leone<\/a>, le <a href=\"\/vip\/vallette\/\">vallette<\/a> <em>'figlie e nipoti di'<\/em> ci saranno. <a href=\"\/vip\/annabelle-belmondo\/\">Annabelle Belmondo<\/a>, intevistata da <em>Grazia<\/em> nel numero in edicola, conferma: <em>\"Sar\u00f2 al festival\"<\/em>.<\/p>\n<figure class=\"caption\"><img decoding=\"async\" alt=\"\" width=\"640\" height=\"810\" src=\"http:\/\/files.gossip.it\/immagini_news\/2017\/01\/1485434328_belmondo_2.jpg\" \/><figcaption>Sanremo 2017, Annabelle Belmondo conferma: 'Sar\u00f2 al festival'<\/figcaption><\/figure>\n<p>Salir\u00e0 sul palco dell'Ariston il prossimo 9 febbraio, in occasione di<strong> Sanremo 2017<\/strong> che andr\u00e0 in onda dal 7 all'11 febbraio. L'ha voluta <a href=\"\/vip\/carlo-conti\/\">Carlo Conti<\/a>, presentatore e direttore artistico del festival, insieme con <a href=\"\/vip\/anouchka-delon\/\">Anouchka Delon<\/a>, figlia di Alain. <strong>Annabelle Belmondo<\/strong>, 28 anni modella, \u00e8 entusiasta e non vede l'ora.<\/p>\n<p><em>\"Ero in volo per l'Australia quando mi \u00e8 arrivato un messaggio su WhatsApp da Elena, la mia agente. Ho urlato di gioia al punto da svegliare i vicini\"<\/em>, racconta <strong>Annabelle Belmondo<\/strong>. Al Festival di <strong>Sanremo 2017<\/strong> ci sar\u00e0.<\/p>\n<figure class=\"caption\"><img decoding=\"async\" alt=\"\" width=\"640\" height=\"792\" src=\"http:\/\/files.gossip.it\/immagini_news\/2017\/01\/1485434385_belmondo_1.jpg\" \/><figcaption>Scelta come valletta anche Sistine Stallone, 18 anni, in cover su Grazia in giallo insieme alla mamma, Jennifer, 48 anni, e alla sorella, Sophia, 20<\/figcaption><\/figure>\n<p><strong>Annabelle Belmondo<\/strong>, che sar\u00e0 valletta al <a href=\"\/vip\/festival-di sanremo 2017\/\">Festival di Sanremo 2017<\/a>, adora cantare, ma sotto la doccia. Tiene un diario in cui scrive una frase tutte le mattine e le sere. <em>\"Poi amo ballare la musica del Montana, un club di Parigi\", svela<\/em>. Vive a Los Angeles, ma \u00e8 fidanzata con un parigino. Le piaccino anche gli uomini italiani: <em>\"Sono gli unici che al ristorante ti versino da bere\"<\/em>.<\/p>\n<p>Mercoled\u00ec 8 febbraio a dividere il palco a <strong>Sanremo 2017<\/strong> saranno, invece <a href=\"\/vip\/sistine-stallone\/\">Sistine Stallone<\/a>, la seconda figlia 18enne di Sly, e <a href=\"\/vip\/dominique-garcia\/\">Dominique Garcia<\/a>, figlia di Andy. Saranno loro, queste giovani donne, a prendersi tutte le attenzioni degli stilisti al festival.<\/p>\n<p>\u00a0<\/p>\n<p>\u00a0<\/p>\n","protected":false},"excerpt":{"rendered":"<p>A Sanremo 2017, nonostante la smentita sul social di Giancarlo Leone, le vallette 'figlie e nipoti di' ci saranno. Annabelle Belmondo, intevistata da Grazia nel numero in edicola, conferma: \"Sar\u00f2 al festival\". Sanremo 2017, Annabelle Belmondo conferma: 'Sar\u00f2 al festival' Salir\u00e0 sul palco dell'Ariston il prossimo 9 febbraio, in occasione di Sanremo 2017 che andr\u00e0 [&hellip;]<\/p>\n","protected":false},"author":1,"featured_media":113239,"comment_status":"closed","ping_status":"closed","sticky":false,"template":"","format":"standard","meta":{"footnotes":""},"categories":[54],"tags":[10719,10720,19909,55753,3980,2637,55752,55771,2562,7632,2582,54029,10640,2097,3616],"vip":[442,1237],"class_list":["post-57193","post","type-post","status-publish","format-standard","has-post-thumbnail","hentry","category-news","tag-annabelle-belmondo","tag-anouchka-delon","tag-big","tag-dominique-garcia","tag-festival","tag-festival-di-sanremo","tag-figlie-di","tag-nipoti-di","tag-rai","tag-rai-uno","tag-sanremo","tag-sanremo-2017","tag-sistine-stallone","tag-tv","tag-vallette","vip-carlo_conti","vip-maria_de_filippi"],"yoast_head":"<title>Sanremo 2017, Annabelle Belmondo conferma: &#039;Sar\u00f2 al festival&#039; - Gossip.it | News sul Gossip e VIP<\/title>\n<meta name=\"description\" content=\"A Sanremo 2017, nonostante la smentita sul social di Giancarlo Leone, le vallette &#039;figlie e nipoti di&#039; ci saranno. Annabelle Belmondo, intevistata da\" \/>\n<meta name=\"robots\" content=\"index, follow, max-snippet:-1, max-image-preview:large, max-video-preview:-1\" \/>\n<link rel=\"canonical\" href=\"https:\/\/www.gossip.it\/news\/sanremo-2017-annabelle-belmondo\/\" \/>\n<meta property=\"og:locale\" content=\"it_IT\" \/>\n<meta property=\"og:type\" content=\"article\" \/>\n<meta property=\"og:title\" content=\"Sanremo 2017, Annabelle Belmondo conferma: &#039;Sar\u00f2 al festival&#039; - Gossip.it | News sul Gossip e VIP\" \/>\n<meta property=\"og:description\" content=\"A Sanremo 2017, nonostante la smentita sul social di Giancarlo Leone, le vallette &#039;figlie e nipoti di&#039; ci saranno. Annabelle Belmondo, intevistata da\" \/>\n<meta property=\"og:url\" content=\"https:\/\/www.gossip.it\/news\/sanremo-2017-annabelle-belmondo\/\" \/>\n<meta property=\"og:site_name\" content=\"Gossip.it | News sul Gossip e VIP\" \/>\n<meta property=\"article:publisher\" content=\"https:\/\/www.facebook.com\/GossipIT\" \/>\n<meta property=\"article:published_time\" content=\"2017-01-25T23:00:00+00:00\" \/>\n<meta property=\"og:image\" content=\"http:\/\/files.gossip.it\/immagini_news\/2017\/01\/1485434328_belmondo_2.jpg\" \/>\n<meta name=\"author\" content=\"La Redazione\" \/>\n<meta name=\"twitter:card\" content=\"summary_large_image\" \/>\n<meta name=\"twitter:image\" content=\"http:\/\/files.gossip.it\/immagini_news\/2017\/01\/1485434328_belmondo_2.jpg\" \/>\n<meta name=\"twitter:creator\" content=\"@gossinews_it\" \/>\n<meta name=\"twitter:site\" content=\"@gossinews_it\" \/>\n<meta name=\"twitter:label1\" content=\"Scritto da\" \/>\n\t<meta name=\"twitter:data1\" content=\"Annamaria Capozzi\" \/>\n\t<meta name=\"twitter:label2\" content=\"Tempo di lettura stimato\" \/>\n\t<meta name=\"twitter:data2\" content=\"1 minuto\" \/>","yoast_head_json":{"title":"Sanremo 2017, Annabelle Belmondo conferma: 'Sar\u00f2 al festival' - Gossip.it | News sul Gossip e VIP","description":"A Sanremo 2017, nonostante la smentita sul social di Giancarlo Leone, le vallette 'figlie e nipoti di' ci saranno. Annabelle Belmondo, intevistata da","robots":{"index":"index","follow":"follow","max-snippet":"max-snippet:-1","max-image-preview":"max-image-preview:large","max-video-preview":"max-video-preview:-1"},"canonical":"https:\/\/www.gossip.it\/news\/sanremo-2017-annabelle-belmondo\/","og_locale":"it_IT","og_type":"article","og_title":"Sanremo 2017, Annabelle Belmondo conferma: 'Sar\u00f2 al festival' - Gossip.it | News sul Gossip e VIP","og_description":"A Sanremo 2017, nonostante la smentita sul social di Giancarlo Leone, le vallette 'figlie e nipoti di' ci saranno. Annabelle Belmondo, intevistata da","og_url":"https:\/\/www.gossip.it\/news\/sanremo-2017-annabelle-belmondo\/","og_site_name":"Gossip.it | News sul Gossip e VIP","article_publisher":"https:\/\/www.facebook.com\/GossipIT","article_published_time":"2017-01-25T23:00:00+00:00","og_image":[{"url":"http:\/\/files.gossip.it\/immagini_news\/2017\/01\/1485434328_belmondo_2.jpg"}],"author":"La Redazione","twitter_card":"summary_large_image","twitter_image":"http:\/\/files.gossip.it\/immagini_news\/2017\/01\/1485434328_belmondo_2.jpg","twitter_creator":"@gossinews_it","twitter_site":"@gossinews_it","twitter_misc":{"Scritto da":"Annamaria Capozzi","Tempo di lettura stimato":"1 minuto"},"schema":{"@context":"https:\/\/schema.org","@graph":[{"@type":"Article","@id":"https:\/\/www.gossip.it\/news\/sanremo-2017-annabelle-belmondo\/#article","isPartOf":{"@id":"https:\/\/www.gossip.it\/news\/sanremo-2017-annabelle-belmondo\/"},"author":{"name":"La Redazione","@id":"https:\/\/www.gossip.it\/#\/schema\/person\/488896f75158bff1cc83c6c39d141110"},"headline":"Sanremo 2017, Annabelle Belmondo conferma: 'Sar\u00f2 al festival'","datePublished":"2017-01-25T23:00:00+00:00","dateModified":"2017-01-25T23:00:00+00:00","mainEntityOfPage":{"@id":"https:\/\/www.gossip.it\/news\/sanremo-2017-annabelle-belmondo\/"},"wordCount":255,"publisher":{"@id":"https:\/\/www.gossip.it\/#organization"},"image":{"@id":"https:\/\/www.gossip.it\/news\/sanremo-2017-annabelle-belmondo\/#primaryimage"},"thumbnailUrl":"http:\/\/files.gossip.it\/immagini_news\/2017\/01\/1485434328_belmondo_2.jpg","keywords":["annabelle belmondo","anouchka delon","big","Dominique Garcia","festival","festival di sanremo","figlie di","nipoti di","rai","rai uno","sanremo","sanremo 2017","sistine stallone","tv","vallette"],"articleSection":["News"],"inLanguage":"it-IT"},{"@type":"WebPage","@id":"https:\/\/www.gossip.it\/news\/sanremo-2017-annabelle-belmondo\/","url":"https:\/\/www.gossip.it\/news\/sanremo-2017-annabelle-belmondo\/","name":"Sanremo 2017, Annabelle Belmondo conferma: 'Sar\u00f2 al festival' - Gossip.it | News sul Gossip e VIP","isPartOf":{"@id":"https:\/\/www.gossip.it\/#website"},"primaryImageOfPage":{"@id":"https:\/\/www.gossip.it\/news\/sanremo-2017-annabelle-belmondo\/#primaryimage"},"image":{"@id":"https:\/\/www.gossip.it\/news\/sanremo-2017-annabelle-belmondo\/#primaryimage"},"thumbnailUrl":"http:\/\/files.gossip.it\/immagini_news\/2017\/01\/1485434328_belmondo_2.jpg","datePublished":"2017-01-25T23:00:00+00:00","dateModified":"2017-01-25T23:00:00+00:00","description":"A Sanremo 2017, nonostante la smentita sul social di Giancarlo Leone, le vallette 'figlie e nipoti di' ci saranno. Annabelle Belmondo, intevistata da","breadcrumb":{"@id":"https:\/\/www.gossip.it\/news\/sanremo-2017-annabelle-belmondo\/#breadcrumb"},"inLanguage":"it-IT","potentialAction":[{"@type":"ReadAction","target":["https:\/\/www.gossip.it\/news\/sanremo-2017-annabelle-belmondo\/"]}]},{"@type":"ImageObject","inLanguage":"it-IT","@id":"https:\/\/www.gossip.it\/news\/sanremo-2017-annabelle-belmondo\/#primaryimage","url":"http:\/\/files.gossip.it\/immagini_news\/2017\/01\/1485434328_belmondo_2.jpg","contentUrl":"http:\/\/files.gossip.it\/immagini_news\/2017\/01\/1485434328_belmondo_2.jpg"},{"@type":"BreadcrumbList","@id":"https:\/\/www.gossip.it\/news\/sanremo-2017-annabelle-belmondo\/#breadcrumb","itemListElement":[{"@type":"ListItem","position":1,"name":"Home","item":"https:\/\/www.gossip.it\/"},{"@type":"ListItem","position":2,"name":"Sanremo 2017, Annabelle Belmondo conferma: 'Sar\u00f2 al festival'"}]},{"@type":"WebSite","@id":"https:\/\/www.gossip.it\/#website","url":"https:\/\/www.gossip.it\/","name":"Gossip and VIP News","description":"Quotidiano di cronaca rosa, costume e societ\u00e0","publisher":{"@id":"https:\/\/www.gossip.it\/#organization"},"alternateName":"Gossip and VIP News","potentialAction":[{"@type":"SearchAction","target":{"@type":"EntryPoint","urlTemplate":"https:\/\/www.gossip.it\/?s={search_term_string}"},"query-input":{"@type":"PropertyValueSpecification","valueRequired":true,"valueName":"search_term_string"}}],"inLanguage":"it-IT"},{"@type":"Organization","@id":"https:\/\/www.gossip.it\/#organization","name":"Gossip and VIP News","alternateName":"Gossip News","url":"https:\/\/www.gossip.it\/","logo":{"@type":"ImageObject","inLanguage":"it-IT","@id":"https:\/\/www.gossip.it\/#\/schema\/logo\/image\/","url":"https:\/\/www.gossip.it\/wp-content\/uploads\/2022\/04\/cropped-corna-alta-tiny.png","contentUrl":"https:\/\/www.gossip.it\/wp-content\/uploads\/2022\/04\/cropped-corna-alta-tiny.png","width":512,"height":512,"caption":"Gossip and VIP News"},"image":{"@id":"https:\/\/www.gossip.it\/#\/schema\/logo\/image\/"},"sameAs":["https:\/\/www.facebook.com\/GossipIT","https:\/\/x.com\/gossinews_it","https:\/\/instagram.com\/gossip_it"]},{"@type":"Person","@id":"https:\/\/www.gossip.it\/#\/schema\/person\/488896f75158bff1cc83c6c39d141110","name":"La Redazione","image":{"@type":"ImageObject","inLanguage":"it-IT","@id":"https:\/\/www.gossip.it\/#\/schema\/person\/image\/","url":"https:\/\/secure.gravatar.com\/avatar\/5a5f5c6fa3e6700e4249abdad0263a1e94e927d9e0499b1cb09c1cd29c044d80?s=96&d=mm&r=g","contentUrl":"https:\/\/secure.gravatar.com\/avatar\/5a5f5c6fa3e6700e4249abdad0263a1e94e927d9e0499b1cb09c1cd29c044d80?s=96&d=mm&r=g","caption":"La Redazione"},"sameAs":["https:\/\/www.gossip.it"]}]}},"amp_enabled":true,"_links":{"self":[{"href":"https:\/\/www.gossip.it\/api\/wp\/v2\/posts\/57193","targetHints":{"allow":["GET"]}}],"collection":[{"href":"https:\/\/www.gossip.it\/api\/wp\/v2\/posts"}],"about":[{"href":"https:\/\/www.gossip.it\/api\/wp\/v2\/types\/post"}],"author":[{"embeddable":true,"href":"https:\/\/www.gossip.it\/api\/wp\/v2\/users\/1"}],"replies":[{"embeddable":true,"href":"https:\/\/www.gossip.it\/api\/wp\/v2\/comments?post=57193"}],"version-history":[{"count":0,"href":"https:\/\/www.gossip.it\/api\/wp\/v2\/posts\/57193\/revisions"}],"wp:featuredmedia":[{"embeddable":true,"href":"https:\/\/www.gossip.it\/api\/wp\/v2\/media\/113239"}],"wp:attachment":[{"href":"https:\/\/www.gossip.it\/api\/wp\/v2\/media?parent=57193"}],"wp:term":[{"taxonomy":"category","embeddable":true,"href":"https:\/\/www.gossip.it\/api\/wp\/v2\/categories?post=57193"},{"taxonomy":"post_tag","embeddable":true,"href":"https:\/\/www.gossip.it\/api\/wp\/v2\/tags?post=57193"},{"taxonomy":"vip","embeddable":true,"href":"https:\/\/www.gossip.it\/api\/wp\/v2\/vip?post=57193"}],"curies":[{"name":"wp","href":"https:\/\/api.w.org\/{rel}","templated":true}]}}