{"id":57196,"date":"2017-01-26T00:00:00","date_gmt":"2017-01-25T23:00:00","guid":{"rendered":"https:\/\/www.gossip.it\/senza-categoria\/isola-12-conferenza-stampa\/"},"modified":"2017-01-26T00:00:00","modified_gmt":"2017-01-25T23:00:00","slug":"isola-12-conferenza-stampa","status":"publish","type":"post","link":"https:\/\/www.gossip.it\/news\/isola-12-conferenza-stampa\/","title":{"rendered":"Isola 12: si partir\u00e0 dall'isola dei primitivi. La conferenza stampa"},"content":{"rendered":"<p>L'<a href=\"\/vip\/isola-12\/\">Isola 12<\/a> svela la sua diversit\u00e0 rispetto alle edizioni passate. In <strong>conferenza stampa<\/strong>\u00a0a Milano, ai giornalisti, <a href=\"\/vip\/alessia-marcuzzi\/\">Alessia Marcuzzi<\/a> e <a href=\"\/vip\/vladimir-luxuria\/\">Vladimir Luxuria<\/a> insieme a <a href=\"\/vip\/giancarlo-scheri\/\">Giancarlo Scheri<\/a>, direttore di Canale 5, e a tutta la produzione raccontano le novit\u00e0 del <a href=\"\/vip\/reality-show\/\">reality show<\/a> che partir\u00e0 luned\u00ec 30 gennaio. <a href=\"\/vip\/stefano-bettarini\/\">Stefano Bettarini<\/a> non c'\u00e8, \u00e8 gi\u00e0 in Honduras ed \u00e8 stato attaccato dai mosquitos...<\/p>\n<figure class=\"caption\"><img decoding=\"async\" alt=\"\" width=\"640\" height=\"940\" src=\"http:\/\/files.gossip.it\/immagini_news\/2017\/01\/1485439952_isola_1b.jpg\" \/><figcaption>Alessia Marcuzzi al photocall dell'Isola 12<\/figcaption><\/figure>\n<p><em>\"Sar\u00e0 un esperimento scientifico. Le abilt\u00e0 che verranno testate non saranno soltanto fisiche ma anche mentali. L'<\/em><a href=\"\/vip\/isola\/\">Isola<\/a><em> \u00e8 un <\/em><a href=\"\/vip\/reality\/\">reality<\/a><em> duro, prima di tutto \u00e8 un'esperienza umana forte. Cercheremo di studiare la loro capacit\u00e0 di evolversi. Inizialmente i concorrenti saranno sull'<strong>Isola<\/strong> dei primitivi, poi alcuni concorrenti potranno andare nell'<strong>isola<\/strong> delle caverne, fuoco, metalli, terra, pastorizia, maree. Si potranno evolvere, e passare di <strong>isola<\/strong> a <strong>isola<\/strong>, solo i concorrenti che mostreranno di avere determinate abilit\u00e0\"<\/em>, spiega in conferenza stampa Cristiana Farina, capo progetto. <em>\"Questa<strong> Isola 12<\/strong> sar\u00e0 una versione antrapologica o terapeutica. Si studier\u00e0 il genere umano tramite il cast di concorrenti\"<\/em>, le fa eco la conduttrice 44enne.<\/p>\n<figure class=\"caption\"><img decoding=\"async\" alt=\"\" width=\"640\" height=\"589\" src=\"http:\/\/files.gossip.it\/immagini_news\/2017\/01\/1485439980_isola_1.jpg\" \/><figcaption>La Pinella ha scelto un look semplice e chic<\/figcaption><\/figure>\n<p><strong>Alessia Marcuzzi <\/strong>\u00e8 carica: <em>\"Sono molto contenta di rifare l'<strong>Isola<\/strong>. Non mi annoio mai perch\u00e9 un programma imprevedibile. Non essendoci una scaletta stabilita, \u00e8 sempre una sorpresa anche per me. La vivo soprattutto come spettatrice. Non ho mai voluto essere dentro i meccanismi autoriali, perch\u00e9 altrimenti avrei avuto un atteggiamento forse distorto. Voglio essere una via di mezzo tra i concorrenti e la conduzione\"<\/em>.\u00a0<\/p>\n<figure class=\"caption\"><img decoding=\"async\" alt=\"\" width=\"640\" height=\"646\" src=\"http:\/\/files.gossip.it\/immagini_news\/2017\/01\/1485440014_isola_2.jpg\" \/><figcaption>La conduttrice 44enne \u00e8 carica e pronta per il reality show<\/figcaption><\/figure>\n<p><em>\"Sono felice di tornare a lavorare con Vladimir. Ci potr\u00e0 dare un punto di vista diverso, avendo partecipato. Stefano Bettarini sar\u00e0 il mio inviato. Ci sono state un po' di polemiche: \u00e8 vero che all'inizio ho avuto reticenze, ma credo sia normale dopo le dichiarazioni sulle donne che aveva fatto al <a href=\"\/vip\/grande-fratello vip\/\">Grande Fratello Vip<\/a>. Ci siamo visti, abbiamo chiarito e credo si fosse scusato abbastanza. Volevo anche evitare di entrare nel mondo della vita privata di Simona <\/em>(<a href=\"\/vip\/ventura\/\">Ventura<\/a> ndr)<em>\u00a0e Stefano\"<\/em>, sottolinea poi.<\/p>\n<figure class=\"caption\"><img decoding=\"async\" alt=\"\" width=\"640\" height=\"900\" src=\"http:\/\/files.gossip.it\/immagini_news\/2017\/01\/1485440055_isola_2b.jpg\" \/><figcaption>Alessia posa con la sua opinionista, Vladimir Luxuria<\/figcaption><\/figure>\n<p>Anche Vladimir Luxuria in <strong>conferenza stampa<\/strong> esprime tutta la sua gioia per essere l'opinionista dell'<strong>Isola 12<\/strong>: <em>\"Sono tanto felice. Intanto per la fiducia di Mediaset, poi perch\u00e9 torno a lavorare con Alessia. Il mio compito \u00e8 quello di commentare quello che succede all'<strong>Isola<\/strong>, una trasmissione che ho sempre amato prima ancora di diventare concorrente. Sar\u00f2 un ponte tra la gente che segue il programma da casa e lo studio. Cercher\u00f2 di smascherare le strategie ed i doppi giochi, oltre a fustigare la mancanza di rispetto con la giusta e terapeutica dose di ironia\"<\/em>.<\/p>\n<figure class=\"caption\"><img decoding=\"async\" alt=\"\" width=\"640\" height=\"799\" src=\"http:\/\/files.gossip.it\/immagini_news\/2017\/01\/1485440096_isola_3.jpg\" \/><figcaption>Le due sorridenti davanti ai fotografi<\/figcaption><\/figure>\n<p>I giornalisti iniziano con le domande. Immancabilmente si torna su Stefano Bettarini, scelto tra le polemiche. \"<em>E' stato scelto dall'azienda, non scelgo gli inviati n\u00e9 i concorrenti\"<\/em>, precisa Alessia Marcuzzi. E continua:<em> \"Sono rimasta colpita dalle cose che aveva detto quella notte al <\/em><a href=\"\/vip\/gf-vip\/\">GF Vip<\/a><em>. E' stato molto molto leggero e ha coinvolto tante persone che non volevano essere messe in mostra. I concorrenti l\u00ec davvero si dimenticano delle telecamere, in quel momento erano due uomini che stavano parlando in maniera becera delle donne come fossero figurine degli album. Ma succede spesso anche a noi donne al bar. Con questo non voglio scusarlo n\u00e9 giustificarlo. Io credo si sia scusato abbastanza. Sono convinta possa fare bene quest'<strong>Isola<\/strong>\"<\/em>.<\/p>\n<figure class=\"caption\"><img decoding=\"async\" alt=\"\" width=\"640\" height=\"640\" src=\"http:\/\/files.gossip.it\/immagini_news\/2017\/01\/1485440131_isola_4.jpg\" \/><figcaption>In conferenza stampa con Alessia e Vladimir anche Giancarlo Scheri, direttore di Canale 5<\/figcaption><\/figure>\n<p>Risponde anche Vladimir: <em>\"Ho seguito il GF Vip e non mi \u00e8 piaciuto affatto quel catalogo di donne. L'ho detto anche pubblicamente e l'ho affrontato durante una puntata del <\/em><a href=\"\/vip\/costanzo-show\/\">Costanzo Show<\/a><em>. Sono pronta a perdonare chi si dimostra pentito. Adesso ha una seconda possibilit\u00e0, credo sia giusto\"<\/em>.<br \/>Altra chicca sul reality: i concorrenti che non riusciranno ad evolversi resteranno sull'<strong>isola<\/strong> dei primitivi ma non verranno eliminati.<\/p>\n<figure class=\"caption\"><img decoding=\"async\" alt=\"\" width=\"640\" height=\"640\" src=\"http:\/\/files.gossip.it\/immagini_news\/2017\/01\/1485440176_isola_4b.jpg\" \/><figcaption>I tre rispondono alle domande dei giornalisti<\/figcaption><\/figure>\n<p>Si sottolinea che i nomi dei concorrenti non siano cos\u00ec<em> 'roboanti'<\/em>. <em>\"Ricordo la mia edizione: io ero il nome forte mentre <\/em><a href=\"\/vip\/belen-rodriguez\/\">Belen Rodriguez<\/a><em> era sconosciuta. Il nome forte pi\u00f9 risultare debole e pu\u00f2 dare meno durante il reality, mentre il nome sconosciuto pu\u00f2 essere la rivelazione\"<\/em>, dice Luxuria in conferenza stampa. <em>\"<\/em><a href=\"\/vip\/nancy-coppola\/\">Nancy Coppola<\/a><em> \u00e8 molto forte. <\/em><a href=\"\/vip\/eva-grimaldi\/\">Eva Grimaldi<\/a><em> ha un'energia pazzesca, <\/em><a href=\"\/vip\/massimo-ceccherini\/\">Massimo Ceccherini<\/a><em> fa ridere tutti e prende costantemente in giro <\/em><a href=\"\/vip\/raz-degan\/\">Raz Degan<\/a><em> che invece \u00e8 pi\u00f9 solitario. Anche <\/em><a href=\"\/vip\/moreno\/\">Moreno<\/a><em> \u00e8 molto divertente\"<\/em>, fa sapere Alessia Marcuzzi.<\/p>\n<figure class=\"caption\"><img decoding=\"async\" alt=\"\" width=\"640\" height=\"506\" src=\"http:\/\/files.gossip.it\/immagini_news\/2017\/01\/1485440206_isola_5.jpg\" \/><figcaption>I naufraghi sono pronti a tuffarsi nella nuova avventura, Stefano Bettarini li aspetta in Honduras<\/figcaption><\/figure>\n<p>Non possono mancare domande sull'esclusione di <a href=\"\/vip\/wanna-marchi\/\">Wanna Marchi<\/a> e <a href=\"\/vip\/stefania-nobile\/\">Stefania Nobile<\/a>. <em>\"Io influisco sulla scelta dei personaggi in maniera marginale. Ho molto insistito per avere <\/em><a href=\"\/vip\/rocco-siffredi\/\">Rocco Siffredi<\/a><em> nella nostra prima edizione. Altre volte abbiamo avuto personaggi che mi piacevano di meno. La loro esclusione mi ha fatto tirare un sospiro di sollievo, sarebbe stata una situazione difficile da gestire. Loro hanno fatto cose gravi e forse il pubblico non l'ha ancora dimenticato\"<\/em>, precisa la presentatrice.<\/p>\n<p>Un ultimo questito: perch\u00e9 non ci sono mai prove sulle abilit\u00e0 dei concorrenti?<em> \"Non \u00e8 un <\/em><a href=\"\/vip\/talent-show\/\">talent show<\/a><em>. Se si esibisse <\/em><a href=\"\/vip\/malena\/\">Malena<\/a><em> <\/em>(<a href=\"\/vip\/attrice\/\">attrice<\/a> di film per adulti ndr)<em>, avremmo un problema\"<\/em>. E' tutto pronto. I naufraghi hanno gi\u00e0 fatto le foto di rito, come pure tutti gli altri. Si parte.\u00a0<\/p>\n<p>\u00a0<\/p>\n<p>\u00a0<\/p>\n","protected":false},"excerpt":{"rendered":"<p>L'Isola 12 svela la sua diversit\u00e0 rispetto alle edizioni passate. In conferenza stampa\u00a0a Milano, ai giornalisti, Alessia Marcuzzi e Vladimir Luxuria insieme a Giancarlo Scheri, direttore di Canale 5, e a tutta la produzione raccontano le novit\u00e0 del reality show che partir\u00e0 luned\u00ec 30 gennaio. Stefano Bettarini non c'\u00e8, \u00e8 gi\u00e0 in Honduras ed \u00e8 [&hellip;]<\/p>\n","protected":false},"author":1,"featured_media":113242,"comment_status":"closed","ping_status":"closed","sticky":false,"template":"","format":"standard","meta":{"footnotes":""},"categories":[54],"tags":[2098,2446,2102,6165,2199,10649,2095,54899,2291,55730,4444,4488,6274,6003,1934,2128,10755,2097,2232],"vip":[275,698,1546,1729],"class_list":["post-57196","post","type-post","status-publish","format-standard","has-post-thumbnail","hentry","category-news","tag-canale-5","tag-conferenza-stampa","tag-dichiarazioni","tag-inviato","tag-isola","tag-isola-12","tag-isola-dei-famosi","tag-isola-dei-famosi-12","tag-mediaset","tag-nancy-coppola","tag-naufraga","tag-naufrago","tag-opinionista","tag-promo","tag-reality","tag-reality-show","tag-simone-susinna","tag-tv","tag-vladimir-luxuria","vip-alessia_marcuzzi","vip-eva_grimaldi","vip-raz_degan","vip-stefano_bettarini"],"yoast_head":"<title>Isola 12: si partir\u00e0 dall&#039;isola dei primitivi. La conferenza stampa - Gossip.it | News sul Gossip e VIP<\/title>\n<meta name=\"description\" content=\"L&#039;Isola 12 svela la sua diversit\u00e0 rispetto alle edizioni passate. In conferenza stampa\u00a0a Milano, ai giornalisti, Alessia Marcuzzi e Vladimir Luxuria\" \/>\n<meta name=\"robots\" content=\"index, follow, max-snippet:-1, max-image-preview:large, max-video-preview:-1\" \/>\n<link rel=\"canonical\" href=\"https:\/\/www.gossip.it\/news\/isola-12-conferenza-stampa\/\" \/>\n<meta property=\"og:locale\" content=\"it_IT\" \/>\n<meta property=\"og:type\" content=\"article\" \/>\n<meta property=\"og:title\" content=\"Isola 12: si partir\u00e0 dall&#039;isola dei primitivi. La conferenza stampa - Gossip.it | News sul Gossip e VIP\" \/>\n<meta property=\"og:description\" content=\"L&#039;Isola 12 svela la sua diversit\u00e0 rispetto alle edizioni passate. In conferenza stampa\u00a0a Milano, ai giornalisti, Alessia Marcuzzi e Vladimir Luxuria\" \/>\n<meta property=\"og:url\" content=\"https:\/\/www.gossip.it\/news\/isola-12-conferenza-stampa\/\" \/>\n<meta property=\"og:site_name\" content=\"Gossip.it | News sul Gossip e VIP\" \/>\n<meta property=\"article:publisher\" content=\"https:\/\/www.facebook.com\/GossipIT\" \/>\n<meta property=\"article:published_time\" content=\"2017-01-25T23:00:00+00:00\" \/>\n<meta property=\"og:image\" content=\"http:\/\/files.gossip.it\/immagini_news\/2017\/01\/1485439952_isola_1b.jpg\" \/>\n<meta name=\"author\" content=\"La Redazione\" \/>\n<meta name=\"twitter:card\" content=\"summary_large_image\" \/>\n<meta name=\"twitter:image\" content=\"http:\/\/files.gossip.it\/immagini_news\/2017\/01\/1485439952_isola_1b.jpg\" \/>\n<meta name=\"twitter:creator\" content=\"@gossinews_it\" \/>\n<meta name=\"twitter:site\" content=\"@gossinews_it\" \/>\n<meta name=\"twitter:label1\" content=\"Scritto da\" \/>\n\t<meta name=\"twitter:data1\" content=\"Annamaria Capozzi\" \/>\n\t<meta name=\"twitter:label2\" content=\"Tempo di lettura stimato\" \/>\n\t<meta name=\"twitter:data2\" content=\"4 minuti\" \/>","yoast_head_json":{"title":"Isola 12: si partir\u00e0 dall'isola dei primitivi. La conferenza stampa - Gossip.it | News sul Gossip e VIP","description":"L'Isola 12 svela la sua diversit\u00e0 rispetto alle edizioni passate. In conferenza stampa\u00a0a Milano, ai giornalisti, Alessia Marcuzzi e Vladimir Luxuria","robots":{"index":"index","follow":"follow","max-snippet":"max-snippet:-1","max-image-preview":"max-image-preview:large","max-video-preview":"max-video-preview:-1"},"canonical":"https:\/\/www.gossip.it\/news\/isola-12-conferenza-stampa\/","og_locale":"it_IT","og_type":"article","og_title":"Isola 12: si partir\u00e0 dall'isola dei primitivi. La conferenza stampa - Gossip.it | News sul Gossip e VIP","og_description":"L'Isola 12 svela la sua diversit\u00e0 rispetto alle edizioni passate. In conferenza stampa\u00a0a Milano, ai giornalisti, Alessia Marcuzzi e Vladimir Luxuria","og_url":"https:\/\/www.gossip.it\/news\/isola-12-conferenza-stampa\/","og_site_name":"Gossip.it | News sul Gossip e VIP","article_publisher":"https:\/\/www.facebook.com\/GossipIT","article_published_time":"2017-01-25T23:00:00+00:00","og_image":[{"url":"http:\/\/files.gossip.it\/immagini_news\/2017\/01\/1485439952_isola_1b.jpg"}],"author":"La Redazione","twitter_card":"summary_large_image","twitter_image":"http:\/\/files.gossip.it\/immagini_news\/2017\/01\/1485439952_isola_1b.jpg","twitter_creator":"@gossinews_it","twitter_site":"@gossinews_it","twitter_misc":{"Scritto da":"Annamaria Capozzi","Tempo di lettura stimato":"4 minuti"},"schema":{"@context":"https:\/\/schema.org","@graph":[{"@type":"Article","@id":"https:\/\/www.gossip.it\/news\/isola-12-conferenza-stampa\/#article","isPartOf":{"@id":"https:\/\/www.gossip.it\/news\/isola-12-conferenza-stampa\/"},"author":{"name":"La Redazione","@id":"https:\/\/www.gossip.it\/#\/schema\/person\/488896f75158bff1cc83c6c39d141110"},"headline":"Isola 12: si partir\u00e0 dall'isola dei primitivi. La conferenza stampa","datePublished":"2017-01-25T23:00:00+00:00","dateModified":"2017-01-25T23:00:00+00:00","mainEntityOfPage":{"@id":"https:\/\/www.gossip.it\/news\/isola-12-conferenza-stampa\/"},"wordCount":886,"publisher":{"@id":"https:\/\/www.gossip.it\/#organization"},"image":{"@id":"https:\/\/www.gossip.it\/news\/isola-12-conferenza-stampa\/#primaryimage"},"thumbnailUrl":"http:\/\/files.gossip.it\/immagini_news\/2017\/01\/1485439952_isola_1b.jpg","keywords":["canale 5","conferenza stampa","dichiarazioni","inviato","isola","isola 12","isola dei famosi","isola dei famosi 12","mediaset","nancy coppola","naufraga","naufrago","opinionista","promo","reality","reality show","simone susinna","tv","vladimir luxuria"],"articleSection":["News"],"inLanguage":"it-IT"},{"@type":"WebPage","@id":"https:\/\/www.gossip.it\/news\/isola-12-conferenza-stampa\/","url":"https:\/\/www.gossip.it\/news\/isola-12-conferenza-stampa\/","name":"Isola 12: si partir\u00e0 dall'isola dei primitivi. La conferenza stampa - Gossip.it | News sul Gossip e VIP","isPartOf":{"@id":"https:\/\/www.gossip.it\/#website"},"primaryImageOfPage":{"@id":"https:\/\/www.gossip.it\/news\/isola-12-conferenza-stampa\/#primaryimage"},"image":{"@id":"https:\/\/www.gossip.it\/news\/isola-12-conferenza-stampa\/#primaryimage"},"thumbnailUrl":"http:\/\/files.gossip.it\/immagini_news\/2017\/01\/1485439952_isola_1b.jpg","datePublished":"2017-01-25T23:00:00+00:00","dateModified":"2017-01-25T23:00:00+00:00","description":"L'Isola 12 svela la sua diversit\u00e0 rispetto alle edizioni passate. In conferenza stampa\u00a0a Milano, ai giornalisti, Alessia Marcuzzi e Vladimir Luxuria","breadcrumb":{"@id":"https:\/\/www.gossip.it\/news\/isola-12-conferenza-stampa\/#breadcrumb"},"inLanguage":"it-IT","potentialAction":[{"@type":"ReadAction","target":["https:\/\/www.gossip.it\/news\/isola-12-conferenza-stampa\/"]}]},{"@type":"ImageObject","inLanguage":"it-IT","@id":"https:\/\/www.gossip.it\/news\/isola-12-conferenza-stampa\/#primaryimage","url":"http:\/\/files.gossip.it\/immagini_news\/2017\/01\/1485439952_isola_1b.jpg","contentUrl":"http:\/\/files.gossip.it\/immagini_news\/2017\/01\/1485439952_isola_1b.jpg"},{"@type":"BreadcrumbList","@id":"https:\/\/www.gossip.it\/news\/isola-12-conferenza-stampa\/#breadcrumb","itemListElement":[{"@type":"ListItem","position":1,"name":"Home","item":"https:\/\/www.gossip.it\/"},{"@type":"ListItem","position":2,"name":"Isola 12: si partir\u00e0 dall'isola dei primitivi. La conferenza stampa"}]},{"@type":"WebSite","@id":"https:\/\/www.gossip.it\/#website","url":"https:\/\/www.gossip.it\/","name":"Gossip and VIP News","description":"Quotidiano di cronaca rosa, costume e societ\u00e0","publisher":{"@id":"https:\/\/www.gossip.it\/#organization"},"alternateName":"Gossip and VIP News","potentialAction":[{"@type":"SearchAction","target":{"@type":"EntryPoint","urlTemplate":"https:\/\/www.gossip.it\/?s={search_term_string}"},"query-input":{"@type":"PropertyValueSpecification","valueRequired":true,"valueName":"search_term_string"}}],"inLanguage":"it-IT"},{"@type":"Organization","@id":"https:\/\/www.gossip.it\/#organization","name":"Gossip and VIP News","alternateName":"Gossip News","url":"https:\/\/www.gossip.it\/","logo":{"@type":"ImageObject","inLanguage":"it-IT","@id":"https:\/\/www.gossip.it\/#\/schema\/logo\/image\/","url":"https:\/\/www.gossip.it\/wp-content\/uploads\/2022\/04\/cropped-corna-alta-tiny.png","contentUrl":"https:\/\/www.gossip.it\/wp-content\/uploads\/2022\/04\/cropped-corna-alta-tiny.png","width":512,"height":512,"caption":"Gossip and VIP News"},"image":{"@id":"https:\/\/www.gossip.it\/#\/schema\/logo\/image\/"},"sameAs":["https:\/\/www.facebook.com\/GossipIT","https:\/\/x.com\/gossinews_it","https:\/\/instagram.com\/gossip_it"]},{"@type":"Person","@id":"https:\/\/www.gossip.it\/#\/schema\/person\/488896f75158bff1cc83c6c39d141110","name":"La Redazione","image":{"@type":"ImageObject","inLanguage":"it-IT","@id":"https:\/\/www.gossip.it\/#\/schema\/person\/image\/","url":"https:\/\/secure.gravatar.com\/avatar\/5a5f5c6fa3e6700e4249abdad0263a1e94e927d9e0499b1cb09c1cd29c044d80?s=96&d=mm&r=g","contentUrl":"https:\/\/secure.gravatar.com\/avatar\/5a5f5c6fa3e6700e4249abdad0263a1e94e927d9e0499b1cb09c1cd29c044d80?s=96&d=mm&r=g","caption":"La Redazione"},"sameAs":["https:\/\/www.gossip.it"]}]}},"amp_enabled":true,"_links":{"self":[{"href":"https:\/\/www.gossip.it\/api\/wp\/v2\/posts\/57196","targetHints":{"allow":["GET"]}}],"collection":[{"href":"https:\/\/www.gossip.it\/api\/wp\/v2\/posts"}],"about":[{"href":"https:\/\/www.gossip.it\/api\/wp\/v2\/types\/post"}],"author":[{"embeddable":true,"href":"https:\/\/www.gossip.it\/api\/wp\/v2\/users\/1"}],"replies":[{"embeddable":true,"href":"https:\/\/www.gossip.it\/api\/wp\/v2\/comments?post=57196"}],"version-history":[{"count":0,"href":"https:\/\/www.gossip.it\/api\/wp\/v2\/posts\/57196\/revisions"}],"wp:featuredmedia":[{"embeddable":true,"href":"https:\/\/www.gossip.it\/api\/wp\/v2\/media\/113242"}],"wp:attachment":[{"href":"https:\/\/www.gossip.it\/api\/wp\/v2\/media?parent=57196"}],"wp:term":[{"taxonomy":"category","embeddable":true,"href":"https:\/\/www.gossip.it\/api\/wp\/v2\/categories?post=57196"},{"taxonomy":"post_tag","embeddable":true,"href":"https:\/\/www.gossip.it\/api\/wp\/v2\/tags?post=57196"},{"taxonomy":"vip","embeddable":true,"href":"https:\/\/www.gossip.it\/api\/wp\/v2\/vip?post=57196"}],"curies":[{"name":"wp","href":"https:\/\/api.w.org\/{rel}","templated":true}]}}