{"id":57280,"date":"2017-02-06T00:00:00","date_gmt":"2017-02-05T23:00:00","guid":{"rendered":"https:\/\/www.gossip.it\/senza-categoria\/anna-falchi-ospitate-tv\/"},"modified":"2017-02-06T00:00:00","modified_gmt":"2017-02-05T23:00:00","slug":"anna-falchi-ospitate-tv","status":"publish","type":"post","link":"https:\/\/www.gossip.it\/news\/anna-falchi-ospitate-tv\/","title":{"rendered":"Anna Falchi: 'Campo di ospitate. In tv non mi invita nessuno'"},"content":{"rendered":"<p><a href=\"\/vip\/anna-falchi\/\">Anna Falchi<\/a> in <a href=\"\/vip\/tv\/\">tv<\/a> va solo per le <strong>ospitate<\/strong>. L'<a href=\"\/vip\/attrice\/\">attrice<\/a> lo dice senza peli sulla lingua a <a href=\"\/vip\/pippo-baudo\/\">Pippo Baudo<\/a>, che l'ha invitata a '<em>Domenica in<\/em>'.<\/p>\n<figure class=\"caption\"><img decoding=\"async\" alt=\"\" width=\"640\" height=\"361\" src=\"http:\/\/files.gossip.it\/immagini_news\/2017\/02\/1486381686_falchi_1.jpg\" \/><figcaption>Anna Falchi a 'Domenica in'<\/figcaption><\/figure>\n<p><strong>Ospitate<\/strong> in <strong>tv<\/strong>, solo quello al momento per <strong>Anna Falchi<\/strong>, in questi giorni chiamata in causa in molti programmi televisivi per <a href=\"\/vip\/sanremo\/\">Sanremo<\/a>: nel 1995 \u00e8 stata valletta al festival proprio accanto a Baudo e la kermesse fece faville in fatto di ascolti con lei e <a href=\"\/vip\/claudia-koll\/\">Claudia Koll<\/a> all'Ariston.<\/p>\n<p>Pippo chiede ad <strong>Anna Falchi<\/strong> perch\u00e9 la si veda sempre di meno in <strong>tv<\/strong>. Anna chiarisce: campa di <strong>ospitate<\/strong>. Bisogna accontentarsi nella vita. <em>\"Se non ci sei tu che mi inviti, Pippo, non mi invita nessuno. Non \u00e8 assolutamente una mia decisione, campo di questo come si suol dire\"<\/em>, ammette la 44enne.\u00a0<\/p>\n<figure class=\"caption\"><img decoding=\"async\" alt=\"\" width=\"640\" height=\"360\" src=\"http:\/\/files.gossip.it\/immagini_news\/2017\/02\/1486381715_falchi_2.jpg\" \/><figcaption>L'attrice 44enne ha ricordato il suo Sanremo fatto con Pippo Baudo accanto<\/figcaption><\/figure>\n<p>E aggiunge: <em>\"Per\u00f2 sono molto felice di essere qui, in questi giorni sto parlando molto di te per via di Sanremo e sono contenta, stavolta, di essere qui a parlarne con te. Di sicuro nel nostro lavoro non c'\u00e8 nulla, del doman non c'\u00e8 certezza. La vita mi viene bene di petto, affronto giorno per giorno per quello che mi d\u00e0. Raccolgo quelle che sono le occasioni\"<\/em>.<\/p>\n<figure class=\"caption\"><img decoding=\"async\" alt=\"\" width=\"640\" height=\"359\" src=\"http:\/\/files.gossip.it\/immagini_news\/2017\/02\/1486381756_falchi_3.jpg\" \/><figcaption>Ha anche confessato di 'campare' al momento solo di ospitate tv<\/figcaption><\/figure>\n<p>E' stata al centro dei riflettori, ma nelo mondo dello showbiz il vento cambia spesso. <strong>Anna Falchi<\/strong> non ne fa una tragedia. <em>\"Sono una donna forte, me la sono sempre cavata da sola. La vicinanza di una famiglia \u00e8 importante e io sono molto legata a mia madre e a mio fratello che vivono in Italia con me. La mia grande forza me la d\u00e0 mia figlia, una piccola finlandesina di sei anni (mentre il suo pap\u00e0 \u00e8 della Repubblica di San Marino)\"<\/em>, dice.\u00a0<\/p>\n<p>E conclude: <em>\"Rappresento un po' le donne di oggi, indipendenti. Si pu\u00f2 condividere una vita con un uomo, ma per il resto mi sento una donna risolta anche da sola. Altrimenti, forse, non ce l'avrei fatta\"<\/em>.\u00a0<\/p>\n<figure class=\"caption\"><img decoding=\"async\" alt=\"\" width=\"640\" height=\"363\" src=\"http:\/\/files.gossip.it\/immagini_news\/2017\/02\/1486381788_falchi_4.jpg\" \/><figcaption>Anna \u00e8 stata felice di essere stata invitata da Pippo<\/figcaption><\/figure>\n<p>\u00a0<\/p>\n","protected":false},"excerpt":{"rendered":"<p>Anna Falchi in tv va solo per le ospitate. L'attrice lo dice senza peli sulla lingua a Pippo Baudo, che l'ha invitata a 'Domenica in'. Anna Falchi a 'Domenica in' Ospitate in tv, solo quello al momento per Anna Falchi, in questi giorni chiamata in causa in molti programmi televisivi per Sanremo: nel 1995 \u00e8 [&hellip;]<\/p>\n","protected":false},"author":1,"featured_media":113326,"comment_status":"closed","ping_status":"closed","sticky":false,"template":"","format":"standard","meta":{"footnotes":""},"categories":[54],"tags":[1983,2102,4135,3980,55824,2582,2097,3615],"vip":[330,1521],"class_list":["post-57280","post","type-post","status-publish","format-standard","has-post-thumbnail","hentry","category-news","tag-attrice","tag-dichiarazioni","tag-domenica-in","tag-festival","tag-ospitate","tag-sanremo","tag-tv","tag-valletta","vip-anna_falchi","vip-pippo_baudo"],"yoast_head":"<title>Anna Falchi: &#039;Campo di ospitate. In tv non mi invita nessuno&#039; - Gossip.it | News sul Gossip e VIP<\/title>\n<meta name=\"description\" content=\"Anna Falchi in tv va solo per le ospitate. L&#039;attrice lo dice senza peli sulla lingua a Pippo Baudo, che l&#039;ha invitata a &#039;Domenica in&#039;.Anna Falchi a\" \/>\n<meta name=\"robots\" content=\"index, follow, max-snippet:-1, max-image-preview:large, max-video-preview:-1\" \/>\n<link rel=\"canonical\" href=\"https:\/\/www.gossip.it\/news\/anna-falchi-ospitate-tv\/\" \/>\n<meta property=\"og:locale\" content=\"it_IT\" \/>\n<meta property=\"og:type\" content=\"article\" \/>\n<meta property=\"og:title\" content=\"Anna Falchi: &#039;Campo di ospitate. In tv non mi invita nessuno&#039; - Gossip.it | News sul Gossip e VIP\" \/>\n<meta property=\"og:description\" content=\"Anna Falchi in tv va solo per le ospitate. L&#039;attrice lo dice senza peli sulla lingua a Pippo Baudo, che l&#039;ha invitata a &#039;Domenica in&#039;.Anna Falchi a\" \/>\n<meta property=\"og:url\" content=\"https:\/\/www.gossip.it\/news\/anna-falchi-ospitate-tv\/\" \/>\n<meta property=\"og:site_name\" content=\"Gossip.it | News sul Gossip e VIP\" \/>\n<meta property=\"article:publisher\" content=\"https:\/\/www.facebook.com\/GossipIT\" \/>\n<meta property=\"article:published_time\" content=\"2017-02-05T23:00:00+00:00\" \/>\n<meta property=\"og:image\" content=\"http:\/\/files.gossip.it\/immagini_news\/2017\/02\/1486381686_falchi_1.jpg\" \/>\n<meta name=\"author\" content=\"La Redazione\" \/>\n<meta name=\"twitter:card\" content=\"summary_large_image\" \/>\n<meta name=\"twitter:image\" content=\"http:\/\/files.gossip.it\/immagini_news\/2017\/02\/1486381686_falchi_1.jpg\" \/>\n<meta name=\"twitter:creator\" content=\"@gossinews_it\" \/>\n<meta name=\"twitter:site\" content=\"@gossinews_it\" \/>\n<meta name=\"twitter:label1\" content=\"Scritto da\" \/>\n\t<meta name=\"twitter:data1\" content=\"Annamaria Capozzi\" \/>\n\t<meta name=\"twitter:label2\" content=\"Tempo di lettura stimato\" \/>\n\t<meta name=\"twitter:data2\" content=\"2 minuti\" \/>","yoast_head_json":{"title":"Anna Falchi: 'Campo di ospitate. In tv non mi invita nessuno' - Gossip.it | News sul Gossip e VIP","description":"Anna Falchi in tv va solo per le ospitate. L'attrice lo dice senza peli sulla lingua a Pippo Baudo, che l'ha invitata a 'Domenica in'.Anna Falchi a","robots":{"index":"index","follow":"follow","max-snippet":"max-snippet:-1","max-image-preview":"max-image-preview:large","max-video-preview":"max-video-preview:-1"},"canonical":"https:\/\/www.gossip.it\/news\/anna-falchi-ospitate-tv\/","og_locale":"it_IT","og_type":"article","og_title":"Anna Falchi: 'Campo di ospitate. In tv non mi invita nessuno' - Gossip.it | News sul Gossip e VIP","og_description":"Anna Falchi in tv va solo per le ospitate. L'attrice lo dice senza peli sulla lingua a Pippo Baudo, che l'ha invitata a 'Domenica in'.Anna Falchi a","og_url":"https:\/\/www.gossip.it\/news\/anna-falchi-ospitate-tv\/","og_site_name":"Gossip.it | News sul Gossip e VIP","article_publisher":"https:\/\/www.facebook.com\/GossipIT","article_published_time":"2017-02-05T23:00:00+00:00","og_image":[{"url":"http:\/\/files.gossip.it\/immagini_news\/2017\/02\/1486381686_falchi_1.jpg"}],"author":"La Redazione","twitter_card":"summary_large_image","twitter_image":"http:\/\/files.gossip.it\/immagini_news\/2017\/02\/1486381686_falchi_1.jpg","twitter_creator":"@gossinews_it","twitter_site":"@gossinews_it","twitter_misc":{"Scritto da":"Annamaria Capozzi","Tempo di lettura stimato":"2 minuti"},"schema":{"@context":"https:\/\/schema.org","@graph":[{"@type":"Article","@id":"https:\/\/www.gossip.it\/news\/anna-falchi-ospitate-tv\/#article","isPartOf":{"@id":"https:\/\/www.gossip.it\/news\/anna-falchi-ospitate-tv\/"},"author":{"name":"La Redazione","@id":"https:\/\/www.gossip.it\/#\/schema\/person\/488896f75158bff1cc83c6c39d141110"},"headline":"Anna Falchi: 'Campo di ospitate. In tv non mi invita nessuno'","datePublished":"2017-02-05T23:00:00+00:00","dateModified":"2017-02-05T23:00:00+00:00","mainEntityOfPage":{"@id":"https:\/\/www.gossip.it\/news\/anna-falchi-ospitate-tv\/"},"wordCount":360,"publisher":{"@id":"https:\/\/www.gossip.it\/#organization"},"image":{"@id":"https:\/\/www.gossip.it\/news\/anna-falchi-ospitate-tv\/#primaryimage"},"thumbnailUrl":"http:\/\/files.gossip.it\/immagini_news\/2017\/02\/1486381686_falchi_1.jpg","keywords":["attrice","dichiarazioni","domenica in","festival","ospitate","sanremo","tv","valletta"],"articleSection":["News"],"inLanguage":"it-IT"},{"@type":"WebPage","@id":"https:\/\/www.gossip.it\/news\/anna-falchi-ospitate-tv\/","url":"https:\/\/www.gossip.it\/news\/anna-falchi-ospitate-tv\/","name":"Anna Falchi: 'Campo di ospitate. In tv non mi invita nessuno' - Gossip.it | News sul Gossip e VIP","isPartOf":{"@id":"https:\/\/www.gossip.it\/#website"},"primaryImageOfPage":{"@id":"https:\/\/www.gossip.it\/news\/anna-falchi-ospitate-tv\/#primaryimage"},"image":{"@id":"https:\/\/www.gossip.it\/news\/anna-falchi-ospitate-tv\/#primaryimage"},"thumbnailUrl":"http:\/\/files.gossip.it\/immagini_news\/2017\/02\/1486381686_falchi_1.jpg","datePublished":"2017-02-05T23:00:00+00:00","dateModified":"2017-02-05T23:00:00+00:00","description":"Anna Falchi in tv va solo per le ospitate. L'attrice lo dice senza peli sulla lingua a Pippo Baudo, che l'ha invitata a 'Domenica in'.Anna Falchi a","breadcrumb":{"@id":"https:\/\/www.gossip.it\/news\/anna-falchi-ospitate-tv\/#breadcrumb"},"inLanguage":"it-IT","potentialAction":[{"@type":"ReadAction","target":["https:\/\/www.gossip.it\/news\/anna-falchi-ospitate-tv\/"]}]},{"@type":"ImageObject","inLanguage":"it-IT","@id":"https:\/\/www.gossip.it\/news\/anna-falchi-ospitate-tv\/#primaryimage","url":"http:\/\/files.gossip.it\/immagini_news\/2017\/02\/1486381686_falchi_1.jpg","contentUrl":"http:\/\/files.gossip.it\/immagini_news\/2017\/02\/1486381686_falchi_1.jpg"},{"@type":"BreadcrumbList","@id":"https:\/\/www.gossip.it\/news\/anna-falchi-ospitate-tv\/#breadcrumb","itemListElement":[{"@type":"ListItem","position":1,"name":"Home","item":"https:\/\/www.gossip.it\/"},{"@type":"ListItem","position":2,"name":"Anna Falchi: 'Campo di ospitate. In tv non mi invita nessuno'"}]},{"@type":"WebSite","@id":"https:\/\/www.gossip.it\/#website","url":"https:\/\/www.gossip.it\/","name":"Gossip and VIP News","description":"Quotidiano di cronaca rosa, costume e societ\u00e0","publisher":{"@id":"https:\/\/www.gossip.it\/#organization"},"alternateName":"Gossip and VIP News","potentialAction":[{"@type":"SearchAction","target":{"@type":"EntryPoint","urlTemplate":"https:\/\/www.gossip.it\/?s={search_term_string}"},"query-input":{"@type":"PropertyValueSpecification","valueRequired":true,"valueName":"search_term_string"}}],"inLanguage":"it-IT"},{"@type":"Organization","@id":"https:\/\/www.gossip.it\/#organization","name":"Gossip and VIP News","alternateName":"Gossip News","url":"https:\/\/www.gossip.it\/","logo":{"@type":"ImageObject","inLanguage":"it-IT","@id":"https:\/\/www.gossip.it\/#\/schema\/logo\/image\/","url":"https:\/\/www.gossip.it\/wp-content\/uploads\/2022\/04\/cropped-corna-alta-tiny.png","contentUrl":"https:\/\/www.gossip.it\/wp-content\/uploads\/2022\/04\/cropped-corna-alta-tiny.png","width":512,"height":512,"caption":"Gossip and VIP News"},"image":{"@id":"https:\/\/www.gossip.it\/#\/schema\/logo\/image\/"},"sameAs":["https:\/\/www.facebook.com\/GossipIT","https:\/\/x.com\/gossinews_it","https:\/\/instagram.com\/gossip_it"]},{"@type":"Person","@id":"https:\/\/www.gossip.it\/#\/schema\/person\/488896f75158bff1cc83c6c39d141110","name":"La Redazione","image":{"@type":"ImageObject","inLanguage":"it-IT","@id":"https:\/\/www.gossip.it\/#\/schema\/person\/image\/","url":"https:\/\/secure.gravatar.com\/avatar\/5a5f5c6fa3e6700e4249abdad0263a1e94e927d9e0499b1cb09c1cd29c044d80?s=96&d=mm&r=g","contentUrl":"https:\/\/secure.gravatar.com\/avatar\/5a5f5c6fa3e6700e4249abdad0263a1e94e927d9e0499b1cb09c1cd29c044d80?s=96&d=mm&r=g","caption":"La Redazione"},"sameAs":["https:\/\/www.gossip.it"]}]}},"amp_enabled":true,"_links":{"self":[{"href":"https:\/\/www.gossip.it\/api\/wp\/v2\/posts\/57280","targetHints":{"allow":["GET"]}}],"collection":[{"href":"https:\/\/www.gossip.it\/api\/wp\/v2\/posts"}],"about":[{"href":"https:\/\/www.gossip.it\/api\/wp\/v2\/types\/post"}],"author":[{"embeddable":true,"href":"https:\/\/www.gossip.it\/api\/wp\/v2\/users\/1"}],"replies":[{"embeddable":true,"href":"https:\/\/www.gossip.it\/api\/wp\/v2\/comments?post=57280"}],"version-history":[{"count":0,"href":"https:\/\/www.gossip.it\/api\/wp\/v2\/posts\/57280\/revisions"}],"wp:featuredmedia":[{"embeddable":true,"href":"https:\/\/www.gossip.it\/api\/wp\/v2\/media\/113326"}],"wp:attachment":[{"href":"https:\/\/www.gossip.it\/api\/wp\/v2\/media?parent=57280"}],"wp:term":[{"taxonomy":"category","embeddable":true,"href":"https:\/\/www.gossip.it\/api\/wp\/v2\/categories?post=57280"},{"taxonomy":"post_tag","embeddable":true,"href":"https:\/\/www.gossip.it\/api\/wp\/v2\/tags?post=57280"},{"taxonomy":"vip","embeddable":true,"href":"https:\/\/www.gossip.it\/api\/wp\/v2\/vip?post=57280"}],"curies":[{"name":"wp","href":"https:\/\/api.w.org\/{rel}","templated":true}]}}