{"id":57284,"date":"2017-02-06T00:00:00","date_gmt":"2017-02-05T23:00:00","guid":{"rendered":"https:\/\/www.gossip.it\/senza-categoria\/sanremo-2017-conferenza-stampa-festival\/"},"modified":"2017-02-06T00:00:00","modified_gmt":"2017-02-05T23:00:00","slug":"sanremo-2017-conferenza-stampa-festival","status":"publish","type":"post","link":"https:\/\/www.gossip.it\/news\/sanremo-2017-conferenza-stampa-festival\/","title":{"rendered":"Sanremo 2017: la conferenza stampa del festival"},"content":{"rendered":"<p><a href=\"\/vip\/sanremo-2017\/\">Sanremo 2017<\/a> \u00e8 al via: domani, marted\u00ec 7 febbraio, si parte. Ed \u00e8 normale che alla prima <strong>conferenza stampa<\/strong> del <a href=\"\/vip\/festival\/\">festival<\/a> tutti siano curiosi di sapere cosa accadr\u00e0.\u00a0<br \/><em>\"Grazie di aver detto s\u00ec a questa mia proposta indecente\"<\/em>, dice <a href=\"\/vip\/carlo-conti\/\">Carlo Conti<\/a> a <a href=\"\/vip\/maria-de filippi\/\">Maria De Filippi<\/a>. I due, in coppia sul palco dell'Ariston, sono attesissimi.\u00a0<br \/><em>\"Ho capito che \u00e8 vero quella che diceva Baudo, ero a Roma, facevo la vita di tutti i giorni, vado a curare una carie ai denti, non ho potuto registrare <\/em><a href=\"\/vip\/uomini-e donne\/\">Uomini e donne<\/a><em> e su Internet \u00e8 uscito che avevo avuto un malore. Sono arrivata a <\/em><a href=\"\/vip\/sanremo\/\">Sanremo<\/a><em> e ho pensato per tre giorni che ero come Belen, avevo una serie di fotografi che mi immortalavano quando uscivo e scendevo dalla macchina\"<\/em>, racconta la conduttrice 55enne.\u00a0<\/p>\n<figure class=\"caption\"><img decoding=\"async\" alt=\"\" width=\"640\" height=\"960\" src=\"http:\/\/files.gossip.it\/immagini_news\/2017\/02\/1486387222_sanremo_1.jpg\" \/><figcaption>Carlo Conti e Maria De Filippi alla prima conferenza stampa di Sanremo 2017: domani, 7 fbbraio si parte<\/figcaption><\/figure>\n<p>E continua: <em>\"Il mio bassotto Ugo \u00e8 un po' perplesso perch\u00e9 viene immortalato mentre fa i suoi bisogni. La cagnolina, invece, \u00e8 tutta contenta. L'emozione di <strong>Sanremo<\/strong> \u00e8 tanta. Una mi ha colpito, un direttore d'orchestra dice \"La musica prima deve emozionare e poi arrivare all'intelletto\", \u00e8 con questo spirito che sono venuta. Le canzoni mi hanno emozionata, sono rimasta colpita parecchio. <strong>Sanremo<\/strong> \u00e8 il tempio della musica, noi nasciamo con un ritmo dato dal battito cardiaco della mamma. E' anche il <strong>Festival<\/strong> degli italiani. Vi racconto un po' le prove: Carlo mi ha aiutato tanto, \u00e8 stato pi\u00f9 che gentile, come un fratello che ti aiuta passo dopo passo, Sono frastornata perch\u00e9 non sono abituata a fare cinque prime time a fila. Ho imparato il ruolo del direttore d'orchestra e dell'orchestra\"<\/em>.<\/p>\n<figure class=\"caption\"><img decoding=\"async\" alt=\"\" width=\"640\" height=\"930\" src=\"http:\/\/files.gossip.it\/immagini_news\/2017\/02\/1486387272_sanremo_2.jpg\" \/><figcaption>La 55enne posa davanti ai fotografi<\/figcaption><\/figure>\n<p>Maria De Filippi ha voglia di parlare. Alla <strong>conferenza stampa<\/strong> del <strong>Festival<\/strong> di <strong>Sanremo 2017<\/strong> aggiunge: <em>\"Mi ha spiegato <\/em><a href=\"\/vip\/rocco-tanica\/\">Rocco Tanica<\/a><em> che direttore d'orchestra \u00e8 fondamentale perch\u00e9 nonostante possa essere composta da musicisti bravissimi, il direttore accompagna sia loro che gli artisti. Ho rivalutato e capito per la prima volta il ruolo delle signorine Buonasera. Uno pensa sempre sia una banalit\u00e0 annunciare una canzone: non puoi sorridere, salutare i cantanti anche se li conosci, gli autori. Uno degli autori di Giusy sembra giapponese, sto imparando piano piano, ho il terrore di sbagliarmi. Carlo dice in 15 secondi i numeri del televoto. Non aspettatevi la scala, a me fa paura non so se la far\u00f2\"<\/em>.<\/p>\n<div class=\"banda_video\">VIDEO<\/div>\n<p><iframe src=\"http:\/\/www.gossip.it\/video\/share\/4346\/\" class=\"iframe_video_integrato\" scrolling=\"no\" seamless=\"seamless\"><\/iframe>La bionda rivolta a Carlo dice: <em>\"Io e Carlo ci assomigliamo in tante cose. Andiamo avanti a passarci le cose. Stiamo arrivando alla confidenza di dirci tutto. Siete in tanti, lo vedevo da casa, grazie alla Rai e Carlo di avermi concesso di essere qui\"<\/em>. Andrea Fabiano, direttore di Rai Uno, \u00e8 entusiasta e lo dice apertamente: Conti e la De Filippi sono due fuorivclasse della <a href=\"\/vip\/tv\/\">tv<\/a>. Ribadisce la presenza del Dopo Festival anche nella serata finale di Sanremo 2017. Gli 11 Big domani in gara saranno: <a href=\"\/vip\/al-bano\/\">Al Bano<\/a>, <a href=\"\/vip\/alessio-bernabei\/\">Alessio Bernabei<\/a>, <a href=\"\/vip\/clementino\/\">Clementino<\/a>, <a href=\"\/vip\/elodie\/\">Elodie<\/a>, <a href=\"\/vip\/ermal-meta\/\">Ermal Meta<\/a>, <a href=\"\/vip\/fabrizio-moro\/\">Fabrizio Moro<\/a>, <a href=\"\/vip\/fiorella-mannoia\/\">Fiorella Mannoia<\/a>, <a href=\"\/vip\/giusy-ferreri\/\">Giusy Ferreri<\/a>, <a href=\"\/vip\/lodovica-comello\/\">Lodovica Comello<\/a>, <a href=\"\/vip\/ron\/\">Ron<\/a> e <a href=\"\/vip\/samuel\/\">Samuel<\/a>. <a href=\"\/vip\/tiziano-ferro\/\">Tiziano Ferro<\/a> super ospite italiano. Super ospite internazionale <a href=\"\/vip\/ricky-martin\/\">Ricky Martin<\/a> con un medley dei successi e <a href=\"\/vip\/clean-bandit\/\">Clean Bandit<\/a>.<\/p>\n<figure class=\"caption\"><img decoding=\"async\" alt=\"\" width=\"640\" height=\"658\" src=\"http:\/\/files.gossip.it\/immagini_news\/2017\/02\/1486387302_sanremo_3.jpg\" \/><figcaption>Un selfie per i due conduttori della kermesse<\/figcaption><\/figure>\n<p>Durante la <strong>conferenza stampa<\/strong> di <strong>Sanremo 2017<\/strong> i giornalisti chiedono gi\u00e0 aneddoti del festival a Maria. <em>\"Ho insegnato a Carlo a parlare con la caramella in bocca ma non ci sta riuscendo. Ogni tanto mi guarda, \"Hai la caramella in bocca?\" \"S\u00ec\" \"Impossibile\". Ogni volta la faccio vedere<\/em> - rivela - <em>Differenze tra i miei programmi e <strong>Sanremo<\/strong> \u00e8 enorme, anche per il tipo di impegno completamente diverso da parte mia. Non credo che esista il pubblico di Carlo o di Maria, non aumenta se metti anche due conduttori insieme... <strong>Sanremo<\/strong> non ha bisogno della De Filippi, lo dico seriamente\"<\/em>.<\/p>\n<p>Le chiedono perch\u00e8 abbia accettato: \"<em>Quando ti viene chiesto, non hai un motivo vero per dire No. Pensi che lo vedi da casa da quando sei piccola, fai questo mestiere, non sto dicendo che sia un dovere civile, ma \u00e8 normale che chi fa il mio mestiere non dica No. Perch\u00e9 dire no? Non avevo una risposta per dire No. Sapevo che con Carlo sarei stata tranquilla, non \u00e8 mai prevaricante su nulla, non crea gossip inutili, perch\u00e9 non viverla questa realt\u00e0? Non ho mai pensato di condurre il Festival da sola. Ho chiesto nei titoli di testa conduce Carlo Conti con la partecipazione di Maria De Filippi, perch\u00e9 corrisponde una realt\u00e0 ed \u00e8 giusto che ci sia nei titoli di testa\"<\/em>.<\/p>\n<figure class=\"caption\"><img decoding=\"async\" alt=\"\" width=\"640\" height=\"480\" src=\"http:\/\/files.gossip.it\/immagini_news\/2017\/02\/1486387333_sanremo_4.jpg\" \/><figcaption>Carlo e Maria in sala stampa<\/figcaption><\/figure>\n<p>La De Filippi avr\u00e0 con s\u00e8 una specie di portafortuna: <em>\"Porter\u00f2 questo piccolo gadget con Carlo Conti sorridente\".<\/em> Lo mostra e lo fa distribuire ai presenti. <em>\"Il contenuto del <\/em><a href=\"\/vip\/festival-di sanremo\/\">Festival di Sanremo<\/a><em> \u00e8 sempre quello, \u00e8 difficile cambiarlo. L'eroe del quotidiano \u00e8 una parte che presenter\u00f2 io, magari in 40 secondi, sar\u00f2 me stessa quando li racconter\u00f2, s\u00ec, ma la maggior parte del <strong>Festival <\/strong>\u00e8 l'annuncio delle canzoni. Oltre alla voce, parti dalla lettura di un gobbo, il mio modo \u00e8 relativo\"<\/em>,\u00a0<\/p>\n<p>Poi parla della sua partecipazione gratuita: <em>\"A <strong>Sanremo<\/strong> ha detto che non prendo un compenso, lui lo dice e succede un po' di macello. Io non ho mai preso un compenso in Rai, sempre a titolo gratuito, per una scelta ben precisa e anche per le trasmissioni di Mediaset in cui sono stata ospite. Ritengo anche che quando faccio il mio programma, io faccio dalla A alla Z. In questo caso, il lavoro fatto da Carlo \u00e8 il lavoro del <strong>Festival<\/strong> di <strong>Sanremo<\/strong>, la mia presenza \u00e8 esattamente come quando vado negli altri programmi. In realt\u00e0 \u00e8 un piacere quando vado ospite, vado raramente ma quando ci vado, lo faccio con piacere\"<\/em>.<\/p>\n<figure class=\"caption\"><img decoding=\"async\" alt=\"\" width=\"640\" height=\"647\" src=\"http:\/\/files.gossip.it\/immagini_news\/2017\/02\/1486387387_sanremo_.jpg\" \/><figcaption>La conduzione in coppia dei due all'Ariston \u00e8 molto attesa<\/figcaption><\/figure>\n<p>Carlo Conti la ascolta. Chiarisce che sta provando anche a far venire <a href=\"\/vip\/bob-dylan\/\">Bob Dylan<\/a>: <em>\"Ci stiamo provando...\"<\/em>, ma non si sa ancora nulla. E' sicuro della conduzione in coppia con quella che considera un'amica. Maria dice: <em>\"La affronter\u00f2 con prudenza, sar\u00f2 emozionata all'inzio, spero di non inciampare. Anche per me \u00e8 strana ma sono fortunata perch\u00e9 ho vicino lui, non c'\u00e8 una gara a chi parla di pi\u00f9, nessuno dei due ci rimane male se parla pi\u00f9 l'altro e viceversa. Anche nei miei programmi parlo molto poco, parler\u00f2 molto pi\u00f9 lentamente, spero non finisca tardi per colpa mia\"<\/em>. E sottolinea: <em>\"Non conto n\u00e9 di ballare n\u00e9 di cantare, non penso sia un bello spettacolo n\u00e9 da sentire\"<\/em>.<\/p>\n<p>\u00a0<\/p>\n","protected":false},"excerpt":{"rendered":"<p>Sanremo 2017 \u00e8 al via: domani, marted\u00ec 7 febbraio, si parte. Ed \u00e8 normale che alla prima conferenza stampa del festival tutti siano curiosi di sapere cosa accadr\u00e0.\u00a0\"Grazie di aver detto s\u00ec a questa mia proposta indecente\", dice Carlo Conti a Maria De Filippi. I due, in coppia sul palco dell'Ariston, sono attesissimi.\u00a0\"Ho capito che [&hellip;]<\/p>\n","protected":false},"author":1,"featured_media":113330,"comment_status":"closed","ping_status":"closed","sticky":false,"template":"","format":"standard","meta":{"footnotes":""},"categories":[54],"tags":[2176,1992,2446,2102,3980,2637,54031,2582,54029,2884],"vip":[442,1237],"class_list":["post-57284","post","type-post","status-publish","format-standard","has-post-thumbnail","hentry","category-news","tag-conduttore","tag-conduttrice","tag-conferenza-stampa","tag-dichiarazioni","tag-festival","tag-festival-di-sanremo","tag-festival-di-sanremo-2017","tag-sanremo","tag-sanremo-2017","tag-stampa","vip-carlo_conti","vip-maria_de_filippi"],"yoast_head":"<title>Sanremo 2017: la conferenza stampa del festival - Gossip.it | News sul Gossip e VIP<\/title>\n<meta name=\"description\" content=\"Sanremo 2017 \u00e8 al via: domani, marted\u00ec 7 febbraio, si parte. Ed \u00e8 normale che alla prima conferenza stampa del festival tutti siano curiosi di sapere cosa\" \/>\n<meta name=\"robots\" content=\"index, follow, max-snippet:-1, max-image-preview:large, max-video-preview:-1\" \/>\n<link rel=\"canonical\" href=\"https:\/\/www.gossip.it\/news\/sanremo-2017-conferenza-stampa-festival\/\" \/>\n<meta property=\"og:locale\" content=\"it_IT\" \/>\n<meta property=\"og:type\" content=\"article\" \/>\n<meta property=\"og:title\" content=\"Sanremo 2017: la conferenza stampa del festival - Gossip.it | News sul Gossip e VIP\" \/>\n<meta property=\"og:description\" content=\"Sanremo 2017 \u00e8 al via: domani, marted\u00ec 7 febbraio, si parte. Ed \u00e8 normale che alla prima conferenza stampa del festival tutti siano curiosi di sapere cosa\" \/>\n<meta property=\"og:url\" content=\"https:\/\/www.gossip.it\/news\/sanremo-2017-conferenza-stampa-festival\/\" \/>\n<meta property=\"og:site_name\" content=\"Gossip.it | News sul Gossip e VIP\" \/>\n<meta property=\"article:publisher\" content=\"https:\/\/www.facebook.com\/GossipIT\" \/>\n<meta property=\"article:published_time\" content=\"2017-02-05T23:00:00+00:00\" \/>\n<meta property=\"og:image\" content=\"http:\/\/files.gossip.it\/immagini_news\/2017\/02\/1486387222_sanremo_1.jpg\" \/>\n<meta name=\"author\" content=\"La Redazione\" \/>\n<meta name=\"twitter:card\" content=\"summary_large_image\" \/>\n<meta name=\"twitter:image\" content=\"http:\/\/files.gossip.it\/immagini_news\/2017\/02\/1486387222_sanremo_1.jpg\" \/>\n<meta name=\"twitter:creator\" content=\"@gossinews_it\" \/>\n<meta name=\"twitter:site\" content=\"@gossinews_it\" \/>\n<meta name=\"twitter:label1\" content=\"Scritto da\" \/>\n\t<meta name=\"twitter:data1\" content=\"Annamaria Capozzi\" \/>\n\t<meta name=\"twitter:label2\" content=\"Tempo di lettura stimato\" \/>\n\t<meta name=\"twitter:data2\" content=\"5 minuti\" \/>","yoast_head_json":{"title":"Sanremo 2017: la conferenza stampa del festival - Gossip.it | News sul Gossip e VIP","description":"Sanremo 2017 \u00e8 al via: domani, marted\u00ec 7 febbraio, si parte. Ed \u00e8 normale che alla prima conferenza stampa del festival tutti siano curiosi di sapere cosa","robots":{"index":"index","follow":"follow","max-snippet":"max-snippet:-1","max-image-preview":"max-image-preview:large","max-video-preview":"max-video-preview:-1"},"canonical":"https:\/\/www.gossip.it\/news\/sanremo-2017-conferenza-stampa-festival\/","og_locale":"it_IT","og_type":"article","og_title":"Sanremo 2017: la conferenza stampa del festival - Gossip.it | News sul Gossip e VIP","og_description":"Sanremo 2017 \u00e8 al via: domani, marted\u00ec 7 febbraio, si parte. Ed \u00e8 normale che alla prima conferenza stampa del festival tutti siano curiosi di sapere cosa","og_url":"https:\/\/www.gossip.it\/news\/sanremo-2017-conferenza-stampa-festival\/","og_site_name":"Gossip.it | News sul Gossip e VIP","article_publisher":"https:\/\/www.facebook.com\/GossipIT","article_published_time":"2017-02-05T23:00:00+00:00","og_image":[{"url":"http:\/\/files.gossip.it\/immagini_news\/2017\/02\/1486387222_sanremo_1.jpg"}],"author":"La Redazione","twitter_card":"summary_large_image","twitter_image":"http:\/\/files.gossip.it\/immagini_news\/2017\/02\/1486387222_sanremo_1.jpg","twitter_creator":"@gossinews_it","twitter_site":"@gossinews_it","twitter_misc":{"Scritto da":"Annamaria Capozzi","Tempo di lettura stimato":"5 minuti"},"schema":{"@context":"https:\/\/schema.org","@graph":[{"@type":"Article","@id":"https:\/\/www.gossip.it\/news\/sanremo-2017-conferenza-stampa-festival\/#article","isPartOf":{"@id":"https:\/\/www.gossip.it\/news\/sanremo-2017-conferenza-stampa-festival\/"},"author":{"name":"La Redazione","@id":"https:\/\/www.gossip.it\/#\/schema\/person\/488896f75158bff1cc83c6c39d141110"},"headline":"Sanremo 2017: la conferenza stampa del festival","datePublished":"2017-02-05T23:00:00+00:00","dateModified":"2017-02-05T23:00:00+00:00","mainEntityOfPage":{"@id":"https:\/\/www.gossip.it\/news\/sanremo-2017-conferenza-stampa-festival\/"},"wordCount":1064,"publisher":{"@id":"https:\/\/www.gossip.it\/#organization"},"image":{"@id":"https:\/\/www.gossip.it\/news\/sanremo-2017-conferenza-stampa-festival\/#primaryimage"},"thumbnailUrl":"http:\/\/files.gossip.it\/immagini_news\/2017\/02\/1486387222_sanremo_1.jpg","keywords":["conduttore","conduttrice","conferenza stampa","dichiarazioni","festival","festival di sanremo","festival di sanremo 2017","sanremo","sanremo 2017","stampa"],"articleSection":["News"],"inLanguage":"it-IT"},{"@type":"WebPage","@id":"https:\/\/www.gossip.it\/news\/sanremo-2017-conferenza-stampa-festival\/","url":"https:\/\/www.gossip.it\/news\/sanremo-2017-conferenza-stampa-festival\/","name":"Sanremo 2017: la conferenza stampa del festival - Gossip.it | News sul Gossip e VIP","isPartOf":{"@id":"https:\/\/www.gossip.it\/#website"},"primaryImageOfPage":{"@id":"https:\/\/www.gossip.it\/news\/sanremo-2017-conferenza-stampa-festival\/#primaryimage"},"image":{"@id":"https:\/\/www.gossip.it\/news\/sanremo-2017-conferenza-stampa-festival\/#primaryimage"},"thumbnailUrl":"http:\/\/files.gossip.it\/immagini_news\/2017\/02\/1486387222_sanremo_1.jpg","datePublished":"2017-02-05T23:00:00+00:00","dateModified":"2017-02-05T23:00:00+00:00","description":"Sanremo 2017 \u00e8 al via: domani, marted\u00ec 7 febbraio, si parte. Ed \u00e8 normale che alla prima conferenza stampa del festival tutti siano curiosi di sapere cosa","breadcrumb":{"@id":"https:\/\/www.gossip.it\/news\/sanremo-2017-conferenza-stampa-festival\/#breadcrumb"},"inLanguage":"it-IT","potentialAction":[{"@type":"ReadAction","target":["https:\/\/www.gossip.it\/news\/sanremo-2017-conferenza-stampa-festival\/"]}]},{"@type":"ImageObject","inLanguage":"it-IT","@id":"https:\/\/www.gossip.it\/news\/sanremo-2017-conferenza-stampa-festival\/#primaryimage","url":"http:\/\/files.gossip.it\/immagini_news\/2017\/02\/1486387222_sanremo_1.jpg","contentUrl":"http:\/\/files.gossip.it\/immagini_news\/2017\/02\/1486387222_sanremo_1.jpg"},{"@type":"BreadcrumbList","@id":"https:\/\/www.gossip.it\/news\/sanremo-2017-conferenza-stampa-festival\/#breadcrumb","itemListElement":[{"@type":"ListItem","position":1,"name":"Home","item":"https:\/\/www.gossip.it\/"},{"@type":"ListItem","position":2,"name":"Sanremo 2017: la conferenza stampa del festival"}]},{"@type":"WebSite","@id":"https:\/\/www.gossip.it\/#website","url":"https:\/\/www.gossip.it\/","name":"Gossip and VIP News","description":"Quotidiano di cronaca rosa, costume e societ\u00e0","publisher":{"@id":"https:\/\/www.gossip.it\/#organization"},"alternateName":"Gossip and VIP News","potentialAction":[{"@type":"SearchAction","target":{"@type":"EntryPoint","urlTemplate":"https:\/\/www.gossip.it\/?s={search_term_string}"},"query-input":{"@type":"PropertyValueSpecification","valueRequired":true,"valueName":"search_term_string"}}],"inLanguage":"it-IT"},{"@type":"Organization","@id":"https:\/\/www.gossip.it\/#organization","name":"Gossip and VIP News","alternateName":"Gossip News","url":"https:\/\/www.gossip.it\/","logo":{"@type":"ImageObject","inLanguage":"it-IT","@id":"https:\/\/www.gossip.it\/#\/schema\/logo\/image\/","url":"https:\/\/www.gossip.it\/wp-content\/uploads\/2022\/04\/cropped-corna-alta-tiny.png","contentUrl":"https:\/\/www.gossip.it\/wp-content\/uploads\/2022\/04\/cropped-corna-alta-tiny.png","width":512,"height":512,"caption":"Gossip and VIP News"},"image":{"@id":"https:\/\/www.gossip.it\/#\/schema\/logo\/image\/"},"sameAs":["https:\/\/www.facebook.com\/GossipIT","https:\/\/x.com\/gossinews_it","https:\/\/instagram.com\/gossip_it"]},{"@type":"Person","@id":"https:\/\/www.gossip.it\/#\/schema\/person\/488896f75158bff1cc83c6c39d141110","name":"La Redazione","image":{"@type":"ImageObject","inLanguage":"it-IT","@id":"https:\/\/www.gossip.it\/#\/schema\/person\/image\/","url":"https:\/\/secure.gravatar.com\/avatar\/5a5f5c6fa3e6700e4249abdad0263a1e94e927d9e0499b1cb09c1cd29c044d80?s=96&d=mm&r=g","contentUrl":"https:\/\/secure.gravatar.com\/avatar\/5a5f5c6fa3e6700e4249abdad0263a1e94e927d9e0499b1cb09c1cd29c044d80?s=96&d=mm&r=g","caption":"La Redazione"},"sameAs":["https:\/\/www.gossip.it"]}]}},"amp_enabled":true,"_links":{"self":[{"href":"https:\/\/www.gossip.it\/api\/wp\/v2\/posts\/57284","targetHints":{"allow":["GET"]}}],"collection":[{"href":"https:\/\/www.gossip.it\/api\/wp\/v2\/posts"}],"about":[{"href":"https:\/\/www.gossip.it\/api\/wp\/v2\/types\/post"}],"author":[{"embeddable":true,"href":"https:\/\/www.gossip.it\/api\/wp\/v2\/users\/1"}],"replies":[{"embeddable":true,"href":"https:\/\/www.gossip.it\/api\/wp\/v2\/comments?post=57284"}],"version-history":[{"count":0,"href":"https:\/\/www.gossip.it\/api\/wp\/v2\/posts\/57284\/revisions"}],"wp:featuredmedia":[{"embeddable":true,"href":"https:\/\/www.gossip.it\/api\/wp\/v2\/media\/113330"}],"wp:attachment":[{"href":"https:\/\/www.gossip.it\/api\/wp\/v2\/media?parent=57284"}],"wp:term":[{"taxonomy":"category","embeddable":true,"href":"https:\/\/www.gossip.it\/api\/wp\/v2\/categories?post=57284"},{"taxonomy":"post_tag","embeddable":true,"href":"https:\/\/www.gossip.it\/api\/wp\/v2\/tags?post=57284"},{"taxonomy":"vip","embeddable":true,"href":"https:\/\/www.gossip.it\/api\/wp\/v2\/vip?post=57284"}],"curies":[{"name":"wp","href":"https:\/\/api.w.org\/{rel}","templated":true}]}}