{"id":57286,"date":"2017-02-06T00:00:00","date_gmt":"2017-02-05T23:00:00","guid":{"rendered":"https:\/\/www.gossip.it\/senza-categoria\/michelle-hunziker-morellato-roma\/"},"modified":"2017-02-06T00:00:00","modified_gmt":"2017-02-05T23:00:00","slug":"michelle-hunziker-morellato-roma","status":"publish","type":"post","link":"https:\/\/www.gossip.it\/news\/michelle-hunziker-morellato-roma\/","title":{"rendered":"Michelle Hunziker a Roma per Morellato"},"content":{"rendered":"<p><a href=\"\/vip\/michelle-hunziker\/\">Michelle Hunziker<\/a> \u00e8 arrivata a<strong> Roma<\/strong> per esserci all'inaugurazione del nuovo store <strong>Morellato<\/strong>: la boutique del marchio \u00e8 nel cuore della Capitale, in Via del Corso.<br \/>Look casual chic per la <a href=\"\/vip\/showgirl\/\">showgirl<\/a> 40enne, sempre sorridente e disponibile con tutti. La bionda svizzera \u00e8 Global Ambassador del brand, non poteva assolutamente mancare.<\/p>\n<figure class=\"caption\"><img decoding=\"async\" alt=\"\" width=\"640\" height=\"961\" src=\"http:\/\/files.gossip.it\/immagini_news\/2017\/02\/1486388726_hunziker_morellato_1.jpg\" \/><figcaption>Michelle Hunziker a Roma con il presidente di Morellato Massimo Carraro<\/figcaption><\/figure>\n<p>A <strong>Roma <\/strong>per <strong>Morellato<\/strong>, <strong>Michelle Hunziker<\/strong> ha illuminato un evento a cui hanno partecipato tanti famosi. A fare gli onori di casa, insieme alla conduttrice di <a href=\"\/vip\/striscia-la notizia\/\">Striscia la Notizia<\/a>, il presidente dell'azienda che produce gioielli, Massimo Carraro, felice di posare davanti ai flash insieme a Michelle.<\/p>\n<figure class=\"caption\"><img decoding=\"async\" alt=\"\" width=\"640\" height=\"916\" src=\"http:\/\/files.gossip.it\/immagini_news\/2017\/02\/1486388776_hunziker_morellato_2.jpg\" \/><figcaption>La 40enne posa davanti ai fotografi: \u00e8 Global Ambassador del brand<\/figcaption><\/figure>\n<p>Volto della campagna pubblicitaria, <strong>Michelle Hunziker <\/strong>all'opening della boutique ha indossato i preziosi della nuova collezione Cuori dedicata a San Valentino.<\/p>\n<figure class=\"caption\"><img decoding=\"async\" alt=\"\" width=\"640\" height=\"919\" src=\"http:\/\/files.gossip.it\/immagini_news\/2017\/02\/1486388814_hunziker_morellato_3.jpg\" \/><figcaption>Look casual chic per la bionda, sempre bellissima<\/figcaption><\/figure>\n<p>Per la serata a <strong>Roma<\/strong>, lo store si \u00e8 trasformato con un allestimento interamente dedicato alla festa degli innamorati. Durante l'evento \u00e8 stato anche presentato in anteprima lo spot della campagna <strong>Morellato<\/strong> per il 14 febbraio, che andr\u00e0 in onda in esclusiva su Rai Uno durante il <a href=\"\/vip\/festival-di sanremo 2017\/\">Festival di Sanremo 2017<\/a>.<\/p>\n<figure class=\"caption\"><img decoding=\"async\" alt=\"\" width=\"640\" height=\"960\" src=\"http:\/\/files.gossip.it\/immagini_news\/2017\/02\/1486388844_hunziker_morellato_4.jpg\" \/><figcaption>Michelle ha indossato i gioielli della nuova collezione dedicata a San Valentino<\/figcaption><\/figure>\n<p><strong>Michelle Hunziker<\/strong> sar\u00e0 quindi in qualche modo anche lei presente alla kermesse canora, che prender\u00e0 il via da marted\u00ec 7 febbraio condotta da <a href=\"\/vip\/carlo-conti\/\">Carlo Conti<\/a> e <a href=\"\/vip\/maria-de filippi\/\">Maria De Filippi<\/a>. Intanto la svizzera \u00e8 stata mondana a <strong>Roma<\/strong>. Poi subito a Milano da <a href=\"\/vip\/tomaso-trussardi\/\">Tomaso Trussardi<\/a>, il marito, e dalle sue bambine, Sole, 3 anni, e Celeste, 2 il prossimo 8 marzo. Aurora, la pi\u00f9 grande, \u00e8 tutta presa dalla vacanza alle Maldive con il pap\u00e0, <a href=\"\/vip\/eros-ramazzotti\/\">Eros Ramazzotti<\/a>.\u00a0<\/p>\n<figure class=\"caption\"><img decoding=\"async\" alt=\"\" width=\"640\" height=\"913\" src=\"http:\/\/files.gossip.it\/immagini_news\/2017\/02\/1486388882_hunziker_morellato_5.jpg\" \/><figcaption>Sorridente e disponibile, la Hunziker \u00e8 felice e mondana per una sera nella Capitale<\/figcaption><\/figure>\n<p>\u00a0<\/p>\n","protected":false},"excerpt":{"rendered":"<p>Michelle Hunziker \u00e8 arrivata a Roma per esserci all'inaugurazione del nuovo store Morellato: la boutique del marchio \u00e8 nel cuore della Capitale, in Via del Corso.Look casual chic per la showgirl 40enne, sempre sorridente e disponibile con tutti. La bionda svizzera \u00e8 Global Ambassador del brand, non poteva assolutamente mancare. Michelle Hunziker a Roma con [&hellip;]<\/p>\n","protected":false},"author":1,"featured_media":113332,"comment_status":"closed","ping_status":"closed","sticky":false,"template":"","format":"standard","meta":{"footnotes":""},"categories":[54],"tags":[2757,2999,2654,38078,4261,1879,2582,54029,1967,3748,2097],"vip":[1351],"class_list":["post-57286","post","type-post","status-publish","format-standard","has-post-thumbnail","hentry","category-news","tag-evento","tag-inaugurazione","tag-mondanita","tag-morellato","tag-negozio","tag-roma","tag-sanremo","tag-sanremo-2017","tag-showgirl","tag-spot","tag-tv","vip-michelle_hunziker"],"yoast_head":"<title>Michelle Hunziker a Roma per Morellato - Gossip.it | News sul Gossip e VIP<\/title>\n<meta name=\"description\" content=\"Michelle Hunziker \u00e8 arrivata a Roma per esserci all&#039;inaugurazione del nuovo store Morellato: la boutique del marchio \u00e8 nel cuore della Capitale, in Via\" \/>\n<meta name=\"robots\" content=\"index, follow, max-snippet:-1, max-image-preview:large, max-video-preview:-1\" \/>\n<link rel=\"canonical\" href=\"https:\/\/www.gossip.it\/news\/michelle-hunziker-morellato-roma\/\" \/>\n<meta property=\"og:locale\" content=\"it_IT\" \/>\n<meta property=\"og:type\" content=\"article\" \/>\n<meta property=\"og:title\" content=\"Michelle Hunziker a Roma per Morellato - Gossip.it | News sul Gossip e VIP\" \/>\n<meta property=\"og:description\" content=\"Michelle Hunziker \u00e8 arrivata a Roma per esserci all&#039;inaugurazione del nuovo store Morellato: la boutique del marchio \u00e8 nel cuore della Capitale, in Via\" \/>\n<meta property=\"og:url\" content=\"https:\/\/www.gossip.it\/news\/michelle-hunziker-morellato-roma\/\" \/>\n<meta property=\"og:site_name\" content=\"Gossip.it | News sul Gossip e VIP\" \/>\n<meta property=\"article:publisher\" content=\"https:\/\/www.facebook.com\/GossipIT\" \/>\n<meta property=\"article:published_time\" content=\"2017-02-05T23:00:00+00:00\" \/>\n<meta property=\"og:image\" content=\"http:\/\/files.gossip.it\/immagini_news\/2017\/02\/1486388726_hunziker_morellato_1.jpg\" \/>\n<meta name=\"author\" content=\"La Redazione\" \/>\n<meta name=\"twitter:card\" content=\"summary_large_image\" \/>\n<meta name=\"twitter:image\" content=\"http:\/\/files.gossip.it\/immagini_news\/2017\/02\/1486388726_hunziker_morellato_1.jpg\" \/>\n<meta name=\"twitter:creator\" content=\"@gossinews_it\" \/>\n<meta name=\"twitter:site\" content=\"@gossinews_it\" \/>\n<meta name=\"twitter:label1\" content=\"Scritto da\" \/>\n\t<meta name=\"twitter:data1\" content=\"Annamaria Capozzi\" \/>\n\t<meta name=\"twitter:label2\" content=\"Tempo di lettura stimato\" \/>\n\t<meta name=\"twitter:data2\" content=\"1 minuto\" \/>","yoast_head_json":{"title":"Michelle Hunziker a Roma per Morellato - Gossip.it | News sul Gossip e VIP","description":"Michelle Hunziker \u00e8 arrivata a Roma per esserci all'inaugurazione del nuovo store Morellato: la boutique del marchio \u00e8 nel cuore della Capitale, in Via","robots":{"index":"index","follow":"follow","max-snippet":"max-snippet:-1","max-image-preview":"max-image-preview:large","max-video-preview":"max-video-preview:-1"},"canonical":"https:\/\/www.gossip.it\/news\/michelle-hunziker-morellato-roma\/","og_locale":"it_IT","og_type":"article","og_title":"Michelle Hunziker a Roma per Morellato - Gossip.it | News sul Gossip e VIP","og_description":"Michelle Hunziker \u00e8 arrivata a Roma per esserci all'inaugurazione del nuovo store Morellato: la boutique del marchio \u00e8 nel cuore della Capitale, in Via","og_url":"https:\/\/www.gossip.it\/news\/michelle-hunziker-morellato-roma\/","og_site_name":"Gossip.it | News sul Gossip e VIP","article_publisher":"https:\/\/www.facebook.com\/GossipIT","article_published_time":"2017-02-05T23:00:00+00:00","og_image":[{"url":"http:\/\/files.gossip.it\/immagini_news\/2017\/02\/1486388726_hunziker_morellato_1.jpg"}],"author":"La Redazione","twitter_card":"summary_large_image","twitter_image":"http:\/\/files.gossip.it\/immagini_news\/2017\/02\/1486388726_hunziker_morellato_1.jpg","twitter_creator":"@gossinews_it","twitter_site":"@gossinews_it","twitter_misc":{"Scritto da":"Annamaria Capozzi","Tempo di lettura stimato":"1 minuto"},"schema":{"@context":"https:\/\/schema.org","@graph":[{"@type":"Article","@id":"https:\/\/www.gossip.it\/news\/michelle-hunziker-morellato-roma\/#article","isPartOf":{"@id":"https:\/\/www.gossip.it\/news\/michelle-hunziker-morellato-roma\/"},"author":{"name":"La Redazione","@id":"https:\/\/www.gossip.it\/#\/schema\/person\/488896f75158bff1cc83c6c39d141110"},"headline":"Michelle Hunziker a Roma per Morellato","datePublished":"2017-02-05T23:00:00+00:00","dateModified":"2017-02-05T23:00:00+00:00","mainEntityOfPage":{"@id":"https:\/\/www.gossip.it\/news\/michelle-hunziker-morellato-roma\/"},"wordCount":296,"publisher":{"@id":"https:\/\/www.gossip.it\/#organization"},"image":{"@id":"https:\/\/www.gossip.it\/news\/michelle-hunziker-morellato-roma\/#primaryimage"},"thumbnailUrl":"http:\/\/files.gossip.it\/immagini_news\/2017\/02\/1486388726_hunziker_morellato_1.jpg","keywords":["evento","inaugurazione","mondanita","morellato","negozio","roma","sanremo","sanremo 2017","showgirl","spot","tv"],"articleSection":["News"],"inLanguage":"it-IT"},{"@type":"WebPage","@id":"https:\/\/www.gossip.it\/news\/michelle-hunziker-morellato-roma\/","url":"https:\/\/www.gossip.it\/news\/michelle-hunziker-morellato-roma\/","name":"Michelle Hunziker a Roma per Morellato - Gossip.it | News sul Gossip e VIP","isPartOf":{"@id":"https:\/\/www.gossip.it\/#website"},"primaryImageOfPage":{"@id":"https:\/\/www.gossip.it\/news\/michelle-hunziker-morellato-roma\/#primaryimage"},"image":{"@id":"https:\/\/www.gossip.it\/news\/michelle-hunziker-morellato-roma\/#primaryimage"},"thumbnailUrl":"http:\/\/files.gossip.it\/immagini_news\/2017\/02\/1486388726_hunziker_morellato_1.jpg","datePublished":"2017-02-05T23:00:00+00:00","dateModified":"2017-02-05T23:00:00+00:00","description":"Michelle Hunziker \u00e8 arrivata a Roma per esserci all'inaugurazione del nuovo store Morellato: la boutique del marchio \u00e8 nel cuore della Capitale, in Via","breadcrumb":{"@id":"https:\/\/www.gossip.it\/news\/michelle-hunziker-morellato-roma\/#breadcrumb"},"inLanguage":"it-IT","potentialAction":[{"@type":"ReadAction","target":["https:\/\/www.gossip.it\/news\/michelle-hunziker-morellato-roma\/"]}]},{"@type":"ImageObject","inLanguage":"it-IT","@id":"https:\/\/www.gossip.it\/news\/michelle-hunziker-morellato-roma\/#primaryimage","url":"http:\/\/files.gossip.it\/immagini_news\/2017\/02\/1486388726_hunziker_morellato_1.jpg","contentUrl":"http:\/\/files.gossip.it\/immagini_news\/2017\/02\/1486388726_hunziker_morellato_1.jpg"},{"@type":"BreadcrumbList","@id":"https:\/\/www.gossip.it\/news\/michelle-hunziker-morellato-roma\/#breadcrumb","itemListElement":[{"@type":"ListItem","position":1,"name":"Home","item":"https:\/\/www.gossip.it\/"},{"@type":"ListItem","position":2,"name":"Michelle Hunziker a Roma per Morellato"}]},{"@type":"WebSite","@id":"https:\/\/www.gossip.it\/#website","url":"https:\/\/www.gossip.it\/","name":"Gossip and VIP News","description":"Quotidiano di cronaca rosa, costume e societ\u00e0","publisher":{"@id":"https:\/\/www.gossip.it\/#organization"},"alternateName":"Gossip and VIP News","potentialAction":[{"@type":"SearchAction","target":{"@type":"EntryPoint","urlTemplate":"https:\/\/www.gossip.it\/?s={search_term_string}"},"query-input":{"@type":"PropertyValueSpecification","valueRequired":true,"valueName":"search_term_string"}}],"inLanguage":"it-IT"},{"@type":"Organization","@id":"https:\/\/www.gossip.it\/#organization","name":"Gossip and VIP News","alternateName":"Gossip News","url":"https:\/\/www.gossip.it\/","logo":{"@type":"ImageObject","inLanguage":"it-IT","@id":"https:\/\/www.gossip.it\/#\/schema\/logo\/image\/","url":"https:\/\/www.gossip.it\/wp-content\/uploads\/2022\/04\/cropped-corna-alta-tiny.png","contentUrl":"https:\/\/www.gossip.it\/wp-content\/uploads\/2022\/04\/cropped-corna-alta-tiny.png","width":512,"height":512,"caption":"Gossip and VIP News"},"image":{"@id":"https:\/\/www.gossip.it\/#\/schema\/logo\/image\/"},"sameAs":["https:\/\/www.facebook.com\/GossipIT","https:\/\/x.com\/gossinews_it","https:\/\/instagram.com\/gossip_it"]},{"@type":"Person","@id":"https:\/\/www.gossip.it\/#\/schema\/person\/488896f75158bff1cc83c6c39d141110","name":"La Redazione","image":{"@type":"ImageObject","inLanguage":"it-IT","@id":"https:\/\/www.gossip.it\/#\/schema\/person\/image\/","url":"https:\/\/secure.gravatar.com\/avatar\/5a5f5c6fa3e6700e4249abdad0263a1e94e927d9e0499b1cb09c1cd29c044d80?s=96&d=mm&r=g","contentUrl":"https:\/\/secure.gravatar.com\/avatar\/5a5f5c6fa3e6700e4249abdad0263a1e94e927d9e0499b1cb09c1cd29c044d80?s=96&d=mm&r=g","caption":"La Redazione"},"sameAs":["https:\/\/www.gossip.it"]}]}},"amp_enabled":true,"_links":{"self":[{"href":"https:\/\/www.gossip.it\/api\/wp\/v2\/posts\/57286","targetHints":{"allow":["GET"]}}],"collection":[{"href":"https:\/\/www.gossip.it\/api\/wp\/v2\/posts"}],"about":[{"href":"https:\/\/www.gossip.it\/api\/wp\/v2\/types\/post"}],"author":[{"embeddable":true,"href":"https:\/\/www.gossip.it\/api\/wp\/v2\/users\/1"}],"replies":[{"embeddable":true,"href":"https:\/\/www.gossip.it\/api\/wp\/v2\/comments?post=57286"}],"version-history":[{"count":0,"href":"https:\/\/www.gossip.it\/api\/wp\/v2\/posts\/57286\/revisions"}],"wp:featuredmedia":[{"embeddable":true,"href":"https:\/\/www.gossip.it\/api\/wp\/v2\/media\/113332"}],"wp:attachment":[{"href":"https:\/\/www.gossip.it\/api\/wp\/v2\/media?parent=57286"}],"wp:term":[{"taxonomy":"category","embeddable":true,"href":"https:\/\/www.gossip.it\/api\/wp\/v2\/categories?post=57286"},{"taxonomy":"post_tag","embeddable":true,"href":"https:\/\/www.gossip.it\/api\/wp\/v2\/tags?post=57286"},{"taxonomy":"vip","embeddable":true,"href":"https:\/\/www.gossip.it\/api\/wp\/v2\/vip?post=57286"}],"curies":[{"name":"wp","href":"https:\/\/api.w.org\/{rel}","templated":true}]}}